{"id":10095,"date":"2021-01-06T00:07:18","date_gmt":"2021-01-06T05:07:18","guid":{"rendered":"https:\/\/nebula.org\/blog\/ambidexterity-cuellar-partida-2020\/"},"modified":"2021-02-20T20:29:41","modified_gmt":"2021-02-21T01:29:41","slug":"ambidexterity-cuellar-partida-2020","status":"publish","type":"post","link":"https:\/\/nebula.org\/blog\/de\/ambidexterity-cuellar-partida-2020\/","title":{"rendered":"Ambidexterit\u00e4t (Cuellar-Partida, 2020)"},"content":{"rendered":"\n<p><strong>STUDIENTITEL:<\/strong><a href=\"https:\/\/www.nature.com\/articles\/s41562-020-00956-y\"> Genomweite Assoziationsstudie identifiziert 48 h\u00e4ufige genetische Varianten, die mit H\u00e4ndigkeit verbunden sind<\/a><\/p>\n\n<p><strong>ZUSAMMENFASSUNG:<\/strong> Entdeckung von 7 Stellen im Genom, die mit Ambidexterit\u00e4t verbunden sind, die F\u00e4higkeit, beide H\u00e4nde gleich gut zu benutzen.<\/p>\n\n<p><strong>\u00dcBERBLICK:<\/strong> Die Mehrheit der Menschen hat eine dominante Hand f\u00fcr Aktivit\u00e4ten wie Schreiben. Normalerweise kann die nicht dominante Hand ohne signifikantes Training nicht effektiv zur Ausf\u00fchrung dieser Aufgaben verwendet werden. Etwa 1% der Personen sind jedoch beidh\u00e4ndig, was bedeutet, dass sie beide H\u00e4nde effektiv nutzen k\u00f6nnen. Diese genomweite Assoziationsstudie zielte darauf ab, genetische Varianten zu identifizieren, die mit Ambidexterit\u00e4t assoziiert sind. Nach der Untersuchung von \u00fcber 1,76 Millionen Personen europ\u00e4ischer Abstammung fand die Studie 7 Regionen im Genom, die mit Ambidexterit\u00e4t assoziiert sind (4 Regionen sind in diesem Bericht enthalten). Dar\u00fcber hinaus ergab die Studie, dass die mit Linksh\u00e4ndigkeit und Ambidexterit\u00e4t verbundenen Gengruppen weitgehend voneinander getrennt sind.<\/p>\n\n<p><strong>HAST DU GEWUSST?<\/strong> Eine kleine Anzahl von Menschen kann keine Hand besonders gut benutzen. Diese Personen werden als ambisinistral bezeichnet und sollen nur beide H\u00e4nde benutzen, ebenso wie die durchschnittliche Person ihre nicht dominante Hand benutzt. <a href=\"https:\/\/www.rd.com\/list\/facts-ambidextrous-people\/\" target=\"_blank\" rel=\"noreferrer noopener\">[SOURCE]<\/a><\/p>\n\n<p><strong>BEISPIELERGEBNISSE:<\/strong> Erfahren Sie mehr \u00fcber die<a href=\"https:\/\/nebula.org\/blog\/de\/nebula-library-unlocking-gen-forschung\/\"> Nebula Research Library<\/a> .<\/p>\n\n<figure class=\"wp-block-image size-large is-resized\"><a href=\" https:\/\/nebula.org\/free-dna-upload-analysis\/\"><img decoding=\"async\" src=\"https:\/\/nebula.org\/blog\/wp-content\/uploads\/2020\/01\/Nebula-personalized-results-genomics-1024x375.png\" alt=\"Ergebnisse der Ambidexterit&#xE4;tsprobe\" class=\"wp-image-1066\" width=\"752\" height=\"275\" srcset=\"https:\/\/nebula.org\/blog\/wp-content\/uploads\/2020\/01\/Nebula-personalized-results-genomics-1024x375.png 1024w, https:\/\/nebula.org\/blog\/wp-content\/uploads\/2020\/01\/Nebula-personalized-results-genomics-300x110.png 300w, https:\/\/nebula.org\/blog\/wp-content\/uploads\/2020\/01\/Nebula-personalized-results-genomics-768x281.png 768w, https:\/\/nebula.org\/blog\/wp-content\/uploads\/2020\/01\/Nebula-personalized-results-genomics-1536x562.png 1536w, https:\/\/nebula.org\/blog\/wp-content\/uploads\/2020\/01\/Nebula-personalized-results-genomics.png 924w\" sizes=\"(max-width: 752px) 100vw, 752px\" \/><\/a><\/figure>\n\n<p><\/p>\n\n<p><strong>AMBIDEXTERITY-ASSOZIIERTE VARIANTEN:<\/strong> rs2040498, rs10113066, rs2030237, rs36062478<\/p>\n\n<p><strong>ZUS\u00c4TZLICHE RESSOURCEN:<\/strong><br\/><a href=\"https:\/\/www.verywellfamily.com\/hand-dominance-what-is-a-dominant-hand-620856#:~:text=Hand%20dominance%20is%20the%20preference,that%20we%20make%20as%20children\" target=\"_blank\" rel=\"noreferrer noopener\">Die dominante Hand eines Kindes verstehen<\/a><br\/><a href=\"https:\/\/medlineplus.gov\/genetics\/understanding\/traits\/handedness\/\" target=\"_blank\" rel=\"noreferrer noopener\">Wird die H\u00e4ndigkeit durch die Genetik bestimmt?<\/a><\/p>\n\n<p><strong>SIE K\u00d6NNEN AUCH INTERESSIERT SEIN an:<br\/><\/strong><a href=\"https:\/\/nebula.org\/blog\/de\/genetik-der-haendigkeit-wiberg-2009\/\"> H\u00e4ndigkeit (Wiberg, 2009)<\/a><br\/><a href=\"https:\/\/nebula.org\/blog\/de\/genetik-der-linken-dominanz-cuellar-partida-2020\/\" target=\"_blank\" rel=\"noreferrer noopener\">Linksh\u00e4ndigkeit (Cueller-Partida, 2020)<\/a><\/p>\n\n<p><strong>W\u00d6CHENTLICHES UPDATE:<\/strong> 10. Oktober 2020<\/p>\n","protected":false},"excerpt":{"rendered":"<p>STUDIENTITEL: Genomweite Assoziationsstudie identifiziert 48 h\u00e4ufige genetische Varianten, die mit H\u00e4ndigkeit verbunden sind ZUSAMMENFASSUNG: Entdeckung von 7 Stellen im Genom, die mit Ambidexterit\u00e4t verbunden sind, die F\u00e4higkeit, beide H\u00e4nde gleich gut zu benutzen. \u00dcBERBLICK: Die Mehrheit der Menschen hat eine &hellip;<\/p>\n<p class=\"read-more\"> <a class=\"ast-button\" href=\"https:\/\/nebula.org\/blog\/de\/ambidexterity-cuellar-partida-2020\/\"> <span class=\"screen-reader-text\">Ambidexterit\u00e4t (Cuellar-Partida, 2020)<\/span> Read More \u00bb<\/a><\/p>\n","protected":false},"author":12,"featured_media":6921,"comment_status":"closed","ping_status":"open","sticky":false,"template":"","format":"standard","meta":{"om_disable_all_campaigns":false,"site-sidebar-layout":"default","site-content-layout":"default","ast-global-header-display":"","ast-banner-title-visibility":"","ast-main-header-display":"","ast-hfb-above-header-display":"","ast-hfb-below-header-display":"","ast-hfb-mobile-header-display":"","site-post-title":"","ast-breadcrumbs-content":"","ast-featured-img":"","footer-sml-layout":"","theme-transparent-header-meta":"default","adv-header-id-meta":"","stick-header-meta":"","header-above-stick-meta":"","header-main-stick-meta":"","header-below-stick-meta":"","_FSMCFIC_featured_image_caption":"","_FSMCFIC_featured_image_nocaption":"","_FSMCFIC_featured_image_hide":"","footnotes":""},"categories":[4980],"tags":[],"class_list":["post-10095","post","type-post","status-publish","format-standard","has-post-thumbnail","hentry","category-berichte"],"yoast_head":"<!-- This site is optimized with the Yoast SEO plugin v20.13 - https:\/\/yoast.com\/wordpress\/plugins\/seo\/ -->\n<title>Die Genetik der Ambidexterit\u00e4t (Cuellar-Partida, 2020)<\/title>\n<meta name=\"description\" content=\"Laden Sie Ihre DNA-Daten hoch, untersuchen Sie genetische Varianten im Zusammenhang mit Ambidexterit\u00e4t (Cuellar-Partida, 2020) und entdecken Sie Ihren polygenen Score.\" \/>\n<meta name=\"robots\" content=\"index, follow, max-snippet:-1, max-image-preview:large, max-video-preview:-1\" \/>\n<link rel=\"canonical\" href=\"https:\/\/nebula.org\/blog\/de\/ambidexterity-cuellar-partida-2020\/\" \/>\n<meta property=\"og:locale\" content=\"de_DE\" \/>\n<meta property=\"og:type\" content=\"article\" \/>\n<meta property=\"og:title\" content=\"Die Genetik der Ambidexterit\u00e4t (Cuellar-Partida, 2020)\" \/>\n<meta property=\"og:description\" content=\"Laden Sie Ihre DNA-Daten hoch, untersuchen Sie genetische Varianten im Zusammenhang mit Ambidexterit\u00e4t (Cuellar-Partida, 2020) und entdecken Sie Ihren polygenen Score.\" \/>\n<meta property=\"og:url\" content=\"https:\/\/nebula.org\/blog\/de\/ambidexterity-cuellar-partida-2020\/\" \/>\n<meta property=\"og:site_name\" content=\"Nebula Genomics Blog\" \/>\n<meta property=\"article:publisher\" content=\"https:\/\/facebook.com\/nebulagenomics\" \/>\n<meta property=\"article:published_time\" content=\"2021-01-06T05:07:18+00:00\" \/>\n<meta property=\"article:modified_time\" content=\"2021-02-21T01:29:41+00:00\" \/>\n<meta property=\"og:image\" content=\"https:\/\/nebula.org\/blog\/wp-content\/uploads\/2020\/10\/pexels-luis-quintero-2258248-scaled.jpg\" \/>\n\t<meta property=\"og:image:width\" content=\"924\" \/>\n\t<meta property=\"og:image:height\" content=\"616\" \/>\n\t<meta property=\"og:image:type\" content=\"image\/jpeg\" \/>\n<meta name=\"author\" content=\"Garrett Dunlap, B.S.\" \/>\n<meta name=\"twitter:card\" content=\"summary_large_image\" \/>\n<meta name=\"twitter:creator\" content=\"@nebulagenomics\" \/>\n<meta name=\"twitter:site\" content=\"@nebulagenomics\" \/>\n<meta name=\"twitter:label1\" content=\"Verfasst von\" \/>\n\t<meta name=\"twitter:data1\" content=\"Garrett Dunlap, B.S.\" \/>\n\t<meta name=\"twitter:label2\" content=\"Gesch\u00e4tzte Lesezeit\" \/>\n\t<meta name=\"twitter:data2\" content=\"1\u00a0Minute\" \/>\n<script type=\"application\/ld+json\" class=\"yoast-schema-graph\">{\"@context\":\"https:\/\/schema.org\",\"@graph\":[{\"@type\":\"Article\",\"@id\":\"https:\/\/nebula.org\/blog\/de\/ambidexterity-cuellar-partida-2020\/#article\",\"isPartOf\":{\"@id\":\"https:\/\/nebula.org\/blog\/de\/ambidexterity-cuellar-partida-2020\/\"},\"author\":{\"name\":\"Garrett Dunlap, B.S.\",\"@id\":\"https:\/\/nebula.org\/blog\/de\/#\/schema\/person\/b7bd0a490f115d1d931c33eed922af4e\"},\"headline\":\"Ambidexterit\u00e4t (Cuellar-Partida, 2020)\",\"datePublished\":\"2021-01-06T05:07:18+00:00\",\"dateModified\":\"2021-02-21T01:29:41+00:00\",\"mainEntityOfPage\":{\"@id\":\"https:\/\/nebula.org\/blog\/de\/ambidexterity-cuellar-partida-2020\/\"},\"wordCount\":241,\"publisher\":{\"@id\":\"https:\/\/nebula.org\/blog\/de\/#organization\"},\"articleSection\":[\"Berichte\"],\"inLanguage\":\"de\"},{\"@type\":\"WebPage\",\"@id\":\"https:\/\/nebula.org\/blog\/de\/ambidexterity-cuellar-partida-2020\/\",\"url\":\"https:\/\/nebula.org\/blog\/de\/ambidexterity-cuellar-partida-2020\/\",\"name\":\"Die Genetik der Ambidexterit\u00e4t (Cuellar-Partida, 2020)\",\"isPartOf\":{\"@id\":\"https:\/\/nebula.org\/blog\/de\/#website\"},\"datePublished\":\"2021-01-06T05:07:18+00:00\",\"dateModified\":\"2021-02-21T01:29:41+00:00\",\"description\":\"Laden Sie Ihre DNA-Daten hoch, untersuchen Sie genetische Varianten im Zusammenhang mit Ambidexterit\u00e4t (Cuellar-Partida, 2020) und entdecken Sie Ihren polygenen Score.\",\"breadcrumb\":{\"@id\":\"https:\/\/nebula.org\/blog\/de\/ambidexterity-cuellar-partida-2020\/#breadcrumb\"},\"inLanguage\":\"de\",\"potentialAction\":[{\"@type\":\"ReadAction\",\"target\":[\"https:\/\/nebula.org\/blog\/de\/ambidexterity-cuellar-partida-2020\/\"]}]},{\"@type\":\"BreadcrumbList\",\"@id\":\"https:\/\/nebula.org\/blog\/de\/ambidexterity-cuellar-partida-2020\/#breadcrumb\",\"itemListElement\":[{\"@type\":\"ListItem\",\"position\":1,\"name\":\"Home\",\"item\":\"https:\/\/nebula.org\/blog\/de\/\"},{\"@type\":\"ListItem\",\"position\":2,\"name\":\"Ambidexterit\u00e4t (Cuellar-Partida, 2020)\"}]},{\"@type\":\"WebSite\",\"@id\":\"https:\/\/nebula.org\/blog\/de\/#website\",\"url\":\"https:\/\/nebula.org\/blog\/de\/\",\"name\":\"Nebula Genomics Blog\",\"description\":\"\",\"publisher\":{\"@id\":\"https:\/\/nebula.org\/blog\/de\/#organization\"},\"potentialAction\":[{\"@type\":\"SearchAction\",\"target\":{\"@type\":\"EntryPoint\",\"urlTemplate\":\"https:\/\/nebula.org\/blog\/de\/?s={search_term_string}\"},\"query-input\":\"required name=search_term_string\"}],\"inLanguage\":\"de\"},{\"@type\":\"Organization\",\"@id\":\"https:\/\/nebula.org\/blog\/de\/#organization\",\"name\":\"Nebula Genomics\",\"url\":\"https:\/\/nebula.org\/blog\/de\/\",\"logo\":{\"@type\":\"ImageObject\",\"inLanguage\":\"de\",\"@id\":\"https:\/\/nebula.org\/blog\/de\/#\/schema\/logo\/image\/\",\"url\":\"\",\"contentUrl\":\"\",\"caption\":\"Nebula Genomics\"},\"image\":{\"@id\":\"https:\/\/nebula.org\/blog\/de\/#\/schema\/logo\/image\/\"},\"sameAs\":[\"https:\/\/facebook.com\/nebulagenomics\",\"https:\/\/twitter.com\/nebulagenomics\",\"https:\/\/www.instagram.com\/nebulagenomics\/\",\"https:\/\/www.linkedin.com\/company\/nebula-genomics\/\",\"https:\/\/en.wikipedia.org\/wiki\/Nebula_Genomics\"]},{\"@type\":\"Person\",\"@id\":\"https:\/\/nebula.org\/blog\/de\/#\/schema\/person\/b7bd0a490f115d1d931c33eed922af4e\",\"name\":\"Garrett Dunlap, B.S.\",\"image\":{\"@type\":\"ImageObject\",\"inLanguage\":\"de\",\"@id\":\"https:\/\/nebula.org\/blog\/de\/#\/schema\/person\/image\/\",\"url\":\"https:\/\/secure.gravatar.com\/avatar\/32fb6e0dbc7e0bac908b0f23ea6ed5ec?s=96&d=mm&r=g\",\"contentUrl\":\"https:\/\/secure.gravatar.com\/avatar\/32fb6e0dbc7e0bac908b0f23ea6ed5ec?s=96&d=mm&r=g\",\"caption\":\"Garrett Dunlap, B.S.\"},\"description\":\"Garrett Dunlap earned a B.S. in Biology from Case Western Reserve University with a minor in Political Science. He earned an M.S. and is currently a Ph.D. Candidate in the Biological and Biomedical Sciences (BBS) Ph.D. program at Harvard University.\u00a0He has experience in science policy as an intern at the Science and Innovation Network where he assisted in the science diplomacy functions of the British Consulate-General and as a research associate at TScan Therapeutics. He is also interested in science communication and writing. You can read more about Garrett's experience and publications on LinkedIn and ORCID.\",\"sameAs\":[\"https:\/\/nebula.org\/whole-genome-sequencing\/\"],\"url\":\"https:\/\/nebula.org\/blog\/de\/author\/garrett-dunlap\/\"}]}<\/script>\n<!-- \/ Yoast SEO plugin. -->","yoast_head_json":{"title":"Die Genetik der Ambidexterit\u00e4t (Cuellar-Partida, 2020)","description":"Laden Sie Ihre DNA-Daten hoch, untersuchen Sie genetische Varianten im Zusammenhang mit Ambidexterit\u00e4t (Cuellar-Partida, 2020) und entdecken Sie Ihren polygenen Score.","robots":{"index":"index","follow":"follow","max-snippet":"max-snippet:-1","max-image-preview":"max-image-preview:large","max-video-preview":"max-video-preview:-1"},"canonical":"https:\/\/nebula.org\/blog\/de\/ambidexterity-cuellar-partida-2020\/","og_locale":"de_DE","og_type":"article","og_title":"Die Genetik der Ambidexterit\u00e4t (Cuellar-Partida, 2020)","og_description":"Laden Sie Ihre DNA-Daten hoch, untersuchen Sie genetische Varianten im Zusammenhang mit Ambidexterit\u00e4t (Cuellar-Partida, 2020) und entdecken Sie Ihren polygenen Score.","og_url":"https:\/\/nebula.org\/blog\/de\/ambidexterity-cuellar-partida-2020\/","og_site_name":"Nebula Genomics Blog","article_publisher":"https:\/\/facebook.com\/nebulagenomics","article_published_time":"2021-01-06T05:07:18+00:00","article_modified_time":"2021-02-21T01:29:41+00:00","og_image":[{"width":924,"height":616,"url":"https:\/\/nebula.org\/blog\/wp-content\/uploads\/2020\/10\/pexels-luis-quintero-2258248-scaled.jpg","type":"image\/jpeg"}],"author":"Garrett Dunlap, B.S.","twitter_card":"summary_large_image","twitter_creator":"@nebulagenomics","twitter_site":"@nebulagenomics","twitter_misc":{"Verfasst von":"Garrett Dunlap, B.S.","Gesch\u00e4tzte Lesezeit":"1\u00a0Minute"},"schema":{"@context":"https:\/\/schema.org","@graph":[{"@type":"Article","@id":"https:\/\/nebula.org\/blog\/de\/ambidexterity-cuellar-partida-2020\/#article","isPartOf":{"@id":"https:\/\/nebula.org\/blog\/de\/ambidexterity-cuellar-partida-2020\/"},"author":{"name":"Garrett Dunlap, B.S.","@id":"https:\/\/nebula.org\/blog\/de\/#\/schema\/person\/b7bd0a490f115d1d931c33eed922af4e"},"headline":"Ambidexterit\u00e4t (Cuellar-Partida, 2020)","datePublished":"2021-01-06T05:07:18+00:00","dateModified":"2021-02-21T01:29:41+00:00","mainEntityOfPage":{"@id":"https:\/\/nebula.org\/blog\/de\/ambidexterity-cuellar-partida-2020\/"},"wordCount":241,"publisher":{"@id":"https:\/\/nebula.org\/blog\/de\/#organization"},"articleSection":["Berichte"],"inLanguage":"de"},{"@type":"WebPage","@id":"https:\/\/nebula.org\/blog\/de\/ambidexterity-cuellar-partida-2020\/","url":"https:\/\/nebula.org\/blog\/de\/ambidexterity-cuellar-partida-2020\/","name":"Die Genetik der Ambidexterit\u00e4t (Cuellar-Partida, 2020)","isPartOf":{"@id":"https:\/\/nebula.org\/blog\/de\/#website"},"datePublished":"2021-01-06T05:07:18+00:00","dateModified":"2021-02-21T01:29:41+00:00","description":"Laden Sie Ihre DNA-Daten hoch, untersuchen Sie genetische Varianten im Zusammenhang mit Ambidexterit\u00e4t (Cuellar-Partida, 2020) und entdecken Sie Ihren polygenen Score.","breadcrumb":{"@id":"https:\/\/nebula.org\/blog\/de\/ambidexterity-cuellar-partida-2020\/#breadcrumb"},"inLanguage":"de","potentialAction":[{"@type":"ReadAction","target":["https:\/\/nebula.org\/blog\/de\/ambidexterity-cuellar-partida-2020\/"]}]},{"@type":"BreadcrumbList","@id":"https:\/\/nebula.org\/blog\/de\/ambidexterity-cuellar-partida-2020\/#breadcrumb","itemListElement":[{"@type":"ListItem","position":1,"name":"Home","item":"https:\/\/nebula.org\/blog\/de\/"},{"@type":"ListItem","position":2,"name":"Ambidexterit\u00e4t (Cuellar-Partida, 2020)"}]},{"@type":"WebSite","@id":"https:\/\/nebula.org\/blog\/de\/#website","url":"https:\/\/nebula.org\/blog\/de\/","name":"Nebula Genomics Blog","description":"","publisher":{"@id":"https:\/\/nebula.org\/blog\/de\/#organization"},"potentialAction":[{"@type":"SearchAction","target":{"@type":"EntryPoint","urlTemplate":"https:\/\/nebula.org\/blog\/de\/?s={search_term_string}"},"query-input":"required name=search_term_string"}],"inLanguage":"de"},{"@type":"Organization","@id":"https:\/\/nebula.org\/blog\/de\/#organization","name":"Nebula Genomics","url":"https:\/\/nebula.org\/blog\/de\/","logo":{"@type":"ImageObject","inLanguage":"de","@id":"https:\/\/nebula.org\/blog\/de\/#\/schema\/logo\/image\/","url":"","contentUrl":"","caption":"Nebula Genomics"},"image":{"@id":"https:\/\/nebula.org\/blog\/de\/#\/schema\/logo\/image\/"},"sameAs":["https:\/\/facebook.com\/nebulagenomics","https:\/\/twitter.com\/nebulagenomics","https:\/\/www.instagram.com\/nebulagenomics\/","https:\/\/www.linkedin.com\/company\/nebula-genomics\/","https:\/\/en.wikipedia.org\/wiki\/Nebula_Genomics"]},{"@type":"Person","@id":"https:\/\/nebula.org\/blog\/de\/#\/schema\/person\/b7bd0a490f115d1d931c33eed922af4e","name":"Garrett Dunlap, B.S.","image":{"@type":"ImageObject","inLanguage":"de","@id":"https:\/\/nebula.org\/blog\/de\/#\/schema\/person\/image\/","url":"https:\/\/secure.gravatar.com\/avatar\/32fb6e0dbc7e0bac908b0f23ea6ed5ec?s=96&d=mm&r=g","contentUrl":"https:\/\/secure.gravatar.com\/avatar\/32fb6e0dbc7e0bac908b0f23ea6ed5ec?s=96&d=mm&r=g","caption":"Garrett Dunlap, B.S."},"description":"Garrett Dunlap earned a B.S. in Biology from Case Western Reserve University with a minor in Political Science. He earned an M.S. and is currently a Ph.D. Candidate in the Biological and Biomedical Sciences (BBS) Ph.D. program at Harvard University.\u00a0He has experience in science policy as an intern at the Science and Innovation Network where he assisted in the science diplomacy functions of the British Consulate-General and as a research associate at TScan Therapeutics. He is also interested in science communication and writing. You can read more about Garrett's experience and publications on LinkedIn and ORCID.","sameAs":["https:\/\/nebula.org\/whole-genome-sequencing\/"],"url":"https:\/\/nebula.org\/blog\/de\/author\/garrett-dunlap\/"}]}},"_links":{"self":[{"href":"https:\/\/nebula.org\/blog\/de\/wp-json\/wp\/v2\/posts\/10095","targetHints":{"allow":["GET"]}}],"collection":[{"href":"https:\/\/nebula.org\/blog\/de\/wp-json\/wp\/v2\/posts"}],"about":[{"href":"https:\/\/nebula.org\/blog\/de\/wp-json\/wp\/v2\/types\/post"}],"author":[{"embeddable":true,"href":"https:\/\/nebula.org\/blog\/de\/wp-json\/wp\/v2\/users\/12"}],"replies":[{"embeddable":true,"href":"https:\/\/nebula.org\/blog\/de\/wp-json\/wp\/v2\/comments?post=10095"}],"version-history":[{"count":0,"href":"https:\/\/nebula.org\/blog\/de\/wp-json\/wp\/v2\/posts\/10095\/revisions"}],"wp:featuredmedia":[{"embeddable":true,"href":"https:\/\/nebula.org\/blog\/de\/wp-json\/wp\/v2\/media\/6921"}],"wp:attachment":[{"href":"https:\/\/nebula.org\/blog\/de\/wp-json\/wp\/v2\/media?parent=10095"}],"wp:term":[{"taxonomy":"category","embeddable":true,"href":"https:\/\/nebula.org\/blog\/de\/wp-json\/wp\/v2\/categories?post=10095"},{"taxonomy":"post_tag","embeddable":true,"href":"https:\/\/nebula.org\/blog\/de\/wp-json\/wp\/v2\/tags?post=10095"}],"curies":[{"name":"wp","href":"https:\/\/api.w.org\/{rel}","templated":true}]}}