{"id":10280,"date":"2021-01-06T00:21:50","date_gmt":"2021-01-06T05:21:50","guid":{"rendered":"https:\/\/nebula.org\/blog\/ist-autismus-genetisch\/"},"modified":"2021-02-20T21:06:59","modified_gmt":"2021-02-21T02:06:59","slug":"ist-autismus-genetisch","status":"publish","type":"post","link":"https:\/\/nebula.org\/blog\/de\/ist-autismus-genetisch\/","title":{"rendered":"Autismus-Spektrum-St\u00f6rung (Matoba, 2020) &#8211; Ist Autismus genetisch?"},"content":{"rendered":"\n<h2 class=\"wp-block-heading\" id=\"h-nebula-genomics-dna-report-for-autism\"><strong>Nebula Genomics DNA-Bericht f\u00fcr Autismus <\/strong><\/h2>\n\n<p>Ist Autismus genetisch bedingt? Wir haben einen DNA-Bericht erstellt, der auf einer Studie basiert, die versucht hat, diese Frage zu beantworten. Unten sehen Sie einen SAMPLE DNA-Bericht. Kaufen Sie unseren, um Ihren personalisierten DNA-Bericht zu erhalten<a href=\"https:\/\/nebula.org\/whole-genome-sequencing\/\"> Sequenzierung des gesamten Genoms<\/a> !<\/p>\n\n<div class=\"wp-block-image\"><figure class=\"aligncenter size-large is-resized\"><img decoding=\"async\" src=\"https:\/\/nebula.org\/blog\/wp-content\/uploads\/2020\/12\/Matoba-1.png\" alt=\"Ist Autismus genetisch bedingt? Beispielbericht von Nebula Genomics.\" class=\"wp-image-7491\" width=\"557\" height=\"686\" srcset=\"https:\/\/nebula.org\/blog\/wp-content\/uploads\/2020\/12\/Matoba-1.png 557w, https:\/\/nebula.org\/blog\/wp-content\/uploads\/2020\/12\/Matoba-1-244x300.png 244w, https:\/\/nebula.org\/blog\/wp-content\/uploads\/2020\/12\/Matoba-1-10x12.png 10w\" sizes=\"(max-width: 557px) 100vw, 557px\" \/><\/figure><\/div>\n\n<div class=\"wp-block-image\"><figure class=\"aligncenter size-large is-resized\"><img decoding=\"async\" src=\"https:\/\/nebula.org\/blog\/wp-content\/uploads\/2020\/12\/Matoba-2.png\" alt=\"Varianten in einem Autismus-Spektrum-Beispielbericht\" class=\"wp-image-7496\" width=\"545\" height=\"371\" srcset=\"https:\/\/nebula.org\/blog\/wp-content\/uploads\/2020\/12\/Matoba-2.png 545w, https:\/\/nebula.org\/blog\/wp-content\/uploads\/2020\/12\/Matoba-2-300x204.png 300w, https:\/\/nebula.org\/blog\/wp-content\/uploads\/2020\/12\/Matoba-2-16x12.png 16w\" sizes=\"(max-width: 545px) 100vw, 545px\" \/><\/figure><\/div>\n\n<div class=\"wp-block-buttons aligncenter is-layout-flex wp-block-buttons-is-layout-flex\">\n<div class=\"wp-block-button\"><a class=\"wp-block-button__link has-white-color has-vivid-cyan-blue-background-color has-text-color has-background\" href=\"https:\/\/nebula.org\/whole-genome-sequencing\/\"><strong>Sequenzieren Sie Ihr Genom und greifen Sie auf \u00fcber 200 DNA-Berichte zu!<\/strong><\/a><\/div>\n<\/div>\n\n<div style=\"height:20px\" aria-hidden=\"true\" class=\"wp-block-spacer\"><\/div>\n\n<p>Weitere Berichte finden Sie in der<a> Nebelbibliothek<\/a> ::<\/p>\n\n<ul class=\"wp-block-list\"><li><a target=\"_blank\" href=\"https:\/\/nebula.org\/blog\/de\/ist-asperger-syndrom-genetisch\/\" rel=\"noreferrer noopener\">(Grove 2019)<\/a> &#8211; Ist das Asperger-Syndrom genetisch bedingt?<\/li><\/ul>\n\n<h2 class=\"wp-block-heading\" id=\"h-additional-information\"><strong>Zus\u00e4tzliche Information<\/strong><\/h2>\n\n<h2 class=\"wp-block-heading\" id=\"h-introduction-part-1-of-is-autism-genetic\"><strong>Einleitung (Teil 1 von Ist Autismus genetisch bedingt?)<\/strong><\/h2>\n\n<p>Autismus ist eine allgegenw\u00e4rtige Entwicklungsst\u00f6rung, die durch Herausforderungen in der sozialen Kommunikation und Interaktion sowie durch eingeschr\u00e4nkte und sich wiederholende Verhaltensmuster, Interessen oder Aktivit\u00e4ten gekennzeichnet ist. Vor 2013 wurden autistische St\u00f6rungen in mehrere Unterkategorien unterteilt, z. B. Pervasive Entwicklungsst\u00f6rung &#8211; nicht anders angegeben (PDD-NOS). Im Jahr 2013 wurde der Name Autism Spectrum Disorder (ASD) eingef\u00fchrt, um die breite Palette verschiedener Autismus-Ph\u00e4notypen zu beschreiben. Es tritt normalerweise vor dem Alter von drei Jahren auf und qualitative Symptome k\u00f6nnen mit ASD assoziiert sein, einschlie\u00dflich:<\/p>\n\n<ul class=\"wp-block-list\"><li>Probleme mit sozialer Interaktion und Austausch (wie Verst\u00e4ndnis und Aufbau von Beziehungen)<\/li><li>Auff\u00e4lligkeit in der verbalen und nonverbalen Kommunikation (wie Augenkontakt und K\u00f6rpersprache)<\/li><li>Begrenzte Interessen mit sich wiederholendem, stereotypem Verhalten<\/li><\/ul>\n\n<p>Menschen mit ASD haben auch ein erh\u00f6htes Risiko f\u00fcr psychiatrische Probleme wie Angstzust\u00e4nde, Depressionen, Zwangsst\u00f6rungen und Essst\u00f6rungen.<\/p>\n\n<h2 class=\"wp-block-heading\" id=\"h-is-autism-genetic\"><strong>Ist Autismus genetisch?<\/strong><\/h2>\n\n<p>Die genetischen Ursachen des gesamten Spektrums sind \u00e4u\u00dferst vielf\u00e4ltig und hochkomplex, so dass keine spezifische genetische Ursache anerkannt wird. Das Risiko von Autismus kann auch mit Umweltfaktoren verbunden sein. Autismus scheint fast eine gro\u00dfe genetische Komponente zu haben<a href=\"https:\/\/fragilex.org\/understanding-fragile-x\/fragile-x-syndrome\/autism\/\"> 20% der j\u00fcngeren Geschwister<\/a> eines Kindes mit ASD erhalten selbst eine Diagnose, die h\u00f6her ist als das von der CDC gemeldete Risiko von 1% bis 2% in der Allgemeinbev\u00f6lkerung.<\/p>\n\n<p>\u00c4nderungen in \u00fcber<a href=\"https:\/\/medlineplus.gov\/genetics\/condition\/autism-spectrum-disorder\/#causes\"> 1.000 Gene<\/a> Es wurde berichtet, dass sie mit ASD assoziiert sind, aber eine gro\u00dfe Anzahl dieser Assoziationen wurde nicht best\u00e4tigt. Viele der mit ASD assoziierten Gene sind an der Entwicklung des Gehirns beteiligt. Einige Zwillingsstudien zeigen, dass es sich um eine hoch vererbbare Erkrankung handelt. Seit 2009 machen bekannte genetische Syndrome, Mutationen und Stoffwechselerkrankungen bis zu 20% der F\u00e4lle von Autismus aus. Es wird allgemein angenommen, dass die immensen Kombinationsm\u00f6glichkeiten vieler Genotypen die gro\u00dfe Vielfalt und Breite des Spektrums verursachen.<\/p>\n\n<div class=\"wp-block-image\"><figure class=\"aligncenter size-large is-resized\"><img decoding=\"async\" src=\"https:\/\/nebula.org\/blog\/wp-content\/uploads\/2020\/12\/autism-1.png\" alt=\"Autismus-Puzzle\" class=\"wp-image-7356\" width=\"566\" height=\"399\" srcset=\"https:\/\/nebula.org\/blog\/wp-content\/uploads\/2020\/12\/autism-1.png 482w, https:\/\/nebula.org\/blog\/wp-content\/uploads\/2020\/12\/autism-1-300x212.png 300w, https:\/\/nebula.org\/blog\/wp-content\/uploads\/2020\/12\/autism-1-16x12.png 16w\" sizes=\"(max-width: 566px) 100vw, 566px\" \/><figcaption>Viele mit Autismus assoziierte Gene sind an der Entwicklung des Gehirns beteiligt.<a href=\"https:\/\/pixabay.com\/illustrations\/autism-puzzle-autistic-syndrome-4982235\/\"> Pixabay.com<\/a> .<\/figcaption><\/figure><\/div>\n\n<p>Autismus kann durch eine spontane Mutation eines einzelnen Gens, Mutationen, die mehrere Gene betreffen, Multigen-Interaktionen und \/ oder Epigenetik verursacht werden. Es kann auch mit anderen St\u00f6rungen wie dem Fragile X-Syndrom assoziiert sein. Laut dem<a href=\"https:\/\/fragilex.org\/understanding-fragile-x\/fragile-x-syndrome\/autism\/\"> CDC<\/a> Eine nationale Elternumfrage ergab, dass 46% der M\u00e4nner und 16% der Frauen mit Fragile X-Syndrom wegen ASD diagnostiziert oder behandelt wurden.<a href=\"https:\/\/en.wikipedia.org\/wiki\/Heritability_of_autism#cite_note-64\"> Andere<\/a> haben vorgeschlagen, dass Umweltfaktoren in Kombination mit einer genetischen Veranlagung die Risikofaktoren f\u00fcr Autismus erh\u00f6hen. <\/p>\n\n<p>Submikroskopische Ver\u00e4nderungen der Chromosomen spielen ebenfalls eine Schl\u00fcsselrolle bei Autismus, n\u00e4mlich Variationen der Kopienanzahl. Chromosomenanomalien treten am h\u00e4ufigsten in Form von Genduplikation oder Gendeletion auf, die auftreten, wenn die Eier der Mutter oder die Spermien des Vaters (Meiose) gebildet werden. <\/p>\n\n<div class=\"wp-block-image\"><figure class=\"aligncenter size-large\"><img decoding=\"async\" width=\"325\" height=\"316\" src=\"https:\/\/nebula.org\/blog\/wp-content\/uploads\/2020\/12\/autism-2-1.png\" alt=\"Diagramm der Gendeletion und -duplikation.\" class=\"wp-image-7366\" srcset=\"https:\/\/nebula.org\/blog\/wp-content\/uploads\/2020\/12\/autism-2-1.png 325w, https:\/\/nebula.org\/blog\/wp-content\/uploads\/2020\/12\/autism-2-1-300x292.png 300w, https:\/\/nebula.org\/blog\/wp-content\/uploads\/2020\/12\/autism-2-1-12x12.png 12w\" sizes=\"(max-width: 325px) 100vw, 325px\" \/><figcaption>Gendeletion (links) und Duplikation (rechts). Richard Wheeler (Zephyris)<a href=\"https:\/\/creativecommons.org\/licenses\/by-sa\/3.0\/deed.en\"> Namensnennung-Weitergabe unter gleichen Bedingungen 3.0 Unported<\/a> .<\/figcaption><\/figure><\/div>\n\n<p>Wenn ein Kind jedoch eine solche Abweichung von einem der Elternteile erh\u00e4lt, kann diese mit einer Wahrscheinlichkeit von 50% weitergegeben werden. Daher ist es m\u00f6glich, dass eine Anomalie, die zur St\u00f6rung beitr\u00e4gt, nur einmal bei einem Kind auftritt und nicht weitergegeben wird, oder dass mehrere Familienmitglieder in verschiedenen Generationen betroffen sind. Die Auswirkungen (Durchdringung und Ausdruckskraft) einer solchen genetischen Abnormalit\u00e4t k\u00f6nnen auch von Person zu Person sehr unterschiedlich sein.<\/p>\n\n<p>Eineiige Zwillinge haben normalerweise beide eine Autismus-Spektrum-St\u00f6rung. Ausnahmen von dieser Regel werden auf Umweltfaktoren und epigenetische Einfl\u00fcsse zur\u00fcckgef\u00fchrt. Moderne Analysemethoden (DNA-Chip-Technologie) erm\u00f6glichen den Nachweis genetischer Anomalien, die zur Expression der Spektrumsst\u00f6rung f\u00fchren. Die Ergebnisse k\u00f6nnen dann die Grundlage f\u00fcr genetische Konsultationen bilden.<\/p>\n\n<h2 class=\"wp-block-heading\" id=\"h-epidemiology-part-3-of-is-autism-genetic\"><strong>Epidemiologie (Teil 3 von Ist Autismus genetisch bedingt?)<\/strong><\/h2>\n\n<p>Die Zahl der F\u00e4lle von Autismus ist in den letzten Jahrzehnten stark gestiegen. Die Zentren f\u00fcr die Kontrolle und Pr\u00e4vention von Krankheiten (CDC) in den USA, Teil des US-amerikanischen Gesundheitsministeriums,<a href=\"https:\/\/www.cdc.gov\/mmwr\/preview\/mmwrhtml\/ss5810a1.htm\"> berichtet<\/a> zwischen 2002 und 2006 ein Anstieg der mit Autismus geborenen Kinder um 57%. Im Jahr 2006 war 1 von 110 Kindern im Alter von 8 Jahren betroffen. Obwohl eine bessere und fr\u00fchere Diagnose eine Rolle spielt, kann laut CDC nicht ausgeschlossen werden, dass ein Teil des Anstiegs auf einen tats\u00e4chlichen Anstieg der F\u00e4lle zur\u00fcckzuf\u00fchren ist. <\/p>\n\n<p>Im<a href=\"https:\/\/www.cdc.gov\/ncbddd\/autism\/data.html\"> 2020<\/a> Die CDC berichtete, dass nach Sch\u00e4tzungen des 2016 durchgef\u00fchrten ADDM-Netzwerks (Autism and Developmental Disabilities Monitoring) von CDC etwa 1 von 54 Kindern mit ASD identifiziert wurde. ASD wird in allen rassischen, ethnischen und sozio\u00f6konomischen Gruppen gemeldet. Es ist mehr als viermal h\u00e4ufiger bei Jungen als bei M\u00e4dchen. <\/p>\n\n<h2 class=\"wp-block-heading\" id=\"h-characteristics-of-autism-part-4-of-is-autism-genetic\"><strong>Merkmale des Autismus (Teil 4 von Ist Autismus genetisch bedingt?)<\/strong><\/h2>\n\n<p>Autismus kann sich auf verschiedene Arten pr\u00e4sentieren. Die Symptome von Autismus k\u00f6nnen leicht bis schwer sein, mit unterschiedlichen F\u00e4higkeiten und Behinderungen.<\/p>\n\n<h3 class=\"wp-block-heading\" id=\"h-childhood-autism\">Autismus in der Kindheit<\/h3>\n\n<p>Dies ist die h\u00e4ufigste Form von Autismus. Nach dem<a href=\"https:\/\/www.psychiatry.org\/patients-families\/autism\/what-is-autism-spectrum-disorder\"> American Psychiatric Association<\/a> Die wichtigsten betroffenen Bereiche bei Kindern und Jugendlichen mit Autismus sind:<\/p>\n\n<ol class=\"wp-block-list\"><li><strong>Soziale Interaktion<\/strong> : Manchmal ist bereits zwischen 0 und 2 Jahren eine qualitative Beeintr\u00e4chtigung der sozialen Interaktion erkennbar, da kein Kontakt zu den Eltern, insbesondere zur Mutter, besteht. Viele Kinder mit Autismus strecken der Mutter nicht die Arme entgegen, um sie zu heben. Sie l\u00e4cheln nicht zur\u00fcck, wenn sie angel\u00e4chelt werden, und haben keinen angemessenen Augenkontakt mit den Eltern. Kinder zeigen auch eine starke Objektbezogenheit, die oft auf einen bestimmten Objekttyp oder eingeschr\u00e4nkte Interessen beschr\u00e4nkt ist.<\/li><li><strong>Kommunikation<\/strong> : Ungef\u00e4hr jedes zweite Kind mit fr\u00fchkindlichem Autismus entwickelt keine gesprochene Sprache. In den anderen F\u00e4llen ist die Sprachentwicklung verz\u00f6gert. Am ausgepr\u00e4gtesten ist die Beeintr\u00e4chtigung der Pragmatik: In der Kommunikation mit anderen Menschen haben autistische Menschen Schwierigkeiten zu verstehen, was \u00fcber die genaue Bedeutung des Wortes hinaus gesagt wird, und zwischen den Zeilen zu lesen. Ihre Stimme klingt oft eint\u00f6nig (fehlende Prosodie). Autistische Kinder haben ein individuell unterschiedliches Bed\u00fcrfnis nach k\u00f6rperlichem Kontakt. Einige nehmen direkten und manchmal sozial unangemessenen Kontakt mit Fremden auf, w\u00e4hrend f\u00fcr andere der Tastsinn aufgrund der \u00dcberempfindlichkeit dieses Sinnes f\u00fcr sie unangenehm sein kann.<\/li><li><strong>Wiederholte und stereotype Verhaltensmuster<\/strong> : Ver\u00e4nderungen in ihrer Umgebung beunruhigen und beunruhigen einige autistische Menschen. Manchmal sind sie ver\u00e4rgert, wenn sich Objekte nicht mehr an ihrem gewohnten Ort oder in einer bestimmten Anordnung befinden oder durch einen unangek\u00fcndigten Besuch oder einen spontanen Ortswechsel in Bedr\u00e4ngnis geraten. Handlungen werden normalerweise ritualisiert, und Abweichungen von diesen Ritualen f\u00fchren zu Chaos im Kopf, da autistische Menschen normalerweise keine alternativen Strategien f\u00fcr unerwartete \u00c4nderungen in Situationen oder Prozessen haben.<\/li><\/ol>\n\n<div class=\"wp-block-image\"><figure class=\"aligncenter size-large is-resized\"><img decoding=\"async\" src=\"https:\/\/nebula.org\/blog\/wp-content\/uploads\/2020\/12\/autism-3.png\" alt=\"Anzeichen von Autismus in der Kindheit\" class=\"wp-image-7371\" width=\"505\" height=\"754\" srcset=\"https:\/\/nebula.org\/blog\/wp-content\/uploads\/2020\/12\/autism-3.png 402w, https:\/\/nebula.org\/blog\/wp-content\/uploads\/2020\/12\/autism-3-201x300.png 201w, https:\/\/nebula.org\/blog\/wp-content\/uploads\/2020\/12\/autism-3-8x12.png 8w\" sizes=\"(max-width: 505px) 100vw, 505px\" \/><figcaption>Anzeichen von Autismus in der Kindheit. MissLunaRose12. <a href=\"https:\/\/creativecommons.org\/licenses\/by-sa\/4.0\/deed.en\">Namensnennung-Weitergabe unter gleichen Bedingungen 4.0 International<\/a><br\/><\/figcaption><\/figure><\/div>\n\n<h3 class=\"wp-block-heading\" id=\"h-high-functioning-autism\">Hochfunktionierender Autismus <\/h3>\n\n<p>Wenn alle Symptome eines fr\u00fchkindlichen Autismus zusammen mit normaler Intelligenz auftreten (ein IQ von mehr als 70), wird bei Kindern h\u00e4ufig ein hochfunktionierender Autismus (HFA) diagnostiziert. Diagnostisch wichtig ist hier insbesondere die verz\u00f6gerte kindliche Sprachentwicklung. Im Vergleich zum Asperger-Syndrom sind die motorischen F\u00e4higkeiten in der Regel deutlich besser.<\/p>\n\n<p>Aufgrund der Verz\u00f6gerung der Sprachentwicklung wird h\u00e4ufig zuerst ein schlecht funktionierender fr\u00fchkindlicher Autismus (LFA) diagnostiziert. Eine normale Sprachentwicklung kann dann jedoch sp\u00e4ter stattfinden. Viele HFA-Patienten sind daher als Erwachsene nicht von Asperger-Patienten zu unterscheiden, aber in den meisten F\u00e4llen bleiben die autistischen Symptome viel ausgepr\u00e4gter als beim Asperger-Syndrom. <\/p>\n\n<h3 class=\"wp-block-heading\" id=\"h-asperger-syndrome\">Asperger-Syndrom<\/h3>\n\n<p>Das Asperger-Syndrom (AS) gilt als milde Form von Autismus und manifestiert sich ab etwa vier Jahren. Obwohl viele Verhaltensweisen hohe Anforderungen an das soziale Netzwerk der Betroffenen stellen, insbesondere an enge Bekannte und Familienangeh\u00f6rige, gibt es bei Asperger nicht nur negative Aspekte. Es gibt zahlreiche Berichte \u00fcber das gleichzeitige Auftreten \u00fcberdurchschnittlicher Intelligenz.<\/p>\n\n<h2 class=\"wp-block-heading\" id=\"h-symptoms-and-diagnosing-asd-part-5-of-is-autism-genetic\"><strong>Symptome und Diagnose von ASD (Teil 5 von Ist Autismus genetisch bedingt?)<\/strong><\/h2>\n\n<p>Kinder werden normalerweise zwischen 18 Monaten und 2 Jahren diagnostiziert. Die Diagnose basiert auf Verhalten, nicht auf Ursache oder Mechanismus. Unter dem The<a href=\"https:\/\/www.autismspeaks.org\/autism-diagnosis-criteria-dsm-5\"> Diagnostisches und statistisches Handbuch f\u00fcr psychische St\u00f6rungen (DSM &#8211; 5)<\/a> Eine Diagnose von ASD ist gekennzeichnet durch:<\/p>\n\n<ol class=\"wp-block-list\"><li>Anhaltende Defizite in der sozialen Kommunikation und Interaktion \u00fcber mehrere Kontexte hinweg<\/li><li>Eingeschr\u00e4nkte, sich wiederholende Verhaltensmuster, Interessen oder Aktivit\u00e4ten<\/li><li>Diese Defizite treten in der fr\u00fchen Kindheit auf, typischerweise vor dem dritten Lebensjahr<\/li><li>Diese Symptome verursachen klinisch signifikante Beeintr\u00e4chtigungen in sozialen, beruflichen oder anderen wichtigen Bereichen der gegenw\u00e4rtigen Funktionsweise<\/li><li>Die St\u00f6rung darf nicht besser durch das Rett-Syndrom, geistige Behinderung oder globale Entwicklungsverz\u00f6gerung erkl\u00e4rt werden<\/li><\/ol>\n\n<p>Beispiele f\u00fcr Symptome sind mangelnde soziale oder emotionale Gegenseitigkeit, stereotyper und sich wiederholender Gebrauch von Sprache oder eigenwilliger Sprache sowie die anhaltende Besch\u00e4ftigung mit ungew\u00f6hnlichen Objekten.<\/p>\n\n<h2 class=\"wp-block-heading\" id=\"h-treatment-part-6-of-is-autism-genetic\"><strong>Behandlung (Teil 6 von Ist Autismus genetisch bedingt?)<\/strong><\/h2>\n\n<p><a href=\"https:\/\/www.cdc.gov\/ncbddd\/autism\/treatment.html\">Behandlung<\/a> basiert auf der individuellen Entwicklung jedes Patienten. Die National Institutes of Health und das National Institute of Mental Health f\u00fchren aktiv klinische Studien durch, die ASD verhindern, erkennen oder behandeln.<\/p>\n\n<h3 class=\"wp-block-heading\" id=\"h-behavioral-therapy\">Verhaltenstherapie<\/h3>\n\n<p>Verhaltenstherapie ist eine g\u00e4ngige Strategie zur Behandlung von Autismus. Ziel ist es, st\u00f6rendes und unangemessenes Verhalten wie \u00fcberm\u00e4\u00dfige Stereotypen oder (auto) aggressives Verhalten einerseits zu reduzieren und andererseits soziale und kommunikative F\u00e4higkeiten aufzubauen. Es konzentriert sich auf die Entwicklung sozialer F\u00e4higkeiten, insbesondere in jungen Jahren, und die Reduzierung charakteristischer sich wiederholender Verhaltensweisen. Dies geschieht grunds\u00e4tzlich so, dass das gew\u00fcnschte Verhalten konsequent und erkennbar belohnt wird (positive Verst\u00e4rkung). Ergotherapie und Sprachtherapie sind auch bei einigen Kindern hilfreich.<\/p>\n\n<h3 class=\"wp-block-heading\" id=\"h-drug-treatment\">Arzneimittelbehandlung<\/h3>\n\n<p>Es gibt kein Medikament zur Behandlung dieser St\u00f6rung. Arzneimittelbehandlung von Begleiterkrankungen und Symptomen wie Angstzust\u00e4nden, Depressionen, Aggressivit\u00e4t oder Zw\u00e4ngen mit Antidepressiva (wie SSRIs), Antipsychotika, Stimulanzien und Stimmungsstabilisatoren.<\/p>\n\n<h2 class=\"wp-block-heading\" id=\"h-prognosis-part-7-of-is-autism-genetic\"><strong>Prognose (Teil 7 von Ist Autismus genetisch bedingt?)<\/strong><\/h2>\n\n<p>Autismus kann die Pers\u00f6nlichkeitsentwicklung, Karrierem\u00f6glichkeiten und sozialen F\u00e4higkeiten erheblich beeinflussen. Der langfristige Verlauf einer St\u00f6rung h\u00e4ngt von den individuellen Merkmalen jedes Patienten ab. Es gibt derzeit keine Heilung f\u00fcr Autismus. <\/p>\n\n<p>Viele der von autistischen Menschen gemeldeten Schwierigkeiten k\u00f6nnen durch Anpassung ihrer Umgebung vermieden oder verringert werden. Beispielsweise berichten einige Menschen von einem Schmerzempfinden f\u00fcr bestimmte Schallfrequenzen. Solche Menschen sind in einer Umgebung mit geringer Reizwirkung deutlich besser dran. Das Finden oder Schaffen einer autistisch geeigneten Umgebung ist daher ein wesentliches Ziel.<\/p>\n\n<p>Kommunikationstraining f\u00fcr autistische Menschen und ihre Freunde und Verwandten durch speziell ausgebildete Lehrer und Erzieher kann hilfreich sein. Eine zunehmende Anzahl von Schulen, Hochschulen und Arbeitgebern speziell f\u00fcr autistische Menschen zeigt den Erfolg, wenn autistische Menschen in autismusfreundlichen Umgebungen leben.<\/p>\n\n<div class=\"wp-block-image\"><figure class=\"aligncenter size-large is-resized\"><img decoding=\"async\" src=\"https:\/\/nebula.org\/blog\/wp-content\/uploads\/2020\/12\/autism-4.png\" alt=\"Autismus Bewusstsein Herz\" class=\"wp-image-7376\" width=\"548\" height=\"411\" srcset=\"https:\/\/nebula.org\/blog\/wp-content\/uploads\/2020\/12\/autism-4.png 453w, https:\/\/nebula.org\/blog\/wp-content\/uploads\/2020\/12\/autism-4-300x225.png 300w, https:\/\/nebula.org\/blog\/wp-content\/uploads\/2020\/12\/autism-4-16x12.png 16w\" sizes=\"(max-width: 548px) 100vw, 548px\" \/><figcaption>Viele Menschen mit Autismus bitten um Toleranz und Akzeptanz. <a href=\"https:\/\/pixabay.com\/illustrations\/heart-autism-awareness-support-love-3612853\/\">Pixabay.com<\/a><\/figcaption><\/figure><\/div>\n\n<p>Die Manifestationen der St\u00f6rung decken ein breites Spektrum ab. Viele Menschen mit Autismus wollen keine &#8222;Heilung&#8220;, weil sie es als Teil ihrer selbst sehen und nicht als eine Krankheit, die von der Gesundheitsversorgung geheilt werden muss. Viele Erwachsene mit leichtem Autismus haben gelernt, mit ihrer Umwelt umzugehen. Anstatt zu pathologisieren, w\u00fcnschen sie sich oft Toleranz und Akzeptanz.<\/p>\n\n<p>Weitere Beitr\u00e4ge wie diesen finden Sie in unserem<a href=\"https:\/\/nebula.org\/blog\/de\/nebula-library-unlocking-gen-forschung\/\"> Nebula Research Library<\/a> !<\/p>\n","protected":false},"excerpt":{"rendered":"<p>Nebula Genomics DNA-Bericht f\u00fcr Autismus Ist Autismus genetisch bedingt? Wir haben einen DNA-Bericht erstellt, der auf einer Studie basiert, die versucht hat, diese Frage zu beantworten. Unten sehen Sie einen SAMPLE DNA-Bericht. Kaufen Sie unseren, um Ihren personalisierten DNA-Bericht zu &hellip;<\/p>\n<p class=\"read-more\"> <a class=\"ast-button\" href=\"https:\/\/nebula.org\/blog\/de\/ist-autismus-genetisch\/\"> <span class=\"screen-reader-text\">Autismus-Spektrum-St\u00f6rung (Matoba, 2020) &#8211; Ist Autismus genetisch?<\/span> Read More \u00bb<\/a><\/p>\n","protected":false},"author":12,"featured_media":6786,"comment_status":"closed","ping_status":"closed","sticky":false,"template":"","format":"standard","meta":{"om_disable_all_campaigns":false,"site-sidebar-layout":"default","site-content-layout":"default","ast-global-header-display":"","ast-banner-title-visibility":"","ast-main-header-display":"","ast-hfb-above-header-display":"","ast-hfb-below-header-display":"","ast-hfb-mobile-header-display":"","site-post-title":"","ast-breadcrumbs-content":"","ast-featured-img":"","footer-sml-layout":"","theme-transparent-header-meta":"default","adv-header-id-meta":"","stick-header-meta":"default","header-above-stick-meta":"","header-main-stick-meta":"","header-below-stick-meta":"","_FSMCFIC_featured_image_caption":"","_FSMCFIC_featured_image_nocaption":"","_FSMCFIC_featured_image_hide":"","footnotes":""},"categories":[4980],"tags":[],"class_list":["post-10280","post","type-post","status-publish","format-standard","has-post-thumbnail","hentry","category-berichte"],"yoast_head":"<!-- This site is optimized with the Yoast SEO plugin v20.13 - https:\/\/yoast.com\/wordpress\/plugins\/seo\/ -->\n<title>Ist Autismus genetisch bedingt? | Entschl\u00fcsseln Sie Ihre DNA und lernen Sie Ihre Risiken kennen!<\/title>\n<meta name=\"description\" content=\"Ist Autismus genetisch bedingt? Laden Sie Ihre DNA-Daten hoch, untersuchen Sie genetische Varianten im Zusammenhang mit Autismus-Spektrum-St\u00f6rungen und entdecken Sie Ihren polygenen Score.\" \/>\n<meta name=\"robots\" content=\"index, follow, max-snippet:-1, max-image-preview:large, max-video-preview:-1\" \/>\n<link rel=\"canonical\" href=\"https:\/\/nebula.org\/blog\/de\/ist-autismus-genetisch\/\" \/>\n<meta property=\"og:locale\" content=\"de_DE\" \/>\n<meta property=\"og:type\" content=\"article\" \/>\n<meta property=\"og:title\" content=\"Ist Autismus genetisch bedingt? | Entschl\u00fcsseln Sie Ihre DNA und lernen Sie Ihre Risiken kennen!\" \/>\n<meta property=\"og:description\" content=\"Ist Autismus genetisch bedingt? Laden Sie Ihre DNA-Daten hoch, untersuchen Sie genetische Varianten im Zusammenhang mit Autismus-Spektrum-St\u00f6rungen und entdecken Sie Ihren polygenen Score.\" \/>\n<meta property=\"og:url\" content=\"https:\/\/nebula.org\/blog\/de\/ist-autismus-genetisch\/\" \/>\n<meta property=\"og:site_name\" content=\"Nebula Genomics Blog\" \/>\n<meta property=\"article:publisher\" content=\"https:\/\/facebook.com\/nebulagenomics\" \/>\n<meta property=\"article:published_time\" content=\"2021-01-06T05:21:50+00:00\" \/>\n<meta property=\"article:modified_time\" content=\"2021-02-21T02:06:59+00:00\" \/>\n<meta property=\"og:image\" content=\"https:\/\/nebula.org\/blog\/wp-content\/uploads\/2020\/08\/mi-pham-FtZL0r4DZYk-unsplash-scaled.jpg\" \/>\n\t<meta property=\"og:image:width\" content=\"924\" \/>\n\t<meta property=\"og:image:height\" content=\"616\" \/>\n\t<meta property=\"og:image:type\" content=\"image\/jpeg\" \/>\n<meta name=\"author\" content=\"Garrett Dunlap, B.S.\" \/>\n<meta name=\"twitter:card\" content=\"summary_large_image\" \/>\n<meta name=\"twitter:creator\" content=\"@nebulagenomics\" \/>\n<meta name=\"twitter:site\" content=\"@nebulagenomics\" \/>\n<meta name=\"twitter:label1\" content=\"Verfasst von\" \/>\n\t<meta name=\"twitter:data1\" content=\"Garrett Dunlap, B.S.\" \/>\n\t<meta name=\"twitter:label2\" content=\"Gesch\u00e4tzte Lesezeit\" \/>\n\t<meta name=\"twitter:data2\" content=\"9\u00a0Minuten\" \/>\n<script type=\"application\/ld+json\" class=\"yoast-schema-graph\">{\"@context\":\"https:\/\/schema.org\",\"@graph\":[{\"@type\":\"Article\",\"@id\":\"https:\/\/nebula.org\/blog\/de\/ist-autismus-genetisch\/#article\",\"isPartOf\":{\"@id\":\"https:\/\/nebula.org\/blog\/de\/ist-autismus-genetisch\/\"},\"author\":{\"name\":\"Garrett Dunlap, B.S.\",\"@id\":\"https:\/\/nebula.org\/blog\/de\/#\/schema\/person\/b7bd0a490f115d1d931c33eed922af4e\"},\"headline\":\"Autismus-Spektrum-St\u00f6rung (Matoba, 2020) &#8211; Ist Autismus genetisch?\",\"datePublished\":\"2021-01-06T05:21:50+00:00\",\"dateModified\":\"2021-02-21T02:06:59+00:00\",\"mainEntityOfPage\":{\"@id\":\"https:\/\/nebula.org\/blog\/de\/ist-autismus-genetisch\/\"},\"wordCount\":1834,\"publisher\":{\"@id\":\"https:\/\/nebula.org\/blog\/de\/#organization\"},\"articleSection\":[\"Berichte\"],\"inLanguage\":\"de\"},{\"@type\":\"WebPage\",\"@id\":\"https:\/\/nebula.org\/blog\/de\/ist-autismus-genetisch\/\",\"url\":\"https:\/\/nebula.org\/blog\/de\/ist-autismus-genetisch\/\",\"name\":\"Ist Autismus genetisch bedingt? | Entschl\u00fcsseln Sie Ihre DNA und lernen Sie Ihre Risiken kennen!\",\"isPartOf\":{\"@id\":\"https:\/\/nebula.org\/blog\/de\/#website\"},\"datePublished\":\"2021-01-06T05:21:50+00:00\",\"dateModified\":\"2021-02-21T02:06:59+00:00\",\"description\":\"Ist Autismus genetisch bedingt? Laden Sie Ihre DNA-Daten hoch, untersuchen Sie genetische Varianten im Zusammenhang mit Autismus-Spektrum-St\u00f6rungen und entdecken Sie Ihren polygenen Score.\",\"breadcrumb\":{\"@id\":\"https:\/\/nebula.org\/blog\/de\/ist-autismus-genetisch\/#breadcrumb\"},\"inLanguage\":\"de\",\"potentialAction\":[{\"@type\":\"ReadAction\",\"target\":[\"https:\/\/nebula.org\/blog\/de\/ist-autismus-genetisch\/\"]}]},{\"@type\":\"BreadcrumbList\",\"@id\":\"https:\/\/nebula.org\/blog\/de\/ist-autismus-genetisch\/#breadcrumb\",\"itemListElement\":[{\"@type\":\"ListItem\",\"position\":1,\"name\":\"Home\",\"item\":\"https:\/\/nebula.org\/blog\/de\/\"},{\"@type\":\"ListItem\",\"position\":2,\"name\":\"Autismus-Spektrum-St\u00f6rung (Matoba, 2020) &#8211; Ist Autismus genetisch?\"}]},{\"@type\":\"WebSite\",\"@id\":\"https:\/\/nebula.org\/blog\/de\/#website\",\"url\":\"https:\/\/nebula.org\/blog\/de\/\",\"name\":\"Nebula Genomics Blog\",\"description\":\"\",\"publisher\":{\"@id\":\"https:\/\/nebula.org\/blog\/de\/#organization\"},\"potentialAction\":[{\"@type\":\"SearchAction\",\"target\":{\"@type\":\"EntryPoint\",\"urlTemplate\":\"https:\/\/nebula.org\/blog\/de\/?s={search_term_string}\"},\"query-input\":\"required name=search_term_string\"}],\"inLanguage\":\"de\"},{\"@type\":\"Organization\",\"@id\":\"https:\/\/nebula.org\/blog\/de\/#organization\",\"name\":\"Nebula Genomics\",\"url\":\"https:\/\/nebula.org\/blog\/de\/\",\"logo\":{\"@type\":\"ImageObject\",\"inLanguage\":\"de\",\"@id\":\"https:\/\/nebula.org\/blog\/de\/#\/schema\/logo\/image\/\",\"url\":\"\",\"contentUrl\":\"\",\"caption\":\"Nebula Genomics\"},\"image\":{\"@id\":\"https:\/\/nebula.org\/blog\/de\/#\/schema\/logo\/image\/\"},\"sameAs\":[\"https:\/\/facebook.com\/nebulagenomics\",\"https:\/\/twitter.com\/nebulagenomics\",\"https:\/\/www.instagram.com\/nebulagenomics\/\",\"https:\/\/www.linkedin.com\/company\/nebula-genomics\/\",\"https:\/\/en.wikipedia.org\/wiki\/Nebula_Genomics\"]},{\"@type\":\"Person\",\"@id\":\"https:\/\/nebula.org\/blog\/de\/#\/schema\/person\/b7bd0a490f115d1d931c33eed922af4e\",\"name\":\"Garrett Dunlap, B.S.\",\"image\":{\"@type\":\"ImageObject\",\"inLanguage\":\"de\",\"@id\":\"https:\/\/nebula.org\/blog\/de\/#\/schema\/person\/image\/\",\"url\":\"https:\/\/secure.gravatar.com\/avatar\/32fb6e0dbc7e0bac908b0f23ea6ed5ec?s=96&d=mm&r=g\",\"contentUrl\":\"https:\/\/secure.gravatar.com\/avatar\/32fb6e0dbc7e0bac908b0f23ea6ed5ec?s=96&d=mm&r=g\",\"caption\":\"Garrett Dunlap, B.S.\"},\"description\":\"Garrett Dunlap earned a B.S. in Biology from Case Western Reserve University with a minor in Political Science. He earned an M.S. and is currently a Ph.D. Candidate in the Biological and Biomedical Sciences (BBS) Ph.D. program at Harvard University.\u00a0He has experience in science policy as an intern at the Science and Innovation Network where he assisted in the science diplomacy functions of the British Consulate-General and as a research associate at TScan Therapeutics. He is also interested in science communication and writing. You can read more about Garrett's experience and publications on LinkedIn and ORCID.\",\"sameAs\":[\"https:\/\/nebula.org\/whole-genome-sequencing\/\"],\"url\":\"https:\/\/nebula.org\/blog\/de\/author\/garrett-dunlap\/\"}]}<\/script>\n<!-- \/ Yoast SEO plugin. -->","yoast_head_json":{"title":"Ist Autismus genetisch bedingt? | Entschl\u00fcsseln Sie Ihre DNA und lernen Sie Ihre Risiken kennen!","description":"Ist Autismus genetisch bedingt? Laden Sie Ihre DNA-Daten hoch, untersuchen Sie genetische Varianten im Zusammenhang mit Autismus-Spektrum-St\u00f6rungen und entdecken Sie Ihren polygenen Score.","robots":{"index":"index","follow":"follow","max-snippet":"max-snippet:-1","max-image-preview":"max-image-preview:large","max-video-preview":"max-video-preview:-1"},"canonical":"https:\/\/nebula.org\/blog\/de\/ist-autismus-genetisch\/","og_locale":"de_DE","og_type":"article","og_title":"Ist Autismus genetisch bedingt? | Entschl\u00fcsseln Sie Ihre DNA und lernen Sie Ihre Risiken kennen!","og_description":"Ist Autismus genetisch bedingt? Laden Sie Ihre DNA-Daten hoch, untersuchen Sie genetische Varianten im Zusammenhang mit Autismus-Spektrum-St\u00f6rungen und entdecken Sie Ihren polygenen Score.","og_url":"https:\/\/nebula.org\/blog\/de\/ist-autismus-genetisch\/","og_site_name":"Nebula Genomics Blog","article_publisher":"https:\/\/facebook.com\/nebulagenomics","article_published_time":"2021-01-06T05:21:50+00:00","article_modified_time":"2021-02-21T02:06:59+00:00","og_image":[{"width":924,"height":616,"url":"https:\/\/nebula.org\/blog\/wp-content\/uploads\/2020\/08\/mi-pham-FtZL0r4DZYk-unsplash-scaled.jpg","type":"image\/jpeg"}],"author":"Garrett Dunlap, B.S.","twitter_card":"summary_large_image","twitter_creator":"@nebulagenomics","twitter_site":"@nebulagenomics","twitter_misc":{"Verfasst von":"Garrett Dunlap, B.S.","Gesch\u00e4tzte Lesezeit":"9\u00a0Minuten"},"schema":{"@context":"https:\/\/schema.org","@graph":[{"@type":"Article","@id":"https:\/\/nebula.org\/blog\/de\/ist-autismus-genetisch\/#article","isPartOf":{"@id":"https:\/\/nebula.org\/blog\/de\/ist-autismus-genetisch\/"},"author":{"name":"Garrett Dunlap, B.S.","@id":"https:\/\/nebula.org\/blog\/de\/#\/schema\/person\/b7bd0a490f115d1d931c33eed922af4e"},"headline":"Autismus-Spektrum-St\u00f6rung (Matoba, 2020) &#8211; Ist Autismus genetisch?","datePublished":"2021-01-06T05:21:50+00:00","dateModified":"2021-02-21T02:06:59+00:00","mainEntityOfPage":{"@id":"https:\/\/nebula.org\/blog\/de\/ist-autismus-genetisch\/"},"wordCount":1834,"publisher":{"@id":"https:\/\/nebula.org\/blog\/de\/#organization"},"articleSection":["Berichte"],"inLanguage":"de"},{"@type":"WebPage","@id":"https:\/\/nebula.org\/blog\/de\/ist-autismus-genetisch\/","url":"https:\/\/nebula.org\/blog\/de\/ist-autismus-genetisch\/","name":"Ist Autismus genetisch bedingt? | Entschl\u00fcsseln Sie Ihre DNA und lernen Sie Ihre Risiken kennen!","isPartOf":{"@id":"https:\/\/nebula.org\/blog\/de\/#website"},"datePublished":"2021-01-06T05:21:50+00:00","dateModified":"2021-02-21T02:06:59+00:00","description":"Ist Autismus genetisch bedingt? Laden Sie Ihre DNA-Daten hoch, untersuchen Sie genetische Varianten im Zusammenhang mit Autismus-Spektrum-St\u00f6rungen und entdecken Sie Ihren polygenen Score.","breadcrumb":{"@id":"https:\/\/nebula.org\/blog\/de\/ist-autismus-genetisch\/#breadcrumb"},"inLanguage":"de","potentialAction":[{"@type":"ReadAction","target":["https:\/\/nebula.org\/blog\/de\/ist-autismus-genetisch\/"]}]},{"@type":"BreadcrumbList","@id":"https:\/\/nebula.org\/blog\/de\/ist-autismus-genetisch\/#breadcrumb","itemListElement":[{"@type":"ListItem","position":1,"name":"Home","item":"https:\/\/nebula.org\/blog\/de\/"},{"@type":"ListItem","position":2,"name":"Autismus-Spektrum-St\u00f6rung (Matoba, 2020) &#8211; Ist Autismus genetisch?"}]},{"@type":"WebSite","@id":"https:\/\/nebula.org\/blog\/de\/#website","url":"https:\/\/nebula.org\/blog\/de\/","name":"Nebula Genomics Blog","description":"","publisher":{"@id":"https:\/\/nebula.org\/blog\/de\/#organization"},"potentialAction":[{"@type":"SearchAction","target":{"@type":"EntryPoint","urlTemplate":"https:\/\/nebula.org\/blog\/de\/?s={search_term_string}"},"query-input":"required name=search_term_string"}],"inLanguage":"de"},{"@type":"Organization","@id":"https:\/\/nebula.org\/blog\/de\/#organization","name":"Nebula Genomics","url":"https:\/\/nebula.org\/blog\/de\/","logo":{"@type":"ImageObject","inLanguage":"de","@id":"https:\/\/nebula.org\/blog\/de\/#\/schema\/logo\/image\/","url":"","contentUrl":"","caption":"Nebula Genomics"},"image":{"@id":"https:\/\/nebula.org\/blog\/de\/#\/schema\/logo\/image\/"},"sameAs":["https:\/\/facebook.com\/nebulagenomics","https:\/\/twitter.com\/nebulagenomics","https:\/\/www.instagram.com\/nebulagenomics\/","https:\/\/www.linkedin.com\/company\/nebula-genomics\/","https:\/\/en.wikipedia.org\/wiki\/Nebula_Genomics"]},{"@type":"Person","@id":"https:\/\/nebula.org\/blog\/de\/#\/schema\/person\/b7bd0a490f115d1d931c33eed922af4e","name":"Garrett Dunlap, B.S.","image":{"@type":"ImageObject","inLanguage":"de","@id":"https:\/\/nebula.org\/blog\/de\/#\/schema\/person\/image\/","url":"https:\/\/secure.gravatar.com\/avatar\/32fb6e0dbc7e0bac908b0f23ea6ed5ec?s=96&d=mm&r=g","contentUrl":"https:\/\/secure.gravatar.com\/avatar\/32fb6e0dbc7e0bac908b0f23ea6ed5ec?s=96&d=mm&r=g","caption":"Garrett Dunlap, B.S."},"description":"Garrett Dunlap earned a B.S. in Biology from Case Western Reserve University with a minor in Political Science. He earned an M.S. and is currently a Ph.D. Candidate in the Biological and Biomedical Sciences (BBS) Ph.D. program at Harvard University.\u00a0He has experience in science policy as an intern at the Science and Innovation Network where he assisted in the science diplomacy functions of the British Consulate-General and as a research associate at TScan Therapeutics. He is also interested in science communication and writing. You can read more about Garrett's experience and publications on LinkedIn and ORCID.","sameAs":["https:\/\/nebula.org\/whole-genome-sequencing\/"],"url":"https:\/\/nebula.org\/blog\/de\/author\/garrett-dunlap\/"}]}},"_links":{"self":[{"href":"https:\/\/nebula.org\/blog\/de\/wp-json\/wp\/v2\/posts\/10280","targetHints":{"allow":["GET"]}}],"collection":[{"href":"https:\/\/nebula.org\/blog\/de\/wp-json\/wp\/v2\/posts"}],"about":[{"href":"https:\/\/nebula.org\/blog\/de\/wp-json\/wp\/v2\/types\/post"}],"author":[{"embeddable":true,"href":"https:\/\/nebula.org\/blog\/de\/wp-json\/wp\/v2\/users\/12"}],"replies":[{"embeddable":true,"href":"https:\/\/nebula.org\/blog\/de\/wp-json\/wp\/v2\/comments?post=10280"}],"version-history":[{"count":0,"href":"https:\/\/nebula.org\/blog\/de\/wp-json\/wp\/v2\/posts\/10280\/revisions"}],"wp:featuredmedia":[{"embeddable":true,"href":"https:\/\/nebula.org\/blog\/de\/wp-json\/wp\/v2\/media\/6786"}],"wp:attachment":[{"href":"https:\/\/nebula.org\/blog\/de\/wp-json\/wp\/v2\/media?parent=10280"}],"wp:term":[{"taxonomy":"category","embeddable":true,"href":"https:\/\/nebula.org\/blog\/de\/wp-json\/wp\/v2\/categories?post=10280"},{"taxonomy":"post_tag","embeddable":true,"href":"https:\/\/nebula.org\/blog\/de\/wp-json\/wp\/v2\/tags?post=10280"}],"curies":[{"name":"wp","href":"https:\/\/api.w.org\/{rel}","templated":true}]}}