{"id":10406,"date":"2021-01-06T00:27:37","date_gmt":"2021-01-06T05:27:37","guid":{"rendered":"https:\/\/nebula.org\/blog\/genetik-der-alzheimer-krankheit-seshadri-2010\/"},"modified":"2021-02-20T20:39:47","modified_gmt":"2021-02-21T01:39:47","slug":"genetik-der-alzheimer-krankheit-seshadri-2010","status":"publish","type":"post","link":"https:\/\/nebula.org\/blog\/de\/genetik-der-alzheimer-krankheit-seshadri-2010\/","title":{"rendered":"Alzheimer-Krankheit (Seshadri, 2010)"},"content":{"rendered":"\n<p><strong>STUDIENTITEL:<\/strong><a href=\"https:\/\/jamanetwork.com\/journals\/jama\/fullarticle\/185849\"> Genomweite Analyse genetischer Loci im Zusammenhang mit Alzheimer<\/a><\/p>\n\n<p><strong>ZUSAMMENFASSUNG:<\/strong> Identifizierung neuer Varianten (von denen eine im BIN1-Gen enthalten war), die mit der Alzheimer-Krankheit assoziiert sind.<\/p>\n\n<p><strong>BESCHREIBUNG:<\/strong> Die Alzheimer-Krankheit ist eine fortschreitende Hirnst\u00f6rung, die das Ged\u00e4chtnis und die kognitiven F\u00e4higkeiten langsam verringert. Es ist die h\u00e4ufigste Form der Demenz bei \u00e4lteren Erwachsenen und als hoch vererbbare Krankheit bekannt. Diese Studie identifizierte neue genetische Varianten und best\u00e4tigte zuvor entdeckte Varianten im Zusammenhang mit Alzheimer in einer Kohorte von \u00fcber 35.000 Menschen. Eine der bedeutendsten neuartigen Varianten befand sich in der N\u00e4he des BIN1-Gens, das eine wichtige Rolle bei der Formgebung und Regulierung der Zellmembran spielt.<\/p>\n\n<p><strong>HAST DU GEWUSST?<\/strong> Obwohl Ihre Chancen, an Alzheimer zu erkranken, haupts\u00e4chlich von Ihrem Alter und Ihrer Genetik abh\u00e4ngen, k\u00f6nnen gesunde Gewohnheiten dazu beitragen, den Beginn und das Fortschreiten der Krankheit zu verz\u00f6gern. Bewegung, mediterrane Ern\u00e4hrung und Schlaf sind die wahrscheinlichsten Mittel, um die Krankheit abzuwehren. [<a href=\"https:\/\/www.health.harvard.edu\/alzheimers-and-dementia\/what-can-you-do-to-avoid-alzheimers-disease\"> QUELLE<\/a> ]]<\/p>\n\n<p><strong>BEISPIELERGEBNISSE:<\/strong> Erfahren Sie mehr \u00fcber die<a href=\"https:\/\/nebula.org\/blog\/de\/nebula-library-unlocking-gen-forschung\/\"> Nebula Research Library<\/a> .<\/p>\n\n<figure class=\"wp-block-image\"><a href=\"https:\/\/nebula.org\/free-dna-upload-analysis\/\"><img decoding=\"async\" src=\"https:\/\/nebula.org\/blog\/wp-content\/uploads\/2020\/01\/Nebula-personalized-results-genomics-1024x375.png\" alt=\"Alzheimer-Probenergebnisse.\"\/><\/a><\/figure>\n\n<p><\/p>\n\n<p><strong>ALZHEIMER-ASSOZIIERT<\/strong><strong> ANALYSIERTE VARIANTEN:<\/strong> rs2075650, rs11136000, rs3851179, rs744373, rs597668<\/p>\n\n<p><strong>ZUS\u00c4TZLICHE RESSOURCEN:<\/strong> <br\/><a rel=\"noreferrer noopener\" href=\"https:\/\/www.alz.org\/alzheimers-dementia\/what-is-alzheimers\" target=\"_blank\">\u00dcberblick \u00fcber Alzheimer<\/a><br\/><a rel=\"noreferrer noopener\" href=\"https:\/\/en.wikipedia.org\/wiki\/Cell_membrane\" target=\"_blank\">Zellmembran<\/a><\/p>\n\n<p><strong>W\u00d6CHENTLICHES UPDATE:<\/strong> 23. Juli 2019<\/p>\n\n<p><\/p>\n\n<p><br\/><\/p>\n","protected":false},"excerpt":{"rendered":"<p>STUDIENTITEL: Genomweite Analyse genetischer Loci im Zusammenhang mit Alzheimer ZUSAMMENFASSUNG: Identifizierung neuer Varianten (von denen eine im BIN1-Gen enthalten war), die mit der Alzheimer-Krankheit assoziiert sind. BESCHREIBUNG: Die Alzheimer-Krankheit ist eine fortschreitende Hirnst\u00f6rung, die das Ged\u00e4chtnis und die kognitiven F\u00e4higkeiten &hellip;<\/p>\n<p class=\"read-more\"> <a class=\"ast-button\" href=\"https:\/\/nebula.org\/blog\/de\/genetik-der-alzheimer-krankheit-seshadri-2010\/\"> <span class=\"screen-reader-text\">Alzheimer-Krankheit (Seshadri, 2010)<\/span> Read More \u00bb<\/a><\/p>\n","protected":false},"author":12,"featured_media":5186,"comment_status":"closed","ping_status":"closed","sticky":false,"template":"","format":"standard","meta":{"om_disable_all_campaigns":false,"site-sidebar-layout":"default","site-content-layout":"default","ast-global-header-display":"","ast-banner-title-visibility":"","ast-main-header-display":"","ast-hfb-above-header-display":"","ast-hfb-below-header-display":"","ast-hfb-mobile-header-display":"","site-post-title":"","ast-breadcrumbs-content":"","ast-featured-img":"","footer-sml-layout":"","theme-transparent-header-meta":"default","adv-header-id-meta":"","stick-header-meta":"default","header-above-stick-meta":"","header-main-stick-meta":"","header-below-stick-meta":"","_FSMCFIC_featured_image_caption":"","_FSMCFIC_featured_image_nocaption":"","_FSMCFIC_featured_image_hide":"","footnotes":""},"categories":[4980],"tags":[],"class_list":["post-10406","post","type-post","status-publish","format-standard","has-post-thumbnail","hentry","category-berichte"],"yoast_head":"<!-- This site is optimized with the Yoast SEO plugin v20.13 - https:\/\/yoast.com\/wordpress\/plugins\/seo\/ -->\n<title>Die Genetik der Alzheimer-Krankheit (Seshadri, 2010)<\/title>\n<meta name=\"description\" content=\"Identifizierung neuer Varianten im Zusammenhang mit der Alzheimer-Krankheit, einer fortschreitenden Hirnst\u00f6rung, die das Ged\u00e4chtnis und die kognitiven F\u00e4higkeiten langsam verringert.\" \/>\n<meta name=\"robots\" content=\"index, follow, max-snippet:-1, max-image-preview:large, max-video-preview:-1\" \/>\n<link rel=\"canonical\" href=\"https:\/\/nebula.org\/blog\/de\/genetik-der-alzheimer-krankheit-seshadri-2010\/\" \/>\n<meta property=\"og:locale\" content=\"de_DE\" \/>\n<meta property=\"og:type\" content=\"article\" \/>\n<meta property=\"og:title\" content=\"Die Genetik der Alzheimer-Krankheit (Seshadri, 2010)\" \/>\n<meta property=\"og:description\" content=\"Identifizierung neuer Varianten im Zusammenhang mit der Alzheimer-Krankheit, einer fortschreitenden Hirnst\u00f6rung, die das Ged\u00e4chtnis und die kognitiven F\u00e4higkeiten langsam verringert.\" \/>\n<meta property=\"og:url\" content=\"https:\/\/nebula.org\/blog\/de\/genetik-der-alzheimer-krankheit-seshadri-2010\/\" \/>\n<meta property=\"og:site_name\" content=\"Nebula Genomics Blog\" \/>\n<meta property=\"article:publisher\" content=\"https:\/\/facebook.com\/nebulagenomics\" \/>\n<meta property=\"article:published_time\" content=\"2021-01-06T05:27:37+00:00\" \/>\n<meta property=\"article:modified_time\" content=\"2021-02-21T01:39:47+00:00\" \/>\n<meta property=\"og:image\" content=\"https:\/\/nebula.org\/blog\/wp-content\/uploads\/2020\/01\/steven-hwg-zBsdRTHIIm4-unsplash-scaled.jpg\" \/>\n\t<meta property=\"og:image:width\" content=\"924\" \/>\n\t<meta property=\"og:image:height\" content=\"616\" \/>\n\t<meta property=\"og:image:type\" content=\"image\/jpeg\" \/>\n<meta name=\"author\" content=\"Garrett Dunlap, B.S.\" \/>\n<meta name=\"twitter:card\" content=\"summary_large_image\" \/>\n<meta name=\"twitter:creator\" content=\"@nebulagenomics\" \/>\n<meta name=\"twitter:site\" content=\"@nebulagenomics\" \/>\n<meta name=\"twitter:label1\" content=\"Verfasst von\" \/>\n\t<meta name=\"twitter:data1\" content=\"Garrett Dunlap, B.S.\" \/>\n\t<meta name=\"twitter:label2\" content=\"Gesch\u00e4tzte Lesezeit\" \/>\n\t<meta name=\"twitter:data2\" content=\"1\u00a0Minute\" \/>\n<script type=\"application\/ld+json\" class=\"yoast-schema-graph\">{\"@context\":\"https:\/\/schema.org\",\"@graph\":[{\"@type\":\"Article\",\"@id\":\"https:\/\/nebula.org\/blog\/de\/genetik-der-alzheimer-krankheit-seshadri-2010\/#article\",\"isPartOf\":{\"@id\":\"https:\/\/nebula.org\/blog\/de\/genetik-der-alzheimer-krankheit-seshadri-2010\/\"},\"author\":{\"name\":\"Garrett Dunlap, B.S.\",\"@id\":\"https:\/\/nebula.org\/blog\/de\/#\/schema\/person\/b7bd0a490f115d1d931c33eed922af4e\"},\"headline\":\"Alzheimer-Krankheit (Seshadri, 2010)\",\"datePublished\":\"2021-01-06T05:27:37+00:00\",\"dateModified\":\"2021-02-21T01:39:47+00:00\",\"mainEntityOfPage\":{\"@id\":\"https:\/\/nebula.org\/blog\/de\/genetik-der-alzheimer-krankheit-seshadri-2010\/\"},\"wordCount\":192,\"publisher\":{\"@id\":\"https:\/\/nebula.org\/blog\/de\/#organization\"},\"articleSection\":[\"Berichte\"],\"inLanguage\":\"de\"},{\"@type\":\"WebPage\",\"@id\":\"https:\/\/nebula.org\/blog\/de\/genetik-der-alzheimer-krankheit-seshadri-2010\/\",\"url\":\"https:\/\/nebula.org\/blog\/de\/genetik-der-alzheimer-krankheit-seshadri-2010\/\",\"name\":\"Die Genetik der Alzheimer-Krankheit (Seshadri, 2010)\",\"isPartOf\":{\"@id\":\"https:\/\/nebula.org\/blog\/de\/#website\"},\"datePublished\":\"2021-01-06T05:27:37+00:00\",\"dateModified\":\"2021-02-21T01:39:47+00:00\",\"description\":\"Identifizierung neuer Varianten im Zusammenhang mit der Alzheimer-Krankheit, einer fortschreitenden Hirnst\u00f6rung, die das Ged\u00e4chtnis und die kognitiven F\u00e4higkeiten langsam verringert.\",\"breadcrumb\":{\"@id\":\"https:\/\/nebula.org\/blog\/de\/genetik-der-alzheimer-krankheit-seshadri-2010\/#breadcrumb\"},\"inLanguage\":\"de\",\"potentialAction\":[{\"@type\":\"ReadAction\",\"target\":[\"https:\/\/nebula.org\/blog\/de\/genetik-der-alzheimer-krankheit-seshadri-2010\/\"]}]},{\"@type\":\"BreadcrumbList\",\"@id\":\"https:\/\/nebula.org\/blog\/de\/genetik-der-alzheimer-krankheit-seshadri-2010\/#breadcrumb\",\"itemListElement\":[{\"@type\":\"ListItem\",\"position\":1,\"name\":\"Home\",\"item\":\"https:\/\/nebula.org\/blog\/de\/\"},{\"@type\":\"ListItem\",\"position\":2,\"name\":\"Alzheimer-Krankheit (Seshadri, 2010)\"}]},{\"@type\":\"WebSite\",\"@id\":\"https:\/\/nebula.org\/blog\/de\/#website\",\"url\":\"https:\/\/nebula.org\/blog\/de\/\",\"name\":\"Nebula Genomics Blog\",\"description\":\"\",\"publisher\":{\"@id\":\"https:\/\/nebula.org\/blog\/de\/#organization\"},\"potentialAction\":[{\"@type\":\"SearchAction\",\"target\":{\"@type\":\"EntryPoint\",\"urlTemplate\":\"https:\/\/nebula.org\/blog\/de\/?s={search_term_string}\"},\"query-input\":\"required name=search_term_string\"}],\"inLanguage\":\"de\"},{\"@type\":\"Organization\",\"@id\":\"https:\/\/nebula.org\/blog\/de\/#organization\",\"name\":\"Nebula Genomics\",\"url\":\"https:\/\/nebula.org\/blog\/de\/\",\"logo\":{\"@type\":\"ImageObject\",\"inLanguage\":\"de\",\"@id\":\"https:\/\/nebula.org\/blog\/de\/#\/schema\/logo\/image\/\",\"url\":\"\",\"contentUrl\":\"\",\"caption\":\"Nebula Genomics\"},\"image\":{\"@id\":\"https:\/\/nebula.org\/blog\/de\/#\/schema\/logo\/image\/\"},\"sameAs\":[\"https:\/\/facebook.com\/nebulagenomics\",\"https:\/\/twitter.com\/nebulagenomics\",\"https:\/\/www.instagram.com\/nebulagenomics\/\",\"https:\/\/www.linkedin.com\/company\/nebula-genomics\/\",\"https:\/\/en.wikipedia.org\/wiki\/Nebula_Genomics\"]},{\"@type\":\"Person\",\"@id\":\"https:\/\/nebula.org\/blog\/de\/#\/schema\/person\/b7bd0a490f115d1d931c33eed922af4e\",\"name\":\"Garrett Dunlap, B.S.\",\"image\":{\"@type\":\"ImageObject\",\"inLanguage\":\"de\",\"@id\":\"https:\/\/nebula.org\/blog\/de\/#\/schema\/person\/image\/\",\"url\":\"https:\/\/secure.gravatar.com\/avatar\/32fb6e0dbc7e0bac908b0f23ea6ed5ec?s=96&d=mm&r=g\",\"contentUrl\":\"https:\/\/secure.gravatar.com\/avatar\/32fb6e0dbc7e0bac908b0f23ea6ed5ec?s=96&d=mm&r=g\",\"caption\":\"Garrett Dunlap, B.S.\"},\"description\":\"Garrett Dunlap earned a B.S. in Biology from Case Western Reserve University with a minor in Political Science. He earned an M.S. and is currently a Ph.D. Candidate in the Biological and Biomedical Sciences (BBS) Ph.D. program at Harvard University.\u00a0He has experience in science policy as an intern at the Science and Innovation Network where he assisted in the science diplomacy functions of the British Consulate-General and as a research associate at TScan Therapeutics. He is also interested in science communication and writing. You can read more about Garrett's experience and publications on LinkedIn and ORCID.\",\"sameAs\":[\"https:\/\/nebula.org\/whole-genome-sequencing\/\"],\"url\":\"https:\/\/nebula.org\/blog\/de\/author\/garrett-dunlap\/\"}]}<\/script>\n<!-- \/ Yoast SEO plugin. -->","yoast_head_json":{"title":"Die Genetik der Alzheimer-Krankheit (Seshadri, 2010)","description":"Identifizierung neuer Varianten im Zusammenhang mit der Alzheimer-Krankheit, einer fortschreitenden Hirnst\u00f6rung, die das Ged\u00e4chtnis und die kognitiven F\u00e4higkeiten langsam verringert.","robots":{"index":"index","follow":"follow","max-snippet":"max-snippet:-1","max-image-preview":"max-image-preview:large","max-video-preview":"max-video-preview:-1"},"canonical":"https:\/\/nebula.org\/blog\/de\/genetik-der-alzheimer-krankheit-seshadri-2010\/","og_locale":"de_DE","og_type":"article","og_title":"Die Genetik der Alzheimer-Krankheit (Seshadri, 2010)","og_description":"Identifizierung neuer Varianten im Zusammenhang mit der Alzheimer-Krankheit, einer fortschreitenden Hirnst\u00f6rung, die das Ged\u00e4chtnis und die kognitiven F\u00e4higkeiten langsam verringert.","og_url":"https:\/\/nebula.org\/blog\/de\/genetik-der-alzheimer-krankheit-seshadri-2010\/","og_site_name":"Nebula Genomics Blog","article_publisher":"https:\/\/facebook.com\/nebulagenomics","article_published_time":"2021-01-06T05:27:37+00:00","article_modified_time":"2021-02-21T01:39:47+00:00","og_image":[{"width":924,"height":616,"url":"https:\/\/nebula.org\/blog\/wp-content\/uploads\/2020\/01\/steven-hwg-zBsdRTHIIm4-unsplash-scaled.jpg","type":"image\/jpeg"}],"author":"Garrett Dunlap, B.S.","twitter_card":"summary_large_image","twitter_creator":"@nebulagenomics","twitter_site":"@nebulagenomics","twitter_misc":{"Verfasst von":"Garrett Dunlap, B.S.","Gesch\u00e4tzte Lesezeit":"1\u00a0Minute"},"schema":{"@context":"https:\/\/schema.org","@graph":[{"@type":"Article","@id":"https:\/\/nebula.org\/blog\/de\/genetik-der-alzheimer-krankheit-seshadri-2010\/#article","isPartOf":{"@id":"https:\/\/nebula.org\/blog\/de\/genetik-der-alzheimer-krankheit-seshadri-2010\/"},"author":{"name":"Garrett Dunlap, B.S.","@id":"https:\/\/nebula.org\/blog\/de\/#\/schema\/person\/b7bd0a490f115d1d931c33eed922af4e"},"headline":"Alzheimer-Krankheit (Seshadri, 2010)","datePublished":"2021-01-06T05:27:37+00:00","dateModified":"2021-02-21T01:39:47+00:00","mainEntityOfPage":{"@id":"https:\/\/nebula.org\/blog\/de\/genetik-der-alzheimer-krankheit-seshadri-2010\/"},"wordCount":192,"publisher":{"@id":"https:\/\/nebula.org\/blog\/de\/#organization"},"articleSection":["Berichte"],"inLanguage":"de"},{"@type":"WebPage","@id":"https:\/\/nebula.org\/blog\/de\/genetik-der-alzheimer-krankheit-seshadri-2010\/","url":"https:\/\/nebula.org\/blog\/de\/genetik-der-alzheimer-krankheit-seshadri-2010\/","name":"Die Genetik der Alzheimer-Krankheit (Seshadri, 2010)","isPartOf":{"@id":"https:\/\/nebula.org\/blog\/de\/#website"},"datePublished":"2021-01-06T05:27:37+00:00","dateModified":"2021-02-21T01:39:47+00:00","description":"Identifizierung neuer Varianten im Zusammenhang mit der Alzheimer-Krankheit, einer fortschreitenden Hirnst\u00f6rung, die das Ged\u00e4chtnis und die kognitiven F\u00e4higkeiten langsam verringert.","breadcrumb":{"@id":"https:\/\/nebula.org\/blog\/de\/genetik-der-alzheimer-krankheit-seshadri-2010\/#breadcrumb"},"inLanguage":"de","potentialAction":[{"@type":"ReadAction","target":["https:\/\/nebula.org\/blog\/de\/genetik-der-alzheimer-krankheit-seshadri-2010\/"]}]},{"@type":"BreadcrumbList","@id":"https:\/\/nebula.org\/blog\/de\/genetik-der-alzheimer-krankheit-seshadri-2010\/#breadcrumb","itemListElement":[{"@type":"ListItem","position":1,"name":"Home","item":"https:\/\/nebula.org\/blog\/de\/"},{"@type":"ListItem","position":2,"name":"Alzheimer-Krankheit (Seshadri, 2010)"}]},{"@type":"WebSite","@id":"https:\/\/nebula.org\/blog\/de\/#website","url":"https:\/\/nebula.org\/blog\/de\/","name":"Nebula Genomics Blog","description":"","publisher":{"@id":"https:\/\/nebula.org\/blog\/de\/#organization"},"potentialAction":[{"@type":"SearchAction","target":{"@type":"EntryPoint","urlTemplate":"https:\/\/nebula.org\/blog\/de\/?s={search_term_string}"},"query-input":"required name=search_term_string"}],"inLanguage":"de"},{"@type":"Organization","@id":"https:\/\/nebula.org\/blog\/de\/#organization","name":"Nebula Genomics","url":"https:\/\/nebula.org\/blog\/de\/","logo":{"@type":"ImageObject","inLanguage":"de","@id":"https:\/\/nebula.org\/blog\/de\/#\/schema\/logo\/image\/","url":"","contentUrl":"","caption":"Nebula Genomics"},"image":{"@id":"https:\/\/nebula.org\/blog\/de\/#\/schema\/logo\/image\/"},"sameAs":["https:\/\/facebook.com\/nebulagenomics","https:\/\/twitter.com\/nebulagenomics","https:\/\/www.instagram.com\/nebulagenomics\/","https:\/\/www.linkedin.com\/company\/nebula-genomics\/","https:\/\/en.wikipedia.org\/wiki\/Nebula_Genomics"]},{"@type":"Person","@id":"https:\/\/nebula.org\/blog\/de\/#\/schema\/person\/b7bd0a490f115d1d931c33eed922af4e","name":"Garrett Dunlap, B.S.","image":{"@type":"ImageObject","inLanguage":"de","@id":"https:\/\/nebula.org\/blog\/de\/#\/schema\/person\/image\/","url":"https:\/\/secure.gravatar.com\/avatar\/32fb6e0dbc7e0bac908b0f23ea6ed5ec?s=96&d=mm&r=g","contentUrl":"https:\/\/secure.gravatar.com\/avatar\/32fb6e0dbc7e0bac908b0f23ea6ed5ec?s=96&d=mm&r=g","caption":"Garrett Dunlap, B.S."},"description":"Garrett Dunlap earned a B.S. in Biology from Case Western Reserve University with a minor in Political Science. He earned an M.S. and is currently a Ph.D. Candidate in the Biological and Biomedical Sciences (BBS) Ph.D. program at Harvard University.\u00a0He has experience in science policy as an intern at the Science and Innovation Network where he assisted in the science diplomacy functions of the British Consulate-General and as a research associate at TScan Therapeutics. He is also interested in science communication and writing. You can read more about Garrett's experience and publications on LinkedIn and ORCID.","sameAs":["https:\/\/nebula.org\/whole-genome-sequencing\/"],"url":"https:\/\/nebula.org\/blog\/de\/author\/garrett-dunlap\/"}]}},"_links":{"self":[{"href":"https:\/\/nebula.org\/blog\/de\/wp-json\/wp\/v2\/posts\/10406","targetHints":{"allow":["GET"]}}],"collection":[{"href":"https:\/\/nebula.org\/blog\/de\/wp-json\/wp\/v2\/posts"}],"about":[{"href":"https:\/\/nebula.org\/blog\/de\/wp-json\/wp\/v2\/types\/post"}],"author":[{"embeddable":true,"href":"https:\/\/nebula.org\/blog\/de\/wp-json\/wp\/v2\/users\/12"}],"replies":[{"embeddable":true,"href":"https:\/\/nebula.org\/blog\/de\/wp-json\/wp\/v2\/comments?post=10406"}],"version-history":[{"count":0,"href":"https:\/\/nebula.org\/blog\/de\/wp-json\/wp\/v2\/posts\/10406\/revisions"}],"wp:featuredmedia":[{"embeddable":true,"href":"https:\/\/nebula.org\/blog\/de\/wp-json\/wp\/v2\/media\/5186"}],"wp:attachment":[{"href":"https:\/\/nebula.org\/blog\/de\/wp-json\/wp\/v2\/media?parent=10406"}],"wp:term":[{"taxonomy":"category","embeddable":true,"href":"https:\/\/nebula.org\/blog\/de\/wp-json\/wp\/v2\/categories?post=10406"},{"taxonomy":"post_tag","embeddable":true,"href":"https:\/\/nebula.org\/blog\/de\/wp-json\/wp\/v2\/tags?post=10406"}],"curies":[{"name":"wp","href":"https:\/\/api.w.org\/{rel}","templated":true}]}}