{"id":10430,"date":"2021-01-06T00:28:09","date_gmt":"2021-01-06T05:28:09","guid":{"rendered":"https:\/\/nebula.org\/blog\/genetik-der-blasenkrebs-figur-2013\/"},"modified":"2021-02-20T20:33:37","modified_gmt":"2021-02-21T01:33:37","slug":"genetik-der-blasenkrebs-figur-2013","status":"publish","type":"post","link":"https:\/\/nebula.org\/blog\/de\/genetik-der-blasenkrebs-figur-2013\/","title":{"rendered":"Blasenkrebs (Figueroa, 2013)"},"content":{"rendered":"\n<p><strong>STUDIENTITEL:<\/strong><a href=\"https:\/\/academic.oup.com\/hmg\/article\/23\/5\/1387\/633076\"> Genomweite Assoziationsstudie identifiziert mehrere Loci, die mit dem Blasenkrebsrisiko verbunden sind<\/a><\/p>\n\n<p><strong>ZUSAMMENFASSUNG:<\/strong> Krebs kann mit Genen assoziiert sein, die mit der Telomerl\u00e4nge und Entz\u00fcndung zusammenh\u00e4ngen.<\/p>\n\n<p><strong>BESCHREIBUNG:<\/strong> Blasenkrebs ist einer der h\u00e4ufigsten Krebsarten weltweit. M\u00e4nner entwickeln drei- bis viermal h\u00e4ufiger diese Art von Krebs als Frauen. Vor dieser Studie war bekannt, dass 11 genetische Varianten assoziiert sind. Diese Studie identifizierte 4 weitere Varianten in einer Kohorte von 18.725 Personen europ\u00e4ischer Herkunft. Eine der genetischen Varianten wurde zuvor mit Darmkrebs in Verbindung gebracht und befindet sich in der N\u00e4he eines Gens, das die Telomerl\u00e4nge beeinflusst. Telomere sind Strukturen am Ende von Chromosomen, die sie vor einer Verschlechterung sch\u00fctzen. Die Telomerl\u00e4nge verk\u00fcrzt sich mit dem Alter, wodurch die Enden der Chromosomen freigelegt werden und DNA-Sch\u00e4den auftreten k\u00f6nnen. Die zweite signifikante Variante ist mit einem Gen verbunden, das die Entz\u00fcndung kontrolliert.<\/p>\n\n<p><strong>HAST DU GEWUSST?<\/strong> Obwohl Alter und Geschlecht wichtige Risikofaktoren sind, k\u00f6nnen Sie das Risiko, an Blasenkrebs zu erkranken, verringern, indem Sie alle chemischen Sicherheitsregeln einhalten (wenn Sie mit oder in der N\u00e4he von Chemikalien arbeiten), ausreichend hydratisiert bleiben und sich ausgewogen ern\u00e4hren. [<a href=\"https:\/\/health.clevelandclinic.org\/bladder-cancer-your-personal-risk-and-how-to-reduce-it-2\/\"> QUELLE<\/a> ]]<\/p>\n\n<p><strong>BEISPIELERGEBNISSE:<\/strong> Erfahren Sie mehr \u00fcber die<a href=\"https:\/\/nebula.org\/blog\/de\/nebula-library-unlocking-gen-forschung\/\"> Nebula Research Library<\/a> .<\/p>\n\n<figure class=\"wp-block-image\"><a href=\"https:\/\/nebula.org\/free-dna-upload-analysis\/\"><img decoding=\"async\" src=\"http:\/\/nebula.org\/blog\/wp-content\/uploads\/2020\/01\/Nebula-personalized-results-genomics-1024x375.png\" alt=\"Ergebnisse der Blasenkrebs-Probe.\"\/><\/a><\/figure>\n\n<p><\/p>\n\n<p><strong>BLASENKREBS-ASSOZIIERTE VARIANTEN:<\/strong> Rs9642880, Rs798766, Rs2294008, Rs1014971, Rs8102137, Rs710521, Rs401681, Rs1495741, Rs10936599, Rs907611<\/p>\n\n<p><strong>ZUS\u00c4TZLICHE RESSOURCEN:<\/strong><br\/><a rel=\"noreferrer noopener\" href=\"https:\/\/www.mayoclinic.org\/diseases-conditions\/bladder-cancer\/symptoms-causes\/syc-20356104\" target=\"_blank\">\u00dcberblick \u00fcber Blasenkrebs<\/a><br\/><a rel=\"noreferrer noopener\" href=\"https:\/\/www.yourgenome.org\/facts\/what-is-a-telomere\" target=\"_blank\">Was ist ein Telomer?<\/a><\/p>\n\n<p><strong>W\u00d6CHENTLICHES UPDATE:<\/strong> 23. Juli 2019<\/p>\n\n<p><\/p>\n\n<p><\/p>\n\n<p><\/p>\n\n<p><\/p>\n\n<p><br\/><\/p>\n\n<p><br\/><\/p>\n","protected":false},"excerpt":{"rendered":"<p>STUDIENTITEL: Genomweite Assoziationsstudie identifiziert mehrere Loci, die mit dem Blasenkrebsrisiko verbunden sind ZUSAMMENFASSUNG: Krebs kann mit Genen assoziiert sein, die mit der Telomerl\u00e4nge und Entz\u00fcndung zusammenh\u00e4ngen. BESCHREIBUNG: Blasenkrebs ist einer der h\u00e4ufigsten Krebsarten weltweit. M\u00e4nner entwickeln drei- bis viermal h\u00e4ufiger &hellip;<\/p>\n<p class=\"read-more\"> <a class=\"ast-button\" href=\"https:\/\/nebula.org\/blog\/de\/genetik-der-blasenkrebs-figur-2013\/\"> <span class=\"screen-reader-text\">Blasenkrebs (Figueroa, 2013)<\/span> Read More \u00bb<\/a><\/p>\n","protected":false},"author":12,"featured_media":5246,"comment_status":"closed","ping_status":"open","sticky":false,"template":"","format":"standard","meta":{"om_disable_all_campaigns":false,"site-sidebar-layout":"default","site-content-layout":"default","ast-global-header-display":"","ast-banner-title-visibility":"","ast-main-header-display":"","ast-hfb-above-header-display":"","ast-hfb-below-header-display":"","ast-hfb-mobile-header-display":"","site-post-title":"","ast-breadcrumbs-content":"","ast-featured-img":"","footer-sml-layout":"","theme-transparent-header-meta":"default","adv-header-id-meta":"","stick-header-meta":"","header-above-stick-meta":"","header-main-stick-meta":"","header-below-stick-meta":"","_FSMCFIC_featured_image_caption":"","_FSMCFIC_featured_image_nocaption":"","_FSMCFIC_featured_image_hide":"","footnotes":""},"categories":[4980],"tags":[],"class_list":["post-10430","post","type-post","status-publish","format-standard","has-post-thumbnail","hentry","category-berichte"],"yoast_head":"<!-- This site is optimized with the Yoast SEO plugin v20.13 - https:\/\/yoast.com\/wordpress\/plugins\/seo\/ -->\n<title>Die Genetik von Blasenkrebs (Figueroa, 2013)<\/title>\n<meta name=\"description\" content=\"Blasenkrebs, einer der h\u00e4ufigsten Krebsarten weltweit, kann mit Genen assoziiert sein, die mit der Telomerl\u00e4nge und Entz\u00fcndung zusammenh\u00e4ngen.\" \/>\n<meta name=\"robots\" content=\"index, follow, max-snippet:-1, max-image-preview:large, max-video-preview:-1\" \/>\n<link rel=\"canonical\" href=\"https:\/\/nebula.org\/blog\/de\/genetik-der-blasenkrebs-figur-2013\/\" \/>\n<meta property=\"og:locale\" content=\"de_DE\" \/>\n<meta property=\"og:type\" content=\"article\" \/>\n<meta property=\"og:title\" content=\"Die Genetik von Blasenkrebs (Figueroa, 2013)\" \/>\n<meta property=\"og:description\" content=\"Blasenkrebs, einer der h\u00e4ufigsten Krebsarten weltweit, kann mit Genen assoziiert sein, die mit der Telomerl\u00e4nge und Entz\u00fcndung zusammenh\u00e4ngen.\" \/>\n<meta property=\"og:url\" content=\"https:\/\/nebula.org\/blog\/de\/genetik-der-blasenkrebs-figur-2013\/\" \/>\n<meta property=\"og:site_name\" content=\"Nebula Genomics Blog\" \/>\n<meta property=\"article:publisher\" content=\"https:\/\/facebook.com\/nebulagenomics\" \/>\n<meta property=\"article:published_time\" content=\"2021-01-06T05:28:09+00:00\" \/>\n<meta property=\"article:modified_time\" content=\"2021-02-21T01:33:37+00:00\" \/>\n<meta property=\"og:image\" content=\"https:\/\/nebula.org\/blog\/wp-content\/uploads\/2020\/01\/franck-v-d6LzDABxP6I-unsplash-scaled.jpg\" \/>\n\t<meta property=\"og:image:width\" content=\"924\" \/>\n\t<meta property=\"og:image:height\" content=\"693\" \/>\n\t<meta property=\"og:image:type\" content=\"image\/jpeg\" \/>\n<meta name=\"author\" content=\"Garrett Dunlap, B.S.\" \/>\n<meta name=\"twitter:card\" content=\"summary_large_image\" \/>\n<meta name=\"twitter:creator\" content=\"@nebulagenomics\" \/>\n<meta name=\"twitter:site\" content=\"@nebulagenomics\" \/>\n<meta name=\"twitter:label1\" content=\"Verfasst von\" \/>\n\t<meta name=\"twitter:data1\" content=\"Garrett Dunlap, B.S.\" \/>\n\t<meta name=\"twitter:label2\" content=\"Gesch\u00e4tzte Lesezeit\" \/>\n\t<meta name=\"twitter:data2\" content=\"1\u00a0Minute\" \/>\n<script type=\"application\/ld+json\" class=\"yoast-schema-graph\">{\"@context\":\"https:\/\/schema.org\",\"@graph\":[{\"@type\":\"Article\",\"@id\":\"https:\/\/nebula.org\/blog\/de\/genetik-der-blasenkrebs-figur-2013\/#article\",\"isPartOf\":{\"@id\":\"https:\/\/nebula.org\/blog\/de\/genetik-der-blasenkrebs-figur-2013\/\"},\"author\":{\"name\":\"Garrett Dunlap, B.S.\",\"@id\":\"https:\/\/nebula.org\/blog\/de\/#\/schema\/person\/b7bd0a490f115d1d931c33eed922af4e\"},\"headline\":\"Blasenkrebs (Figueroa, 2013)\",\"datePublished\":\"2021-01-06T05:28:09+00:00\",\"dateModified\":\"2021-02-21T01:33:37+00:00\",\"mainEntityOfPage\":{\"@id\":\"https:\/\/nebula.org\/blog\/de\/genetik-der-blasenkrebs-figur-2013\/\"},\"wordCount\":233,\"publisher\":{\"@id\":\"https:\/\/nebula.org\/blog\/de\/#organization\"},\"articleSection\":[\"Berichte\"],\"inLanguage\":\"de\"},{\"@type\":\"WebPage\",\"@id\":\"https:\/\/nebula.org\/blog\/de\/genetik-der-blasenkrebs-figur-2013\/\",\"url\":\"https:\/\/nebula.org\/blog\/de\/genetik-der-blasenkrebs-figur-2013\/\",\"name\":\"Die Genetik von Blasenkrebs (Figueroa, 2013)\",\"isPartOf\":{\"@id\":\"https:\/\/nebula.org\/blog\/de\/#website\"},\"datePublished\":\"2021-01-06T05:28:09+00:00\",\"dateModified\":\"2021-02-21T01:33:37+00:00\",\"description\":\"Blasenkrebs, einer der h\u00e4ufigsten Krebsarten weltweit, kann mit Genen assoziiert sein, die mit der Telomerl\u00e4nge und Entz\u00fcndung zusammenh\u00e4ngen.\",\"breadcrumb\":{\"@id\":\"https:\/\/nebula.org\/blog\/de\/genetik-der-blasenkrebs-figur-2013\/#breadcrumb\"},\"inLanguage\":\"de\",\"potentialAction\":[{\"@type\":\"ReadAction\",\"target\":[\"https:\/\/nebula.org\/blog\/de\/genetik-der-blasenkrebs-figur-2013\/\"]}]},{\"@type\":\"BreadcrumbList\",\"@id\":\"https:\/\/nebula.org\/blog\/de\/genetik-der-blasenkrebs-figur-2013\/#breadcrumb\",\"itemListElement\":[{\"@type\":\"ListItem\",\"position\":1,\"name\":\"Home\",\"item\":\"https:\/\/nebula.org\/blog\/de\/\"},{\"@type\":\"ListItem\",\"position\":2,\"name\":\"Blasenkrebs (Figueroa, 2013)\"}]},{\"@type\":\"WebSite\",\"@id\":\"https:\/\/nebula.org\/blog\/de\/#website\",\"url\":\"https:\/\/nebula.org\/blog\/de\/\",\"name\":\"Nebula Genomics Blog\",\"description\":\"\",\"publisher\":{\"@id\":\"https:\/\/nebula.org\/blog\/de\/#organization\"},\"potentialAction\":[{\"@type\":\"SearchAction\",\"target\":{\"@type\":\"EntryPoint\",\"urlTemplate\":\"https:\/\/nebula.org\/blog\/de\/?s={search_term_string}\"},\"query-input\":\"required name=search_term_string\"}],\"inLanguage\":\"de\"},{\"@type\":\"Organization\",\"@id\":\"https:\/\/nebula.org\/blog\/de\/#organization\",\"name\":\"Nebula Genomics\",\"url\":\"https:\/\/nebula.org\/blog\/de\/\",\"logo\":{\"@type\":\"ImageObject\",\"inLanguage\":\"de\",\"@id\":\"https:\/\/nebula.org\/blog\/de\/#\/schema\/logo\/image\/\",\"url\":\"\",\"contentUrl\":\"\",\"caption\":\"Nebula Genomics\"},\"image\":{\"@id\":\"https:\/\/nebula.org\/blog\/de\/#\/schema\/logo\/image\/\"},\"sameAs\":[\"https:\/\/facebook.com\/nebulagenomics\",\"https:\/\/twitter.com\/nebulagenomics\",\"https:\/\/www.instagram.com\/nebulagenomics\/\",\"https:\/\/www.linkedin.com\/company\/nebula-genomics\/\",\"https:\/\/en.wikipedia.org\/wiki\/Nebula_Genomics\"]},{\"@type\":\"Person\",\"@id\":\"https:\/\/nebula.org\/blog\/de\/#\/schema\/person\/b7bd0a490f115d1d931c33eed922af4e\",\"name\":\"Garrett Dunlap, B.S.\",\"image\":{\"@type\":\"ImageObject\",\"inLanguage\":\"de\",\"@id\":\"https:\/\/nebula.org\/blog\/de\/#\/schema\/person\/image\/\",\"url\":\"https:\/\/secure.gravatar.com\/avatar\/32fb6e0dbc7e0bac908b0f23ea6ed5ec?s=96&d=mm&r=g\",\"contentUrl\":\"https:\/\/secure.gravatar.com\/avatar\/32fb6e0dbc7e0bac908b0f23ea6ed5ec?s=96&d=mm&r=g\",\"caption\":\"Garrett Dunlap, B.S.\"},\"description\":\"Garrett Dunlap earned a B.S. in Biology from Case Western Reserve University with a minor in Political Science. He earned an M.S. and is currently a Ph.D. Candidate in the Biological and Biomedical Sciences (BBS) Ph.D. program at Harvard University.\u00a0He has experience in science policy as an intern at the Science and Innovation Network where he assisted in the science diplomacy functions of the British Consulate-General and as a research associate at TScan Therapeutics. He is also interested in science communication and writing. You can read more about Garrett's experience and publications on LinkedIn and ORCID.\",\"sameAs\":[\"https:\/\/nebula.org\/whole-genome-sequencing\/\"],\"url\":\"https:\/\/nebula.org\/blog\/de\/author\/garrett-dunlap\/\"}]}<\/script>\n<!-- \/ Yoast SEO plugin. -->","yoast_head_json":{"title":"Die Genetik von Blasenkrebs (Figueroa, 2013)","description":"Blasenkrebs, einer der h\u00e4ufigsten Krebsarten weltweit, kann mit Genen assoziiert sein, die mit der Telomerl\u00e4nge und Entz\u00fcndung zusammenh\u00e4ngen.","robots":{"index":"index","follow":"follow","max-snippet":"max-snippet:-1","max-image-preview":"max-image-preview:large","max-video-preview":"max-video-preview:-1"},"canonical":"https:\/\/nebula.org\/blog\/de\/genetik-der-blasenkrebs-figur-2013\/","og_locale":"de_DE","og_type":"article","og_title":"Die Genetik von Blasenkrebs (Figueroa, 2013)","og_description":"Blasenkrebs, einer der h\u00e4ufigsten Krebsarten weltweit, kann mit Genen assoziiert sein, die mit der Telomerl\u00e4nge und Entz\u00fcndung zusammenh\u00e4ngen.","og_url":"https:\/\/nebula.org\/blog\/de\/genetik-der-blasenkrebs-figur-2013\/","og_site_name":"Nebula Genomics Blog","article_publisher":"https:\/\/facebook.com\/nebulagenomics","article_published_time":"2021-01-06T05:28:09+00:00","article_modified_time":"2021-02-21T01:33:37+00:00","og_image":[{"width":924,"height":693,"url":"https:\/\/nebula.org\/blog\/wp-content\/uploads\/2020\/01\/franck-v-d6LzDABxP6I-unsplash-scaled.jpg","type":"image\/jpeg"}],"author":"Garrett Dunlap, B.S.","twitter_card":"summary_large_image","twitter_creator":"@nebulagenomics","twitter_site":"@nebulagenomics","twitter_misc":{"Verfasst von":"Garrett Dunlap, B.S.","Gesch\u00e4tzte Lesezeit":"1\u00a0Minute"},"schema":{"@context":"https:\/\/schema.org","@graph":[{"@type":"Article","@id":"https:\/\/nebula.org\/blog\/de\/genetik-der-blasenkrebs-figur-2013\/#article","isPartOf":{"@id":"https:\/\/nebula.org\/blog\/de\/genetik-der-blasenkrebs-figur-2013\/"},"author":{"name":"Garrett Dunlap, B.S.","@id":"https:\/\/nebula.org\/blog\/de\/#\/schema\/person\/b7bd0a490f115d1d931c33eed922af4e"},"headline":"Blasenkrebs (Figueroa, 2013)","datePublished":"2021-01-06T05:28:09+00:00","dateModified":"2021-02-21T01:33:37+00:00","mainEntityOfPage":{"@id":"https:\/\/nebula.org\/blog\/de\/genetik-der-blasenkrebs-figur-2013\/"},"wordCount":233,"publisher":{"@id":"https:\/\/nebula.org\/blog\/de\/#organization"},"articleSection":["Berichte"],"inLanguage":"de"},{"@type":"WebPage","@id":"https:\/\/nebula.org\/blog\/de\/genetik-der-blasenkrebs-figur-2013\/","url":"https:\/\/nebula.org\/blog\/de\/genetik-der-blasenkrebs-figur-2013\/","name":"Die Genetik von Blasenkrebs (Figueroa, 2013)","isPartOf":{"@id":"https:\/\/nebula.org\/blog\/de\/#website"},"datePublished":"2021-01-06T05:28:09+00:00","dateModified":"2021-02-21T01:33:37+00:00","description":"Blasenkrebs, einer der h\u00e4ufigsten Krebsarten weltweit, kann mit Genen assoziiert sein, die mit der Telomerl\u00e4nge und Entz\u00fcndung zusammenh\u00e4ngen.","breadcrumb":{"@id":"https:\/\/nebula.org\/blog\/de\/genetik-der-blasenkrebs-figur-2013\/#breadcrumb"},"inLanguage":"de","potentialAction":[{"@type":"ReadAction","target":["https:\/\/nebula.org\/blog\/de\/genetik-der-blasenkrebs-figur-2013\/"]}]},{"@type":"BreadcrumbList","@id":"https:\/\/nebula.org\/blog\/de\/genetik-der-blasenkrebs-figur-2013\/#breadcrumb","itemListElement":[{"@type":"ListItem","position":1,"name":"Home","item":"https:\/\/nebula.org\/blog\/de\/"},{"@type":"ListItem","position":2,"name":"Blasenkrebs (Figueroa, 2013)"}]},{"@type":"WebSite","@id":"https:\/\/nebula.org\/blog\/de\/#website","url":"https:\/\/nebula.org\/blog\/de\/","name":"Nebula Genomics Blog","description":"","publisher":{"@id":"https:\/\/nebula.org\/blog\/de\/#organization"},"potentialAction":[{"@type":"SearchAction","target":{"@type":"EntryPoint","urlTemplate":"https:\/\/nebula.org\/blog\/de\/?s={search_term_string}"},"query-input":"required name=search_term_string"}],"inLanguage":"de"},{"@type":"Organization","@id":"https:\/\/nebula.org\/blog\/de\/#organization","name":"Nebula Genomics","url":"https:\/\/nebula.org\/blog\/de\/","logo":{"@type":"ImageObject","inLanguage":"de","@id":"https:\/\/nebula.org\/blog\/de\/#\/schema\/logo\/image\/","url":"","contentUrl":"","caption":"Nebula Genomics"},"image":{"@id":"https:\/\/nebula.org\/blog\/de\/#\/schema\/logo\/image\/"},"sameAs":["https:\/\/facebook.com\/nebulagenomics","https:\/\/twitter.com\/nebulagenomics","https:\/\/www.instagram.com\/nebulagenomics\/","https:\/\/www.linkedin.com\/company\/nebula-genomics\/","https:\/\/en.wikipedia.org\/wiki\/Nebula_Genomics"]},{"@type":"Person","@id":"https:\/\/nebula.org\/blog\/de\/#\/schema\/person\/b7bd0a490f115d1d931c33eed922af4e","name":"Garrett Dunlap, B.S.","image":{"@type":"ImageObject","inLanguage":"de","@id":"https:\/\/nebula.org\/blog\/de\/#\/schema\/person\/image\/","url":"https:\/\/secure.gravatar.com\/avatar\/32fb6e0dbc7e0bac908b0f23ea6ed5ec?s=96&d=mm&r=g","contentUrl":"https:\/\/secure.gravatar.com\/avatar\/32fb6e0dbc7e0bac908b0f23ea6ed5ec?s=96&d=mm&r=g","caption":"Garrett Dunlap, B.S."},"description":"Garrett Dunlap earned a B.S. in Biology from Case Western Reserve University with a minor in Political Science. He earned an M.S. and is currently a Ph.D. Candidate in the Biological and Biomedical Sciences (BBS) Ph.D. program at Harvard University.\u00a0He has experience in science policy as an intern at the Science and Innovation Network where he assisted in the science diplomacy functions of the British Consulate-General and as a research associate at TScan Therapeutics. He is also interested in science communication and writing. You can read more about Garrett's experience and publications on LinkedIn and ORCID.","sameAs":["https:\/\/nebula.org\/whole-genome-sequencing\/"],"url":"https:\/\/nebula.org\/blog\/de\/author\/garrett-dunlap\/"}]}},"_links":{"self":[{"href":"https:\/\/nebula.org\/blog\/de\/wp-json\/wp\/v2\/posts\/10430","targetHints":{"allow":["GET"]}}],"collection":[{"href":"https:\/\/nebula.org\/blog\/de\/wp-json\/wp\/v2\/posts"}],"about":[{"href":"https:\/\/nebula.org\/blog\/de\/wp-json\/wp\/v2\/types\/post"}],"author":[{"embeddable":true,"href":"https:\/\/nebula.org\/blog\/de\/wp-json\/wp\/v2\/users\/12"}],"replies":[{"embeddable":true,"href":"https:\/\/nebula.org\/blog\/de\/wp-json\/wp\/v2\/comments?post=10430"}],"version-history":[{"count":0,"href":"https:\/\/nebula.org\/blog\/de\/wp-json\/wp\/v2\/posts\/10430\/revisions"}],"wp:featuredmedia":[{"embeddable":true,"href":"https:\/\/nebula.org\/blog\/de\/wp-json\/wp\/v2\/media\/5246"}],"wp:attachment":[{"href":"https:\/\/nebula.org\/blog\/de\/wp-json\/wp\/v2\/media?parent=10430"}],"wp:term":[{"taxonomy":"category","embeddable":true,"href":"https:\/\/nebula.org\/blog\/de\/wp-json\/wp\/v2\/categories?post=10430"},{"taxonomy":"post_tag","embeddable":true,"href":"https:\/\/nebula.org\/blog\/de\/wp-json\/wp\/v2\/tags?post=10430"}],"curies":[{"name":"wp","href":"https:\/\/api.w.org\/{rel}","templated":true}]}}