{"id":10448,"date":"2021-01-06T00:28:29","date_gmt":"2021-01-06T05:28:29","guid":{"rendered":"https:\/\/nebula.org\/blog\/ist-als-genetisch\/"},"modified":"2021-02-20T22:46:56","modified_gmt":"2021-02-21T03:46:56","slug":"ist-als-genetisch","status":"publish","type":"post","link":"https:\/\/nebula.org\/blog\/de\/ist-als-genetisch\/","title":{"rendered":"Amyotrophe Lateralsklerose (Nicolas, 2019) &#8211; Ist ALS genetisch bedingt?"},"content":{"rendered":"\n<h2 class=\"wp-block-heading\" id=\"h-nebula-genomics-dna-report-for-als\"><strong>Nebula Genomics DNA Report f\u00fcr ALS<\/strong><\/h2>\n\n<p>Ist ALS genetisch? Wir haben einen DNA-Bericht erstellt, der auf einer Studie basiert, die versucht hat, diese Frage zu beantworten. Unten sehen Sie einen SAMPLE DNA-Bericht. Kaufen Sie unseren, um Ihren personalisierten DNA-Bericht zu erhalten<a href=\"https:\/\/nebula.org\/whole-genome-sequencing\/\"> Sequenzierung des gesamten Genoms<\/a> !<\/p>\n\n<div class=\"wp-block-image\"><figure class=\"aligncenter size-large is-resized\"><img decoding=\"async\" src=\"https:\/\/nebula.org\/blog\/wp-content\/uploads\/2020\/12\/Nicolas-1.png\" alt=\"Ein Beispielbericht &#xFC;ber ALS von Nebula Genomics\" class=\"wp-image-7751\" width=\"577\" height=\"707\" srcset=\"https:\/\/nebula.org\/blog\/wp-content\/uploads\/2020\/12\/Nicolas-1.png 577w, https:\/\/nebula.org\/blog\/wp-content\/uploads\/2020\/12\/Nicolas-1-245x300.png 245w, https:\/\/nebula.org\/blog\/wp-content\/uploads\/2020\/12\/Nicolas-1-10x12.png 10w\" sizes=\"(max-width: 577px) 100vw, 577px\" \/><\/figure><\/div>\n\n<div class=\"wp-block-image\"><figure class=\"aligncenter size-large is-resized\"><img decoding=\"async\" src=\"https:\/\/nebula.org\/blog\/wp-content\/uploads\/2020\/12\/Nicolas-2.png\" alt=\"Ein Beispielbericht &#xFC;ber die genetischen Varianten von ALS von Nebula Genomics\" class=\"wp-image-7756\" width=\"581\" height=\"444\" srcset=\"https:\/\/nebula.org\/blog\/wp-content\/uploads\/2020\/12\/Nicolas-2.png 581w, https:\/\/nebula.org\/blog\/wp-content\/uploads\/2020\/12\/Nicolas-2-300x229.png 300w, https:\/\/nebula.org\/blog\/wp-content\/uploads\/2020\/12\/Nicolas-2-16x12.png 16w\" sizes=\"(max-width: 581px) 100vw, 581px\" \/><\/figure><\/div>\n\n<div class=\"wp-block-buttons aligncenter is-layout-flex wp-block-buttons-is-layout-flex\">\n<div class=\"wp-block-button\"><a class=\"wp-block-button__link has-vivid-cyan-blue-background-color has-background\" href=\"https:\/\/nebula.org\/whole-genome-sequencing\/\"><strong>Sequenzieren Sie Ihr Genom und greifen Sie auf \u00fcber 200 DNA-Berichte zu!<\/strong><\/a><\/div>\n<\/div>\n\n<div style=\"height:20px\" aria-hidden=\"true\" class=\"wp-block-spacer\"><\/div>\n\n<h2 class=\"wp-block-heading\" id=\"h-additional-information\"><strong>zus\u00e4tzliche Information<\/strong><\/h2>\n\n<h2 class=\"wp-block-heading\" id=\"h-what-is-als-part-1-of-is-als-genetic\"><strong>Was ist ALS? (Teil 1 von Ist ALS genetisch?) <\/strong><\/h2>\n\n<p><a href=\"https:\/\/www.cdc.gov\/dotw\/als\/index.html\">Amyotrophe Lateralsklerose (ALS)<\/a> geh\u00f6rt zur Gruppe der Motoneuronerkrankungen und ist eine seltene degenerative Erkrankung des motorischen Nervensystems. Es wirkt sich nachteilig auf die Nerven und die Motoneuronen aus. Daher schw\u00e4cht sich jede Aktivit\u00e4t, die den Einsatz freiwilliger Muskeln erfordert, wie Gehen, Sprechen oder Kauen, mit der Zeit bei dieser Krankheit allm\u00e4hlich ab. Dies f\u00fchrt zu einer fortschreitenden Einschr\u00e4nkung der Aktivit\u00e4ten des t\u00e4glichen Lebens. Obwohl es keine Heilung f\u00fcr ALS gibt, kann das Fortschreiten der Krankheit verlangsamt werden.<\/p>\n\n<p>Andere Namen f\u00fcr die Krankheit sind Lou Gehrig-Syndrom oder Charcot-Krankheit. Letzterer war der Beschreiber des Zustands, Jean-Martin Charcot.<a href=\"https:\/\/www.biography.com\/athlete\/lou-gehrig\"> Lou Gehrig<\/a> war ein Baseballspieler der New York Yankees und musste nach der Diagnose ALS in den Ruhestand gehen. Gehrigs Schicksal machte die seltene Krankheit erstmals einer gro\u00dfen \u00d6ffentlichkeit bekannt. Die ber\u00fchmte Ice Bucket Challenge aus dem Jahr 2014 war ma\u00dfgeblich an der Beschaffung von Mitteln f\u00fcr die ALS-Forschung beteiligt (Informationsquelle: ALS Association:<a href=\"https:\/\/www.als.org\/stories-news\/ice-bucket-challenge-dramatically-accelerated-fight-against-als\"> Eis-Eimer-Herausforderung<\/a> ).<\/p>\n\n<div class=\"wp-block-image\"><figure class=\"aligncenter size-large is-resized\"><img decoding=\"async\" src=\"https:\/\/nebula.org\/blog\/wp-content\/uploads\/2020\/12\/Nicolas-3.png\" alt=\"Ein Teilnehmer der Eisk&#xFC;bel-Herausforderung. \" class=\"wp-image-7761\" width=\"479\" height=\"723\" srcset=\"https:\/\/nebula.org\/blog\/wp-content\/uploads\/2020\/12\/Nicolas-3.png 477w, https:\/\/nebula.org\/blog\/wp-content\/uploads\/2020\/12\/Nicolas-3-199x300.png 199w, https:\/\/nebula.org\/blog\/wp-content\/uploads\/2020\/12\/Nicolas-3-8x12.png 8w\" sizes=\"(max-width: 479px) 100vw, 479px\" \/><figcaption>Wussten Sie, dass die Eisk\u00fcbel-Herausforderung 2014 darauf abzielte, das Bewusstsein f\u00fcr ALS zu sch\u00e4rfen?<a href=\"https:\/\/en.wikipedia.org\/wiki\/Ice_Bucket_Challenge#\/media\/File:Doing_the_ALS_Ice_Bucket_Challenge_(14927191426).jpg\"> Slgckgc<\/a> .<a href=\"https:\/\/creativecommons.org\/licenses\/by\/2.0\"> CC BY 2.0<\/a> .<\/figcaption><\/figure><\/div>\n\n<p>Die Erforschung der Ursachen und m\u00f6glichen Behandlungen der Krankheit ist im Gange. Nationale Organisationen wie<a href=\"https:\/\/www.als.net\/als-research\/\"> ALS Therapy Development Institute (TDI)<\/a> , das<a href=\"https:\/\/www.als.org\/research\/research-we-fund\/funded-grants\"> ALS Association<\/a> , und die<a href=\"https:\/\/www.cdc.gov\/als\/ALSResearchNotificationClinicalTrialsStudies.html\"> Zentren f\u00fcr die Kontrolle und Pr\u00e4vention von Krankheiten (CDC)<\/a> Alle haben Projekte in diesem Bereich im Jahr 2020 finanziert.<\/p>\n\n<h2 class=\"wp-block-heading\" id=\"h-epidemiology-part-2-of-is-als-genetic\"><strong>Epidemiologie (Teil 2 von Ist ALS genetisch?)<\/strong><\/h2>\n\n<p>Ab 2014 ist die<a href=\"https:\/\/www.cdc.gov\/als\/WhatisAmyotrophiclateralsclerosis.html#:~:text=Although%20no%20one%20knows%20for,cases%20in%20the%20United%20States.\"> CDC<\/a> hat 16.000 F\u00e4lle von ALS in den Vereinigten Staaten gemeldet. Eine genaue Aufzeichnung der j\u00fcngsten Statistiken ist nicht sehr bekannt. In den USA etwa 5-7<a href=\"https:\/\/www.als.org\/navigating-als\/resources\/fyi-epidemiology-als-and-suspected-clusters\"> F\u00e4lle existieren<\/a> f\u00fcr jede Bev\u00f6lkerung von 1.00.000. Im Alter von 55 bis 75 Jahren wird die Krankheit endg\u00fcltig diagnostiziert. Es ist jedoch erw\u00e4hnenswert, dass die Erkrankung selten j\u00fcngere Patienten zwischen 25 und 35 Jahren betrifft. Es ist auch h\u00e4ufiger bei M\u00e4nnern als bei Frauen (das Geschlechterverh\u00e4ltnis betr\u00e4gt etwa 1,5: 1).<\/p>\n\n<h2 class=\"wp-block-heading\" id=\"h-forms-part-3-of-is-als-genetic\"><strong>Formen (Teil 3 von Ist ALS genetisch?)<\/strong><\/h2>\n\n<p>In erster Linie gibt es drei Haupt<a href=\"https:\/\/stanfordhealthcare.org\/medical-conditions\/brain-and-nerves\/amyotrophic-lateral-sclerosis\/types.html\"> Formen<\/a> von ALS. <\/p>\n\n<p><em>Sporadische ALS<\/em> : Dieser Typ tritt zuf\u00e4llig ohne wahrscheinliche Ursache auf. Eine Mehrheit (90 bis 95%) der ALS-F\u00e4lle ist sporadisch. Es wird vermutet, dass a<a href=\"https:\/\/en.wikipedia.org\/wiki\/Amyotrophic_lateral_sclerosis#cite_note-Wingo2011-17\"> Kombination<\/a> von genetischen und Umweltfaktoren sind verantwortlich.<\/p>\n\n<p><em>Famili\u00e4r<\/em> : In den USA tritt die famili\u00e4re Form der Krankheit in einer Minderheit der F\u00e4lle (5 bis 10%) auf, in denen Menschen ALS von einem Familienmitglied erben. Die meisten F\u00e4lle werden in einem autosomal dominanten Muster vererbt, was bedeutet, dass eine Kopie des ver\u00e4nderten Gens in jeder Zelle ausreicht, um die St\u00f6rung zu verursachen.<\/p>\n\n<p><em>Guamanian<\/em> : Eine guamanische Form der Krankheit wurde in der Bev\u00f6lkerung von Guam beobachtet, wo die Ursache der Verzehr von falscher Sagopalme, Cycas Mikronesien, ist.<\/p>\n\n<h2 class=\"wp-block-heading\" id=\"h-pathophysiology-of-als-part-4-of-is-als-genetic\"><strong>Pathophysiologie von ALS (Teil 4 von Ist ALS genetisch?)<\/strong><\/h2>\n\n<p>Bei ALS sind sowohl die oberen als auch die unteren Motoneuronen im Gehirn und R\u00fcckenmark betroffen. Die oberen Motoneuronen besetzen das Gehirn, w\u00e4hrend sich die unteren Motoneuronen im R\u00fcckenmark befinden. Laut der Website von ALS Pathways breitet es sich normalerweise von einem Brennpunkt aus aus, wodurch alle Motoneuronen im K\u00f6rper gest\u00f6rt werden und letztendlich der Tod von Motoneuronen verursacht wird. Und mehrere Faktoren sind f\u00fcr diese Art von neurodegenerativer Erkrankung verantwortlich. Andere Formen k\u00f6nnen nur die oberen Motoneuronen (prim\u00e4re Lateralsklerose, PLS) oder die unteren Motoneuronen (progressive Muskelatrophie, PMA) betreffen.<\/p>\n\n<p>Die Degeneration der oberen Motoneuronen f\u00fchrt zu einem erh\u00f6hten Muskeltonus oder einer spastischen L\u00e4hmung. W\u00e4hrend die Sch\u00e4digung des unteren Motoneurons zu einer Zunahme der Muskelschw\u00e4che f\u00fchrt. Dies beeintr\u00e4chtigt das ordnungsgem\u00e4\u00dfe Funktionieren der t\u00e4glichen Aktivit\u00e4t.<\/p>\n\n<div class=\"wp-block-image\"><figure class=\"aligncenter size-large is-resized\"><img decoding=\"async\" src=\"https:\/\/nebula.org\/blog\/wp-content\/uploads\/2020\/12\/Nicolas-4.png\" alt=\"Obere und untere Neuronen in Bezug auf ALS\" class=\"wp-image-7766\" width=\"624\" height=\"632\" srcset=\"https:\/\/nebula.org\/blog\/wp-content\/uploads\/2020\/12\/Nicolas-4.png 624w, https:\/\/nebula.org\/blog\/wp-content\/uploads\/2020\/12\/Nicolas-4-296x300.png 296w, https:\/\/nebula.org\/blog\/wp-content\/uploads\/2020\/12\/Nicolas-4-12x12.png 12w\" sizes=\"(max-width: 624px) 100vw, 624px\" \/><figcaption>Eine Illustration der oberen und unteren Motoneuronen: die Schl\u00fcsselkomponenten, die von ALS betroffen sind. Bildquelle:<a href=\"https:\/\/en.wikipedia.org\/wiki\/Amyotrophic_lateral_sclerosis#\/media\/File:UMN_vs_LMN.png\"> Rcchang16, Wikimedia Commons<\/a> ,<a href=\"https:\/\/creativecommons.org\/licenses\/by-sa\/4.0\"> CC BY-SA 4.0<\/a> .<\/figcaption><\/figure><\/div>\n\n<h2 class=\"wp-block-heading\" id=\"h-causes-part-5-of-is-als-genetic\"><strong>Ursachen (Teil 5 von Ist ALS genetisch?)<\/strong><\/h2>\n\n<p>Bei ALS wird vermutet, dass Gene eine Rolle beim Risiko f\u00fcr die Entwicklung der Krankheit spielen. Studien unterst\u00fctzen stark genetische Faktoren, die mit ALS zusammenh\u00e4ngen. Studien, die die Rolle einiger Umweltfaktoren belegen, sind jedoch nicht sehr konsistent. In den meisten F\u00e4llen ist die genaue Ursache nicht bekannt. In der \u00fcbrigen kleinen Kohorte (5-10%) k\u00f6nnen genetische Faktoren den Zustand erkl\u00e4ren. Andere Faktoren wie Familiengeschichte, Geschlecht, Geografie usw. k\u00f6nnen ebenfalls mit ALS assoziiert sein.<\/p>\n\n<h3 class=\"wp-block-heading\" id=\"h-is-als-genetic\">Ist ALS genetisch?<\/h3>\n\n<p>Eine Reihe genetischer Varianten sind eng mit ALS verbunden. Spezifische Genmutationen, die mit der Krankheit verbunden sind, f\u00fchren zu einer pathologischen Akkumulation oder einem vorzeitigen Abbau von fehlgefalteten Proteinen, was letztendlich eine Neurodegeneration ausl\u00f6st.<\/p>\n\n<h4 class=\"wp-block-heading\" id=\"h-major-genetic-components-in-als\">Wichtige genetische Komponenten bei ALS<\/h4>\n\n<p>Das SOD1-Gen kodiert f\u00fcr ein Enzym, das als Superoxiddismutase bekannt ist. Dieses Enzym spielt eine wichtige Rolle im Abwehrmechanismus. Die fehlgefalteten Varianten von SOD1-Proteinen f\u00fchren zum Fortschreiten.<\/p>\n\n<p>Dieses Gen codiert TDP-43, ein Protein, das die Genexpression reguliert. TDP-43 ist f\u00fcr verschiedene Stadien der RNA-Verarbeitung von entscheidender Bedeutung. Einige dominante genetische Mutationen in TARDBP f\u00fchren zu fehlerhaftem TDP-43, wodurch eine Neurodegeneration verursacht wird. Daher haben \u00c4nderungen in der Verteilung und den Funktionen dieses Proteins eine starke Assoziation mit ALS.<\/p>\n\n<p>Das FUS-Gen exprimiert das FUS-Protein, das eine Art RNA-Bindungsprotein ist. Einige seiner Funktionen \u00e4hneln denen des TDP-43-Proteins. Daher \u00fcberwacht das FUS-Protein eine Reihe von Prozessen im RNA-Metabolismus. Bei ALS verursachen pathogene Varianten dieses Gens manchmal eine falsche Faltung und Verteilung des FUS-Proteins, wodurch die normale Zellphysiologie beeintr\u00e4chtigt wird.<\/p>\n\n<p>C9ORF72: Obwohl die genaue Rolle dieses Gens noch nicht klar ist, haben nur wenige Berichte gezeigt, dass es am Proteintransport beteiligt ist, insbesondere in Form von endosomaler Aktivit\u00e4t und Autophagie. Und eine verminderte Expression von C9ORF72 k\u00f6nnte mit einer Krankheit verbunden sein, wie in einigen Tierstudien festgestellt wurde. Diese Herunterregulierung allein f\u00fchrt jedoch nicht zu ALS, sondern funktioniert tats\u00e4chlich in a<a href=\"https:\/\/www.frontiersin.org\/articles\/10.3389\/fnins.2017.00442\/full\"> Komplex<\/a> von einigen anderen Proteinen.<\/p>\n\n<h4 class=\"wp-block-heading\">Kleinere genetische Komponenten von ALS<\/h4>\n\n<p>Nur wenige andere genetische Modifikatoren bei ALS sind ATXN1, ATXN2, UNC13A. Mutationen in diesen Genen machen wahrscheinlich Menschen<a href=\"https:\/\/www.frontiersin.org\/articles\/10.3389\/fnins.2019.01310\/full#h4\"> anf\u00e4llig<\/a> zur St\u00f6rung. Sie korrelieren jedoch nicht stark mit dieser Krankheit.<\/p>\n\n<h2 class=\"wp-block-heading\" id=\"h-non-genetic-component-of-als-part-7-of-is-als-genetic\"><strong>Nicht genetische Komponente von ALS (Teil 7 von Ist ALS genetisch?)<\/strong><\/h2>\n\n<h3 class=\"wp-block-heading\" id=\"h-occupational-risk-factor\">Berufsbedingter Risikofaktor<\/h3>\n\n<p>Eine Anzahl von<a href=\"https:\/\/www.tandfonline.com\/doi\/full\/10.1080\/17482960902721634\"> Berichte<\/a> haben<a href=\"https:\/\/journals.sagepub.com\/doi\/10.2466\/pms.104.4.1251-1254?url_ver=Z39.88-2003&amp;rfr_id=ori%3Arid%3Acrossref.org&amp;rfr_dat=cr_pub++0pubmed&amp;\"> vorgeschlagen<\/a> dass Profisportler am wahrscheinlichsten ALS entwickeln. Dies kann haupts\u00e4chlich auf schwere Kopfverletzungen oder intensive k\u00f6rperliche Aktivit\u00e4ten zur\u00fcckzuf\u00fchren sein.<\/p>\n\n<p>Andere Beispiele von<a href=\"https:\/\/www.ncbi.nlm.nih.gov\/pmc\/articles\/PMC2737014\/\"> Exposition am Arbeitsplatz<\/a> sind F\u00e4lle, in denen Menschen Magnetfeldern oder anstrengender k\u00f6rperlicher Arbeit ausgesetzt sind. Solche Studien basieren jedoch auf Assoziationen, sind nicht konsistent und weisen eine unbekannte \u00c4tiologie auf. <\/p>\n\n<h3 class=\"wp-block-heading\" id=\"h-toxic-chemicals\">Giftige Chemikalien<\/h3>\n\n<p>Die Ergebnisse von a<a href=\"https:\/\/pubmed.ncbi.nlm.nih.gov\/27159543\/\"> Studie<\/a> an der Universit\u00e4t von Michigan in Ann Arbor (Mai 2016) best\u00e4tigte den langj\u00e4hrigen Verdacht, dass die Exposition gegen\u00fcber Umweltgiften das Risiko f\u00fcr die Entwicklung von ALS erh\u00f6hen k\u00f6nnte. In dieser Studie beobachteten die Forscher einen signifikanten Zusammenhang zwischen der St\u00f6rung und dem Vorhandensein von chlorierten Kohlenwasserstoffen, polychlorierten Biphenylen und polybromierten Biphenylen. <\/p>\n\n<h3 class=\"wp-block-heading\" id=\"h-beta-methylamino-l-alanine-bmaa\">Beta-Methylamino-L-Alanin (BMAA)<\/h3>\n\n<p>BMAA ist ein mit ALS assoziiertes Neurotoxin. Eine in Guam lebende indigene Bev\u00f6lkerung ist Berichten zufolge einem erh\u00f6hten Risiko ausgesetzt, an der Krankheit zu erkranken. Die Ern\u00e4hrung dieser Bev\u00f6lkerung ist reich an BMAA. Im Allgemeinen produzieren Cyanobakterien im Wasser der pazifischen Inseln BMAA. Und da die Menschen in Guam auf Meeresfr\u00fcchte angewiesen sind, k\u00f6nnte dies die Bev\u00f6lkerung in eine h\u00f6here Lage bringen<a href=\"https:\/\/alsnewstoday.com\/news-posts\/2019\/09\/20\/study-suggests-mechanism-als-caused-by-toxic-bmaa-compound-algae\/\"> Risiko<\/a> . <\/p>\n\n<h3 class=\"wp-block-heading\" id=\"h-microbiome\">Mikrobiom<\/h3>\n\n<p>Das Darmmikrobiom oft<a href=\"https:\/\/www.neurodegenerationresearch.eu\/survey\/the-gut-microbiome-in-neurodegenerative-disease\/#:~:text=Pioneering%20research%20has%20revealed%20that,IBD%20and%20MS%20mouse%20models.\"> Einfl\u00fcsse<\/a> das Krankheitsergebnis, wie in Tierstudien berichtet. Darmmikrobiom<a href=\"https:\/\/www.sciencedaily.com\/releases\/2019\/07\/190722111923.htm\"> Studien<\/a> bei M\u00e4usen haben gezeigt, dass es einen wichtigen Zusammenhang zwischen einigen Bakterienst\u00e4mmen und ALS gibt. Dar\u00fcber hinaus verlangsamt in dieser Studie ein Stamm von Akkermansia muciniphila tendenziell das Fortschreiten der Krankheit bei M\u00e4usen. Ein weiterer<a href=\"https:\/\/www.nature.com\/articles\/s41586-020-2288-7\"> Studie 2020<\/a> bei M\u00e4usen wurde berichtet, dass mikrobielle Gemeinschaften im Darm das \u00dcberlebensergebnis beeinflussen. Dies wurde besonders bemerkt, weil die ALS-anf\u00e4lligen M\u00e4use trotz \u00e4hnlicher genetischer Hintergr\u00fcnde signifikante Unterschiede in der Lebensdauer zeigten. Die Diversit\u00e4tsmuster der mikrobiellen Gemeinschaften waren signifikant unterschiedlich &#8211; einer der Faktoren, die zu den Unterschieden in der \u00dcberlebensspanne dieser M\u00e4use beigetragen haben k\u00f6nnten.<\/p>\n\n<h2 class=\"wp-block-heading\" id=\"h-symptoms-part-8-of-is-als-genetic\"><strong>Symptome (Teil 8 von Ist ALS genetisch?)<\/strong><\/h2>\n\n<p>Die typischen Symptome von ALS sind funktionelle Beeintr\u00e4chtigungen der Muskelbewegung in den oberen und unteren Extremit\u00e4ten, den Bulbarmuskeln und den Rumpfmuskeln.<\/p>\n\n<div class=\"wp-block-image\"><figure class=\"aligncenter size-large\"><img decoding=\"async\" width=\"592\" height=\"720\" src=\"https:\/\/nebula.org\/blog\/wp-content\/uploads\/2020\/12\/Nicolas-5.png\" alt=\"Mechanismen, die mit ALS zusammenh&#xE4;ngen k&#xF6;nnen\" class=\"wp-image-7771\" srcset=\"https:\/\/nebula.org\/blog\/wp-content\/uploads\/2020\/12\/Nicolas-5.png 592w, https:\/\/nebula.org\/blog\/wp-content\/uploads\/2020\/12\/Nicolas-5-247x300.png 247w, https:\/\/nebula.org\/blog\/wp-content\/uploads\/2020\/12\/Nicolas-5-10x12.png 10w\" sizes=\"(max-width: 592px) 100vw, 592px\" \/><figcaption>Eine Reihe von Mechanismen k\u00f6nnte mit ALS verbunden sein. Bildquelle: <a href=\"https:\/\/dmm.biologists.org\/content\/10\/5\/537\">van Damme et al. 2017. Wikimedia Commons<\/a>,<a href=\"https:\/\/creativecommons.org\/licenses\/by\/3.0\/deed.en\"> CC-BY-3.0<\/a> .<\/figcaption><\/figure><\/div>\n\n<p>Laut dem<a href=\"https:\/\/www.ninds.nih.gov\/Disorders\/Patient-Caregiver-Education\/Fact-Sheets\/Amyotrophic-Lateral-Sclerosis-ALS-Fact-Sheet#Symptoms\"> Nationales Institut f\u00fcr neurologische Erkrankungen und Schlaganfall<\/a> Symptome h\u00e4ufen sich allm\u00e4hlich. Einige fr\u00fche Symptome von ALS sind:<\/p>\n\n<ul class=\"wp-block-list\"><li>Faszikulationen (Muskelzuckungen) in Arm, Bein, Schulter oder Zunge<\/li><li>Muskelkr\u00e4mpfe<\/li><li>Verspannte und steife Muskeln (Spastik)<\/li><li>Muskelschw\u00e4che betrifft einen Arm, ein Bein, einen Hals oder ein Zwerchfell<\/li><li>Verschwommene und nasale Sprache<\/li><li>Schwierigkeiten beim Kauen oder Schlucken<\/li><\/ul>\n\n<p>Abh\u00e4ngig von den ersten beobachteten Symptomen kann der Zustand weiter in Unterkategorien unterteilt werden. Wenn Symptome zum ersten Mal in den Armen oder Beinen auftreten, spricht man von ALS mit beginnenden Gliedma\u00dfen. Wenn die ersten Anzeichen Sprach- oder Schluckprobleme sind, spricht man von ALS mit Bulbar-Onset.<\/p>\n\n<p>ALS verl\u00e4uft bei verschiedenen Personen unterschiedlich. In allen F\u00e4llen breiten sich jedoch Muskelschw\u00e4che und Atrophie auf andere K\u00f6rperteile aus, bis die Funktion schwierig wird. Menschen mit fortgeschrittenen Stadien der Krankheit k\u00f6nnen m\u00f6glicherweise nicht mehr stehen, gehen oder ihre Gliedma\u00dfen benutzen, und das Schlucken, Sprechen und Atmen kann schwierig werden.<\/p>\n\n<p>In den meisten F\u00e4llen behalten Menschen mit ALS ihre F\u00e4higkeit, h\u00f6here mentale Prozesse wie Denken, Erinnern, Verstehen und Probleml\u00f6sen auszuf\u00fchren.<\/p>\n\n<p>Die durchschnittliche \u00dcberlebenszeit des Patienten betr\u00e4gt jedoch etwa drei bis f\u00fcnf Jahre ab Ausbruch der Krankheit, jedoch<a href=\"https:\/\/www.ncbi.nlm.nih.gov\/pmc\/articles\/PMC3515205\/\"> 10-20 Prozent<\/a> von Patienten k\u00f6nnen l\u00e4nger \u00fcberleben.<\/p>\n\n<h2 class=\"wp-block-heading\" id=\"h-diagnosis-part-9-of-is-als-genetic\"><strong>Diagnose (Teil 9 von Ist ALS genetisch?)<\/strong><\/h2>\n\n<p>Meistens variieren die Symptome von Person zu Person. Daher wird ein Arzt eine gr\u00fcndliche Untersuchung mit durchf\u00fchren<a href=\"https:\/\/stanfordhealthcare.org\/medical-conditions\/brain-and-nerves\/amyotrophic-lateral-sclerosis\/diagnosis.html\"> mehrere Tests<\/a> . Derzeit gibt es keine klinische<a href=\"http:\/\/web.alsa.org\/site\/PageServer?pagename=ALSA_Genetics_Testing#:~:text=test%20diagnose%20ALS%3F-,A.,nerve%20and%20muscle%20function%20tests.\"> Gentest<\/a> f\u00fcr ALS.<\/p>\n\n<p><em><em>K\u00f6rperliche Untersuchung:<\/em> In den meisten F\u00e4llen f\u00fchren zunehmende Muskelschw\u00e4che, Muskelschwund oder sogar Muskelzuckungen die Patienten zum ersten Mal zu einem Arzt. Es sollte beachtet werden, dass Muskelzuckungen allein fast immer gutartige Faszikulationen darstellen. Zun\u00e4chst k\u00f6nnen die Symptome \u00fcberall am K\u00f6rper auftreten. W\u00e4hrend der Untersuchung verst\u00e4rkt das gleichzeitige Auftreten von Anzeichen einer schlaffen und spastischen L\u00e4hmung den Verdacht auf die Diagnose von ALS.<\/em><\/p>\n\n<p><em>Elektromyographie:<\/em> Eine elektromyographische und elektroneurographische Untersuchung ist f\u00fcr die Diagnose unabdingbar. Die Elektromyographie analysiert die elektrische Aktivit\u00e4t in den Muskeln. F\u00fcr die Diagnose wurden international standardisierte Kriterien entwickelt (El Escorial-Kriterien). Nach diesen Kriterien erfordert eine Diagnose die Untersuchung der Degeneration in den oberen und unteren Motoneuronen, ihres Fortschritts und auch des Fehlens einer anderen neurodegenerativen Erkrankung.<\/p>\n\n<div class=\"wp-block-image\"><figure class=\"aligncenter size-large\"><img decoding=\"async\" width=\"624\" height=\"417\" src=\"https:\/\/nebula.org\/blog\/wp-content\/uploads\/2020\/12\/Nicolas-6.png\" alt=\"Ein Elektromyographietest\" class=\"wp-image-7776\" srcset=\"https:\/\/nebula.org\/blog\/wp-content\/uploads\/2020\/12\/Nicolas-6.png 624w, https:\/\/nebula.org\/blog\/wp-content\/uploads\/2020\/12\/Nicolas-6-300x200.png 300w, https:\/\/nebula.org\/blog\/wp-content\/uploads\/2020\/12\/Nicolas-6-16x12.png 16w\" sizes=\"(max-width: 624px) 100vw, 624px\" \/><figcaption>Eine Elektromyographie analysiert die elektrische Aktivit\u00e4t in den Muskeln und ist ein Schl\u00fcsselansatz zur Diagnose von MS. Paul Anthony Stewart. Namensnennung-Weitergabe unter gleichen Bedingungen 4.0 International.<\/figcaption><\/figure><\/div>\n\n<p><em>Wirbels\u00e4ulenhahn:<\/em> Der Arzt entnimmt ein kleines Volumen Liquor cerebrospinalis und sucht nach entz\u00fcndlichen Zust\u00e4nden oder abnormalen Zellen. Dieser Test ist nur in F\u00e4llen mit ungew\u00f6hnlichen Symptomen wichtig. <\/p>\n\n<p><em>Biopsie:<\/em> Im Allgemeinen entfernt ein Chirurg einen Teil des Muskels vom Oberarm oder Oberschenkel. Der Chirurg sucht dann mittels F\u00e4rbung und Mikroskopie nach Sch\u00e4den.<\/p>\n\n<h2 class=\"wp-block-heading\" id=\"h-treatment-part-10-of-is-als-genetic\"><strong>Behandlung (Teil 10 von Ist ALS genetisch?)<\/strong><\/h2>\n\n<p>Normalerweise umfasst die Behandlung eine Kombination aus medikament\u00f6ser Therapie und symptomatisch orientierter Therapie. Die symptomatische Therapie soll dazu beitragen, Komplikationen bei Muskelschw\u00e4che zu vermeiden und die Lebensqualit\u00e4t des Patienten zu verbessern. In Tiermodellen und menschlichen Stammzellen<a href=\"https:\/\/medicalxpress.com\/news\/2019-05-potential-drug-als-ftd.html\"> genetisch<\/a><a href=\"https:\/\/www.genengnews.com\/news\/als-researchers-discover-new-biomarker-and-drug-target\/\"> Studien<\/a> haben potenzielle Arzneimittelziele identifiziert, die einen Schritt vorw\u00e4rts in Richtung der Entwicklung einer Arzneimitteltherapie darstellen k\u00f6nnten.<\/p>\n\n<p>Manchmal m\u00f6chten Menschen m\u00f6glicherweise Gentests unterzogen werden, insbesondere in F\u00e4llen mit ALS in der Familienanamnese. In solchen F\u00e4llen kann der genetische Berater dann helfen, nicht nur die Familienanamnese, sondern auch den medizinischen Hintergrund und andere potenzielle Risiken zu bewerten. Bei famili\u00e4rer ALS wird in der Regel ein positives Testergebnis beobachtet<a href=\"https:\/\/www.als.org\/understanding-als\/who-gets-als\/genetic-testing\"> 60-70 Prozent<\/a> der F\u00e4lle.<\/p>\n\n<h3 class=\"wp-block-heading\" id=\"h-neuroprotective-therapy\">Neuroprotektive Therapie<\/h3>\n\n<p>Riluzol ist das h\u00e4ufigste Medikament in der neuroprotektiven Therapie. Dieses Medikament hemmt die Zerst\u00f6rung motorischer Nervenzellen, indem es die Freisetzung des Neurotransmitters Glutamat aus Neuronen blockiert.<\/p>\n\n<p>Die Verabreichung von Riluzol verl\u00e4ngert Berichten zufolge das \u00dcberleben um etwa drei Monate und verl\u00e4ngert die fr\u00fcheren Stadien der ALS. Es sollte jedoch beachtet werden, dass das Fortschreiten der Krankheit durch Riluzol nicht vollst\u00e4ndig gestoppt werden kann.<\/p>\n\n<p>Ab 2017 hat die US-amerikanische Food and Drug Administration die Zulassung eines weiteren Arzneimittels Edaravone erteilt. Dies verlangsamt indikativ die ALS-Entwicklung. <\/p>\n\n<h3 class=\"wp-block-heading\" id=\"h-symptom-therapy\">Symptomtherapie<\/h3>\n\n<p>Die folgenden Symptome werden h\u00e4ufig mit geeigneten Therapien behandelt:<\/p>\n\n<ul class=\"wp-block-list\"><li>Muskelkr\u00e4mpfe<\/li><li>Dysphagie<\/li><li>Speichelfluss<\/li><li>Sprachst\u00f6rung und Kommunikation<\/li><li>Pathologisches Lachen und Weinen<\/li><li>Atemwegserkrankungen<\/li><li>Depressionen, Schlafst\u00f6rungen und Angstzust\u00e4nde<\/li><\/ul>\n\n<h3 class=\"wp-block-heading\" id=\"h-recent-news-2020\">Aktuelle Nachrichten (2020)<\/h3>\n\n<p>Forscher am Trinity College Dublin haben das initiiert<a href=\"https:\/\/www.eurekalert.org\/pub_releases\/2020-09\/tcd-tcr090220.php\"> Klinische Phase-1-Studie zur Gentherapie<\/a> in der klinischen Forschungseinrichtung des St. James Hospital Dublin (Stand 1. September 2020). Diese genbasierte Therapie zielt auf das Gen C9ORF72 ab. Das US-amerikanische Pharmaunternehmen Biogen hat diese klinische Studie gesponsert.<\/p>\n\n<p>Hat Ihnen dieser Artikel gefallen? Schauen Sie sich auch die anderen Beitr\u00e4ge in der an<a href=\"https:\/\/nebula.org\/blog\/de\/nebula-library-unlocking-gen-forschung\/\"> Nebula Research Library<\/a> !<\/p>\n","protected":false},"excerpt":{"rendered":"<p>Nebula Genomics DNA Report f\u00fcr ALS Ist ALS genetisch? Wir haben einen DNA-Bericht erstellt, der auf einer Studie basiert, die versucht hat, diese Frage zu beantworten. Unten sehen Sie einen SAMPLE DNA-Bericht. Kaufen Sie unseren, um Ihren personalisierten DNA-Bericht zu &hellip;<\/p>\n<p class=\"read-more\"> <a class=\"ast-button\" href=\"https:\/\/nebula.org\/blog\/de\/ist-als-genetisch\/\"> <span class=\"screen-reader-text\">Amyotrophe Lateralsklerose (Nicolas, 2019) &#8211; Ist ALS genetisch bedingt?<\/span> Read More \u00bb<\/a><\/p>\n","protected":false},"author":12,"featured_media":5331,"comment_status":"closed","ping_status":"closed","sticky":false,"template":"","format":"standard","meta":{"om_disable_all_campaigns":false,"site-sidebar-layout":"default","site-content-layout":"default","ast-global-header-display":"","ast-banner-title-visibility":"","ast-main-header-display":"","ast-hfb-above-header-display":"","ast-hfb-below-header-display":"","ast-hfb-mobile-header-display":"","site-post-title":"","ast-breadcrumbs-content":"","ast-featured-img":"","footer-sml-layout":"","theme-transparent-header-meta":"default","adv-header-id-meta":"","stick-header-meta":"default","header-above-stick-meta":"","header-main-stick-meta":"","header-below-stick-meta":"","_FSMCFIC_featured_image_caption":"","_FSMCFIC_featured_image_nocaption":"","_FSMCFIC_featured_image_hide":"","footnotes":""},"categories":[4980],"tags":[],"class_list":["post-10448","post","type-post","status-publish","format-standard","has-post-thumbnail","hentry","category-berichte"],"yoast_head":"<!-- This site is optimized with the Yoast SEO plugin v20.13 - https:\/\/yoast.com\/wordpress\/plugins\/seo\/ -->\n<title>Ist ALS genetisch? | Entschl\u00fcsseln Sie Ihre DNA und lernen Sie Ihre Risiken kennen!<\/title>\n<meta name=\"description\" content=\"Ist ALS genetisch? Laden Sie Ihre DNA-Daten hoch, untersuchen Sie genetische Varianten, die mit ALS verkn\u00fcpft sind (Nicolas, 2019), und ermitteln Sie Ihren polygenen Score.\" \/>\n<meta name=\"robots\" content=\"index, follow, max-snippet:-1, max-image-preview:large, max-video-preview:-1\" \/>\n<link rel=\"canonical\" href=\"https:\/\/nebula.org\/blog\/de\/ist-als-genetisch\/\" \/>\n<meta property=\"og:locale\" content=\"de_DE\" \/>\n<meta property=\"og:type\" content=\"article\" \/>\n<meta property=\"og:title\" content=\"Ist ALS genetisch? | Entschl\u00fcsseln Sie Ihre DNA und lernen Sie Ihre Risiken kennen!\" \/>\n<meta property=\"og:description\" content=\"Ist ALS genetisch? Laden Sie Ihre DNA-Daten hoch, untersuchen Sie genetische Varianten, die mit ALS verkn\u00fcpft sind (Nicolas, 2019), und ermitteln Sie Ihren polygenen Score.\" \/>\n<meta property=\"og:url\" content=\"https:\/\/nebula.org\/blog\/de\/ist-als-genetisch\/\" \/>\n<meta property=\"og:site_name\" content=\"Nebula Genomics Blog\" \/>\n<meta property=\"article:publisher\" content=\"https:\/\/facebook.com\/nebulagenomics\" \/>\n<meta property=\"article:published_time\" content=\"2021-01-06T05:28:29+00:00\" \/>\n<meta property=\"article:modified_time\" content=\"2021-02-21T03:46:56+00:00\" \/>\n<meta property=\"og:image\" content=\"https:\/\/nebula.org\/blog\/wp-content\/uploads\/2019\/12\/robina-weermeijer-so1L3jsdD3Y-unsplash-scaled.jpg\" \/>\n\t<meta property=\"og:image:width\" content=\"924\" \/>\n\t<meta property=\"og:image:height\" content=\"520\" \/>\n\t<meta property=\"og:image:type\" content=\"image\/jpeg\" \/>\n<meta name=\"author\" content=\"Garrett Dunlap, B.S.\" \/>\n<meta name=\"twitter:card\" content=\"summary_large_image\" \/>\n<meta name=\"twitter:creator\" content=\"@nebulagenomics\" \/>\n<meta name=\"twitter:site\" content=\"@nebulagenomics\" \/>\n<meta name=\"twitter:label1\" content=\"Verfasst von\" \/>\n\t<meta name=\"twitter:data1\" content=\"Garrett Dunlap, B.S.\" \/>\n\t<meta name=\"twitter:label2\" content=\"Gesch\u00e4tzte Lesezeit\" \/>\n\t<meta name=\"twitter:data2\" content=\"11\u00a0Minuten\" \/>\n<script type=\"application\/ld+json\" class=\"yoast-schema-graph\">{\"@context\":\"https:\/\/schema.org\",\"@graph\":[{\"@type\":\"Article\",\"@id\":\"https:\/\/nebula.org\/blog\/de\/ist-als-genetisch\/#article\",\"isPartOf\":{\"@id\":\"https:\/\/nebula.org\/blog\/de\/ist-als-genetisch\/\"},\"author\":{\"name\":\"Garrett Dunlap, B.S.\",\"@id\":\"https:\/\/nebula.org\/blog\/de\/#\/schema\/person\/b7bd0a490f115d1d931c33eed922af4e\"},\"headline\":\"Amyotrophe Lateralsklerose (Nicolas, 2019) &#8211; Ist ALS genetisch bedingt?\",\"datePublished\":\"2021-01-06T05:28:29+00:00\",\"dateModified\":\"2021-02-21T03:46:56+00:00\",\"mainEntityOfPage\":{\"@id\":\"https:\/\/nebula.org\/blog\/de\/ist-als-genetisch\/\"},\"wordCount\":2219,\"publisher\":{\"@id\":\"https:\/\/nebula.org\/blog\/de\/#organization\"},\"articleSection\":[\"Berichte\"],\"inLanguage\":\"de\"},{\"@type\":\"WebPage\",\"@id\":\"https:\/\/nebula.org\/blog\/de\/ist-als-genetisch\/\",\"url\":\"https:\/\/nebula.org\/blog\/de\/ist-als-genetisch\/\",\"name\":\"Ist ALS genetisch? | Entschl\u00fcsseln Sie Ihre DNA und lernen Sie Ihre Risiken kennen!\",\"isPartOf\":{\"@id\":\"https:\/\/nebula.org\/blog\/de\/#website\"},\"datePublished\":\"2021-01-06T05:28:29+00:00\",\"dateModified\":\"2021-02-21T03:46:56+00:00\",\"description\":\"Ist ALS genetisch? Laden Sie Ihre DNA-Daten hoch, untersuchen Sie genetische Varianten, die mit ALS verkn\u00fcpft sind (Nicolas, 2019), und ermitteln Sie Ihren polygenen Score.\",\"breadcrumb\":{\"@id\":\"https:\/\/nebula.org\/blog\/de\/ist-als-genetisch\/#breadcrumb\"},\"inLanguage\":\"de\",\"potentialAction\":[{\"@type\":\"ReadAction\",\"target\":[\"https:\/\/nebula.org\/blog\/de\/ist-als-genetisch\/\"]}]},{\"@type\":\"BreadcrumbList\",\"@id\":\"https:\/\/nebula.org\/blog\/de\/ist-als-genetisch\/#breadcrumb\",\"itemListElement\":[{\"@type\":\"ListItem\",\"position\":1,\"name\":\"Home\",\"item\":\"https:\/\/nebula.org\/blog\/de\/\"},{\"@type\":\"ListItem\",\"position\":2,\"name\":\"Amyotrophe Lateralsklerose (Nicolas, 2019) &#8211; Ist ALS genetisch bedingt?\"}]},{\"@type\":\"WebSite\",\"@id\":\"https:\/\/nebula.org\/blog\/de\/#website\",\"url\":\"https:\/\/nebula.org\/blog\/de\/\",\"name\":\"Nebula Genomics Blog\",\"description\":\"\",\"publisher\":{\"@id\":\"https:\/\/nebula.org\/blog\/de\/#organization\"},\"potentialAction\":[{\"@type\":\"SearchAction\",\"target\":{\"@type\":\"EntryPoint\",\"urlTemplate\":\"https:\/\/nebula.org\/blog\/de\/?s={search_term_string}\"},\"query-input\":\"required name=search_term_string\"}],\"inLanguage\":\"de\"},{\"@type\":\"Organization\",\"@id\":\"https:\/\/nebula.org\/blog\/de\/#organization\",\"name\":\"Nebula Genomics\",\"url\":\"https:\/\/nebula.org\/blog\/de\/\",\"logo\":{\"@type\":\"ImageObject\",\"inLanguage\":\"de\",\"@id\":\"https:\/\/nebula.org\/blog\/de\/#\/schema\/logo\/image\/\",\"url\":\"\",\"contentUrl\":\"\",\"caption\":\"Nebula Genomics\"},\"image\":{\"@id\":\"https:\/\/nebula.org\/blog\/de\/#\/schema\/logo\/image\/\"},\"sameAs\":[\"https:\/\/facebook.com\/nebulagenomics\",\"https:\/\/twitter.com\/nebulagenomics\",\"https:\/\/www.instagram.com\/nebulagenomics\/\",\"https:\/\/www.linkedin.com\/company\/nebula-genomics\/\",\"https:\/\/en.wikipedia.org\/wiki\/Nebula_Genomics\"]},{\"@type\":\"Person\",\"@id\":\"https:\/\/nebula.org\/blog\/de\/#\/schema\/person\/b7bd0a490f115d1d931c33eed922af4e\",\"name\":\"Garrett Dunlap, B.S.\",\"image\":{\"@type\":\"ImageObject\",\"inLanguage\":\"de\",\"@id\":\"https:\/\/nebula.org\/blog\/de\/#\/schema\/person\/image\/\",\"url\":\"https:\/\/secure.gravatar.com\/avatar\/32fb6e0dbc7e0bac908b0f23ea6ed5ec?s=96&d=mm&r=g\",\"contentUrl\":\"https:\/\/secure.gravatar.com\/avatar\/32fb6e0dbc7e0bac908b0f23ea6ed5ec?s=96&d=mm&r=g\",\"caption\":\"Garrett Dunlap, B.S.\"},\"description\":\"Garrett Dunlap earned a B.S. in Biology from Case Western Reserve University with a minor in Political Science. He earned an M.S. and is currently a Ph.D. Candidate in the Biological and Biomedical Sciences (BBS) Ph.D. program at Harvard University.\u00a0He has experience in science policy as an intern at the Science and Innovation Network where he assisted in the science diplomacy functions of the British Consulate-General and as a research associate at TScan Therapeutics. He is also interested in science communication and writing. You can read more about Garrett's experience and publications on LinkedIn and ORCID.\",\"sameAs\":[\"https:\/\/nebula.org\/whole-genome-sequencing\/\"],\"url\":\"https:\/\/nebula.org\/blog\/de\/author\/garrett-dunlap\/\"}]}<\/script>\n<!-- \/ Yoast SEO plugin. -->","yoast_head_json":{"title":"Ist ALS genetisch? | Entschl\u00fcsseln Sie Ihre DNA und lernen Sie Ihre Risiken kennen!","description":"Ist ALS genetisch? Laden Sie Ihre DNA-Daten hoch, untersuchen Sie genetische Varianten, die mit ALS verkn\u00fcpft sind (Nicolas, 2019), und ermitteln Sie Ihren polygenen Score.","robots":{"index":"index","follow":"follow","max-snippet":"max-snippet:-1","max-image-preview":"max-image-preview:large","max-video-preview":"max-video-preview:-1"},"canonical":"https:\/\/nebula.org\/blog\/de\/ist-als-genetisch\/","og_locale":"de_DE","og_type":"article","og_title":"Ist ALS genetisch? | Entschl\u00fcsseln Sie Ihre DNA und lernen Sie Ihre Risiken kennen!","og_description":"Ist ALS genetisch? Laden Sie Ihre DNA-Daten hoch, untersuchen Sie genetische Varianten, die mit ALS verkn\u00fcpft sind (Nicolas, 2019), und ermitteln Sie Ihren polygenen Score.","og_url":"https:\/\/nebula.org\/blog\/de\/ist-als-genetisch\/","og_site_name":"Nebula Genomics Blog","article_publisher":"https:\/\/facebook.com\/nebulagenomics","article_published_time":"2021-01-06T05:28:29+00:00","article_modified_time":"2021-02-21T03:46:56+00:00","og_image":[{"width":924,"height":520,"url":"https:\/\/nebula.org\/blog\/wp-content\/uploads\/2019\/12\/robina-weermeijer-so1L3jsdD3Y-unsplash-scaled.jpg","type":"image\/jpeg"}],"author":"Garrett Dunlap, B.S.","twitter_card":"summary_large_image","twitter_creator":"@nebulagenomics","twitter_site":"@nebulagenomics","twitter_misc":{"Verfasst von":"Garrett Dunlap, B.S.","Gesch\u00e4tzte Lesezeit":"11\u00a0Minuten"},"schema":{"@context":"https:\/\/schema.org","@graph":[{"@type":"Article","@id":"https:\/\/nebula.org\/blog\/de\/ist-als-genetisch\/#article","isPartOf":{"@id":"https:\/\/nebula.org\/blog\/de\/ist-als-genetisch\/"},"author":{"name":"Garrett Dunlap, B.S.","@id":"https:\/\/nebula.org\/blog\/de\/#\/schema\/person\/b7bd0a490f115d1d931c33eed922af4e"},"headline":"Amyotrophe Lateralsklerose (Nicolas, 2019) &#8211; Ist ALS genetisch bedingt?","datePublished":"2021-01-06T05:28:29+00:00","dateModified":"2021-02-21T03:46:56+00:00","mainEntityOfPage":{"@id":"https:\/\/nebula.org\/blog\/de\/ist-als-genetisch\/"},"wordCount":2219,"publisher":{"@id":"https:\/\/nebula.org\/blog\/de\/#organization"},"articleSection":["Berichte"],"inLanguage":"de"},{"@type":"WebPage","@id":"https:\/\/nebula.org\/blog\/de\/ist-als-genetisch\/","url":"https:\/\/nebula.org\/blog\/de\/ist-als-genetisch\/","name":"Ist ALS genetisch? | Entschl\u00fcsseln Sie Ihre DNA und lernen Sie Ihre Risiken kennen!","isPartOf":{"@id":"https:\/\/nebula.org\/blog\/de\/#website"},"datePublished":"2021-01-06T05:28:29+00:00","dateModified":"2021-02-21T03:46:56+00:00","description":"Ist ALS genetisch? Laden Sie Ihre DNA-Daten hoch, untersuchen Sie genetische Varianten, die mit ALS verkn\u00fcpft sind (Nicolas, 2019), und ermitteln Sie Ihren polygenen Score.","breadcrumb":{"@id":"https:\/\/nebula.org\/blog\/de\/ist-als-genetisch\/#breadcrumb"},"inLanguage":"de","potentialAction":[{"@type":"ReadAction","target":["https:\/\/nebula.org\/blog\/de\/ist-als-genetisch\/"]}]},{"@type":"BreadcrumbList","@id":"https:\/\/nebula.org\/blog\/de\/ist-als-genetisch\/#breadcrumb","itemListElement":[{"@type":"ListItem","position":1,"name":"Home","item":"https:\/\/nebula.org\/blog\/de\/"},{"@type":"ListItem","position":2,"name":"Amyotrophe Lateralsklerose (Nicolas, 2019) &#8211; Ist ALS genetisch bedingt?"}]},{"@type":"WebSite","@id":"https:\/\/nebula.org\/blog\/de\/#website","url":"https:\/\/nebula.org\/blog\/de\/","name":"Nebula Genomics Blog","description":"","publisher":{"@id":"https:\/\/nebula.org\/blog\/de\/#organization"},"potentialAction":[{"@type":"SearchAction","target":{"@type":"EntryPoint","urlTemplate":"https:\/\/nebula.org\/blog\/de\/?s={search_term_string}"},"query-input":"required name=search_term_string"}],"inLanguage":"de"},{"@type":"Organization","@id":"https:\/\/nebula.org\/blog\/de\/#organization","name":"Nebula Genomics","url":"https:\/\/nebula.org\/blog\/de\/","logo":{"@type":"ImageObject","inLanguage":"de","@id":"https:\/\/nebula.org\/blog\/de\/#\/schema\/logo\/image\/","url":"","contentUrl":"","caption":"Nebula Genomics"},"image":{"@id":"https:\/\/nebula.org\/blog\/de\/#\/schema\/logo\/image\/"},"sameAs":["https:\/\/facebook.com\/nebulagenomics","https:\/\/twitter.com\/nebulagenomics","https:\/\/www.instagram.com\/nebulagenomics\/","https:\/\/www.linkedin.com\/company\/nebula-genomics\/","https:\/\/en.wikipedia.org\/wiki\/Nebula_Genomics"]},{"@type":"Person","@id":"https:\/\/nebula.org\/blog\/de\/#\/schema\/person\/b7bd0a490f115d1d931c33eed922af4e","name":"Garrett Dunlap, B.S.","image":{"@type":"ImageObject","inLanguage":"de","@id":"https:\/\/nebula.org\/blog\/de\/#\/schema\/person\/image\/","url":"https:\/\/secure.gravatar.com\/avatar\/32fb6e0dbc7e0bac908b0f23ea6ed5ec?s=96&d=mm&r=g","contentUrl":"https:\/\/secure.gravatar.com\/avatar\/32fb6e0dbc7e0bac908b0f23ea6ed5ec?s=96&d=mm&r=g","caption":"Garrett Dunlap, B.S."},"description":"Garrett Dunlap earned a B.S. in Biology from Case Western Reserve University with a minor in Political Science. He earned an M.S. and is currently a Ph.D. Candidate in the Biological and Biomedical Sciences (BBS) Ph.D. program at Harvard University.\u00a0He has experience in science policy as an intern at the Science and Innovation Network where he assisted in the science diplomacy functions of the British Consulate-General and as a research associate at TScan Therapeutics. He is also interested in science communication and writing. You can read more about Garrett's experience and publications on LinkedIn and ORCID.","sameAs":["https:\/\/nebula.org\/whole-genome-sequencing\/"],"url":"https:\/\/nebula.org\/blog\/de\/author\/garrett-dunlap\/"}]}},"_links":{"self":[{"href":"https:\/\/nebula.org\/blog\/de\/wp-json\/wp\/v2\/posts\/10448","targetHints":{"allow":["GET"]}}],"collection":[{"href":"https:\/\/nebula.org\/blog\/de\/wp-json\/wp\/v2\/posts"}],"about":[{"href":"https:\/\/nebula.org\/blog\/de\/wp-json\/wp\/v2\/types\/post"}],"author":[{"embeddable":true,"href":"https:\/\/nebula.org\/blog\/de\/wp-json\/wp\/v2\/users\/12"}],"replies":[{"embeddable":true,"href":"https:\/\/nebula.org\/blog\/de\/wp-json\/wp\/v2\/comments?post=10448"}],"version-history":[{"count":0,"href":"https:\/\/nebula.org\/blog\/de\/wp-json\/wp\/v2\/posts\/10448\/revisions"}],"wp:featuredmedia":[{"embeddable":true,"href":"https:\/\/nebula.org\/blog\/de\/wp-json\/wp\/v2\/media\/5331"}],"wp:attachment":[{"href":"https:\/\/nebula.org\/blog\/de\/wp-json\/wp\/v2\/media?parent=10448"}],"wp:term":[{"taxonomy":"category","embeddable":true,"href":"https:\/\/nebula.org\/blog\/de\/wp-json\/wp\/v2\/categories?post=10448"},{"taxonomy":"post_tag","embeddable":true,"href":"https:\/\/nebula.org\/blog\/de\/wp-json\/wp\/v2\/tags?post=10448"}],"curies":[{"name":"wp","href":"https:\/\/api.w.org\/{rel}","templated":true}]}}