{"id":10537,"date":"2021-01-06T00:30:04","date_gmt":"2021-01-06T05:30:04","guid":{"rendered":"https:\/\/nebula.org\/blog\/genetik-der-lippenspalte-yun-2019\/"},"modified":"2021-02-20T20:54:05","modified_gmt":"2021-02-21T01:54:05","slug":"genetik-der-lippenspalte-yun-2019","status":"publish","type":"post","link":"https:\/\/nebula.org\/blog\/de\/genetik-der-lippenspalte-yun-2019\/","title":{"rendered":"Lippenspalte (Yun, 2019)"},"content":{"rendered":"\n<p><strong>STUDIENTITEL:<\/strong><a href=\"https:\/\/onlinelibrary.wiley.com\/doi\/abs\/10.1002\/humu.23859\"> Rs2262251 in lncRNA RP11-462G12.2 ist mit einer nicht syndromalen Lippenspalte mit \/ ohne Gaumenspalte assoziiert<\/a><\/p>\n\n<p><strong>ZUSAMMENFASSUNG:<\/strong> Eine nicht syndromale Lippenspalte mit \/ ohne Gaumen ist mit einer genetischen Variante in einer langen, nicht kodierenden Region des Genoms assoziiert.<\/p>\n\n<p><strong>BESCHREIBUNG:<\/strong> Die nicht-syndromale Lippenspalte mit \/ ohne Gaumen (NSCL \/ P) ist einer der h\u00e4ufigsten Geburtsfehler beim Menschen. Der Begriff nicht-syndrom bedeutet, dass diese Defekte mit keinen anderen Anomalien oder Symptomen verbunden sind als denen, die direkt durch die Erkrankung verursacht werden. Dieser Zustand tritt auf, wenn sich das Gewebe, das die Lippe bildet, nicht vollst\u00e4ndig verbindet, w\u00e4hrend sich ein Gaumen zusammensetzt, wenn sich Gewebe, die das Dach des Mundes bilden, nicht verbinden. Diese Studie untersuchte 2.573 Personen aus einer chinesischen Bev\u00f6lkerung, um genetische Varianten zu identifizieren, die mit NSCL \/ P assoziiert sind. Es wurde eine signifikante Variante in einer langen nichtkodierenden Region des Genoms gefunden.<\/p>\n\n<p><strong>HAST DU GEWUSST?<\/strong> Eine Operation kann diese NSCL \/ P oft erfolgreich behandeln, wenn sie innerhalb eines Jahres nach der Geburt durchgef\u00fchrt wird. Das Risiko dieses Geburtsfehlers kann verringert werden, indem Fols\u00e4ure eingenommen wird und w\u00e4hrend der Schwangerschaft nicht getrunken oder geraucht wird. [<a href=\"https:\/\/www.marchofdimes.org\/complications\/cleft-lip-and-cleft-palate.aspx\"> QUELLE<\/a> ]]<\/p>\n\n<p><strong>BEISPIELERGEBNISSE:<\/strong> Erfahren Sie mehr \u00fcber die<a href=\"https:\/\/nebula.org\/blog\/de\/nebula-library-unlocking-gen-forschung\/\"> Nebula Research Library<\/a> .<\/p>\n\n<figure class=\"wp-block-image\"><a href=\"https:\/\/nebula.org\/free-dna-upload-analysis\/\"><img decoding=\"async\" src=\"https:\/\/nebula.org\/blog\/wp-content\/uploads\/2020\/01\/Nebula-personalized-results-genomics-1024x375.png\" alt=\"Ergebnisse der Lippenspaltenprobe.\"\/><\/a><\/figure>\n\n<p><\/p>\n\n<p><strong>CLEFT LIP-ASSOZIIERTE VARIANTEN:<\/strong> rs2262251<\/p>\n\n<p><strong>ZUS\u00c4TZLICHE RESSOURCEN:<\/strong><br\/><a rel=\"noreferrer noopener\" href=\"https:\/\/www.cdc.gov\/ncbddd\/birthdefects\/cleftlip.html\" target=\"_blank\">Fakten \u00fcber Cleft Lip und<\/a><a rel=\"noreferrer noopener\" href=\"https:\/\/www.cdc.gov\/ncbddd\/birthdefects\/cleftlip.html\" target=\"_blank\"> Gaumen<\/a><\/p>\n\n<p><strong>W\u00d6CHENTLICHES UPDATE:<\/strong> 23. Juli 2019<\/p>\n\n<p><\/p>\n\n<p><br\/><\/p>\n\n<p><br\/><\/p>\n","protected":false},"excerpt":{"rendered":"<p>STUDIENTITEL: Rs2262251 in lncRNA RP11-462G12.2 ist mit einer nicht syndromalen Lippenspalte mit \/ ohne Gaumenspalte assoziiert ZUSAMMENFASSUNG: Eine nicht syndromale Lippenspalte mit \/ ohne Gaumen ist mit einer genetischen Variante in einer langen, nicht kodierenden Region des Genoms assoziiert. BESCHREIBUNG: &hellip;<\/p>\n<p class=\"read-more\"> <a class=\"ast-button\" href=\"https:\/\/nebula.org\/blog\/de\/genetik-der-lippenspalte-yun-2019\/\"> <span class=\"screen-reader-text\">Lippenspalte (Yun, 2019)<\/span> Read More \u00bb<\/a><\/p>\n","protected":false},"author":12,"featured_media":5456,"comment_status":"closed","ping_status":"closed","sticky":false,"template":"","format":"standard","meta":{"om_disable_all_campaigns":false,"site-sidebar-layout":"default","site-content-layout":"default","ast-global-header-display":"","ast-banner-title-visibility":"","ast-main-header-display":"","ast-hfb-above-header-display":"","ast-hfb-below-header-display":"","ast-hfb-mobile-header-display":"","site-post-title":"","ast-breadcrumbs-content":"","ast-featured-img":"","footer-sml-layout":"","theme-transparent-header-meta":"default","adv-header-id-meta":"","stick-header-meta":"default","header-above-stick-meta":"","header-main-stick-meta":"","header-below-stick-meta":"","_FSMCFIC_featured_image_caption":"","_FSMCFIC_featured_image_nocaption":"","_FSMCFIC_featured_image_hide":"","footnotes":""},"categories":[4980],"tags":[],"class_list":["post-10537","post","type-post","status-publish","format-standard","has-post-thumbnail","hentry","category-berichte"],"yoast_head":"<!-- This site is optimized with the Yoast SEO plugin v20.13 - https:\/\/yoast.com\/wordpress\/plugins\/seo\/ -->\n<title>Die Genetik der Lippenspalte (Yun, 2019)<\/title>\n<meta name=\"description\" content=\"Eine nicht syndromale Lippenspalte mit \/ ohne Gaumenspalte ist mit einer genetischen Variante in einer langen, nicht kodierenden Region des Genoms assoziiert.\" \/>\n<meta name=\"robots\" content=\"index, follow, max-snippet:-1, max-image-preview:large, max-video-preview:-1\" \/>\n<link rel=\"canonical\" href=\"https:\/\/nebula.org\/blog\/de\/genetik-der-lippenspalte-yun-2019\/\" \/>\n<meta property=\"og:locale\" content=\"de_DE\" \/>\n<meta property=\"og:type\" content=\"article\" \/>\n<meta property=\"og:title\" content=\"Die Genetik der Lippenspalte (Yun, 2019)\" \/>\n<meta property=\"og:description\" content=\"Eine nicht syndromale Lippenspalte mit \/ ohne Gaumenspalte ist mit einer genetischen Variante in einer langen, nicht kodierenden Region des Genoms assoziiert.\" \/>\n<meta property=\"og:url\" content=\"https:\/\/nebula.org\/blog\/de\/genetik-der-lippenspalte-yun-2019\/\" \/>\n<meta property=\"og:site_name\" content=\"Nebula Genomics Blog\" \/>\n<meta property=\"article:publisher\" content=\"https:\/\/facebook.com\/nebulagenomics\" \/>\n<meta property=\"article:published_time\" content=\"2021-01-06T05:30:04+00:00\" \/>\n<meta property=\"article:modified_time\" content=\"2021-02-21T01:54:05+00:00\" \/>\n<meta property=\"og:image\" content=\"https:\/\/nebula.org\/blog\/wp-content\/uploads\/2020\/02\/joshua-reddekopp-qLFJKFBppPM-unsplash-scaled.jpg\" \/>\n\t<meta property=\"og:image:width\" content=\"924\" \/>\n\t<meta property=\"og:image:height\" content=\"616\" \/>\n\t<meta property=\"og:image:type\" content=\"image\/jpeg\" \/>\n<meta name=\"author\" content=\"Garrett Dunlap, B.S.\" \/>\n<meta name=\"twitter:card\" content=\"summary_large_image\" \/>\n<meta name=\"twitter:creator\" content=\"@nebulagenomics\" \/>\n<meta name=\"twitter:site\" content=\"@nebulagenomics\" \/>\n<meta name=\"twitter:label1\" content=\"Verfasst von\" \/>\n\t<meta name=\"twitter:data1\" content=\"Garrett Dunlap, B.S.\" \/>\n\t<meta name=\"twitter:label2\" content=\"Gesch\u00e4tzte Lesezeit\" \/>\n\t<meta name=\"twitter:data2\" content=\"1\u00a0Minute\" \/>\n<script type=\"application\/ld+json\" class=\"yoast-schema-graph\">{\"@context\":\"https:\/\/schema.org\",\"@graph\":[{\"@type\":\"Article\",\"@id\":\"https:\/\/nebula.org\/blog\/de\/genetik-der-lippenspalte-yun-2019\/#article\",\"isPartOf\":{\"@id\":\"https:\/\/nebula.org\/blog\/de\/genetik-der-lippenspalte-yun-2019\/\"},\"author\":{\"name\":\"Garrett Dunlap, B.S.\",\"@id\":\"https:\/\/nebula.org\/blog\/de\/#\/schema\/person\/b7bd0a490f115d1d931c33eed922af4e\"},\"headline\":\"Lippenspalte (Yun, 2019)\",\"datePublished\":\"2021-01-06T05:30:04+00:00\",\"dateModified\":\"2021-02-21T01:54:05+00:00\",\"mainEntityOfPage\":{\"@id\":\"https:\/\/nebula.org\/blog\/de\/genetik-der-lippenspalte-yun-2019\/\"},\"wordCount\":220,\"publisher\":{\"@id\":\"https:\/\/nebula.org\/blog\/de\/#organization\"},\"articleSection\":[\"Berichte\"],\"inLanguage\":\"de\"},{\"@type\":\"WebPage\",\"@id\":\"https:\/\/nebula.org\/blog\/de\/genetik-der-lippenspalte-yun-2019\/\",\"url\":\"https:\/\/nebula.org\/blog\/de\/genetik-der-lippenspalte-yun-2019\/\",\"name\":\"Die Genetik der Lippenspalte (Yun, 2019)\",\"isPartOf\":{\"@id\":\"https:\/\/nebula.org\/blog\/de\/#website\"},\"datePublished\":\"2021-01-06T05:30:04+00:00\",\"dateModified\":\"2021-02-21T01:54:05+00:00\",\"description\":\"Eine nicht syndromale Lippenspalte mit \/ ohne Gaumenspalte ist mit einer genetischen Variante in einer langen, nicht kodierenden Region des Genoms assoziiert.\",\"breadcrumb\":{\"@id\":\"https:\/\/nebula.org\/blog\/de\/genetik-der-lippenspalte-yun-2019\/#breadcrumb\"},\"inLanguage\":\"de\",\"potentialAction\":[{\"@type\":\"ReadAction\",\"target\":[\"https:\/\/nebula.org\/blog\/de\/genetik-der-lippenspalte-yun-2019\/\"]}]},{\"@type\":\"BreadcrumbList\",\"@id\":\"https:\/\/nebula.org\/blog\/de\/genetik-der-lippenspalte-yun-2019\/#breadcrumb\",\"itemListElement\":[{\"@type\":\"ListItem\",\"position\":1,\"name\":\"Home\",\"item\":\"https:\/\/nebula.org\/blog\/de\/\"},{\"@type\":\"ListItem\",\"position\":2,\"name\":\"Lippenspalte (Yun, 2019)\"}]},{\"@type\":\"WebSite\",\"@id\":\"https:\/\/nebula.org\/blog\/de\/#website\",\"url\":\"https:\/\/nebula.org\/blog\/de\/\",\"name\":\"Nebula Genomics Blog\",\"description\":\"\",\"publisher\":{\"@id\":\"https:\/\/nebula.org\/blog\/de\/#organization\"},\"potentialAction\":[{\"@type\":\"SearchAction\",\"target\":{\"@type\":\"EntryPoint\",\"urlTemplate\":\"https:\/\/nebula.org\/blog\/de\/?s={search_term_string}\"},\"query-input\":\"required name=search_term_string\"}],\"inLanguage\":\"de\"},{\"@type\":\"Organization\",\"@id\":\"https:\/\/nebula.org\/blog\/de\/#organization\",\"name\":\"Nebula Genomics\",\"url\":\"https:\/\/nebula.org\/blog\/de\/\",\"logo\":{\"@type\":\"ImageObject\",\"inLanguage\":\"de\",\"@id\":\"https:\/\/nebula.org\/blog\/de\/#\/schema\/logo\/image\/\",\"url\":\"\",\"contentUrl\":\"\",\"caption\":\"Nebula Genomics\"},\"image\":{\"@id\":\"https:\/\/nebula.org\/blog\/de\/#\/schema\/logo\/image\/\"},\"sameAs\":[\"https:\/\/facebook.com\/nebulagenomics\",\"https:\/\/twitter.com\/nebulagenomics\",\"https:\/\/www.instagram.com\/nebulagenomics\/\",\"https:\/\/www.linkedin.com\/company\/nebula-genomics\/\",\"https:\/\/en.wikipedia.org\/wiki\/Nebula_Genomics\"]},{\"@type\":\"Person\",\"@id\":\"https:\/\/nebula.org\/blog\/de\/#\/schema\/person\/b7bd0a490f115d1d931c33eed922af4e\",\"name\":\"Garrett Dunlap, B.S.\",\"image\":{\"@type\":\"ImageObject\",\"inLanguage\":\"de\",\"@id\":\"https:\/\/nebula.org\/blog\/de\/#\/schema\/person\/image\/\",\"url\":\"https:\/\/secure.gravatar.com\/avatar\/32fb6e0dbc7e0bac908b0f23ea6ed5ec?s=96&d=mm&r=g\",\"contentUrl\":\"https:\/\/secure.gravatar.com\/avatar\/32fb6e0dbc7e0bac908b0f23ea6ed5ec?s=96&d=mm&r=g\",\"caption\":\"Garrett Dunlap, B.S.\"},\"description\":\"Garrett Dunlap earned a B.S. in Biology from Case Western Reserve University with a minor in Political Science. He earned an M.S. and is currently a Ph.D. Candidate in the Biological and Biomedical Sciences (BBS) Ph.D. program at Harvard University.\u00a0He has experience in science policy as an intern at the Science and Innovation Network where he assisted in the science diplomacy functions of the British Consulate-General and as a research associate at TScan Therapeutics. He is also interested in science communication and writing. You can read more about Garrett's experience and publications on LinkedIn and ORCID.\",\"sameAs\":[\"https:\/\/nebula.org\/whole-genome-sequencing\/\"],\"url\":\"https:\/\/nebula.org\/blog\/de\/author\/garrett-dunlap\/\"}]}<\/script>\n<!-- \/ Yoast SEO plugin. -->","yoast_head_json":{"title":"Die Genetik der Lippenspalte (Yun, 2019)","description":"Eine nicht syndromale Lippenspalte mit \/ ohne Gaumenspalte ist mit einer genetischen Variante in einer langen, nicht kodierenden Region des Genoms assoziiert.","robots":{"index":"index","follow":"follow","max-snippet":"max-snippet:-1","max-image-preview":"max-image-preview:large","max-video-preview":"max-video-preview:-1"},"canonical":"https:\/\/nebula.org\/blog\/de\/genetik-der-lippenspalte-yun-2019\/","og_locale":"de_DE","og_type":"article","og_title":"Die Genetik der Lippenspalte (Yun, 2019)","og_description":"Eine nicht syndromale Lippenspalte mit \/ ohne Gaumenspalte ist mit einer genetischen Variante in einer langen, nicht kodierenden Region des Genoms assoziiert.","og_url":"https:\/\/nebula.org\/blog\/de\/genetik-der-lippenspalte-yun-2019\/","og_site_name":"Nebula Genomics Blog","article_publisher":"https:\/\/facebook.com\/nebulagenomics","article_published_time":"2021-01-06T05:30:04+00:00","article_modified_time":"2021-02-21T01:54:05+00:00","og_image":[{"width":924,"height":616,"url":"https:\/\/nebula.org\/blog\/wp-content\/uploads\/2020\/02\/joshua-reddekopp-qLFJKFBppPM-unsplash-scaled.jpg","type":"image\/jpeg"}],"author":"Garrett Dunlap, B.S.","twitter_card":"summary_large_image","twitter_creator":"@nebulagenomics","twitter_site":"@nebulagenomics","twitter_misc":{"Verfasst von":"Garrett Dunlap, B.S.","Gesch\u00e4tzte Lesezeit":"1\u00a0Minute"},"schema":{"@context":"https:\/\/schema.org","@graph":[{"@type":"Article","@id":"https:\/\/nebula.org\/blog\/de\/genetik-der-lippenspalte-yun-2019\/#article","isPartOf":{"@id":"https:\/\/nebula.org\/blog\/de\/genetik-der-lippenspalte-yun-2019\/"},"author":{"name":"Garrett Dunlap, B.S.","@id":"https:\/\/nebula.org\/blog\/de\/#\/schema\/person\/b7bd0a490f115d1d931c33eed922af4e"},"headline":"Lippenspalte (Yun, 2019)","datePublished":"2021-01-06T05:30:04+00:00","dateModified":"2021-02-21T01:54:05+00:00","mainEntityOfPage":{"@id":"https:\/\/nebula.org\/blog\/de\/genetik-der-lippenspalte-yun-2019\/"},"wordCount":220,"publisher":{"@id":"https:\/\/nebula.org\/blog\/de\/#organization"},"articleSection":["Berichte"],"inLanguage":"de"},{"@type":"WebPage","@id":"https:\/\/nebula.org\/blog\/de\/genetik-der-lippenspalte-yun-2019\/","url":"https:\/\/nebula.org\/blog\/de\/genetik-der-lippenspalte-yun-2019\/","name":"Die Genetik der Lippenspalte (Yun, 2019)","isPartOf":{"@id":"https:\/\/nebula.org\/blog\/de\/#website"},"datePublished":"2021-01-06T05:30:04+00:00","dateModified":"2021-02-21T01:54:05+00:00","description":"Eine nicht syndromale Lippenspalte mit \/ ohne Gaumenspalte ist mit einer genetischen Variante in einer langen, nicht kodierenden Region des Genoms assoziiert.","breadcrumb":{"@id":"https:\/\/nebula.org\/blog\/de\/genetik-der-lippenspalte-yun-2019\/#breadcrumb"},"inLanguage":"de","potentialAction":[{"@type":"ReadAction","target":["https:\/\/nebula.org\/blog\/de\/genetik-der-lippenspalte-yun-2019\/"]}]},{"@type":"BreadcrumbList","@id":"https:\/\/nebula.org\/blog\/de\/genetik-der-lippenspalte-yun-2019\/#breadcrumb","itemListElement":[{"@type":"ListItem","position":1,"name":"Home","item":"https:\/\/nebula.org\/blog\/de\/"},{"@type":"ListItem","position":2,"name":"Lippenspalte (Yun, 2019)"}]},{"@type":"WebSite","@id":"https:\/\/nebula.org\/blog\/de\/#website","url":"https:\/\/nebula.org\/blog\/de\/","name":"Nebula Genomics Blog","description":"","publisher":{"@id":"https:\/\/nebula.org\/blog\/de\/#organization"},"potentialAction":[{"@type":"SearchAction","target":{"@type":"EntryPoint","urlTemplate":"https:\/\/nebula.org\/blog\/de\/?s={search_term_string}"},"query-input":"required name=search_term_string"}],"inLanguage":"de"},{"@type":"Organization","@id":"https:\/\/nebula.org\/blog\/de\/#organization","name":"Nebula Genomics","url":"https:\/\/nebula.org\/blog\/de\/","logo":{"@type":"ImageObject","inLanguage":"de","@id":"https:\/\/nebula.org\/blog\/de\/#\/schema\/logo\/image\/","url":"","contentUrl":"","caption":"Nebula Genomics"},"image":{"@id":"https:\/\/nebula.org\/blog\/de\/#\/schema\/logo\/image\/"},"sameAs":["https:\/\/facebook.com\/nebulagenomics","https:\/\/twitter.com\/nebulagenomics","https:\/\/www.instagram.com\/nebulagenomics\/","https:\/\/www.linkedin.com\/company\/nebula-genomics\/","https:\/\/en.wikipedia.org\/wiki\/Nebula_Genomics"]},{"@type":"Person","@id":"https:\/\/nebula.org\/blog\/de\/#\/schema\/person\/b7bd0a490f115d1d931c33eed922af4e","name":"Garrett Dunlap, B.S.","image":{"@type":"ImageObject","inLanguage":"de","@id":"https:\/\/nebula.org\/blog\/de\/#\/schema\/person\/image\/","url":"https:\/\/secure.gravatar.com\/avatar\/32fb6e0dbc7e0bac908b0f23ea6ed5ec?s=96&d=mm&r=g","contentUrl":"https:\/\/secure.gravatar.com\/avatar\/32fb6e0dbc7e0bac908b0f23ea6ed5ec?s=96&d=mm&r=g","caption":"Garrett Dunlap, B.S."},"description":"Garrett Dunlap earned a B.S. in Biology from Case Western Reserve University with a minor in Political Science. He earned an M.S. and is currently a Ph.D. Candidate in the Biological and Biomedical Sciences (BBS) Ph.D. program at Harvard University.\u00a0He has experience in science policy as an intern at the Science and Innovation Network where he assisted in the science diplomacy functions of the British Consulate-General and as a research associate at TScan Therapeutics. He is also interested in science communication and writing. You can read more about Garrett's experience and publications on LinkedIn and ORCID.","sameAs":["https:\/\/nebula.org\/whole-genome-sequencing\/"],"url":"https:\/\/nebula.org\/blog\/de\/author\/garrett-dunlap\/"}]}},"_links":{"self":[{"href":"https:\/\/nebula.org\/blog\/de\/wp-json\/wp\/v2\/posts\/10537","targetHints":{"allow":["GET"]}}],"collection":[{"href":"https:\/\/nebula.org\/blog\/de\/wp-json\/wp\/v2\/posts"}],"about":[{"href":"https:\/\/nebula.org\/blog\/de\/wp-json\/wp\/v2\/types\/post"}],"author":[{"embeddable":true,"href":"https:\/\/nebula.org\/blog\/de\/wp-json\/wp\/v2\/users\/12"}],"replies":[{"embeddable":true,"href":"https:\/\/nebula.org\/blog\/de\/wp-json\/wp\/v2\/comments?post=10537"}],"version-history":[{"count":0,"href":"https:\/\/nebula.org\/blog\/de\/wp-json\/wp\/v2\/posts\/10537\/revisions"}],"wp:featuredmedia":[{"embeddable":true,"href":"https:\/\/nebula.org\/blog\/de\/wp-json\/wp\/v2\/media\/5456"}],"wp:attachment":[{"href":"https:\/\/nebula.org\/blog\/de\/wp-json\/wp\/v2\/media?parent=10537"}],"wp:term":[{"taxonomy":"category","embeddable":true,"href":"https:\/\/nebula.org\/blog\/de\/wp-json\/wp\/v2\/categories?post=10537"},{"taxonomy":"post_tag","embeddable":true,"href":"https:\/\/nebula.org\/blog\/de\/wp-json\/wp\/v2\/tags?post=10537"}],"curies":[{"name":"wp","href":"https:\/\/api.w.org\/{rel}","templated":true}]}}