{"id":10777,"date":"2021-01-06T00:35:07","date_gmt":"2021-01-06T05:35:07","guid":{"rendered":"https:\/\/nebula.org\/blog\/genetik-der-idiopathischen-lungen-fibrose-allen-2019\/"},"modified":"2021-02-20T20:35:12","modified_gmt":"2021-02-21T01:35:12","slug":"genetik-der-idiopathischen-lungen-fibrose-allen-2019","status":"publish","type":"post","link":"https:\/\/nebula.org\/blog\/de\/genetik-der-idiopathischen-lungen-fibrose-allen-2019\/","title":{"rendered":"Idiopathische Lungenfibrose (Allen, 2019)"},"content":{"rendered":"\n<p><strong>STUDIENTITEL:<\/strong><a href=\"https:\/\/www.atsjournals.org\/doi\/10.1164\/rccm.201905-1017OC\"> Genomweite Assoziationsstudie zur Anf\u00e4lligkeit f\u00fcr idiopathische Lungenfibrose<\/a><\/p>\n\n<p><strong>ZUSAMMENFASSUNG:<\/strong> Identifizierung von 5 neuen Varianten im Zusammenhang mit<em> idiopathisch<\/em><em> Lungen<\/em><em> Fibrose<\/em> .<\/p>\n\n<p><strong>\u00dcBERBLICK:<\/strong><em> Idiopathisch<\/em><em> Lungen<\/em><em> Fibrose<\/em> (IPF) ist a<em> progressiv<\/em> Lungenerkrankung, die durch Narbenbildung in der Lunge gekennzeichnet ist und das Atmen erschwert. In den USA werden j\u00e4hrlich \u00fcber 15.000 neue F\u00e4lle von IPF gemeldet. Die Ursache von IPF ist jedoch nicht bekannt und es gibt auch keine Heilung. In dieser Studie wurde versucht, genetische Faktoren zu identifizieren, die zum Risiko der Entwicklung von IPF beitragen. Die Forscher verwendeten Daten von \u00fcber 11.000 Personen europ\u00e4ischer Herkunft. Sie identifizierten 5 neue Varianten, die mit der Anf\u00e4lligkeit f\u00fcr IPF assoziiert sind, und best\u00e4tigten 11 zuvor berichtete Varianten. Zwei der neuen Varianten sind nahe Gene, die regulieren<em> Chromosom<\/em> Trennung w\u00e4hrend<em> Zellteilung<\/em> Dies deutet darauf hin, dass das Risiko f\u00fcr IPF an grundlegende Prozesse auf zellul\u00e4rer Ebene gebunden ist.<\/p>\n\n<p><strong>HAST DU GEWUSST?<\/strong> Obwohl die Ursache von IPF unbekannt ist, geh\u00f6ren zu den m\u00f6glichen Risikofaktoren das Rauchen in der Vergangenheit und die Arbeit mit Staub oder D\u00e4mpfen. Das Alter ist auch ein Risikofaktor &#8211; die Krankheit entwickelt sich allm\u00e4hlich, was bedeutet, dass die Symptome m\u00f6glicherweise erst sichtbar werden, wenn sie schwerwiegend sind. <a rel=\"noreferrer noopener\" href=\"https:\/\/my.clevelandclinic.org\/health\/diseases\/10959-idiopathic-pulmonary-fibrosis\" target=\"_blank\">[SOURCE]<\/a><\/p>\n\n<p><strong>BEISPIELERGEBNISSE:<\/strong> Erfahren Sie mehr \u00fcber die<a href=\"https:\/\/nebula.org\/blog\/de\/nebula-library-unlocking-gen-forschung\/\"> Nebula Research Library<\/a> . <\/p>\n\n<figure class=\"wp-block-image size-large\"><a href=\"https:\/\/nebula.org\/free-dna-upload-analysis\/\"><img decoding=\"async\" width=\"1024\" height=\"375\" src=\"https:\/\/nebula.org\/blog\/wp-content\/uploads\/2020\/01\/Nebula-personalized-results-genomics-1024x375.png\" alt=\"Ergebnisse der idiopathischen Lungenfibroseprobe.\" class=\"wp-image-1066\" srcset=\"https:\/\/nebula.org\/blog\/wp-content\/uploads\/2020\/01\/Nebula-personalized-results-genomics-1024x375.png 1024w, https:\/\/nebula.org\/blog\/wp-content\/uploads\/2020\/01\/Nebula-personalized-results-genomics-300x110.png 300w, https:\/\/nebula.org\/blog\/wp-content\/uploads\/2020\/01\/Nebula-personalized-results-genomics-768x281.png 768w, https:\/\/nebula.org\/blog\/wp-content\/uploads\/2020\/01\/Nebula-personalized-results-genomics-1536x562.png 1536w, https:\/\/nebula.org\/blog\/wp-content\/uploads\/2020\/01\/Nebula-personalized-results-genomics.png 924w\" sizes=\"(max-width: 1024px) 100vw, 1024px\" \/><\/a><\/figure>\n\n<p><\/p>\n\n<p><strong>IPF-ASSOZIIERTE VARIANTEN:<\/strong> rs35705950, rs2076295, rs7725218, rs2077551, rs59424629, rs2897075, rs2013701, rs12696304, rs12699415, rs12610495, rs62023891, rs9577395, rs62023891, rs9577395, rs62023891, rs9577395, rs62023891, rs9577395, rs62023891<\/p>\n\n<p><strong>ZUS\u00c4TZLICHE RESSOURCEN:<\/strong><br\/><a rel=\"noreferrer noopener\" href=\"https:\/\/www.nhlbi.nih.gov\/health-topics\/idiopathic-pulmonary-fibrosis\" target=\"_blank\">Idiopathische Lungenfibrose<\/a><br\/><a rel=\"noreferrer noopener\" href=\"https:\/\/www.youtube.com\/watch?v=Aw9OJLTlClQ\" target=\"_blank\">Lungenanatomie (Video)<\/a><\/p>\n\n<p><strong>W\u00d6CHENTLICHES UPDATE:<\/strong> 16. M\u00e4rz 2020<\/p>\n","protected":false},"excerpt":{"rendered":"<p>STUDIENTITEL: Genomweite Assoziationsstudie zur Anf\u00e4lligkeit f\u00fcr idiopathische Lungenfibrose ZUSAMMENFASSUNG: Identifizierung von 5 neuen Varianten im Zusammenhang mit idiopathisch Lungen Fibrose . \u00dcBERBLICK: Idiopathisch Lungen Fibrose (IPF) ist a progressiv Lungenerkrankung, die durch Narbenbildung in der Lunge gekennzeichnet ist und das &hellip;<\/p>\n<p class=\"read-more\"> <a class=\"ast-button\" href=\"https:\/\/nebula.org\/blog\/de\/genetik-der-idiopathischen-lungen-fibrose-allen-2019\/\"> <span class=\"screen-reader-text\">Idiopathische Lungenfibrose (Allen, 2019)<\/span> Read More \u00bb<\/a><\/p>\n","protected":false},"author":12,"featured_media":5406,"comment_status":"closed","ping_status":"closed","sticky":false,"template":"","format":"standard","meta":{"om_disable_all_campaigns":false,"site-sidebar-layout":"default","site-content-layout":"default","ast-global-header-display":"","ast-banner-title-visibility":"","ast-main-header-display":"","ast-hfb-above-header-display":"","ast-hfb-below-header-display":"","ast-hfb-mobile-header-display":"","site-post-title":"","ast-breadcrumbs-content":"","ast-featured-img":"","footer-sml-layout":"","theme-transparent-header-meta":"default","adv-header-id-meta":"","stick-header-meta":"default","header-above-stick-meta":"","header-main-stick-meta":"","header-below-stick-meta":"","_FSMCFIC_featured_image_caption":"","_FSMCFIC_featured_image_nocaption":"","_FSMCFIC_featured_image_hide":"","footnotes":""},"categories":[4980],"tags":[],"class_list":["post-10777","post","type-post","status-publish","format-standard","has-post-thumbnail","hentry","category-berichte"],"yoast_head":"<!-- This site is optimized with the Yoast SEO plugin v20.13 - https:\/\/yoast.com\/wordpress\/plugins\/seo\/ -->\n<title>Die Genetik der idiopathischen Lungenfibrose (Allen, 2019)<\/title>\n<meta name=\"description\" content=\"Laden Sie Ihr DNA-Datum hoch, untersuchen Sie genetische Varianten im Zusammenhang mit idiopathischer Lungenfibrose (Allen, 2019) und ermitteln Sie Ihren polygenen Score.\" \/>\n<meta name=\"robots\" content=\"index, follow, max-snippet:-1, max-image-preview:large, max-video-preview:-1\" \/>\n<link rel=\"canonical\" href=\"https:\/\/nebula.org\/blog\/de\/genetik-der-idiopathischen-lungen-fibrose-allen-2019\/\" \/>\n<meta property=\"og:locale\" content=\"de_DE\" \/>\n<meta property=\"og:type\" content=\"article\" \/>\n<meta property=\"og:title\" content=\"Die Genetik der idiopathischen Lungenfibrose (Allen, 2019)\" \/>\n<meta property=\"og:description\" content=\"Laden Sie Ihr DNA-Datum hoch, untersuchen Sie genetische Varianten im Zusammenhang mit idiopathischer Lungenfibrose (Allen, 2019) und ermitteln Sie Ihren polygenen Score.\" \/>\n<meta property=\"og:url\" content=\"https:\/\/nebula.org\/blog\/de\/genetik-der-idiopathischen-lungen-fibrose-allen-2019\/\" \/>\n<meta property=\"og:site_name\" content=\"Nebula Genomics Blog\" \/>\n<meta property=\"article:publisher\" content=\"https:\/\/facebook.com\/nebulagenomics\" \/>\n<meta property=\"article:published_time\" content=\"2021-01-06T05:35:07+00:00\" \/>\n<meta property=\"article:modified_time\" content=\"2021-02-21T01:35:12+00:00\" \/>\n<meta property=\"og:image\" content=\"https:\/\/nebula.org\/blog\/wp-content\/uploads\/2020\/01\/robina-weermeijer-Pw9aFhc92P8-unsplash-1-scaled.jpg\" \/>\n\t<meta property=\"og:image:width\" content=\"924\" \/>\n\t<meta property=\"og:image:height\" content=\"520\" \/>\n\t<meta property=\"og:image:type\" content=\"image\/jpeg\" \/>\n<meta name=\"author\" content=\"Garrett Dunlap, B.S.\" \/>\n<meta name=\"twitter:card\" content=\"summary_large_image\" \/>\n<meta name=\"twitter:creator\" content=\"@nebulagenomics\" \/>\n<meta name=\"twitter:site\" content=\"@nebulagenomics\" \/>\n<meta name=\"twitter:label1\" content=\"Verfasst von\" \/>\n\t<meta name=\"twitter:data1\" content=\"Garrett Dunlap, B.S.\" \/>\n\t<meta name=\"twitter:label2\" content=\"Gesch\u00e4tzte Lesezeit\" \/>\n\t<meta name=\"twitter:data2\" content=\"1\u00a0Minute\" \/>\n<script type=\"application\/ld+json\" class=\"yoast-schema-graph\">{\"@context\":\"https:\/\/schema.org\",\"@graph\":[{\"@type\":\"Article\",\"@id\":\"https:\/\/nebula.org\/blog\/de\/genetik-der-idiopathischen-lungen-fibrose-allen-2019\/#article\",\"isPartOf\":{\"@id\":\"https:\/\/nebula.org\/blog\/de\/genetik-der-idiopathischen-lungen-fibrose-allen-2019\/\"},\"author\":{\"name\":\"Garrett Dunlap, B.S.\",\"@id\":\"https:\/\/nebula.org\/blog\/de\/#\/schema\/person\/b7bd0a490f115d1d931c33eed922af4e\"},\"headline\":\"Idiopathische Lungenfibrose (Allen, 2019)\",\"datePublished\":\"2021-01-06T05:35:07+00:00\",\"dateModified\":\"2021-02-21T01:35:12+00:00\",\"mainEntityOfPage\":{\"@id\":\"https:\/\/nebula.org\/blog\/de\/genetik-der-idiopathischen-lungen-fibrose-allen-2019\/\"},\"wordCount\":252,\"publisher\":{\"@id\":\"https:\/\/nebula.org\/blog\/de\/#organization\"},\"articleSection\":[\"Berichte\"],\"inLanguage\":\"de\"},{\"@type\":\"WebPage\",\"@id\":\"https:\/\/nebula.org\/blog\/de\/genetik-der-idiopathischen-lungen-fibrose-allen-2019\/\",\"url\":\"https:\/\/nebula.org\/blog\/de\/genetik-der-idiopathischen-lungen-fibrose-allen-2019\/\",\"name\":\"Die Genetik der idiopathischen Lungenfibrose (Allen, 2019)\",\"isPartOf\":{\"@id\":\"https:\/\/nebula.org\/blog\/de\/#website\"},\"datePublished\":\"2021-01-06T05:35:07+00:00\",\"dateModified\":\"2021-02-21T01:35:12+00:00\",\"description\":\"Laden Sie Ihr DNA-Datum hoch, untersuchen Sie genetische Varianten im Zusammenhang mit idiopathischer Lungenfibrose (Allen, 2019) und ermitteln Sie Ihren polygenen Score.\",\"breadcrumb\":{\"@id\":\"https:\/\/nebula.org\/blog\/de\/genetik-der-idiopathischen-lungen-fibrose-allen-2019\/#breadcrumb\"},\"inLanguage\":\"de\",\"potentialAction\":[{\"@type\":\"ReadAction\",\"target\":[\"https:\/\/nebula.org\/blog\/de\/genetik-der-idiopathischen-lungen-fibrose-allen-2019\/\"]}]},{\"@type\":\"BreadcrumbList\",\"@id\":\"https:\/\/nebula.org\/blog\/de\/genetik-der-idiopathischen-lungen-fibrose-allen-2019\/#breadcrumb\",\"itemListElement\":[{\"@type\":\"ListItem\",\"position\":1,\"name\":\"Home\",\"item\":\"https:\/\/nebula.org\/blog\/de\/\"},{\"@type\":\"ListItem\",\"position\":2,\"name\":\"Idiopathische Lungenfibrose (Allen, 2019)\"}]},{\"@type\":\"WebSite\",\"@id\":\"https:\/\/nebula.org\/blog\/de\/#website\",\"url\":\"https:\/\/nebula.org\/blog\/de\/\",\"name\":\"Nebula Genomics Blog\",\"description\":\"\",\"publisher\":{\"@id\":\"https:\/\/nebula.org\/blog\/de\/#organization\"},\"potentialAction\":[{\"@type\":\"SearchAction\",\"target\":{\"@type\":\"EntryPoint\",\"urlTemplate\":\"https:\/\/nebula.org\/blog\/de\/?s={search_term_string}\"},\"query-input\":\"required name=search_term_string\"}],\"inLanguage\":\"de\"},{\"@type\":\"Organization\",\"@id\":\"https:\/\/nebula.org\/blog\/de\/#organization\",\"name\":\"Nebula Genomics\",\"url\":\"https:\/\/nebula.org\/blog\/de\/\",\"logo\":{\"@type\":\"ImageObject\",\"inLanguage\":\"de\",\"@id\":\"https:\/\/nebula.org\/blog\/de\/#\/schema\/logo\/image\/\",\"url\":\"\",\"contentUrl\":\"\",\"caption\":\"Nebula Genomics\"},\"image\":{\"@id\":\"https:\/\/nebula.org\/blog\/de\/#\/schema\/logo\/image\/\"},\"sameAs\":[\"https:\/\/facebook.com\/nebulagenomics\",\"https:\/\/twitter.com\/nebulagenomics\",\"https:\/\/www.instagram.com\/nebulagenomics\/\",\"https:\/\/www.linkedin.com\/company\/nebula-genomics\/\",\"https:\/\/en.wikipedia.org\/wiki\/Nebula_Genomics\"]},{\"@type\":\"Person\",\"@id\":\"https:\/\/nebula.org\/blog\/de\/#\/schema\/person\/b7bd0a490f115d1d931c33eed922af4e\",\"name\":\"Garrett Dunlap, B.S.\",\"image\":{\"@type\":\"ImageObject\",\"inLanguage\":\"de\",\"@id\":\"https:\/\/nebula.org\/blog\/de\/#\/schema\/person\/image\/\",\"url\":\"https:\/\/secure.gravatar.com\/avatar\/32fb6e0dbc7e0bac908b0f23ea6ed5ec?s=96&d=mm&r=g\",\"contentUrl\":\"https:\/\/secure.gravatar.com\/avatar\/32fb6e0dbc7e0bac908b0f23ea6ed5ec?s=96&d=mm&r=g\",\"caption\":\"Garrett Dunlap, B.S.\"},\"description\":\"Garrett Dunlap earned a B.S. in Biology from Case Western Reserve University with a minor in Political Science. He earned an M.S. and is currently a Ph.D. Candidate in the Biological and Biomedical Sciences (BBS) Ph.D. program at Harvard University.\u00a0He has experience in science policy as an intern at the Science and Innovation Network where he assisted in the science diplomacy functions of the British Consulate-General and as a research associate at TScan Therapeutics. He is also interested in science communication and writing. You can read more about Garrett's experience and publications on LinkedIn and ORCID.\",\"sameAs\":[\"https:\/\/nebula.org\/whole-genome-sequencing\/\"],\"url\":\"https:\/\/nebula.org\/blog\/de\/author\/garrett-dunlap\/\"}]}<\/script>\n<!-- \/ Yoast SEO plugin. -->","yoast_head_json":{"title":"Die Genetik der idiopathischen Lungenfibrose (Allen, 2019)","description":"Laden Sie Ihr DNA-Datum hoch, untersuchen Sie genetische Varianten im Zusammenhang mit idiopathischer Lungenfibrose (Allen, 2019) und ermitteln Sie Ihren polygenen Score.","robots":{"index":"index","follow":"follow","max-snippet":"max-snippet:-1","max-image-preview":"max-image-preview:large","max-video-preview":"max-video-preview:-1"},"canonical":"https:\/\/nebula.org\/blog\/de\/genetik-der-idiopathischen-lungen-fibrose-allen-2019\/","og_locale":"de_DE","og_type":"article","og_title":"Die Genetik der idiopathischen Lungenfibrose (Allen, 2019)","og_description":"Laden Sie Ihr DNA-Datum hoch, untersuchen Sie genetische Varianten im Zusammenhang mit idiopathischer Lungenfibrose (Allen, 2019) und ermitteln Sie Ihren polygenen Score.","og_url":"https:\/\/nebula.org\/blog\/de\/genetik-der-idiopathischen-lungen-fibrose-allen-2019\/","og_site_name":"Nebula Genomics Blog","article_publisher":"https:\/\/facebook.com\/nebulagenomics","article_published_time":"2021-01-06T05:35:07+00:00","article_modified_time":"2021-02-21T01:35:12+00:00","og_image":[{"width":924,"height":520,"url":"https:\/\/nebula.org\/blog\/wp-content\/uploads\/2020\/01\/robina-weermeijer-Pw9aFhc92P8-unsplash-1-scaled.jpg","type":"image\/jpeg"}],"author":"Garrett Dunlap, B.S.","twitter_card":"summary_large_image","twitter_creator":"@nebulagenomics","twitter_site":"@nebulagenomics","twitter_misc":{"Verfasst von":"Garrett Dunlap, B.S.","Gesch\u00e4tzte Lesezeit":"1\u00a0Minute"},"schema":{"@context":"https:\/\/schema.org","@graph":[{"@type":"Article","@id":"https:\/\/nebula.org\/blog\/de\/genetik-der-idiopathischen-lungen-fibrose-allen-2019\/#article","isPartOf":{"@id":"https:\/\/nebula.org\/blog\/de\/genetik-der-idiopathischen-lungen-fibrose-allen-2019\/"},"author":{"name":"Garrett Dunlap, B.S.","@id":"https:\/\/nebula.org\/blog\/de\/#\/schema\/person\/b7bd0a490f115d1d931c33eed922af4e"},"headline":"Idiopathische Lungenfibrose (Allen, 2019)","datePublished":"2021-01-06T05:35:07+00:00","dateModified":"2021-02-21T01:35:12+00:00","mainEntityOfPage":{"@id":"https:\/\/nebula.org\/blog\/de\/genetik-der-idiopathischen-lungen-fibrose-allen-2019\/"},"wordCount":252,"publisher":{"@id":"https:\/\/nebula.org\/blog\/de\/#organization"},"articleSection":["Berichte"],"inLanguage":"de"},{"@type":"WebPage","@id":"https:\/\/nebula.org\/blog\/de\/genetik-der-idiopathischen-lungen-fibrose-allen-2019\/","url":"https:\/\/nebula.org\/blog\/de\/genetik-der-idiopathischen-lungen-fibrose-allen-2019\/","name":"Die Genetik der idiopathischen Lungenfibrose (Allen, 2019)","isPartOf":{"@id":"https:\/\/nebula.org\/blog\/de\/#website"},"datePublished":"2021-01-06T05:35:07+00:00","dateModified":"2021-02-21T01:35:12+00:00","description":"Laden Sie Ihr DNA-Datum hoch, untersuchen Sie genetische Varianten im Zusammenhang mit idiopathischer Lungenfibrose (Allen, 2019) und ermitteln Sie Ihren polygenen Score.","breadcrumb":{"@id":"https:\/\/nebula.org\/blog\/de\/genetik-der-idiopathischen-lungen-fibrose-allen-2019\/#breadcrumb"},"inLanguage":"de","potentialAction":[{"@type":"ReadAction","target":["https:\/\/nebula.org\/blog\/de\/genetik-der-idiopathischen-lungen-fibrose-allen-2019\/"]}]},{"@type":"BreadcrumbList","@id":"https:\/\/nebula.org\/blog\/de\/genetik-der-idiopathischen-lungen-fibrose-allen-2019\/#breadcrumb","itemListElement":[{"@type":"ListItem","position":1,"name":"Home","item":"https:\/\/nebula.org\/blog\/de\/"},{"@type":"ListItem","position":2,"name":"Idiopathische Lungenfibrose (Allen, 2019)"}]},{"@type":"WebSite","@id":"https:\/\/nebula.org\/blog\/de\/#website","url":"https:\/\/nebula.org\/blog\/de\/","name":"Nebula Genomics Blog","description":"","publisher":{"@id":"https:\/\/nebula.org\/blog\/de\/#organization"},"potentialAction":[{"@type":"SearchAction","target":{"@type":"EntryPoint","urlTemplate":"https:\/\/nebula.org\/blog\/de\/?s={search_term_string}"},"query-input":"required name=search_term_string"}],"inLanguage":"de"},{"@type":"Organization","@id":"https:\/\/nebula.org\/blog\/de\/#organization","name":"Nebula Genomics","url":"https:\/\/nebula.org\/blog\/de\/","logo":{"@type":"ImageObject","inLanguage":"de","@id":"https:\/\/nebula.org\/blog\/de\/#\/schema\/logo\/image\/","url":"","contentUrl":"","caption":"Nebula Genomics"},"image":{"@id":"https:\/\/nebula.org\/blog\/de\/#\/schema\/logo\/image\/"},"sameAs":["https:\/\/facebook.com\/nebulagenomics","https:\/\/twitter.com\/nebulagenomics","https:\/\/www.instagram.com\/nebulagenomics\/","https:\/\/www.linkedin.com\/company\/nebula-genomics\/","https:\/\/en.wikipedia.org\/wiki\/Nebula_Genomics"]},{"@type":"Person","@id":"https:\/\/nebula.org\/blog\/de\/#\/schema\/person\/b7bd0a490f115d1d931c33eed922af4e","name":"Garrett Dunlap, B.S.","image":{"@type":"ImageObject","inLanguage":"de","@id":"https:\/\/nebula.org\/blog\/de\/#\/schema\/person\/image\/","url":"https:\/\/secure.gravatar.com\/avatar\/32fb6e0dbc7e0bac908b0f23ea6ed5ec?s=96&d=mm&r=g","contentUrl":"https:\/\/secure.gravatar.com\/avatar\/32fb6e0dbc7e0bac908b0f23ea6ed5ec?s=96&d=mm&r=g","caption":"Garrett Dunlap, B.S."},"description":"Garrett Dunlap earned a B.S. in Biology from Case Western Reserve University with a minor in Political Science. He earned an M.S. and is currently a Ph.D. Candidate in the Biological and Biomedical Sciences (BBS) Ph.D. program at Harvard University.\u00a0He has experience in science policy as an intern at the Science and Innovation Network where he assisted in the science diplomacy functions of the British Consulate-General and as a research associate at TScan Therapeutics. He is also interested in science communication and writing. You can read more about Garrett's experience and publications on LinkedIn and ORCID.","sameAs":["https:\/\/nebula.org\/whole-genome-sequencing\/"],"url":"https:\/\/nebula.org\/blog\/de\/author\/garrett-dunlap\/"}]}},"_links":{"self":[{"href":"https:\/\/nebula.org\/blog\/de\/wp-json\/wp\/v2\/posts\/10777","targetHints":{"allow":["GET"]}}],"collection":[{"href":"https:\/\/nebula.org\/blog\/de\/wp-json\/wp\/v2\/posts"}],"about":[{"href":"https:\/\/nebula.org\/blog\/de\/wp-json\/wp\/v2\/types\/post"}],"author":[{"embeddable":true,"href":"https:\/\/nebula.org\/blog\/de\/wp-json\/wp\/v2\/users\/12"}],"replies":[{"embeddable":true,"href":"https:\/\/nebula.org\/blog\/de\/wp-json\/wp\/v2\/comments?post=10777"}],"version-history":[{"count":0,"href":"https:\/\/nebula.org\/blog\/de\/wp-json\/wp\/v2\/posts\/10777\/revisions"}],"wp:featuredmedia":[{"embeddable":true,"href":"https:\/\/nebula.org\/blog\/de\/wp-json\/wp\/v2\/media\/5406"}],"wp:attachment":[{"href":"https:\/\/nebula.org\/blog\/de\/wp-json\/wp\/v2\/media?parent=10777"}],"wp:term":[{"taxonomy":"category","embeddable":true,"href":"https:\/\/nebula.org\/blog\/de\/wp-json\/wp\/v2\/categories?post=10777"},{"taxonomy":"post_tag","embeddable":true,"href":"https:\/\/nebula.org\/blog\/de\/wp-json\/wp\/v2\/tags?post=10777"}],"curies":[{"name":"wp","href":"https:\/\/api.w.org\/{rel}","templated":true}]}}