{"id":9823,"date":"2021-01-06T00:01:25","date_gmt":"2021-01-06T05:01:25","guid":{"rendered":"https:\/\/nebula.org\/blog\/ist-depression-genetisch\/"},"modified":"2021-02-25T10:37:22","modified_gmt":"2021-02-25T15:37:22","slug":"ist-depression-genetisch","status":"publish","type":"post","link":"https:\/\/nebula.org\/blog\/de\/ist-depression-genetisch\/","title":{"rendered":"Depression (Power, 2017) &#8211; Ist Depression genetisch bedingt?"},"content":{"rendered":"\n<h2 class=\"wp-block-heading\" id=\"h-nebula-genomics-dna-report-for-depression\"><strong>Nebula Genomics DNA-Bericht f\u00fcr Depressionen<\/strong><\/h2>\n\n<p>Ist Depression genetisch bedingt? Wir haben einen DNA-Bericht erstellt, der auf einer Studie basiert, die versucht hat, diese Frage zu beantworten. Unten sehen Sie einen SAMPLE DNA-Bericht. Kaufen Sie unseren, um Ihren personalisierten DNA-Bericht zu erhalten<a href=\"https:\/\/nebula.org\/whole-genome-sequencing\/\"> Sequenzierung des gesamten Genoms<\/a> !<\/p>\n\n<div class=\"wp-block-image\"><figure class=\"aligncenter size-large is-resized\"><img decoding=\"async\" src=\"https:\/\/nebula.org\/blog\/wp-content\/uploads\/2020\/12\/Power-1.png\" alt=\"Ist Depression genetisch bedingt? Beispielbericht von Nebula Genomics\" class=\"wp-image-7541\" width=\"551\" height=\"592\" srcset=\"https:\/\/nebula.org\/blog\/wp-content\/uploads\/2020\/12\/Power-1.png 551w, https:\/\/nebula.org\/blog\/wp-content\/uploads\/2020\/12\/Power-1-279x300.png 279w, https:\/\/nebula.org\/blog\/wp-content\/uploads\/2020\/12\/Power-1-11x12.png 11w\" sizes=\"(max-width: 551px) 100vw, 551px\" \/><\/figure><\/div>\n\n<div class=\"wp-block-image\"><figure class=\"aligncenter size-large is-resized\"><img decoding=\"async\" src=\"https:\/\/nebula.org\/blog\/wp-content\/uploads\/2020\/12\/Power-2.png\" alt=\"Ist Depression genetisch bedingt? Beispielberichtsvarianten von Nebula Genomics\" class=\"wp-image-7546\" width=\"555\" height=\"164\" srcset=\"https:\/\/nebula.org\/blog\/wp-content\/uploads\/2020\/12\/Power-2.png 555w, https:\/\/nebula.org\/blog\/wp-content\/uploads\/2020\/12\/Power-2-300x89.png 300w, https:\/\/nebula.org\/blog\/wp-content\/uploads\/2020\/12\/Power-2-16x5.png 16w\" sizes=\"(max-width: 555px) 100vw, 555px\" \/><\/figure><\/div>\n\n<div class=\"wp-block-buttons aligncenter is-layout-flex wp-block-buttons-is-layout-flex\">\n<div class=\"wp-block-button\"><a class=\"wp-block-button__link has-vivid-cyan-blue-background-color has-background\" href=\"https:\/\/nebula.org\/whole-genome-sequencing\/\"><strong>Sequenzieren Sie Ihr Genom und greifen Sie auf \u00fcber 200 DNA-Berichte zu!<\/strong><\/a><\/div>\n<\/div>\n\n<div style=\"height:20px\" aria-hidden=\"true\" class=\"wp-block-spacer\"><\/div>\n\n<p>Weitere Berichte finden Sie in der<a> Nebelbibliothek<\/a> ::<\/p>\n\n<ul class=\"wp-block-list\"><li><a target=\"_blank\" href=\"https:\/\/nebula.org\/blog\/de\/ist-alzheimer-genetisch\/\" rel=\"noreferrer noopener\">(Kunkle 2019)<\/a> &#8211; Ist Alzheimer genetisch bedingt?<\/li><li><a target=\"_blank\" href=\"https:\/\/nebula.org\/blog\/de\/ist-alzheimer-krankheit-genetisch\/\" rel=\"noreferrer noopener\">(Dumitrescu 2020)<\/a> &#8211; Ist die Alzheimer-Krankheit genetisch bedingt?<\/li><li><a target=\"_blank\" href=\"https:\/\/nebula.org\/blog\/de\/ist-demenz-genetisch\/\" rel=\"noreferrer noopener\">(Deming 2019)<\/a> &#8211; Ist Demenz genetisch bedingt?<\/li><li><a target=\"_blank\" href=\"https:\/\/nebula.org\/blog\/is-depression-genetic-wray-2018\/\" rel=\"noreferrer noopener\">(Wray 2018)<\/a> &#8211; Ist eine psychische Erkrankung genetisch bedingt?<\/li><\/ul>\n\n<h2 class=\"wp-block-heading\" id=\"h-additional-information\"><strong>zus\u00e4tzliche Information<\/strong><\/h2>\n\n<h2 class=\"wp-block-heading\" id=\"h-what-is-depression-part-1-of-is-depression-genetic\"><strong>Was ist Depression? (Teil 1 von Ist Depression genetisch bedingt?)<\/strong><\/h2>\n\n<p>Depressionen (auch als Major Depression oder klinische Depression bezeichnet) sind Stimmungsst\u00f6rungen oder psychische Erkrankungen. Laut dem<a href=\"https:\/\/www.psychiatry.org\/patients-families\/depression\/what-is-depression\"> American Psychiatric Association<\/a> Es verursacht schwere Symptome, die sich darauf auswirken, wie eine Person ihre t\u00e4glichen Aktivit\u00e4ten f\u00fchlt, denkt und handhabt. Typische Symptome sind depressive Verstimmungen, Gr\u00fcbeln, ein Gef\u00fchl der Hoffnungslosigkeit und ein verminderter Antrieb. H\u00e4ufig gehen Freude und Lustgef\u00fchle, Selbstwertgef\u00fchl, Leistung, Empathie und Interesse am Leben verloren. Lebensfreude und Lebensqualit\u00e4t werden dadurch h\u00e4ufig beeintr\u00e4chtigt. <\/p>\n\n<p>Diese Beschwerden treten auch bei gesunden Menschen im Zusammenhang mit Trauer nach einer Verlusterfahrung auf und m\u00fcssen sich im Aussehen nicht von der klinischen St\u00f6rung unterscheiden. Normalerweise gehen sie jedoch alleine vorbei. Eine Krankheit liegt vor, wenn die Symptome \u00fcber einen unverh\u00e4ltnism\u00e4\u00dfig langen Zeitraum bestehen bleiben oder wenn ihre Schwere und Dauer in keinem Verh\u00e4ltnis zu den Faktoren stehen, die die Symptome ausl\u00f6sen.<\/p>\n\n<p>Es ist eine der h\u00e4ufigsten psychischen St\u00f6rungen in den Vereinigten Staaten. Bei einigen Personen kann die Krankheit die F\u00e4higkeit beeintr\u00e4chtigen oder einschr\u00e4nken, wichtige Lebensaktivit\u00e4ten auszuf\u00fchren.<\/p>\n\n<div class=\"wp-block-image\"><figure class=\"aligncenter size-large is-resized\"><img decoding=\"async\" src=\"https:\/\/nebula.org\/blog\/wp-content\/uploads\/2020\/12\/Power-3.png\" alt=\"Eine Person, die Anzeichen einer Depression zeigt\" class=\"wp-image-7551\" width=\"562\" height=\"563\" srcset=\"https:\/\/nebula.org\/blog\/wp-content\/uploads\/2020\/12\/Power-3.png 353w, https:\/\/nebula.org\/blog\/wp-content\/uploads\/2020\/12\/Power-3-300x300.png 300w, https:\/\/nebula.org\/blog\/wp-content\/uploads\/2020\/12\/Power-3-150x150.png 150w, https:\/\/nebula.org\/blog\/wp-content\/uploads\/2020\/12\/Power-3-12x12.png 12w\" sizes=\"(max-width: 562px) 100vw, 562px\" \/><figcaption>Depressionen beeinflussen die Stimmung und wie ein Individuum die t\u00e4glichen Aktivit\u00e4ten durchf\u00fchrt, f\u00fchlt und ausf\u00fchrt.<a href=\"https:\/\/www.flickr.com\/people\/40803964@N08\"> Sander van der Wel<\/a> .<a href=\"https:\/\/creativecommons.org\/licenses\/by-sa\/2.0\/deed.en\"> Namensnennung-Weitergabe unter gleichen Bedingungen 2.0 Generic<\/a> . <\/figcaption><\/figure><\/div>\n\n<h2 class=\"wp-block-heading\" id=\"h-is-depression-genetic\"><strong>Ist Depression genetisch bedingt?<\/strong><\/h2>\n\n<p>Die Ursachen f\u00fcr depressive St\u00f6rungen sind komplex und nur teilweise verstanden. Es gibt sowohl Veranlagungen als auch erworbene Anf\u00e4lligkeiten f\u00fcr ihre Entwicklung. Erworbene Anf\u00e4lligkeiten k\u00f6nnen durch biologische Faktoren und durch Umweltfaktoren wie sozialen oder psychischen Stress ausgel\u00f6st werden. Es ist sehr wahrscheinlich, dass eine Vielzahl von Faktoren beteiligt sind. Depressionen treten h\u00e4ufig in Familien auf und treten h\u00e4ufiger bei Personen auf, bei denen die Erkrankung in der Familienanamnese aufgetreten ist. <\/p>\n\n<p>Es wird vermutet, dass ein signifikanter genetischer Faktor f\u00fcr das Auftreten der Krankheit eine Variation in der Promotorregion des Serotonintransportergens 5-HTTLPR ist. Das Gen befindet sich auf Chromosom 17q11.1-q12 und kommt in der Population in verschiedenen Formen vor. Tr\u00e4ger der kurzen Version dieses Allels reagieren empfindlicher auf psychosozialen Stress und sollen das bis zu doppelte Risiko f\u00fcr Depressionen haben als Tr\u00e4ger der langen Allelversion. In zwei Metaanalysen in<a href=\"https:\/\/doi.org\/10.1001\/archgenpsychiatry.2010.189\"> 2011<\/a> wurde der Zusammenhang zwischen dem kurzen Allel und der Entwicklung einer Depression nach Stress best\u00e4tigt. In einer Metaanalyse in<a href=\"https:\/\/doi.org\/10.1016\/j.neuron.2014.01.027\"> 2014<\/a> Im Zusammenhang mit Depressionen wurden signifikante Daten f\u00fcr insgesamt sieben Kandidatengene gefunden: 5HTTP \/ SLC6A4, APOE, DRD4, GNB3, HTR1A, MTHFR und SLC6A3. <\/p>\n\n<p>Es gibt kein Depressionsgen. Jedoch mehrere<a href=\"https:\/\/www.verywellmind.com\/is-depression-genetic-1067317#citation-5\"> einzelne genetische Variationen<\/a> wurden in Verbindung gebracht, was es wahrscheinlicher macht, dass bei einem Individuum eine Depression entwickelt oder ausgel\u00f6st wird. Es ist sehr wahrscheinlich, dass genetische Varianten jeweils einen kleinen Beitrag zum Gesamtrisiko eines Individuums leisten. Mehrere gro\u00dfe<a href=\"https:\/\/doi.org\/10.1038\/s41588-018-0090-3\"> genomweite Studien<\/a> haben m\u00f6gliche Verbindungen vorgeschlagen. Viele sind mit Unternehmen f\u00fcr Genomtests verbunden, wie z<a href=\"https:\/\/link.springer.com\/article\/10.1007\/s11920-017-0803-9\"> 23andMe<\/a> . <\/p>\n\n<p>Es ist bekannt, dass Menschen mit Depressionen physische Unterschiede in ihrem Gehirn und ihrer Gehirnchemie aufweisen. \u00c4nderungen in Funktion und Wirkung von Neurotransmittern, die an der Aufrechterhaltung der Stimmungsstabilit\u00e4t beteiligt sind, k\u00f6nnen eine bedeutende Rolle spielen. Dar\u00fcber hinaus k\u00f6nnen Ver\u00e4nderungen im Hormonhaushalt des K\u00f6rpers die Erkrankung verursachen oder ausl\u00f6sen. Hormonver\u00e4nderungen k\u00f6nnen mit Schwangerschaft, Schilddr\u00fcsenproblemen, Wechseljahren oder anderen gesundheitlichen Problemen verbunden sein. Extremer Stress kann auch als Ausl\u00f6ser wirken, insbesondere wenn eine Person genetisch veranlagt ist. <\/p>\n\n<h2 class=\"wp-block-heading\" id=\"h-epidemiology-part-3-of-is-depression-genetic\"><strong>Epidemiologie (Teil 3 von Ist Depression genetisch bedingt?)<\/strong><\/h2>\n\n<p>Laut dem<a href=\"https:\/\/www.nimh.nih.gov\/health\/statistics\/major-depression.shtml\"> Nationales Institut f\u00fcr psychische Gesundheit<\/a> Sch\u00e4tzungsweise 17,3 Millionen Erwachsene in den USA (7,1% aller Erwachsenen in den USA) hatten 2017 mindestens eine schwere Depression. Die Pr\u00e4valenz war bei Frauen h\u00f6her als bei M\u00e4nnern. W\u00e4hrend die Erkrankung in jedem Alter auftreten kann, beginnt sie meistens im Teenageralter, 20er oder 30er Jahre. Die Pr\u00e4valenz ist bei Personen zwischen 18 und 25 Jahren am h\u00f6chsten. <\/p>\n\n<h2 class=\"wp-block-heading\" id=\"h-risk-factors-and-prevention-part-4-of-is-depression-genetic\"><strong>Risikofaktoren und Pr\u00e4vention (Teil 4 von Ist Depression genetisch bedingt?)<\/strong><\/h2>\n\n<p>Gem\u00e4\u00df<a href=\"https:\/\/www.mayoclinic.org\/diseases-conditions\/depression\/symptoms-causes\/syc-20356007\"> Mayo-Klinik<\/a> Zu den Faktoren, die das Risiko f\u00fcr die Entwicklung oder Ausl\u00f6sung von Depressionen zu erh\u00f6hen scheinen, geh\u00f6ren:<\/p>\n\n<ul class=\"wp-block-list\"><li>Depressive Pers\u00f6nlichkeitsmerkmale wie geringes Selbstwertgef\u00fchl und hohe F\u00e4lle von Abh\u00e4ngigkeit, Selbstkritik oder Pessimismus<\/li><li>Traumatische oder stressige Ereignisse<\/li><li>Eltern oder Geschwister oder andere Familienmitglieder mit Depressionen, bipolaren Depressionen, Alkoholismus oder Selbstmord zu haben<\/li><li>Lesbisch, schwul, bisexuell, transgener oder nicht bin\u00e4r sein<\/li><li>Anamnese anderer psychischer St\u00f6rungen<\/li><li>Missbrauch von Alkohol oder Drogen<\/li><li>Schwere oder chronische Krankheit<\/li><li>Bestimmte Medikamente wie Bluthochdruckmedikamente oder Schlaftabletten<\/li><\/ul>\n\n<p>Eine Person, die glaubt, gef\u00e4hrdet zu sein, kann einige Schritte unternehmen, um Episoden zu verhindern:<\/p>\n\n<ul class=\"wp-block-list\"><li>Ergreifen Sie Ma\u00dfnahmen, um Stress zu kontrollieren<\/li><li>Erreichen Sie Familie und Freunde<\/li><li>Lassen Sie sich fr\u00fchestens behandeln<\/li><li>Erw\u00e4gen Sie eine langfristige Erhaltungstherapie<\/li><\/ul>\n\n<h2 class=\"wp-block-heading\" id=\"h-characteristics-and-symptoms-part-5-of-is-depression-genetic\"><strong>Merkmale und Symptome (Teil 5 von Ist Depression genetisch bedingt?)<\/strong><\/h2>\n\n<p>Es gibt oft eine \u00dcberschneidung zwischen Symptomen einer depressiven St\u00f6rung und einer Angstst\u00f6rung sowie Symptomen einer bipolaren St\u00f6rung. Das<a href=\"https:\/\/www.psycom.net\/depression-definition-dsm-5-diagnostic-criteria\/\"> Diagnostisches und statistisches Handbuch f\u00fcr psychische St\u00f6rungen (DSM-5)<\/a> in den Vereinigten Staaten definiert Depression als:<\/p>\n\n<ul class=\"wp-block-list\"><li>Ein Zeitraum von mindestens zwei Wochen, in dem eine Person eine depressive Stimmung oder einen Verlust des Interesses oder der Freude an t\u00e4glichen Aktivit\u00e4ten hatte und die meisten bestimmten Symptome wie Schlaf-, Ess-, Energie-, Konzentrations- oder Selbstwertprobleme aufwies<\/li><li>Es wurden keine Ausschl\u00fcsse f\u00fcr Symptome einer Major Depression gemacht, die durch medizinische Erkrankungen, Substanzst\u00f6rungen oder Medikamente verursacht wurden<\/li><\/ul>\n\n<p>Nicht jeder mit der Krankheit erf\u00e4hrt jedes Symptom. Der Schweregrad, die H\u00e4ufigkeit, die L\u00e4nge und das Ausma\u00df der Depressionssymptome variieren stark je nach Person.<\/p>\n\n<div class=\"wp-block-image\"><figure class=\"aligncenter size-large is-resized\"><img decoding=\"async\" src=\"https:\/\/nebula.org\/blog\/wp-content\/uploads\/2020\/12\/Power-4.png\" alt=\"Ein Zyklus von Symptomen\" class=\"wp-image-7556\" width=\"560\" height=\"534\" srcset=\"https:\/\/nebula.org\/blog\/wp-content\/uploads\/2020\/12\/Power-4.png 411w, https:\/\/nebula.org\/blog\/wp-content\/uploads\/2020\/12\/Power-4-300x285.png 300w, https:\/\/nebula.org\/blog\/wp-content\/uploads\/2020\/12\/Power-4-13x12.png 13w\" sizes=\"(max-width: 560px) 100vw, 560px\" \/><figcaption>Symptome einer Depression, als Zyklus angesehen.<a href=\"https:\/\/creativecommons.org\/licenses\/by-sa\/4.0\/deed.en\"> Namensnennung-Weitergabe unter gleichen Bedingungen 4.0 International<\/a> .<\/figcaption><\/figure><\/div>\n\n<p>Einige Menschen k\u00f6nnen einmal in ihrem Leben unter Depressionen leiden, w\u00e4hrend andere mehrere Episoden haben. F\u00fcr viele sind die Symptome so deutlich, dass sie das t\u00e4gliche Leben und die Beziehungen zu anderen beeintr\u00e4chtigen. Wenn Sie sich depressiv f\u00fchlen, wird empfohlen, so bald wie m\u00f6glich einen Arzt oder eine psychiatrische Fachkraft aufzusuchen. <\/p>\n\n<p>Wenn Sie sich selbstmordgef\u00e4hrdet f\u00fchlen, sollten Sie sofort 911 oder Ihre \u00f6rtliche Notrufnummer anrufen. Die National Suicide Prevention Lifeline kann unter 1-800-273-TALK (1-800-273-8255) erreicht werden.<\/p>\n\n<h3 class=\"wp-block-heading\" id=\"h-children-and-young-adults\">Kinder und junge Erwachsene<\/h3>\n\n<p>Symptome k\u00f6nnen bei Kindern und jungen Erwachsenen schwieriger zu unterscheiden sein, da die depressiven Anzeichen durch alterstypisches Verhalten \u00fcberlagert werden. Dies erschwert die Diagnose. <\/p>\n\n<p>Bei j\u00fcngeren Kindern<a href=\"https:\/\/www.mayoclinic.org\/diseases-conditions\/depression\/symptoms-causes\/syc-20356007\"> zus\u00e4tzliche Symptome<\/a> kann Traurigkeit, Reizbarkeit, Anhaftung, Sorge, Schmerzen, Weigerung, zur Schule zu gehen oder Untergewicht sein. Jugendliche k\u00f6nnen dieselben Anzeichen zeigen und sich auch negativ und wertlos f\u00fchlen, \u00c4rger, schlechte Leistung oder Schulbesuch, sich missverstanden und \u00e4u\u00dferst empfindlich f\u00fchlen, Drogen oder Alkohol in der Freizeit konsumieren, zu viel essen oder schlafen, sich selbst verletzen, das Interesse am Normalen verlieren Aktivit\u00e4ten und Vermeidung sozialer Interaktion.<\/p>\n\n<h3 class=\"wp-block-heading\" id=\"h-older-adults\">\u00c4ltere Erwachsene<\/h3>\n\n<p>Depressionen bleiben bei \u00e4lteren Erwachsenen oft unerkannt und unbehandelt, da sie m\u00f6glicherweise nur ungern Hilfe suchen. Etwas<a href=\"https:\/\/www.mayoclinic.org\/diseases-conditions\/depression\/symptoms-causes\/syc-20356007\"> weniger offensichtliche Symptome<\/a> Zu den \u00e4lteren Erwachsenen z\u00e4hlen Ged\u00e4chtnisprobleme, Pers\u00f6nlichkeitsver\u00e4nderungen, k\u00f6rperliche Schmerzen, M\u00fcdigkeit, Appetitlosigkeit, Schlafst\u00f6rungen, Verlust des Interesses an Sex, mangelnde Geselligkeit und Selbstmordgef\u00fchle.<\/p>\n\n<h2 class=\"wp-block-heading\" id=\"h-forms-under-unique-circumstances-part-6-of-is-depression-genetic\"><strong>Formen unter einzigartigen Umst\u00e4nden (Teil 6 von Ist Depression genetisch bedingt?)<\/strong><\/h2>\n\n<p>Einige Formen der Depression treten zusammen mit dem Leben oder medizinischen Ereignissen auf. Ein Arzt kann einen Spezifizierer hinzuf\u00fcgen, um die Art der vorhandenen Depression zu kl\u00e4ren. Einige gebr\u00e4uchliche Typen sind:<\/p>\n\n<ul class=\"wp-block-list\"><li>Anhaltende depressive St\u00f6rung &#8211; eine depressive Stimmung, die \u00fcber zwei Jahre anh\u00e4lt<\/li><li>\u00c4ngstliche Not &#8211; begleitet von ungew\u00f6hnlicher Unruhe oder Sorge<\/li><li>Gemischte Merkmale &#8211; Depression und Manie<\/li><li>Psychotische Merkmale &#8211; Depressionen, begleitet von Wahnvorstellungen oder Halluzinationen<\/li><li>Peripartum &#8211; tritt w\u00e4hrend der Schwangerschaft oder in den Wochen oder Monaten nach der Entbindung auf (postpartale Depression)<\/li><li>Saisonale affektive St\u00f6rung &#8211; im Zusammenhang mit saisonalen Ver\u00e4nderungen und reduzierter Sonneneinstrahlung<\/li><\/ul>\n\n<div class=\"wp-block-image\"><figure class=\"aligncenter size-large is-resized\"><img decoding=\"async\" src=\"https:\/\/nebula.org\/blog\/wp-content\/uploads\/2020\/12\/Power-5.png\" alt=\"Ein Kind, das Anzeichen einer Depression zeigt\" class=\"wp-image-7561\" width=\"576\" height=\"383\" srcset=\"https:\/\/nebula.org\/blog\/wp-content\/uploads\/2020\/12\/Power-5.png 624w, https:\/\/nebula.org\/blog\/wp-content\/uploads\/2020\/12\/Power-5-300x200.png 300w, https:\/\/nebula.org\/blog\/wp-content\/uploads\/2020\/12\/Power-5-16x12.png 16w\" sizes=\"(max-width: 576px) 100vw, 576px\" \/><figcaption>Depressionen k\u00f6nnen bei Kindern und Jugendlichen anders diagnostiziert werden als bei Erwachsenen.<a href=\"https:\/\/www.pikist.com\/free-photo-syguo\"> Pikist.com<\/a> .<br\/><\/figcaption><\/figure><\/div>\n\n<h2 class=\"wp-block-heading\" id=\"h-diagnosis-part-7-of-is-depression-genetic\"><strong>Diagnose (Teil 7 von Ist Depression genetisch bedingt?)<\/strong><\/h2>\n\n<p>Depressionen werden am h\u00e4ufigsten von einem Hausarzt eines Psychiaters diagnostiziert. Die Krankheit wird diagnostiziert, wenn eine Person erlebt<a href=\"https:\/\/www.psycom.net\/depression-definition-dsm-5-diagnostic-criteria\/\"> f\u00fcnf oder mehr Symptome<\/a> s w\u00e4hrend eines Zeitraums von 2 Wochen und mindestens eines der Symptome ist entweder (1) depressive Verstimmung oder (2) Verlust des Interesses an Vergn\u00fcgen. <\/p>\n\n<p>M\u00f6gliche Symptome:<\/p>\n\n<ol class=\"wp-block-list\"><li>Deprimierte Stimmung fast den ganzen Tag, fast jeden Tag.<\/li><li>Deutlich vermindertes Interesse oder Vergn\u00fcgen an allen oder fast allen Aktivit\u00e4ten fast den ganzen Tag, fast jeden Tag.<\/li><li>Signifikanter Gewichtsverlust, wenn Sie nicht eine Di\u00e4t halten oder zunehmen oder fast t\u00e4glich den Appetit verringern oder steigern.<\/li><li>Eine Verlangsamung des Denkens und eine Verringerung der k\u00f6rperlichen Bewegung (von anderen beobachtbar, nicht nur subjektive Gef\u00fchle der Unruhe oder Verlangsamung).<\/li><li>M\u00fcdigkeit oder Energieverlust fast jeden Tag.<\/li><li>Fast jeden Tag Gef\u00fchle der Wertlosigkeit oder \u00fcberm\u00e4\u00dfigen oder unangemessenen Schuld.<\/li><li>Verminderte F\u00e4higkeit zu denken oder sich zu konzentrieren oder Unentschlossenheit fast jeden Tag.<\/li><li>Wiederkehrende Gedanken an den Tod, wiederkehrende Selbstmordgedanken ohne einen bestimmten Plan oder einen Selbstmordversuch oder einen bestimmten Plan zur Begehung von Selbstmord.<\/li><\/ol>\n\n<p>Ein Arzt kann<a href=\"https:\/\/www.mayoclinic.org\/diseases-conditions\/depression\/diagnosis-treatment\/drc-20356013\"> empfehlen<\/a> eine k\u00f6rperliche Untersuchung, Labortests, eine psychiatrische Untersuchung oder die Verwendung von DSM-5-Kriterien zur Diagnose einer Person. Eine k\u00f6rperliche Untersuchung kann feststellen, ob eine Depression mit einem zugrunde liegenden Gesundheitsproblem zusammenh\u00e4ngt. Ebenso k\u00f6nnen Labortests Probleme im Zusammenhang mit der Krankheit erkennen, wie z. B. eine abnormal funktionierende Schilddr\u00fcse. Die psychiatrische Untersuchung kann einen Fragebogen enthalten, der einem Psychologen hilft, Symptome, Gedanken, Gef\u00fchle und Verhaltensmuster zu analysieren. <\/p>\n\n<h2 class=\"wp-block-heading\" id=\"h-treatment-part-8-of-is-depression-genetic\"><strong>Behandlung (Teil 8 von Ist Depression genetisch bedingt?)<\/strong><\/h2>\n\n<p id=\"h-doctors-can-successfully-treat-depression-in-the-majority-of-individuals-possible-treatment-options-include-drug-treatment-with-antidepressants-psychotherapy-or-a-combination-of-drug-and-psychotherapeutic-treatment-which-is-increasingly-being-supplemented-and-supported-by-online-therapy-programs-other-therapy-methods-such-as-electroconvulsive-therapy-light-therapy-or-awake-therapy-sports-and-exercise-therapy-complement-the-treatment-options-the-success-of-treatment-depends-heavily-on-the-individual-and-it-often-takes-trial-and-error-to-determine-the-best-treatment\">\u00c4rzte k\u00f6nnen Depressionen bei den meisten Menschen erfolgreich behandeln. M\u00f6gliche Behandlungsm\u00f6glichkeiten sind eine medikament\u00f6se Behandlung mit Antidepressiva, eine Psychotherapie oder eine Kombination aus medikament\u00f6ser und psychotherapeutischer Behandlung, die zunehmend durch Online-Therapieprogramme erg\u00e4nzt und unterst\u00fctzt wird. Andere Therapiemethoden wie Elektrokrampftherapie, Lichttherapie oder Wachtherapie, Sport- und Bewegungstherapie erg\u00e4nzen die Behandlungsm\u00f6glichkeiten. Der Erfolg der Behandlung h\u00e4ngt stark vom Individuum ab und es erfordert oft Versuch und Irrtum, um die beste Behandlung zu bestimmen.<\/p>\n\n<div class=\"wp-block-image\"><figure class=\"aligncenter size-large is-resized\"><img decoding=\"async\" src=\"https:\/\/nebula.org\/blog\/wp-content\/uploads\/2020\/12\/Power-6.png\" alt=\"Eine Frau mit Anzeichen von Depressionen\" class=\"wp-image-7566\" width=\"578\" height=\"369\" srcset=\"https:\/\/nebula.org\/blog\/wp-content\/uploads\/2020\/12\/Power-6.png 624w, https:\/\/nebula.org\/blog\/wp-content\/uploads\/2020\/12\/Power-6-300x192.png 300w, https:\/\/nebula.org\/blog\/wp-content\/uploads\/2020\/12\/Power-6-16x10.png 16w\" sizes=\"(max-width: 578px) 100vw, 578px\" \/><figcaption>Eine Frau, die an Depressionen leidet.<a href=\"https:\/\/www.myupchar.com\/en\"> Autor<\/a> .<a href=\"https:\/\/creativecommons.org\/licenses\/by-sa\/4.0\/deed.en\"> Namensnennung-Weitergabe unter gleichen Bedingungen 4.0 International<\/a> .<\/figcaption><\/figure><\/div>\n\n<h3 class=\"wp-block-heading\" id=\"h-medications\">Medikamente<\/h3>\n\n<p>Depression ist eine Krankheit, die mit Antidepressiva behandelt wird. Sie verbessern die Art und Weise, wie das Gehirn bestimmte Chemikalien verwendet, um Stimmung oder Stress zu kontrollieren. Die Wirkung von Antidepressiva kann 2 bis 4 Wochen dauern. Das Absetzen von Antidepressiva erfordert die Konsultation eines Arztes und \u00e4rztlichen Rat. Ein pl\u00f6tzliches Anhalten kann zu Entzugserscheinungen f\u00fchren. <\/p>\n\n<h3 class=\"wp-block-heading\" id=\"h-psychotherapies\">Psychotherapien<\/h3>\n\n<p>Beispiele f\u00fcr erfolgreiche Psychotherapien sind kognitive Verhaltenstherapie (CBT), zwischenmenschliche Therapie (IPT) und Probleml\u00f6sungstherapie. <\/p>\n\n<h3 class=\"wp-block-heading\" id=\"h-brain-stimulation-therapies\">Hirnstimulationstherapien<\/h3>\n\n<p>Wenn Medikamente nicht wirksam erscheinen, kann eine Elektrokrampftherapie (ECT) empfohlen werden. ECT kann Menschen mit schwerer Depression helfen, bei denen herk\u00f6mmliche Medikamente nicht funktionierten oder nicht sicher eingenommen werden k\u00f6nnen. ECT kann einige Nebenwirkungen verursachen, einschlie\u00dflich kurzfristiger Verwirrung, Orientierungslosigkeit und Ged\u00e4chtnisverlust. Die Behandlung ist nicht schmerzhaft und die Patienten k\u00f6nnen keine elektrischen Impulse sp\u00fcren. Sie sollten immer einen Arzt konsultieren, bevor Sie sich einer ECT unterziehen.<\/p>\n\n<p>Bei hohem Leid und einem unbefriedigenden Ansprechen auf ambulante Therapie und Psychopharmaka &#8211; insbesondere bei unmittelbar bevorstehendem Selbstmord &#8211; sollte eine Behandlung in einer psychiatrischen Klinik in Betracht gezogen werden. Eine solche Behandlung bietet dem Patienten eine t\u00e4gliche Struktur und die M\u00f6glichkeit intensiverer psychotherapeutischer und medizinischer Ma\u00dfnahmen. <\/p>\n\n<p>Einige kluge Dinge, die w\u00e4hrend der Behandlung zu tun sind, umfassen Bewegung, realistische Ziele setzen, Zeit mit anderen verbringen, auf eine allm\u00e4hliche (nicht sofortige) Stimmungsverbesserung vorbereitet sein und sich weiter \u00fcber die Krankheit informieren. <\/p>\n\n<p>Hat Ihnen dieser Artikel gefallen? Weitere Berichte wie diesen finden Sie in der<a href=\"https:\/\/nebula.org\/blog\/de\/nebula-library-unlocking-gen-forschung\/\"> Nebula Research Library<\/a> ! Sie k\u00f6nnen auch \u00fcber Medikamente wie die Antidepressiva lesen<a href=\"https:\/\/nebula.org\/blog\/de\/lexapro-bewertung\/\"> Lexapro<\/a> und<a href=\"https:\/\/nebula.org\/blog\/de\/zoloft-review\/\"> Zoloft<\/a> , auf unserem Blog.<\/p>\n","protected":false},"excerpt":{"rendered":"<p>Nebula Genomics DNA-Bericht f\u00fcr Depressionen Ist Depression genetisch bedingt? Wir haben einen DNA-Bericht erstellt, der auf einer Studie basiert, die versucht hat, diese Frage zu beantworten. Unten sehen Sie einen SAMPLE DNA-Bericht. Kaufen Sie unseren, um Ihren personalisierten DNA-Bericht zu &hellip;<\/p>\n<p class=\"read-more\"> <a class=\"ast-button\" href=\"https:\/\/nebula.org\/blog\/de\/ist-depression-genetisch\/\"> <span class=\"screen-reader-text\">Depression (Power, 2017) &#8211; Ist Depression genetisch bedingt?<\/span> Read More \u00bb<\/a><\/p>\n","protected":false},"author":12,"featured_media":5596,"comment_status":"closed","ping_status":"closed","sticky":false,"template":"","format":"standard","meta":{"om_disable_all_campaigns":false,"site-sidebar-layout":"default","site-content-layout":"default","ast-global-header-display":"","ast-banner-title-visibility":"","ast-main-header-display":"","ast-hfb-above-header-display":"","ast-hfb-below-header-display":"","ast-hfb-mobile-header-display":"","site-post-title":"","ast-breadcrumbs-content":"","ast-featured-img":"","footer-sml-layout":"","theme-transparent-header-meta":"default","adv-header-id-meta":"","stick-header-meta":"default","header-above-stick-meta":"","header-main-stick-meta":"","header-below-stick-meta":"","_FSMCFIC_featured_image_caption":"","_FSMCFIC_featured_image_nocaption":"","_FSMCFIC_featured_image_hide":"","footnotes":""},"categories":[4980],"tags":[],"class_list":["post-9823","post","type-post","status-publish","format-standard","has-post-thumbnail","hentry","category-berichte"],"yoast_head":"<!-- This site is optimized with the Yoast SEO plugin v20.13 - https:\/\/yoast.com\/wordpress\/plugins\/seo\/ -->\n<title>Ist Depression genetisch bedingt? | Entschl\u00fcsseln Sie Ihre DNA und lernen Sie Ihre Risiken kennen!<\/title>\n<meta name=\"description\" content=\"Ist Depression genetisch bedingt? Eine genetische Variante in der N\u00e4he von Genen, die \u00fcblicherweise im Gehirn exprimiert werden, kann die Entwicklung von Depressionen beeinflussen.\" \/>\n<meta name=\"robots\" content=\"index, follow, max-snippet:-1, max-image-preview:large, max-video-preview:-1\" \/>\n<link rel=\"canonical\" href=\"https:\/\/nebula.org\/blog\/de\/ist-depression-genetisch\/\" \/>\n<meta property=\"og:locale\" content=\"de_DE\" \/>\n<meta property=\"og:type\" content=\"article\" \/>\n<meta property=\"og:title\" content=\"Ist Depression genetisch bedingt? | Entschl\u00fcsseln Sie Ihre DNA und lernen Sie Ihre Risiken kennen!\" \/>\n<meta property=\"og:description\" content=\"Ist Depression genetisch bedingt? Eine genetische Variante in der N\u00e4he von Genen, die \u00fcblicherweise im Gehirn exprimiert werden, kann die Entwicklung von Depressionen beeinflussen.\" \/>\n<meta property=\"og:url\" content=\"https:\/\/nebula.org\/blog\/de\/ist-depression-genetisch\/\" \/>\n<meta property=\"og:site_name\" content=\"Nebula Genomics Blog\" \/>\n<meta property=\"article:publisher\" content=\"https:\/\/facebook.com\/nebulagenomics\" \/>\n<meta property=\"article:published_time\" content=\"2021-01-06T05:01:25+00:00\" \/>\n<meta property=\"article:modified_time\" content=\"2021-02-25T15:37:22+00:00\" \/>\n<meta property=\"og:image\" content=\"https:\/\/nebula.org\/blog\/wp-content\/uploads\/2020\/02\/kristina-tripkovic-nwWUBsW6ud4-unsplash-scaled.jpg\" \/>\n\t<meta property=\"og:image:width\" content=\"924\" \/>\n\t<meta property=\"og:image:height\" content=\"616\" \/>\n\t<meta property=\"og:image:type\" content=\"image\/jpeg\" \/>\n<meta name=\"author\" content=\"Garrett Dunlap, B.S.\" \/>\n<meta name=\"twitter:card\" content=\"summary_large_image\" \/>\n<meta name=\"twitter:creator\" content=\"@nebulagenomics\" \/>\n<meta name=\"twitter:site\" content=\"@nebulagenomics\" \/>\n<meta name=\"twitter:label1\" content=\"Verfasst von\" \/>\n\t<meta name=\"twitter:data1\" content=\"Garrett Dunlap, B.S.\" \/>\n\t<meta name=\"twitter:label2\" content=\"Gesch\u00e4tzte Lesezeit\" \/>\n\t<meta name=\"twitter:data2\" content=\"10\u00a0Minuten\" \/>\n<script type=\"application\/ld+json\" class=\"yoast-schema-graph\">{\"@context\":\"https:\/\/schema.org\",\"@graph\":[{\"@type\":\"Article\",\"@id\":\"https:\/\/nebula.org\/blog\/de\/ist-depression-genetisch\/#article\",\"isPartOf\":{\"@id\":\"https:\/\/nebula.org\/blog\/de\/ist-depression-genetisch\/\"},\"author\":{\"name\":\"Garrett Dunlap, B.S.\",\"@id\":\"https:\/\/nebula.org\/blog\/de\/#\/schema\/person\/b7bd0a490f115d1d931c33eed922af4e\"},\"headline\":\"Depression (Power, 2017) &#8211; Ist Depression genetisch bedingt?\",\"datePublished\":\"2021-01-06T05:01:25+00:00\",\"dateModified\":\"2021-02-25T15:37:22+00:00\",\"mainEntityOfPage\":{\"@id\":\"https:\/\/nebula.org\/blog\/de\/ist-depression-genetisch\/\"},\"wordCount\":2035,\"publisher\":{\"@id\":\"https:\/\/nebula.org\/blog\/de\/#organization\"},\"articleSection\":[\"Berichte\"],\"inLanguage\":\"de\"},{\"@type\":\"WebPage\",\"@id\":\"https:\/\/nebula.org\/blog\/de\/ist-depression-genetisch\/\",\"url\":\"https:\/\/nebula.org\/blog\/de\/ist-depression-genetisch\/\",\"name\":\"Ist Depression genetisch bedingt? | Entschl\u00fcsseln Sie Ihre DNA und lernen Sie Ihre Risiken kennen!\",\"isPartOf\":{\"@id\":\"https:\/\/nebula.org\/blog\/de\/#website\"},\"datePublished\":\"2021-01-06T05:01:25+00:00\",\"dateModified\":\"2021-02-25T15:37:22+00:00\",\"description\":\"Ist Depression genetisch bedingt? Eine genetische Variante in der N\u00e4he von Genen, die \u00fcblicherweise im Gehirn exprimiert werden, kann die Entwicklung von Depressionen beeinflussen.\",\"breadcrumb\":{\"@id\":\"https:\/\/nebula.org\/blog\/de\/ist-depression-genetisch\/#breadcrumb\"},\"inLanguage\":\"de\",\"potentialAction\":[{\"@type\":\"ReadAction\",\"target\":[\"https:\/\/nebula.org\/blog\/de\/ist-depression-genetisch\/\"]}]},{\"@type\":\"BreadcrumbList\",\"@id\":\"https:\/\/nebula.org\/blog\/de\/ist-depression-genetisch\/#breadcrumb\",\"itemListElement\":[{\"@type\":\"ListItem\",\"position\":1,\"name\":\"Home\",\"item\":\"https:\/\/nebula.org\/blog\/de\/\"},{\"@type\":\"ListItem\",\"position\":2,\"name\":\"Depression (Power, 2017) &#8211; Ist Depression genetisch bedingt?\"}]},{\"@type\":\"WebSite\",\"@id\":\"https:\/\/nebula.org\/blog\/de\/#website\",\"url\":\"https:\/\/nebula.org\/blog\/de\/\",\"name\":\"Nebula Genomics Blog\",\"description\":\"\",\"publisher\":{\"@id\":\"https:\/\/nebula.org\/blog\/de\/#organization\"},\"potentialAction\":[{\"@type\":\"SearchAction\",\"target\":{\"@type\":\"EntryPoint\",\"urlTemplate\":\"https:\/\/nebula.org\/blog\/de\/?s={search_term_string}\"},\"query-input\":\"required name=search_term_string\"}],\"inLanguage\":\"de\"},{\"@type\":\"Organization\",\"@id\":\"https:\/\/nebula.org\/blog\/de\/#organization\",\"name\":\"Nebula Genomics\",\"url\":\"https:\/\/nebula.org\/blog\/de\/\",\"logo\":{\"@type\":\"ImageObject\",\"inLanguage\":\"de\",\"@id\":\"https:\/\/nebula.org\/blog\/de\/#\/schema\/logo\/image\/\",\"url\":\"\",\"contentUrl\":\"\",\"caption\":\"Nebula Genomics\"},\"image\":{\"@id\":\"https:\/\/nebula.org\/blog\/de\/#\/schema\/logo\/image\/\"},\"sameAs\":[\"https:\/\/facebook.com\/nebulagenomics\",\"https:\/\/twitter.com\/nebulagenomics\",\"https:\/\/www.instagram.com\/nebulagenomics\/\",\"https:\/\/www.linkedin.com\/company\/nebula-genomics\/\",\"https:\/\/en.wikipedia.org\/wiki\/Nebula_Genomics\"]},{\"@type\":\"Person\",\"@id\":\"https:\/\/nebula.org\/blog\/de\/#\/schema\/person\/b7bd0a490f115d1d931c33eed922af4e\",\"name\":\"Garrett Dunlap, B.S.\",\"image\":{\"@type\":\"ImageObject\",\"inLanguage\":\"de\",\"@id\":\"https:\/\/nebula.org\/blog\/de\/#\/schema\/person\/image\/\",\"url\":\"https:\/\/secure.gravatar.com\/avatar\/32fb6e0dbc7e0bac908b0f23ea6ed5ec?s=96&d=mm&r=g\",\"contentUrl\":\"https:\/\/secure.gravatar.com\/avatar\/32fb6e0dbc7e0bac908b0f23ea6ed5ec?s=96&d=mm&r=g\",\"caption\":\"Garrett Dunlap, B.S.\"},\"description\":\"Garrett Dunlap earned a B.S. in Biology from Case Western Reserve University with a minor in Political Science. He earned an M.S. and is currently a Ph.D. Candidate in the Biological and Biomedical Sciences (BBS) Ph.D. program at Harvard University.\u00a0He has experience in science policy as an intern at the Science and Innovation Network where he assisted in the science diplomacy functions of the British Consulate-General and as a research associate at TScan Therapeutics. He is also interested in science communication and writing. You can read more about Garrett's experience and publications on LinkedIn and ORCID.\",\"sameAs\":[\"https:\/\/nebula.org\/whole-genome-sequencing\/\"],\"url\":\"https:\/\/nebula.org\/blog\/de\/author\/garrett-dunlap\/\"}]}<\/script>\n<!-- \/ Yoast SEO plugin. -->","yoast_head_json":{"title":"Ist Depression genetisch bedingt? | Entschl\u00fcsseln Sie Ihre DNA und lernen Sie Ihre Risiken kennen!","description":"Ist Depression genetisch bedingt? Eine genetische Variante in der N\u00e4he von Genen, die \u00fcblicherweise im Gehirn exprimiert werden, kann die Entwicklung von Depressionen beeinflussen.","robots":{"index":"index","follow":"follow","max-snippet":"max-snippet:-1","max-image-preview":"max-image-preview:large","max-video-preview":"max-video-preview:-1"},"canonical":"https:\/\/nebula.org\/blog\/de\/ist-depression-genetisch\/","og_locale":"de_DE","og_type":"article","og_title":"Ist Depression genetisch bedingt? | Entschl\u00fcsseln Sie Ihre DNA und lernen Sie Ihre Risiken kennen!","og_description":"Ist Depression genetisch bedingt? Eine genetische Variante in der N\u00e4he von Genen, die \u00fcblicherweise im Gehirn exprimiert werden, kann die Entwicklung von Depressionen beeinflussen.","og_url":"https:\/\/nebula.org\/blog\/de\/ist-depression-genetisch\/","og_site_name":"Nebula Genomics Blog","article_publisher":"https:\/\/facebook.com\/nebulagenomics","article_published_time":"2021-01-06T05:01:25+00:00","article_modified_time":"2021-02-25T15:37:22+00:00","og_image":[{"width":924,"height":616,"url":"https:\/\/nebula.org\/blog\/wp-content\/uploads\/2020\/02\/kristina-tripkovic-nwWUBsW6ud4-unsplash-scaled.jpg","type":"image\/jpeg"}],"author":"Garrett Dunlap, B.S.","twitter_card":"summary_large_image","twitter_creator":"@nebulagenomics","twitter_site":"@nebulagenomics","twitter_misc":{"Verfasst von":"Garrett Dunlap, B.S.","Gesch\u00e4tzte Lesezeit":"10\u00a0Minuten"},"schema":{"@context":"https:\/\/schema.org","@graph":[{"@type":"Article","@id":"https:\/\/nebula.org\/blog\/de\/ist-depression-genetisch\/#article","isPartOf":{"@id":"https:\/\/nebula.org\/blog\/de\/ist-depression-genetisch\/"},"author":{"name":"Garrett Dunlap, B.S.","@id":"https:\/\/nebula.org\/blog\/de\/#\/schema\/person\/b7bd0a490f115d1d931c33eed922af4e"},"headline":"Depression (Power, 2017) &#8211; Ist Depression genetisch bedingt?","datePublished":"2021-01-06T05:01:25+00:00","dateModified":"2021-02-25T15:37:22+00:00","mainEntityOfPage":{"@id":"https:\/\/nebula.org\/blog\/de\/ist-depression-genetisch\/"},"wordCount":2035,"publisher":{"@id":"https:\/\/nebula.org\/blog\/de\/#organization"},"articleSection":["Berichte"],"inLanguage":"de"},{"@type":"WebPage","@id":"https:\/\/nebula.org\/blog\/de\/ist-depression-genetisch\/","url":"https:\/\/nebula.org\/blog\/de\/ist-depression-genetisch\/","name":"Ist Depression genetisch bedingt? | Entschl\u00fcsseln Sie Ihre DNA und lernen Sie Ihre Risiken kennen!","isPartOf":{"@id":"https:\/\/nebula.org\/blog\/de\/#website"},"datePublished":"2021-01-06T05:01:25+00:00","dateModified":"2021-02-25T15:37:22+00:00","description":"Ist Depression genetisch bedingt? Eine genetische Variante in der N\u00e4he von Genen, die \u00fcblicherweise im Gehirn exprimiert werden, kann die Entwicklung von Depressionen beeinflussen.","breadcrumb":{"@id":"https:\/\/nebula.org\/blog\/de\/ist-depression-genetisch\/#breadcrumb"},"inLanguage":"de","potentialAction":[{"@type":"ReadAction","target":["https:\/\/nebula.org\/blog\/de\/ist-depression-genetisch\/"]}]},{"@type":"BreadcrumbList","@id":"https:\/\/nebula.org\/blog\/de\/ist-depression-genetisch\/#breadcrumb","itemListElement":[{"@type":"ListItem","position":1,"name":"Home","item":"https:\/\/nebula.org\/blog\/de\/"},{"@type":"ListItem","position":2,"name":"Depression (Power, 2017) &#8211; Ist Depression genetisch bedingt?"}]},{"@type":"WebSite","@id":"https:\/\/nebula.org\/blog\/de\/#website","url":"https:\/\/nebula.org\/blog\/de\/","name":"Nebula Genomics Blog","description":"","publisher":{"@id":"https:\/\/nebula.org\/blog\/de\/#organization"},"potentialAction":[{"@type":"SearchAction","target":{"@type":"EntryPoint","urlTemplate":"https:\/\/nebula.org\/blog\/de\/?s={search_term_string}"},"query-input":"required name=search_term_string"}],"inLanguage":"de"},{"@type":"Organization","@id":"https:\/\/nebula.org\/blog\/de\/#organization","name":"Nebula Genomics","url":"https:\/\/nebula.org\/blog\/de\/","logo":{"@type":"ImageObject","inLanguage":"de","@id":"https:\/\/nebula.org\/blog\/de\/#\/schema\/logo\/image\/","url":"","contentUrl":"","caption":"Nebula Genomics"},"image":{"@id":"https:\/\/nebula.org\/blog\/de\/#\/schema\/logo\/image\/"},"sameAs":["https:\/\/facebook.com\/nebulagenomics","https:\/\/twitter.com\/nebulagenomics","https:\/\/www.instagram.com\/nebulagenomics\/","https:\/\/www.linkedin.com\/company\/nebula-genomics\/","https:\/\/en.wikipedia.org\/wiki\/Nebula_Genomics"]},{"@type":"Person","@id":"https:\/\/nebula.org\/blog\/de\/#\/schema\/person\/b7bd0a490f115d1d931c33eed922af4e","name":"Garrett Dunlap, B.S.","image":{"@type":"ImageObject","inLanguage":"de","@id":"https:\/\/nebula.org\/blog\/de\/#\/schema\/person\/image\/","url":"https:\/\/secure.gravatar.com\/avatar\/32fb6e0dbc7e0bac908b0f23ea6ed5ec?s=96&d=mm&r=g","contentUrl":"https:\/\/secure.gravatar.com\/avatar\/32fb6e0dbc7e0bac908b0f23ea6ed5ec?s=96&d=mm&r=g","caption":"Garrett Dunlap, B.S."},"description":"Garrett Dunlap earned a B.S. in Biology from Case Western Reserve University with a minor in Political Science. He earned an M.S. and is currently a Ph.D. Candidate in the Biological and Biomedical Sciences (BBS) Ph.D. program at Harvard University.\u00a0He has experience in science policy as an intern at the Science and Innovation Network where he assisted in the science diplomacy functions of the British Consulate-General and as a research associate at TScan Therapeutics. He is also interested in science communication and writing. You can read more about Garrett's experience and publications on LinkedIn and ORCID.","sameAs":["https:\/\/nebula.org\/whole-genome-sequencing\/"],"url":"https:\/\/nebula.org\/blog\/de\/author\/garrett-dunlap\/"}]}},"_links":{"self":[{"href":"https:\/\/nebula.org\/blog\/de\/wp-json\/wp\/v2\/posts\/9823","targetHints":{"allow":["GET"]}}],"collection":[{"href":"https:\/\/nebula.org\/blog\/de\/wp-json\/wp\/v2\/posts"}],"about":[{"href":"https:\/\/nebula.org\/blog\/de\/wp-json\/wp\/v2\/types\/post"}],"author":[{"embeddable":true,"href":"https:\/\/nebula.org\/blog\/de\/wp-json\/wp\/v2\/users\/12"}],"replies":[{"embeddable":true,"href":"https:\/\/nebula.org\/blog\/de\/wp-json\/wp\/v2\/comments?post=9823"}],"version-history":[{"count":0,"href":"https:\/\/nebula.org\/blog\/de\/wp-json\/wp\/v2\/posts\/9823\/revisions"}],"wp:featuredmedia":[{"embeddable":true,"href":"https:\/\/nebula.org\/blog\/de\/wp-json\/wp\/v2\/media\/5596"}],"wp:attachment":[{"href":"https:\/\/nebula.org\/blog\/de\/wp-json\/wp\/v2\/media?parent=9823"}],"wp:term":[{"taxonomy":"category","embeddable":true,"href":"https:\/\/nebula.org\/blog\/de\/wp-json\/wp\/v2\/categories?post=9823"},{"taxonomy":"post_tag","embeddable":true,"href":"https:\/\/nebula.org\/blog\/de\/wp-json\/wp\/v2\/tags?post=9823"}],"curies":[{"name":"wp","href":"https:\/\/api.w.org\/{rel}","templated":true}]}}