{"id":10036,"date":"2021-01-06T00:05:56","date_gmt":"2021-01-06T05:05:56","guid":{"rendered":"https:\/\/nebula.org\/blog\/genetica-del-sindrome-de-sjogrens-lessard-2013\/"},"modified":"2021-02-20T20:25:26","modified_gmt":"2021-02-21T01:25:26","slug":"genetica-del-sindrome-de-sjogrens-lessard-2013","status":"publish","type":"post","link":"https:\/\/nebula.org\/blog\/es\/genetica-del-sindrome-de-sjogrens-lessard-2013\/","title":{"rendered":"S\u00edndrome de Sj\u00f6gren (Lessard, 2013)"},"content":{"rendered":"\n<p><strong>T\u00cdTULO DEL ESTUDIO:<\/strong><a href=\"https:\/\/www.nature.com\/articles\/ng.2792\"> Variantes en m\u00faltiples loci implicados en respuestas inmunes tanto innatas como adaptativas est\u00e1n asociadas con el s\u00edndrome de Sj\u00f6gren<\/a><\/p>\n\n<p><strong>RESUMEN:<\/strong> Identificaci\u00f3n de 7 regiones gen\u00f3micas asociadas al riesgo de s\u00edndrome de Sj\u00f6gren. <\/p>\n\n<p><strong>VISI\u00d3N GENERAL:<\/strong> El s\u00edndrome de Sj\u00f6gren es un trastorno autoinmune caracterizado por ojos secos y boca seca. Ocurre cuando el sistema inmunol\u00f3gico del cuerpo ataca por error las gl\u00e1ndulas, como las que producen saliva y l\u00e1grimas. Como resultado, estas gl\u00e1ndulas se inflaman y se da\u00f1an. Hasta 3 millones de personas solo en los Estados Unidos pueden verse afectadas por el s\u00edndrome de Sj\u00f6gren. Si bien la afecci\u00f3n puede afectar a personas de cualquier edad, se diagnostica con mayor frecuencia en mujeres mayores. Para comprender mejor la gen\u00e9tica que puede predisponer a una persona a la afecci\u00f3n, este estudio de asociaci\u00f3n de todo el genoma examin\u00f3 a casi 8.400 personas de ascendencia europea. El estudio encontr\u00f3 7 regiones del genoma asociadas con la susceptibilidad a desarrollar el s\u00edndrome de Sj\u00f6gren. Los genes ubicados en estas regiones juegan un papel en el funcionamiento del sistema inmunol\u00f3gico, incluida la producci\u00f3n de prote\u00ednas de interfer\u00f3n que promueven la inflamaci\u00f3n. Juntas, las variantes identificadas pueden explicar una gran proporci\u00f3n del riesgo hereditario de la enfermedad. <\/p>\n\n<p><strong>\u00bfSAB\u00cdAS?<\/strong> Como resultado de la boca seca causada por el s\u00edndrome de Sj\u00f6gren, las personas afectadas tienen un mayor riesgo de desarrollar caries y p\u00e9rdida de dientes. Se recomienda encarecidamente el cuidado dental regular a las personas que viven con la afecci\u00f3n. Tambi\u00e9n pueden ayudar beber agua, masticar chicle y otros m\u00e9todos para estimular la producci\u00f3n de saliva. <a rel=\"noreferrer noopener\" aria-label=\"  (opens in a new tab)\" href=\"https:\/\/www.rheumatology.org\/I-Am-A\/Patient-Caregiver\/Diseases-Conditions\/Sjogrens-Syndrome\" target=\"_blank\">[SOURCE]<\/a><\/p>\n\n<p><strong>RESULTADOS DE LA MUESTRA:<\/strong> M\u00e1s informaci\u00f3n sobre el<a href=\"https:\/\/nebula.org\/blog\/es\/nebulosa-biblioteca-desbloqueo-investigacion-genetica\/\"> Biblioteca de investigaci\u00f3n de nebulosa<\/a> . <\/p>\n\n<figure class=\"wp-block-image size-large\"><a href=\"https:\/\/nebula.org\/whole-genome-sequencing\/\"><img decoding=\"async\" width=\"1024\" height=\"375\" src=\"https:\/\/nebula.org\/blog\/wp-content\/uploads\/2020\/01\/Nebula-personalized-results-genomics-1024x375.png\" alt=\"Resultados de la muestra del s&#xED;ndrome de Sj&#xF6;gren\" class=\"wp-image-5154\" srcset=\"https:\/\/nebula.org\/blog\/wp-content\/uploads\/2020\/01\/Nebula-personalized-results-genomics-1024x375.png 1024w, https:\/\/nebula.org\/blog\/wp-content\/uploads\/2020\/01\/Nebula-personalized-results-genomics-300x110.png 300w, https:\/\/nebula.org\/blog\/wp-content\/uploads\/2020\/01\/Nebula-personalized-results-genomics-768x281.png 768w, https:\/\/nebula.org\/blog\/wp-content\/uploads\/2020\/01\/Nebula-personalized-results-genomics-1536x562.png 1536w, https:\/\/nebula.org\/blog\/wp-content\/uploads\/2020\/01\/Nebula-personalized-results-genomics.png 924w\" sizes=\"(max-width: 1024px) 100vw, 1024px\" \/><\/a><\/figure>\n\n<p><strong>VARIANTES ASOCIADAS AL S\u00cdNDROME DE SJ\u00d6GREN:<\/strong> rs9271588, rs3757387, rs10553577, rs485497, rs2736345, rs7119038, rs6579837<\/p>\n\n<p><strong>RECURSOS ADICIONALES:<\/strong><br\/><a rel=\"noreferrer noopener\" href=\"https:\/\/www.youtube.com\/watch?v=79mcjBzQghI\" target=\"_blank\">S\u00edndrome de Sj\u00f6gren (video)<\/a> <\/p>\n\n<p><strong>ACTUALIZACI\u00d3N SEMANAL:<\/strong> 5 de mayo de 2020<\/p>\n\n<p><br\/><\/p>\n","protected":false},"excerpt":{"rendered":"<p>T\u00cdTULO DEL ESTUDIO: Variantes en m\u00faltiples loci implicados en respuestas inmunes tanto innatas como adaptativas est\u00e1n asociadas con el s\u00edndrome de Sj\u00f6gren RESUMEN: Identificaci\u00f3n de 7 regiones gen\u00f3micas asociadas al riesgo de s\u00edndrome de Sj\u00f6gren. VISI\u00d3N GENERAL: El s\u00edndrome de &hellip;<\/p>\n<p class=\"read-more\"> <a class=\"ast-button\" href=\"https:\/\/nebula.org\/blog\/es\/genetica-del-sindrome-de-sjogrens-lessard-2013\/\"> <span class=\"screen-reader-text\">S\u00edndrome de Sj\u00f6gren (Lessard, 2013)<\/span> Leer m\u00e1s \u00bb<\/a><\/p>\n","protected":false},"author":12,"featured_media":6324,"comment_status":"closed","ping_status":"closed","sticky":false,"template":"","format":"standard","meta":{"om_disable_all_campaigns":false,"site-sidebar-layout":"default","site-content-layout":"default","ast-global-header-display":"","ast-banner-title-visibility":"","ast-main-header-display":"","ast-hfb-above-header-display":"","ast-hfb-below-header-display":"","ast-hfb-mobile-header-display":"","site-post-title":"","ast-breadcrumbs-content":"","ast-featured-img":"","footer-sml-layout":"","theme-transparent-header-meta":"default","adv-header-id-meta":"","stick-header-meta":"","header-above-stick-meta":"","header-main-stick-meta":"","header-below-stick-meta":"","_FSMCFIC_featured_image_caption":"","_FSMCFIC_featured_image_nocaption":"","_FSMCFIC_featured_image_hide":"","footnotes":""},"categories":[4982],"tags":[],"class_list":["post-10036","post","type-post","status-publish","format-standard","has-post-thumbnail","hentry","category-informes"],"yoast_head":"<!-- This site is optimized with the Yoast SEO plugin v20.13 - https:\/\/yoast.com\/wordpress\/plugins\/seo\/ -->\n<title>La gen\u00e9tica del s\u00edndrome de Sj\u00f6gren (Lessard, 2013)<\/title>\n<meta name=\"description\" content=\"Sube tus datos de ADN, explora variantes gen\u00e9ticas relacionadas con el s\u00edndrome de Sj\u00f6gren (Lessard, 2013) y descubre tu puntuaci\u00f3n polig\u00e9nica.\" \/>\n<meta name=\"robots\" content=\"index, follow, max-snippet:-1, max-image-preview:large, max-video-preview:-1\" \/>\n<link rel=\"canonical\" href=\"https:\/\/nebula.org\/blog\/es\/genetica-del-sindrome-de-sjogrens-lessard-2013\/\" \/>\n<meta property=\"og:locale\" content=\"es_ES\" \/>\n<meta property=\"og:type\" content=\"article\" \/>\n<meta property=\"og:title\" content=\"La gen\u00e9tica del s\u00edndrome de Sj\u00f6gren (Lessard, 2013)\" \/>\n<meta property=\"og:description\" content=\"Sube tus datos de ADN, explora variantes gen\u00e9ticas relacionadas con el s\u00edndrome de Sj\u00f6gren (Lessard, 2013) y descubre tu puntuaci\u00f3n polig\u00e9nica.\" \/>\n<meta property=\"og:url\" content=\"https:\/\/nebula.org\/blog\/es\/genetica-del-sindrome-de-sjogrens-lessard-2013\/\" \/>\n<meta property=\"og:site_name\" content=\"Nebula Genomics Blog\" \/>\n<meta property=\"article:publisher\" content=\"https:\/\/facebook.com\/nebulagenomics\" \/>\n<meta property=\"article:published_time\" content=\"2021-01-06T05:05:56+00:00\" \/>\n<meta property=\"article:modified_time\" content=\"2021-02-21T01:25:26+00:00\" \/>\n<meta property=\"og:image\" content=\"https:\/\/nebula.org\/blog\/wp-content\/uploads\/2020\/05\/person-eye-865711-scaled.jpg\" \/>\n\t<meta property=\"og:image:width\" content=\"924\" \/>\n\t<meta property=\"og:image:height\" content=\"616\" \/>\n\t<meta property=\"og:image:type\" content=\"image\/jpeg\" \/>\n<meta name=\"author\" content=\"Garrett Dunlap, B.S.\" \/>\n<meta name=\"twitter:card\" content=\"summary_large_image\" \/>\n<meta name=\"twitter:creator\" content=\"@nebulagenomics\" \/>\n<meta name=\"twitter:site\" content=\"@nebulagenomics\" \/>\n<meta name=\"twitter:label1\" content=\"Escrito por\" \/>\n\t<meta name=\"twitter:data1\" content=\"Garrett Dunlap, B.S.\" \/>\n\t<meta name=\"twitter:label2\" content=\"Tiempo de lectura\" \/>\n\t<meta name=\"twitter:data2\" content=\"2 minutos\" \/>\n<script type=\"application\/ld+json\" class=\"yoast-schema-graph\">{\"@context\":\"https:\/\/schema.org\",\"@graph\":[{\"@type\":\"Article\",\"@id\":\"https:\/\/nebula.org\/blog\/es\/genetica-del-sindrome-de-sjogrens-lessard-2013\/#article\",\"isPartOf\":{\"@id\":\"https:\/\/nebula.org\/blog\/es\/genetica-del-sindrome-de-sjogrens-lessard-2013\/\"},\"author\":{\"name\":\"Garrett Dunlap, B.S.\",\"@id\":\"https:\/\/nebula.org\/blog\/es\/#\/schema\/person\/b7bd0a490f115d1d931c33eed922af4e\"},\"headline\":\"S\u00edndrome de Sj\u00f6gren (Lessard, 2013)\",\"datePublished\":\"2021-01-06T05:05:56+00:00\",\"dateModified\":\"2021-02-21T01:25:26+00:00\",\"mainEntityOfPage\":{\"@id\":\"https:\/\/nebula.org\/blog\/es\/genetica-del-sindrome-de-sjogrens-lessard-2013\/\"},\"wordCount\":350,\"publisher\":{\"@id\":\"https:\/\/nebula.org\/blog\/es\/#organization\"},\"articleSection\":[\"Informes\"],\"inLanguage\":\"es\"},{\"@type\":\"WebPage\",\"@id\":\"https:\/\/nebula.org\/blog\/es\/genetica-del-sindrome-de-sjogrens-lessard-2013\/\",\"url\":\"https:\/\/nebula.org\/blog\/es\/genetica-del-sindrome-de-sjogrens-lessard-2013\/\",\"name\":\"La gen\u00e9tica del s\u00edndrome de Sj\u00f6gren (Lessard, 2013)\",\"isPartOf\":{\"@id\":\"https:\/\/nebula.org\/blog\/es\/#website\"},\"datePublished\":\"2021-01-06T05:05:56+00:00\",\"dateModified\":\"2021-02-21T01:25:26+00:00\",\"description\":\"Sube tus datos de ADN, explora variantes gen\u00e9ticas relacionadas con el s\u00edndrome de Sj\u00f6gren (Lessard, 2013) y descubre tu puntuaci\u00f3n polig\u00e9nica.\",\"breadcrumb\":{\"@id\":\"https:\/\/nebula.org\/blog\/es\/genetica-del-sindrome-de-sjogrens-lessard-2013\/#breadcrumb\"},\"inLanguage\":\"es\",\"potentialAction\":[{\"@type\":\"ReadAction\",\"target\":[\"https:\/\/nebula.org\/blog\/es\/genetica-del-sindrome-de-sjogrens-lessard-2013\/\"]}]},{\"@type\":\"BreadcrumbList\",\"@id\":\"https:\/\/nebula.org\/blog\/es\/genetica-del-sindrome-de-sjogrens-lessard-2013\/#breadcrumb\",\"itemListElement\":[{\"@type\":\"ListItem\",\"position\":1,\"name\":\"Home\",\"item\":\"https:\/\/nebula.org\/blog\/es\/\"},{\"@type\":\"ListItem\",\"position\":2,\"name\":\"S\u00edndrome de Sj\u00f6gren (Lessard, 2013)\"}]},{\"@type\":\"WebSite\",\"@id\":\"https:\/\/nebula.org\/blog\/es\/#website\",\"url\":\"https:\/\/nebula.org\/blog\/es\/\",\"name\":\"Nebula Genomics Blog\",\"description\":\"\",\"publisher\":{\"@id\":\"https:\/\/nebula.org\/blog\/es\/#organization\"},\"potentialAction\":[{\"@type\":\"SearchAction\",\"target\":{\"@type\":\"EntryPoint\",\"urlTemplate\":\"https:\/\/nebula.org\/blog\/es\/?s={search_term_string}\"},\"query-input\":\"required name=search_term_string\"}],\"inLanguage\":\"es\"},{\"@type\":\"Organization\",\"@id\":\"https:\/\/nebula.org\/blog\/es\/#organization\",\"name\":\"Nebula Genomics\",\"url\":\"https:\/\/nebula.org\/blog\/es\/\",\"logo\":{\"@type\":\"ImageObject\",\"inLanguage\":\"es\",\"@id\":\"https:\/\/nebula.org\/blog\/es\/#\/schema\/logo\/image\/\",\"url\":\"\",\"contentUrl\":\"\",\"caption\":\"Nebula Genomics\"},\"image\":{\"@id\":\"https:\/\/nebula.org\/blog\/es\/#\/schema\/logo\/image\/\"},\"sameAs\":[\"https:\/\/facebook.com\/nebulagenomics\",\"https:\/\/twitter.com\/nebulagenomics\",\"https:\/\/www.instagram.com\/nebulagenomics\/\",\"https:\/\/www.linkedin.com\/company\/nebula-genomics\/\",\"https:\/\/en.wikipedia.org\/wiki\/Nebula_Genomics\"]},{\"@type\":\"Person\",\"@id\":\"https:\/\/nebula.org\/blog\/es\/#\/schema\/person\/b7bd0a490f115d1d931c33eed922af4e\",\"name\":\"Garrett Dunlap, B.S.\",\"image\":{\"@type\":\"ImageObject\",\"inLanguage\":\"es\",\"@id\":\"https:\/\/nebula.org\/blog\/es\/#\/schema\/person\/image\/\",\"url\":\"https:\/\/secure.gravatar.com\/avatar\/32fb6e0dbc7e0bac908b0f23ea6ed5ec?s=96&d=mm&r=g\",\"contentUrl\":\"https:\/\/secure.gravatar.com\/avatar\/32fb6e0dbc7e0bac908b0f23ea6ed5ec?s=96&d=mm&r=g\",\"caption\":\"Garrett Dunlap, B.S.\"},\"description\":\"Garrett Dunlap earned a B.S. in Biology from Case Western Reserve University with a minor in Political Science. He earned an M.S. and is currently a Ph.D. Candidate in the Biological and Biomedical Sciences (BBS) Ph.D. program at Harvard University.\u00a0He has experience in science policy as an intern at the Science and Innovation Network where he assisted in the science diplomacy functions of the British Consulate-General and as a research associate at TScan Therapeutics. He is also interested in science communication and writing. You can read more about Garrett's experience and publications on LinkedIn and ORCID.\",\"sameAs\":[\"https:\/\/nebula.org\/whole-genome-sequencing\/\"],\"url\":\"https:\/\/nebula.org\/blog\/es\/author\/garrett-dunlap\/\"}]}<\/script>\n<!-- \/ Yoast SEO plugin. -->","yoast_head_json":{"title":"La gen\u00e9tica del s\u00edndrome de Sj\u00f6gren (Lessard, 2013)","description":"Sube tus datos de ADN, explora variantes gen\u00e9ticas relacionadas con el s\u00edndrome de Sj\u00f6gren (Lessard, 2013) y descubre tu puntuaci\u00f3n polig\u00e9nica.","robots":{"index":"index","follow":"follow","max-snippet":"max-snippet:-1","max-image-preview":"max-image-preview:large","max-video-preview":"max-video-preview:-1"},"canonical":"https:\/\/nebula.org\/blog\/es\/genetica-del-sindrome-de-sjogrens-lessard-2013\/","og_locale":"es_ES","og_type":"article","og_title":"La gen\u00e9tica del s\u00edndrome de Sj\u00f6gren (Lessard, 2013)","og_description":"Sube tus datos de ADN, explora variantes gen\u00e9ticas relacionadas con el s\u00edndrome de Sj\u00f6gren (Lessard, 2013) y descubre tu puntuaci\u00f3n polig\u00e9nica.","og_url":"https:\/\/nebula.org\/blog\/es\/genetica-del-sindrome-de-sjogrens-lessard-2013\/","og_site_name":"Nebula Genomics Blog","article_publisher":"https:\/\/facebook.com\/nebulagenomics","article_published_time":"2021-01-06T05:05:56+00:00","article_modified_time":"2021-02-21T01:25:26+00:00","og_image":[{"width":924,"height":616,"url":"https:\/\/nebula.org\/blog\/wp-content\/uploads\/2020\/05\/person-eye-865711-scaled.jpg","type":"image\/jpeg"}],"author":"Garrett Dunlap, B.S.","twitter_card":"summary_large_image","twitter_creator":"@nebulagenomics","twitter_site":"@nebulagenomics","twitter_misc":{"Escrito por":"Garrett Dunlap, B.S.","Tiempo de lectura":"2 minutos"},"schema":{"@context":"https:\/\/schema.org","@graph":[{"@type":"Article","@id":"https:\/\/nebula.org\/blog\/es\/genetica-del-sindrome-de-sjogrens-lessard-2013\/#article","isPartOf":{"@id":"https:\/\/nebula.org\/blog\/es\/genetica-del-sindrome-de-sjogrens-lessard-2013\/"},"author":{"name":"Garrett Dunlap, B.S.","@id":"https:\/\/nebula.org\/blog\/es\/#\/schema\/person\/b7bd0a490f115d1d931c33eed922af4e"},"headline":"S\u00edndrome de Sj\u00f6gren (Lessard, 2013)","datePublished":"2021-01-06T05:05:56+00:00","dateModified":"2021-02-21T01:25:26+00:00","mainEntityOfPage":{"@id":"https:\/\/nebula.org\/blog\/es\/genetica-del-sindrome-de-sjogrens-lessard-2013\/"},"wordCount":350,"publisher":{"@id":"https:\/\/nebula.org\/blog\/es\/#organization"},"articleSection":["Informes"],"inLanguage":"es"},{"@type":"WebPage","@id":"https:\/\/nebula.org\/blog\/es\/genetica-del-sindrome-de-sjogrens-lessard-2013\/","url":"https:\/\/nebula.org\/blog\/es\/genetica-del-sindrome-de-sjogrens-lessard-2013\/","name":"La gen\u00e9tica del s\u00edndrome de Sj\u00f6gren (Lessard, 2013)","isPartOf":{"@id":"https:\/\/nebula.org\/blog\/es\/#website"},"datePublished":"2021-01-06T05:05:56+00:00","dateModified":"2021-02-21T01:25:26+00:00","description":"Sube tus datos de ADN, explora variantes gen\u00e9ticas relacionadas con el s\u00edndrome de Sj\u00f6gren (Lessard, 2013) y descubre tu puntuaci\u00f3n polig\u00e9nica.","breadcrumb":{"@id":"https:\/\/nebula.org\/blog\/es\/genetica-del-sindrome-de-sjogrens-lessard-2013\/#breadcrumb"},"inLanguage":"es","potentialAction":[{"@type":"ReadAction","target":["https:\/\/nebula.org\/blog\/es\/genetica-del-sindrome-de-sjogrens-lessard-2013\/"]}]},{"@type":"BreadcrumbList","@id":"https:\/\/nebula.org\/blog\/es\/genetica-del-sindrome-de-sjogrens-lessard-2013\/#breadcrumb","itemListElement":[{"@type":"ListItem","position":1,"name":"Home","item":"https:\/\/nebula.org\/blog\/es\/"},{"@type":"ListItem","position":2,"name":"S\u00edndrome de Sj\u00f6gren (Lessard, 2013)"}]},{"@type":"WebSite","@id":"https:\/\/nebula.org\/blog\/es\/#website","url":"https:\/\/nebula.org\/blog\/es\/","name":"Nebula Genomics Blog","description":"","publisher":{"@id":"https:\/\/nebula.org\/blog\/es\/#organization"},"potentialAction":[{"@type":"SearchAction","target":{"@type":"EntryPoint","urlTemplate":"https:\/\/nebula.org\/blog\/es\/?s={search_term_string}"},"query-input":"required name=search_term_string"}],"inLanguage":"es"},{"@type":"Organization","@id":"https:\/\/nebula.org\/blog\/es\/#organization","name":"Nebula Genomics","url":"https:\/\/nebula.org\/blog\/es\/","logo":{"@type":"ImageObject","inLanguage":"es","@id":"https:\/\/nebula.org\/blog\/es\/#\/schema\/logo\/image\/","url":"","contentUrl":"","caption":"Nebula Genomics"},"image":{"@id":"https:\/\/nebula.org\/blog\/es\/#\/schema\/logo\/image\/"},"sameAs":["https:\/\/facebook.com\/nebulagenomics","https:\/\/twitter.com\/nebulagenomics","https:\/\/www.instagram.com\/nebulagenomics\/","https:\/\/www.linkedin.com\/company\/nebula-genomics\/","https:\/\/en.wikipedia.org\/wiki\/Nebula_Genomics"]},{"@type":"Person","@id":"https:\/\/nebula.org\/blog\/es\/#\/schema\/person\/b7bd0a490f115d1d931c33eed922af4e","name":"Garrett Dunlap, B.S.","image":{"@type":"ImageObject","inLanguage":"es","@id":"https:\/\/nebula.org\/blog\/es\/#\/schema\/person\/image\/","url":"https:\/\/secure.gravatar.com\/avatar\/32fb6e0dbc7e0bac908b0f23ea6ed5ec?s=96&d=mm&r=g","contentUrl":"https:\/\/secure.gravatar.com\/avatar\/32fb6e0dbc7e0bac908b0f23ea6ed5ec?s=96&d=mm&r=g","caption":"Garrett Dunlap, B.S."},"description":"Garrett Dunlap earned a B.S. in Biology from Case Western Reserve University with a minor in Political Science. He earned an M.S. and is currently a Ph.D. Candidate in the Biological and Biomedical Sciences (BBS) Ph.D. program at Harvard University.\u00a0He has experience in science policy as an intern at the Science and Innovation Network where he assisted in the science diplomacy functions of the British Consulate-General and as a research associate at TScan Therapeutics. He is also interested in science communication and writing. You can read more about Garrett's experience and publications on LinkedIn and ORCID.","sameAs":["https:\/\/nebula.org\/whole-genome-sequencing\/"],"url":"https:\/\/nebula.org\/blog\/es\/author\/garrett-dunlap\/"}]}},"_links":{"self":[{"href":"https:\/\/nebula.org\/blog\/es\/wp-json\/wp\/v2\/posts\/10036","targetHints":{"allow":["GET"]}}],"collection":[{"href":"https:\/\/nebula.org\/blog\/es\/wp-json\/wp\/v2\/posts"}],"about":[{"href":"https:\/\/nebula.org\/blog\/es\/wp-json\/wp\/v2\/types\/post"}],"author":[{"embeddable":true,"href":"https:\/\/nebula.org\/blog\/es\/wp-json\/wp\/v2\/users\/12"}],"replies":[{"embeddable":true,"href":"https:\/\/nebula.org\/blog\/es\/wp-json\/wp\/v2\/comments?post=10036"}],"version-history":[{"count":0,"href":"https:\/\/nebula.org\/blog\/es\/wp-json\/wp\/v2\/posts\/10036\/revisions"}],"wp:featuredmedia":[{"embeddable":true,"href":"https:\/\/nebula.org\/blog\/es\/wp-json\/wp\/v2\/media\/6324"}],"wp:attachment":[{"href":"https:\/\/nebula.org\/blog\/es\/wp-json\/wp\/v2\/media?parent=10036"}],"wp:term":[{"taxonomy":"category","embeddable":true,"href":"https:\/\/nebula.org\/blog\/es\/wp-json\/wp\/v2\/categories?post=10036"},{"taxonomy":"post_tag","embeddable":true,"href":"https:\/\/nebula.org\/blog\/es\/wp-json\/wp\/v2\/tags?post=10036"}],"curies":[{"name":"wp","href":"https:\/\/api.w.org\/{rel}","templated":true}]}}