{"id":10540,"date":"2021-01-06T00:30:07","date_gmt":"2021-01-06T05:30:07","guid":{"rendered":"https:\/\/nebula.org\/blog\/genetica-del-labio-leporino-yun-2019\/"},"modified":"2021-02-20T20:52:53","modified_gmt":"2021-02-21T01:52:53","slug":"genetica-del-labio-leporino-yun-2019","status":"publish","type":"post","link":"https:\/\/nebula.org\/blog\/es\/genetica-del-labio-leporino-yun-2019\/","title":{"rendered":"Labio leporino (Yun, 2019)"},"content":{"rendered":"\n<p><strong>T\u00cdTULO DEL ESTUDIO:<\/strong><a href=\"https:\/\/onlinelibrary.wiley.com\/doi\/abs\/10.1002\/humu.23859\"> Rs2262251 en lncRNA RP11-462G12.2 se asocia con labio leporino no sindr\u00f3mico con \/ sin paladar hendido<\/a><\/p>\n\n<p><strong>RESUMEN:<\/strong> El labio leporino no sindr\u00f3mico con o sin paladar se asocia con una variante gen\u00e9tica en una regi\u00f3n larga no codificante del genoma.<\/p>\n\n<p><strong>DESCRIPCI\u00d3N:<\/strong> El labio leporino no sindr\u00f3mico con o sin paladar (NSCL \/ P) es uno de los defectos de nacimiento humanos m\u00e1s comunes. El t\u00e9rmino no sindr\u00f3mico indica que estos defectos no est\u00e1n asociados con ninguna otra anomal\u00eda o s\u00edntoma adem\u00e1s de los causados directamente por la afecci\u00f3n. Esta condici\u00f3n ocurre cuando el tejido que forma el labio no se une por completo mientras que el paladar es cuando los tejidos que forman el techo de la boca no se unen. Este estudio examin\u00f3 a 2.573 individuos de una poblaci\u00f3n china para identificar variantes gen\u00e9ticas asociadas con NSCL \/ P. Encontr\u00f3 una variante significativa en una regi\u00f3n larga no codificante del genoma.<\/p>\n\n<p><strong>\u00bfSAB\u00cdAS?<\/strong> La cirug\u00eda a menudo puede tratar con \u00e9xito este NSCL \/ P si se realiza dentro del a\u00f1o de nacimiento. El riesgo de este defecto cong\u00e9nito se puede reducir tomando \u00e1cido f\u00f3lico y no bebiendo ni fumando durante el embarazo. [<a href=\"https:\/\/www.marchofdimes.org\/complications\/cleft-lip-and-cleft-palate.aspx\"> FUENTE<\/a> ]<\/p>\n\n<p><strong>RESULTADOS DE LA MUESTRA:<\/strong> M\u00e1s informaci\u00f3n sobre el<a href=\"https:\/\/nebula.org\/blog\/es\/nebulosa-biblioteca-desbloqueo-investigacion-genetica\/\"> Biblioteca de investigaci\u00f3n de nebulosa<\/a> .<\/p>\n\n<figure class=\"wp-block-image\"><a href=\"https:\/\/nebula.org\/free-dna-upload-analysis\/\"><img decoding=\"async\" src=\"https:\/\/nebula.org\/blog\/wp-content\/uploads\/2020\/01\/Nebula-personalized-results-genomics-1024x375.png\" alt=\"Resultados de muestras de labio leporino.\"\/><\/a><\/figure>\n\n<p><\/p>\n\n<p><strong>VARIANTES ASOCIADAS AL LABIO HENDIDO:<\/strong> rs2262251<\/p>\n\n<p><strong>RECURSOS ADICIONALES:<\/strong><br\/><a rel=\"noreferrer noopener\" href=\"https:\/\/www.cdc.gov\/ncbddd\/birthdefects\/cleftlip.html\" target=\"_blank\">Datos sobre el labio leporino y<\/a><a rel=\"noreferrer noopener\" href=\"https:\/\/www.cdc.gov\/ncbddd\/birthdefects\/cleftlip.html\" target=\"_blank\"> Paladar<\/a><\/p>\n\n<p><strong>ACTUALIZACI\u00d3N SEMANAL:<\/strong> 23 de julio de 2019<\/p>\n\n<p><\/p>\n\n<p><br\/><\/p>\n\n<p><br\/><\/p>\n","protected":false},"excerpt":{"rendered":"<p>T\u00cdTULO DEL ESTUDIO: Rs2262251 en lncRNA RP11-462G12.2 se asocia con labio leporino no sindr\u00f3mico con \/ sin paladar hendido RESUMEN: El labio leporino no sindr\u00f3mico con o sin paladar se asocia con una variante gen\u00e9tica en una regi\u00f3n larga no &hellip;<\/p>\n<p class=\"read-more\"> <a class=\"ast-button\" href=\"https:\/\/nebula.org\/blog\/es\/genetica-del-labio-leporino-yun-2019\/\"> <span class=\"screen-reader-text\">Labio leporino (Yun, 2019)<\/span> Leer m\u00e1s \u00bb<\/a><\/p>\n","protected":false},"author":12,"featured_media":5459,"comment_status":"closed","ping_status":"closed","sticky":false,"template":"","format":"standard","meta":{"om_disable_all_campaigns":false,"site-sidebar-layout":"default","site-content-layout":"default","ast-global-header-display":"","ast-banner-title-visibility":"","ast-main-header-display":"","ast-hfb-above-header-display":"","ast-hfb-below-header-display":"","ast-hfb-mobile-header-display":"","site-post-title":"","ast-breadcrumbs-content":"","ast-featured-img":"","footer-sml-layout":"","theme-transparent-header-meta":"default","adv-header-id-meta":"","stick-header-meta":"default","header-above-stick-meta":"","header-main-stick-meta":"","header-below-stick-meta":"","_FSMCFIC_featured_image_caption":"","_FSMCFIC_featured_image_nocaption":"","_FSMCFIC_featured_image_hide":"","footnotes":""},"categories":[4982],"tags":[],"class_list":["post-10540","post","type-post","status-publish","format-standard","has-post-thumbnail","hentry","category-informes"],"yoast_head":"<!-- This site is optimized with the Yoast SEO plugin v20.13 - https:\/\/yoast.com\/wordpress\/plugins\/seo\/ -->\n<title>La gen\u00e9tica del labio leporino (Yun, 2019)<\/title>\n<meta name=\"description\" content=\"El labio leporino no sindr\u00f3mico con o sin paladar hendido se asocia con una variante gen\u00e9tica en una regi\u00f3n larga no codificante del genoma.\" \/>\n<meta name=\"robots\" content=\"index, follow, max-snippet:-1, max-image-preview:large, max-video-preview:-1\" \/>\n<link rel=\"canonical\" href=\"https:\/\/nebula.org\/blog\/es\/genetica-del-labio-leporino-yun-2019\/\" \/>\n<meta property=\"og:locale\" content=\"es_ES\" \/>\n<meta property=\"og:type\" content=\"article\" \/>\n<meta property=\"og:title\" content=\"La gen\u00e9tica del labio leporino (Yun, 2019)\" \/>\n<meta property=\"og:description\" content=\"El labio leporino no sindr\u00f3mico con o sin paladar hendido se asocia con una variante gen\u00e9tica en una regi\u00f3n larga no codificante del genoma.\" \/>\n<meta property=\"og:url\" content=\"https:\/\/nebula.org\/blog\/es\/genetica-del-labio-leporino-yun-2019\/\" \/>\n<meta property=\"og:site_name\" content=\"Nebula Genomics Blog\" \/>\n<meta property=\"article:publisher\" content=\"https:\/\/facebook.com\/nebulagenomics\" \/>\n<meta property=\"article:published_time\" content=\"2021-01-06T05:30:07+00:00\" \/>\n<meta property=\"article:modified_time\" content=\"2021-02-21T01:52:53+00:00\" \/>\n<meta property=\"og:image\" content=\"https:\/\/nebula.org\/blog\/wp-content\/uploads\/2020\/02\/joshua-reddekopp-qLFJKFBppPM-unsplash-scaled.jpg\" \/>\n\t<meta property=\"og:image:width\" content=\"924\" \/>\n\t<meta property=\"og:image:height\" content=\"616\" \/>\n\t<meta property=\"og:image:type\" content=\"image\/jpeg\" \/>\n<meta name=\"author\" content=\"Garrett Dunlap, B.S.\" \/>\n<meta name=\"twitter:card\" content=\"summary_large_image\" \/>\n<meta name=\"twitter:creator\" content=\"@nebulagenomics\" \/>\n<meta name=\"twitter:site\" content=\"@nebulagenomics\" \/>\n<meta name=\"twitter:label1\" content=\"Escrito por\" \/>\n\t<meta name=\"twitter:data1\" content=\"Garrett Dunlap, B.S.\" \/>\n\t<meta name=\"twitter:label2\" content=\"Tiempo de lectura\" \/>\n\t<meta name=\"twitter:data2\" content=\"1 minuto\" \/>\n<script type=\"application\/ld+json\" class=\"yoast-schema-graph\">{\"@context\":\"https:\/\/schema.org\",\"@graph\":[{\"@type\":\"Article\",\"@id\":\"https:\/\/nebula.org\/blog\/es\/genetica-del-labio-leporino-yun-2019\/#article\",\"isPartOf\":{\"@id\":\"https:\/\/nebula.org\/blog\/es\/genetica-del-labio-leporino-yun-2019\/\"},\"author\":{\"name\":\"Garrett Dunlap, B.S.\",\"@id\":\"https:\/\/nebula.org\/blog\/es\/#\/schema\/person\/b7bd0a490f115d1d931c33eed922af4e\"},\"headline\":\"Labio leporino (Yun, 2019)\",\"datePublished\":\"2021-01-06T05:30:07+00:00\",\"dateModified\":\"2021-02-21T01:52:53+00:00\",\"mainEntityOfPage\":{\"@id\":\"https:\/\/nebula.org\/blog\/es\/genetica-del-labio-leporino-yun-2019\/\"},\"wordCount\":258,\"publisher\":{\"@id\":\"https:\/\/nebula.org\/blog\/es\/#organization\"},\"articleSection\":[\"Informes\"],\"inLanguage\":\"es\"},{\"@type\":\"WebPage\",\"@id\":\"https:\/\/nebula.org\/blog\/es\/genetica-del-labio-leporino-yun-2019\/\",\"url\":\"https:\/\/nebula.org\/blog\/es\/genetica-del-labio-leporino-yun-2019\/\",\"name\":\"La gen\u00e9tica del labio leporino (Yun, 2019)\",\"isPartOf\":{\"@id\":\"https:\/\/nebula.org\/blog\/es\/#website\"},\"datePublished\":\"2021-01-06T05:30:07+00:00\",\"dateModified\":\"2021-02-21T01:52:53+00:00\",\"description\":\"El labio leporino no sindr\u00f3mico con o sin paladar hendido se asocia con una variante gen\u00e9tica en una regi\u00f3n larga no codificante del genoma.\",\"breadcrumb\":{\"@id\":\"https:\/\/nebula.org\/blog\/es\/genetica-del-labio-leporino-yun-2019\/#breadcrumb\"},\"inLanguage\":\"es\",\"potentialAction\":[{\"@type\":\"ReadAction\",\"target\":[\"https:\/\/nebula.org\/blog\/es\/genetica-del-labio-leporino-yun-2019\/\"]}]},{\"@type\":\"BreadcrumbList\",\"@id\":\"https:\/\/nebula.org\/blog\/es\/genetica-del-labio-leporino-yun-2019\/#breadcrumb\",\"itemListElement\":[{\"@type\":\"ListItem\",\"position\":1,\"name\":\"Home\",\"item\":\"https:\/\/nebula.org\/blog\/es\/\"},{\"@type\":\"ListItem\",\"position\":2,\"name\":\"Labio leporino (Yun, 2019)\"}]},{\"@type\":\"WebSite\",\"@id\":\"https:\/\/nebula.org\/blog\/es\/#website\",\"url\":\"https:\/\/nebula.org\/blog\/es\/\",\"name\":\"Nebula Genomics Blog\",\"description\":\"\",\"publisher\":{\"@id\":\"https:\/\/nebula.org\/blog\/es\/#organization\"},\"potentialAction\":[{\"@type\":\"SearchAction\",\"target\":{\"@type\":\"EntryPoint\",\"urlTemplate\":\"https:\/\/nebula.org\/blog\/es\/?s={search_term_string}\"},\"query-input\":\"required name=search_term_string\"}],\"inLanguage\":\"es\"},{\"@type\":\"Organization\",\"@id\":\"https:\/\/nebula.org\/blog\/es\/#organization\",\"name\":\"Nebula Genomics\",\"url\":\"https:\/\/nebula.org\/blog\/es\/\",\"logo\":{\"@type\":\"ImageObject\",\"inLanguage\":\"es\",\"@id\":\"https:\/\/nebula.org\/blog\/es\/#\/schema\/logo\/image\/\",\"url\":\"\",\"contentUrl\":\"\",\"caption\":\"Nebula Genomics\"},\"image\":{\"@id\":\"https:\/\/nebula.org\/blog\/es\/#\/schema\/logo\/image\/\"},\"sameAs\":[\"https:\/\/facebook.com\/nebulagenomics\",\"https:\/\/twitter.com\/nebulagenomics\",\"https:\/\/www.instagram.com\/nebulagenomics\/\",\"https:\/\/www.linkedin.com\/company\/nebula-genomics\/\",\"https:\/\/en.wikipedia.org\/wiki\/Nebula_Genomics\"]},{\"@type\":\"Person\",\"@id\":\"https:\/\/nebula.org\/blog\/es\/#\/schema\/person\/b7bd0a490f115d1d931c33eed922af4e\",\"name\":\"Garrett Dunlap, B.S.\",\"image\":{\"@type\":\"ImageObject\",\"inLanguage\":\"es\",\"@id\":\"https:\/\/nebula.org\/blog\/es\/#\/schema\/person\/image\/\",\"url\":\"https:\/\/secure.gravatar.com\/avatar\/32fb6e0dbc7e0bac908b0f23ea6ed5ec?s=96&d=mm&r=g\",\"contentUrl\":\"https:\/\/secure.gravatar.com\/avatar\/32fb6e0dbc7e0bac908b0f23ea6ed5ec?s=96&d=mm&r=g\",\"caption\":\"Garrett Dunlap, B.S.\"},\"description\":\"Garrett Dunlap earned a B.S. in Biology from Case Western Reserve University with a minor in Political Science. He earned an M.S. and is currently a Ph.D. Candidate in the Biological and Biomedical Sciences (BBS) Ph.D. program at Harvard University.\u00a0He has experience in science policy as an intern at the Science and Innovation Network where he assisted in the science diplomacy functions of the British Consulate-General and as a research associate at TScan Therapeutics. He is also interested in science communication and writing. You can read more about Garrett's experience and publications on LinkedIn and ORCID.\",\"sameAs\":[\"https:\/\/nebula.org\/whole-genome-sequencing\/\"],\"url\":\"https:\/\/nebula.org\/blog\/es\/author\/garrett-dunlap\/\"}]}<\/script>\n<!-- \/ Yoast SEO plugin. -->","yoast_head_json":{"title":"La gen\u00e9tica del labio leporino (Yun, 2019)","description":"El labio leporino no sindr\u00f3mico con o sin paladar hendido se asocia con una variante gen\u00e9tica en una regi\u00f3n larga no codificante del genoma.","robots":{"index":"index","follow":"follow","max-snippet":"max-snippet:-1","max-image-preview":"max-image-preview:large","max-video-preview":"max-video-preview:-1"},"canonical":"https:\/\/nebula.org\/blog\/es\/genetica-del-labio-leporino-yun-2019\/","og_locale":"es_ES","og_type":"article","og_title":"La gen\u00e9tica del labio leporino (Yun, 2019)","og_description":"El labio leporino no sindr\u00f3mico con o sin paladar hendido se asocia con una variante gen\u00e9tica en una regi\u00f3n larga no codificante del genoma.","og_url":"https:\/\/nebula.org\/blog\/es\/genetica-del-labio-leporino-yun-2019\/","og_site_name":"Nebula Genomics Blog","article_publisher":"https:\/\/facebook.com\/nebulagenomics","article_published_time":"2021-01-06T05:30:07+00:00","article_modified_time":"2021-02-21T01:52:53+00:00","og_image":[{"width":924,"height":616,"url":"https:\/\/nebula.org\/blog\/wp-content\/uploads\/2020\/02\/joshua-reddekopp-qLFJKFBppPM-unsplash-scaled.jpg","type":"image\/jpeg"}],"author":"Garrett Dunlap, B.S.","twitter_card":"summary_large_image","twitter_creator":"@nebulagenomics","twitter_site":"@nebulagenomics","twitter_misc":{"Escrito por":"Garrett Dunlap, B.S.","Tiempo de lectura":"1 minuto"},"schema":{"@context":"https:\/\/schema.org","@graph":[{"@type":"Article","@id":"https:\/\/nebula.org\/blog\/es\/genetica-del-labio-leporino-yun-2019\/#article","isPartOf":{"@id":"https:\/\/nebula.org\/blog\/es\/genetica-del-labio-leporino-yun-2019\/"},"author":{"name":"Garrett Dunlap, B.S.","@id":"https:\/\/nebula.org\/blog\/es\/#\/schema\/person\/b7bd0a490f115d1d931c33eed922af4e"},"headline":"Labio leporino (Yun, 2019)","datePublished":"2021-01-06T05:30:07+00:00","dateModified":"2021-02-21T01:52:53+00:00","mainEntityOfPage":{"@id":"https:\/\/nebula.org\/blog\/es\/genetica-del-labio-leporino-yun-2019\/"},"wordCount":258,"publisher":{"@id":"https:\/\/nebula.org\/blog\/es\/#organization"},"articleSection":["Informes"],"inLanguage":"es"},{"@type":"WebPage","@id":"https:\/\/nebula.org\/blog\/es\/genetica-del-labio-leporino-yun-2019\/","url":"https:\/\/nebula.org\/blog\/es\/genetica-del-labio-leporino-yun-2019\/","name":"La gen\u00e9tica del labio leporino (Yun, 2019)","isPartOf":{"@id":"https:\/\/nebula.org\/blog\/es\/#website"},"datePublished":"2021-01-06T05:30:07+00:00","dateModified":"2021-02-21T01:52:53+00:00","description":"El labio leporino no sindr\u00f3mico con o sin paladar hendido se asocia con una variante gen\u00e9tica en una regi\u00f3n larga no codificante del genoma.","breadcrumb":{"@id":"https:\/\/nebula.org\/blog\/es\/genetica-del-labio-leporino-yun-2019\/#breadcrumb"},"inLanguage":"es","potentialAction":[{"@type":"ReadAction","target":["https:\/\/nebula.org\/blog\/es\/genetica-del-labio-leporino-yun-2019\/"]}]},{"@type":"BreadcrumbList","@id":"https:\/\/nebula.org\/blog\/es\/genetica-del-labio-leporino-yun-2019\/#breadcrumb","itemListElement":[{"@type":"ListItem","position":1,"name":"Home","item":"https:\/\/nebula.org\/blog\/es\/"},{"@type":"ListItem","position":2,"name":"Labio leporino (Yun, 2019)"}]},{"@type":"WebSite","@id":"https:\/\/nebula.org\/blog\/es\/#website","url":"https:\/\/nebula.org\/blog\/es\/","name":"Nebula Genomics Blog","description":"","publisher":{"@id":"https:\/\/nebula.org\/blog\/es\/#organization"},"potentialAction":[{"@type":"SearchAction","target":{"@type":"EntryPoint","urlTemplate":"https:\/\/nebula.org\/blog\/es\/?s={search_term_string}"},"query-input":"required name=search_term_string"}],"inLanguage":"es"},{"@type":"Organization","@id":"https:\/\/nebula.org\/blog\/es\/#organization","name":"Nebula Genomics","url":"https:\/\/nebula.org\/blog\/es\/","logo":{"@type":"ImageObject","inLanguage":"es","@id":"https:\/\/nebula.org\/blog\/es\/#\/schema\/logo\/image\/","url":"","contentUrl":"","caption":"Nebula Genomics"},"image":{"@id":"https:\/\/nebula.org\/blog\/es\/#\/schema\/logo\/image\/"},"sameAs":["https:\/\/facebook.com\/nebulagenomics","https:\/\/twitter.com\/nebulagenomics","https:\/\/www.instagram.com\/nebulagenomics\/","https:\/\/www.linkedin.com\/company\/nebula-genomics\/","https:\/\/en.wikipedia.org\/wiki\/Nebula_Genomics"]},{"@type":"Person","@id":"https:\/\/nebula.org\/blog\/es\/#\/schema\/person\/b7bd0a490f115d1d931c33eed922af4e","name":"Garrett Dunlap, B.S.","image":{"@type":"ImageObject","inLanguage":"es","@id":"https:\/\/nebula.org\/blog\/es\/#\/schema\/person\/image\/","url":"https:\/\/secure.gravatar.com\/avatar\/32fb6e0dbc7e0bac908b0f23ea6ed5ec?s=96&d=mm&r=g","contentUrl":"https:\/\/secure.gravatar.com\/avatar\/32fb6e0dbc7e0bac908b0f23ea6ed5ec?s=96&d=mm&r=g","caption":"Garrett Dunlap, B.S."},"description":"Garrett Dunlap earned a B.S. in Biology from Case Western Reserve University with a minor in Political Science. He earned an M.S. and is currently a Ph.D. Candidate in the Biological and Biomedical Sciences (BBS) Ph.D. program at Harvard University.\u00a0He has experience in science policy as an intern at the Science and Innovation Network where he assisted in the science diplomacy functions of the British Consulate-General and as a research associate at TScan Therapeutics. He is also interested in science communication and writing. You can read more about Garrett's experience and publications on LinkedIn and ORCID.","sameAs":["https:\/\/nebula.org\/whole-genome-sequencing\/"],"url":"https:\/\/nebula.org\/blog\/es\/author\/garrett-dunlap\/"}]}},"_links":{"self":[{"href":"https:\/\/nebula.org\/blog\/es\/wp-json\/wp\/v2\/posts\/10540","targetHints":{"allow":["GET"]}}],"collection":[{"href":"https:\/\/nebula.org\/blog\/es\/wp-json\/wp\/v2\/posts"}],"about":[{"href":"https:\/\/nebula.org\/blog\/es\/wp-json\/wp\/v2\/types\/post"}],"author":[{"embeddable":true,"href":"https:\/\/nebula.org\/blog\/es\/wp-json\/wp\/v2\/users\/12"}],"replies":[{"embeddable":true,"href":"https:\/\/nebula.org\/blog\/es\/wp-json\/wp\/v2\/comments?post=10540"}],"version-history":[{"count":0,"href":"https:\/\/nebula.org\/blog\/es\/wp-json\/wp\/v2\/posts\/10540\/revisions"}],"wp:featuredmedia":[{"embeddable":true,"href":"https:\/\/nebula.org\/blog\/es\/wp-json\/wp\/v2\/media\/5459"}],"wp:attachment":[{"href":"https:\/\/nebula.org\/blog\/es\/wp-json\/wp\/v2\/media?parent=10540"}],"wp:term":[{"taxonomy":"category","embeddable":true,"href":"https:\/\/nebula.org\/blog\/es\/wp-json\/wp\/v2\/categories?post=10540"},{"taxonomy":"post_tag","embeddable":true,"href":"https:\/\/nebula.org\/blog\/es\/wp-json\/wp\/v2\/tags?post=10540"}],"curies":[{"name":"wp","href":"https:\/\/api.w.org\/{rel}","templated":true}]}}