{"id":10814,"date":"2021-01-06T00:35:46","date_gmt":"2021-01-06T05:35:46","guid":{"rendered":"https:\/\/nebula.org\/blog\/prolapso-de-organos-pelvicos-olafsdottir-2020\/"},"modified":"2021-02-20T20:48:48","modified_gmt":"2021-02-21T01:48:48","slug":"prolapso-de-organos-pelvicos-olafsdottir-2020","status":"publish","type":"post","link":"https:\/\/nebula.org\/blog\/es\/prolapso-de-organos-pelvicos-olafsdottir-2020\/","title":{"rendered":"Prolapso de \u00f3rganos p\u00e9lvicos (Olafsdottir, 2020)"},"content":{"rendered":"\n<p><strong>T\u00cdTULO DEL ESTUDIO:<\/strong><a href=\"https:\/\/science.sciencemag.org\/content\/367\/6484\/eaay6690\"> La asociaci\u00f3n de todo el genoma identifica siete loci para el prolapso de \u00f3rganos p\u00e9lvicos en Islandia y el Biobanco del Reino Unido<\/a><\/p>\n\n<p><strong>RESUMEN:<\/strong> Identificaci\u00f3n de 8 variantes gen\u00e9ticas asociadas al prolapso de \u00f3rganos p\u00e9lvicos.<\/p>\n\n<p><strong>VISI\u00d3N GENERAL:<\/strong> Los m\u00fasculos que sostienen los \u00f3rganos p\u00e9lvicos de una mujer pueden debilitarse, haciendo que \u00f3rganos como la vejiga y el \u00fatero caigan m\u00e1s abajo en el<em> pelvis<\/em> . Esta afecci\u00f3n se llama prolapso de \u00f3rganos p\u00e9lvicos y produce s\u00edntomas como presi\u00f3n en el \u00e1rea p\u00e9lvica, problemas intestinales y disfunci\u00f3n sexual. Es muy com\u00fan y afecta a casi 1 de cada 3 mujeres en alg\u00fan momento de su vida. Este estudio de asociaci\u00f3n de todo el genoma examin\u00f3 a m\u00e1s de 355.000 mujeres de ascendencia europea para comprender mejor los factores de riesgo gen\u00e9ticos del prolapso de \u00f3rganos p\u00e9lvicos. El estudio identific\u00f3 8 variantes asociadas con el prolapso de \u00f3rganos p\u00e9lvicos, que en conjunto explican aproximadamente el 12% de la heredabilidad de la afecci\u00f3n. Una de las variantes gen\u00e9ticas descubiertas parece afectar la<em> estr\u00f3geno<\/em> v\u00eda de se\u00f1alizaci\u00f3n, mientras que otra variante influye en el mantenimiento del tejido conectivo en el<em> pelvis<\/em> .<\/p>\n\n<p><strong>\u00bfSAB\u00cdAS?<\/strong> El prolapso de \u00f3rganos p\u00e9lvicos suele ser causado por el embarazo y el parto. La obesidad, la vejez y las afecciones con tos frecuente tambi\u00e9n son factores de riesgo para desarrollar la afecci\u00f3n. <a rel=\"noreferrer noopener\" href=\"https:\/\/www.health.harvard.edu\/womens-health\/what-to-do-about-pelvic-organ-prolapse\" target=\"_blank\">[SOURCE]<\/a><\/p>\n\n<p><strong>RESULTADOS DE LA MUESTRA:<\/strong> M\u00e1s informaci\u00f3n sobre el<a href=\"https:\/\/nebula.org\/blog\/es\/nebulosa-biblioteca-desbloqueo-investigacion-genetica\/\"> Biblioteca de investigaci\u00f3n de nebulosa<\/a> . <\/p>\n\n<figure class=\"wp-block-image size-large\"><a href=\"https:\/\/nebula.org\/free-dna-upload-analysis\/\"><img decoding=\"async\" width=\"1024\" height=\"375\" src=\"http:\/\/nebula.org\/blog\/wp-content\/uploads\/2020\/01\/Nebula-personalized-results-genomics-1024x375.png\" alt=\"Resultados de la muestra para el prolapso de &#xF3;rganos p&#xE9;lvicos\" class=\"wp-image-1066\" srcset=\"https:\/\/nebula.org\/blog\/wp-content\/uploads\/2020\/01\/Nebula-personalized-results-genomics-1024x375.png 1024w, https:\/\/nebula.org\/blog\/wp-content\/uploads\/2020\/01\/Nebula-personalized-results-genomics-300x110.png 300w, https:\/\/nebula.org\/blog\/wp-content\/uploads\/2020\/01\/Nebula-personalized-results-genomics-768x281.png 768w, https:\/\/nebula.org\/blog\/wp-content\/uploads\/2020\/01\/Nebula-personalized-results-genomics-1536x562.png 1536w, https:\/\/nebula.org\/blog\/wp-content\/uploads\/2020\/01\/Nebula-personalized-results-genomics.png 924w\" sizes=\"(max-width: 1024px) 100vw, 1024px\" \/><\/a><\/figure>\n\n<p><strong>VARIANTES ANALIZADAS:<\/strong> rs3820282 rs9306894 rs1430191 rs3791675 rs7682992 rs72624976 rs1247943 rs12325192<\/p>\n\n<p><strong>RECURSOS ADICIONALES:<\/strong><br\/><a rel=\"noreferrer noopener\" href=\"https:\/\/www.webmd.com\/urinary-incontinence-oab\/pelvic-organ-prolapse\" target=\"_blank\">Prolapso p\u00e9lvico<\/a><br\/><a rel=\"noreferrer noopener\" href=\"https:\/\/www.medicalnewstoday.com\/articles\/277177\" target=\"_blank\">Estr\u00f3geno<\/a><a rel=\"noreferrer noopener\" href=\"https:\/\/www.youtube.com\/watch?v=HdZa0aUEox8\" target=\"_blank\"> <\/a><br\/><a rel=\"noreferrer noopener\" href=\"https:\/\/www.youtube.com\/watch?v=HdZa0aUEox8\" target=\"_blank\">V\u00eddeo<\/a><\/p>\n\n<p><strong>ACTUALIZACI\u00d3N SEMANAL:<\/strong> 31 de marzo de 2020<\/p>\n","protected":false},"excerpt":{"rendered":"<p>T\u00cdTULO DEL ESTUDIO: La asociaci\u00f3n de todo el genoma identifica siete loci para el prolapso de \u00f3rganos p\u00e9lvicos en Islandia y el Biobanco del Reino Unido RESUMEN: Identificaci\u00f3n de 8 variantes gen\u00e9ticas asociadas al prolapso de \u00f3rganos p\u00e9lvicos. VISI\u00d3N GENERAL: &hellip;<\/p>\n<p class=\"read-more\"> <a class=\"ast-button\" href=\"https:\/\/nebula.org\/blog\/es\/prolapso-de-organos-pelvicos-olafsdottir-2020\/\"> <span class=\"screen-reader-text\">Prolapso de \u00f3rganos p\u00e9lvicos (Olafsdottir, 2020)<\/span> Leer m\u00e1s \u00bb<\/a><\/p>\n","protected":false},"author":12,"featured_media":6024,"comment_status":"closed","ping_status":"open","sticky":false,"template":"","format":"standard","meta":{"om_disable_all_campaigns":false,"site-sidebar-layout":"default","site-content-layout":"default","ast-global-header-display":"","ast-banner-title-visibility":"","ast-main-header-display":"","ast-hfb-above-header-display":"","ast-hfb-below-header-display":"","ast-hfb-mobile-header-display":"","site-post-title":"","ast-breadcrumbs-content":"","ast-featured-img":"","footer-sml-layout":"","theme-transparent-header-meta":"default","adv-header-id-meta":"","stick-header-meta":"","header-above-stick-meta":"","header-main-stick-meta":"","header-below-stick-meta":"","_FSMCFIC_featured_image_caption":"","_FSMCFIC_featured_image_nocaption":"","_FSMCFIC_featured_image_hide":"","footnotes":""},"categories":[4982],"tags":[],"class_list":["post-10814","post","type-post","status-publish","format-standard","has-post-thumbnail","hentry","category-informes"],"yoast_head":"<!-- This site is optimized with the Yoast SEO plugin v20.13 - https:\/\/yoast.com\/wordpress\/plugins\/seo\/ -->\n<title>La gen\u00f3mica del prolapso de \u00f3rganos p\u00e9lvicos (Olafsdottir, 2020)<\/title>\n<meta name=\"description\" content=\"El estudio identific\u00f3 8 variantes asociadas con el prolapso de \u00f3rganos p\u00e9lvicos, que en conjunto explican aproximadamente el 12% de la heredabilidad de la afecci\u00f3n.\" \/>\n<meta name=\"robots\" content=\"index, follow, max-snippet:-1, max-image-preview:large, max-video-preview:-1\" \/>\n<link rel=\"canonical\" href=\"https:\/\/nebula.org\/blog\/es\/prolapso-de-organos-pelvicos-olafsdottir-2020\/\" \/>\n<meta property=\"og:locale\" content=\"es_ES\" \/>\n<meta property=\"og:type\" content=\"article\" \/>\n<meta property=\"og:title\" content=\"La gen\u00f3mica del prolapso de \u00f3rganos p\u00e9lvicos (Olafsdottir, 2020)\" \/>\n<meta property=\"og:description\" content=\"El estudio identific\u00f3 8 variantes asociadas con el prolapso de \u00f3rganos p\u00e9lvicos, que en conjunto explican aproximadamente el 12% de la heredabilidad de la afecci\u00f3n.\" \/>\n<meta property=\"og:url\" content=\"https:\/\/nebula.org\/blog\/es\/prolapso-de-organos-pelvicos-olafsdottir-2020\/\" \/>\n<meta property=\"og:site_name\" content=\"Nebula Genomics Blog\" \/>\n<meta property=\"article:publisher\" content=\"https:\/\/facebook.com\/nebulagenomics\" \/>\n<meta property=\"article:published_time\" content=\"2021-01-06T05:35:46+00:00\" \/>\n<meta property=\"article:modified_time\" content=\"2021-02-21T01:48:48+00:00\" \/>\n<meta property=\"og:image\" content=\"https:\/\/nebula.org\/blog\/wp-content\/uploads\/2020\/03\/eye-for-ebony-vYpbBtkDhNE-unsplash-scaled.jpg\" \/>\n\t<meta property=\"og:image:width\" content=\"924\" \/>\n\t<meta property=\"og:image:height\" content=\"693\" \/>\n\t<meta property=\"og:image:type\" content=\"image\/jpeg\" \/>\n<meta name=\"author\" content=\"Garrett Dunlap, B.S.\" \/>\n<meta name=\"twitter:card\" content=\"summary_large_image\" \/>\n<meta name=\"twitter:creator\" content=\"@nebulagenomics\" \/>\n<meta name=\"twitter:site\" content=\"@nebulagenomics\" \/>\n<meta name=\"twitter:label1\" content=\"Escrito por\" \/>\n\t<meta name=\"twitter:data1\" content=\"Garrett Dunlap, B.S.\" \/>\n\t<meta name=\"twitter:label2\" content=\"Tiempo de lectura\" \/>\n\t<meta name=\"twitter:data2\" content=\"1 minuto\" \/>\n<script type=\"application\/ld+json\" class=\"yoast-schema-graph\">{\"@context\":\"https:\/\/schema.org\",\"@graph\":[{\"@type\":\"Article\",\"@id\":\"https:\/\/nebula.org\/blog\/es\/prolapso-de-organos-pelvicos-olafsdottir-2020\/#article\",\"isPartOf\":{\"@id\":\"https:\/\/nebula.org\/blog\/es\/prolapso-de-organos-pelvicos-olafsdottir-2020\/\"},\"author\":{\"name\":\"Garrett Dunlap, B.S.\",\"@id\":\"https:\/\/nebula.org\/blog\/es\/#\/schema\/person\/b7bd0a490f115d1d931c33eed922af4e\"},\"headline\":\"Prolapso de \u00f3rganos p\u00e9lvicos (Olafsdottir, 2020)\",\"datePublished\":\"2021-01-06T05:35:46+00:00\",\"dateModified\":\"2021-02-21T01:48:48+00:00\",\"mainEntityOfPage\":{\"@id\":\"https:\/\/nebula.org\/blog\/es\/prolapso-de-organos-pelvicos-olafsdottir-2020\/\"},\"wordCount\":298,\"publisher\":{\"@id\":\"https:\/\/nebula.org\/blog\/es\/#organization\"},\"articleSection\":[\"Informes\"],\"inLanguage\":\"es\"},{\"@type\":\"WebPage\",\"@id\":\"https:\/\/nebula.org\/blog\/es\/prolapso-de-organos-pelvicos-olafsdottir-2020\/\",\"url\":\"https:\/\/nebula.org\/blog\/es\/prolapso-de-organos-pelvicos-olafsdottir-2020\/\",\"name\":\"La gen\u00f3mica del prolapso de \u00f3rganos p\u00e9lvicos (Olafsdottir, 2020)\",\"isPartOf\":{\"@id\":\"https:\/\/nebula.org\/blog\/es\/#website\"},\"datePublished\":\"2021-01-06T05:35:46+00:00\",\"dateModified\":\"2021-02-21T01:48:48+00:00\",\"description\":\"El estudio identific\u00f3 8 variantes asociadas con el prolapso de \u00f3rganos p\u00e9lvicos, que en conjunto explican aproximadamente el 12% de la heredabilidad de la afecci\u00f3n.\",\"breadcrumb\":{\"@id\":\"https:\/\/nebula.org\/blog\/es\/prolapso-de-organos-pelvicos-olafsdottir-2020\/#breadcrumb\"},\"inLanguage\":\"es\",\"potentialAction\":[{\"@type\":\"ReadAction\",\"target\":[\"https:\/\/nebula.org\/blog\/es\/prolapso-de-organos-pelvicos-olafsdottir-2020\/\"]}]},{\"@type\":\"BreadcrumbList\",\"@id\":\"https:\/\/nebula.org\/blog\/es\/prolapso-de-organos-pelvicos-olafsdottir-2020\/#breadcrumb\",\"itemListElement\":[{\"@type\":\"ListItem\",\"position\":1,\"name\":\"Home\",\"item\":\"https:\/\/nebula.org\/blog\/es\/\"},{\"@type\":\"ListItem\",\"position\":2,\"name\":\"Prolapso de \u00f3rganos p\u00e9lvicos (Olafsdottir, 2020)\"}]},{\"@type\":\"WebSite\",\"@id\":\"https:\/\/nebula.org\/blog\/es\/#website\",\"url\":\"https:\/\/nebula.org\/blog\/es\/\",\"name\":\"Nebula Genomics Blog\",\"description\":\"\",\"publisher\":{\"@id\":\"https:\/\/nebula.org\/blog\/es\/#organization\"},\"potentialAction\":[{\"@type\":\"SearchAction\",\"target\":{\"@type\":\"EntryPoint\",\"urlTemplate\":\"https:\/\/nebula.org\/blog\/es\/?s={search_term_string}\"},\"query-input\":\"required name=search_term_string\"}],\"inLanguage\":\"es\"},{\"@type\":\"Organization\",\"@id\":\"https:\/\/nebula.org\/blog\/es\/#organization\",\"name\":\"Nebula Genomics\",\"url\":\"https:\/\/nebula.org\/blog\/es\/\",\"logo\":{\"@type\":\"ImageObject\",\"inLanguage\":\"es\",\"@id\":\"https:\/\/nebula.org\/blog\/es\/#\/schema\/logo\/image\/\",\"url\":\"\",\"contentUrl\":\"\",\"caption\":\"Nebula Genomics\"},\"image\":{\"@id\":\"https:\/\/nebula.org\/blog\/es\/#\/schema\/logo\/image\/\"},\"sameAs\":[\"https:\/\/facebook.com\/nebulagenomics\",\"https:\/\/twitter.com\/nebulagenomics\",\"https:\/\/www.instagram.com\/nebulagenomics\/\",\"https:\/\/www.linkedin.com\/company\/nebula-genomics\/\",\"https:\/\/en.wikipedia.org\/wiki\/Nebula_Genomics\"]},{\"@type\":\"Person\",\"@id\":\"https:\/\/nebula.org\/blog\/es\/#\/schema\/person\/b7bd0a490f115d1d931c33eed922af4e\",\"name\":\"Garrett Dunlap, B.S.\",\"image\":{\"@type\":\"ImageObject\",\"inLanguage\":\"es\",\"@id\":\"https:\/\/nebula.org\/blog\/es\/#\/schema\/person\/image\/\",\"url\":\"https:\/\/secure.gravatar.com\/avatar\/32fb6e0dbc7e0bac908b0f23ea6ed5ec?s=96&d=mm&r=g\",\"contentUrl\":\"https:\/\/secure.gravatar.com\/avatar\/32fb6e0dbc7e0bac908b0f23ea6ed5ec?s=96&d=mm&r=g\",\"caption\":\"Garrett Dunlap, B.S.\"},\"description\":\"Garrett Dunlap earned a B.S. in Biology from Case Western Reserve University with a minor in Political Science. He earned an M.S. and is currently a Ph.D. Candidate in the Biological and Biomedical Sciences (BBS) Ph.D. program at Harvard University.\u00a0He has experience in science policy as an intern at the Science and Innovation Network where he assisted in the science diplomacy functions of the British Consulate-General and as a research associate at TScan Therapeutics. He is also interested in science communication and writing. You can read more about Garrett's experience and publications on LinkedIn and ORCID.\",\"sameAs\":[\"https:\/\/nebula.org\/whole-genome-sequencing\/\"],\"url\":\"https:\/\/nebula.org\/blog\/es\/author\/garrett-dunlap\/\"}]}<\/script>\n<!-- \/ Yoast SEO plugin. -->","yoast_head_json":{"title":"La gen\u00f3mica del prolapso de \u00f3rganos p\u00e9lvicos (Olafsdottir, 2020)","description":"El estudio identific\u00f3 8 variantes asociadas con el prolapso de \u00f3rganos p\u00e9lvicos, que en conjunto explican aproximadamente el 12% de la heredabilidad de la afecci\u00f3n.","robots":{"index":"index","follow":"follow","max-snippet":"max-snippet:-1","max-image-preview":"max-image-preview:large","max-video-preview":"max-video-preview:-1"},"canonical":"https:\/\/nebula.org\/blog\/es\/prolapso-de-organos-pelvicos-olafsdottir-2020\/","og_locale":"es_ES","og_type":"article","og_title":"La gen\u00f3mica del prolapso de \u00f3rganos p\u00e9lvicos (Olafsdottir, 2020)","og_description":"El estudio identific\u00f3 8 variantes asociadas con el prolapso de \u00f3rganos p\u00e9lvicos, que en conjunto explican aproximadamente el 12% de la heredabilidad de la afecci\u00f3n.","og_url":"https:\/\/nebula.org\/blog\/es\/prolapso-de-organos-pelvicos-olafsdottir-2020\/","og_site_name":"Nebula Genomics Blog","article_publisher":"https:\/\/facebook.com\/nebulagenomics","article_published_time":"2021-01-06T05:35:46+00:00","article_modified_time":"2021-02-21T01:48:48+00:00","og_image":[{"width":924,"height":693,"url":"https:\/\/nebula.org\/blog\/wp-content\/uploads\/2020\/03\/eye-for-ebony-vYpbBtkDhNE-unsplash-scaled.jpg","type":"image\/jpeg"}],"author":"Garrett Dunlap, B.S.","twitter_card":"summary_large_image","twitter_creator":"@nebulagenomics","twitter_site":"@nebulagenomics","twitter_misc":{"Escrito por":"Garrett Dunlap, B.S.","Tiempo de lectura":"1 minuto"},"schema":{"@context":"https:\/\/schema.org","@graph":[{"@type":"Article","@id":"https:\/\/nebula.org\/blog\/es\/prolapso-de-organos-pelvicos-olafsdottir-2020\/#article","isPartOf":{"@id":"https:\/\/nebula.org\/blog\/es\/prolapso-de-organos-pelvicos-olafsdottir-2020\/"},"author":{"name":"Garrett Dunlap, B.S.","@id":"https:\/\/nebula.org\/blog\/es\/#\/schema\/person\/b7bd0a490f115d1d931c33eed922af4e"},"headline":"Prolapso de \u00f3rganos p\u00e9lvicos (Olafsdottir, 2020)","datePublished":"2021-01-06T05:35:46+00:00","dateModified":"2021-02-21T01:48:48+00:00","mainEntityOfPage":{"@id":"https:\/\/nebula.org\/blog\/es\/prolapso-de-organos-pelvicos-olafsdottir-2020\/"},"wordCount":298,"publisher":{"@id":"https:\/\/nebula.org\/blog\/es\/#organization"},"articleSection":["Informes"],"inLanguage":"es"},{"@type":"WebPage","@id":"https:\/\/nebula.org\/blog\/es\/prolapso-de-organos-pelvicos-olafsdottir-2020\/","url":"https:\/\/nebula.org\/blog\/es\/prolapso-de-organos-pelvicos-olafsdottir-2020\/","name":"La gen\u00f3mica del prolapso de \u00f3rganos p\u00e9lvicos (Olafsdottir, 2020)","isPartOf":{"@id":"https:\/\/nebula.org\/blog\/es\/#website"},"datePublished":"2021-01-06T05:35:46+00:00","dateModified":"2021-02-21T01:48:48+00:00","description":"El estudio identific\u00f3 8 variantes asociadas con el prolapso de \u00f3rganos p\u00e9lvicos, que en conjunto explican aproximadamente el 12% de la heredabilidad de la afecci\u00f3n.","breadcrumb":{"@id":"https:\/\/nebula.org\/blog\/es\/prolapso-de-organos-pelvicos-olafsdottir-2020\/#breadcrumb"},"inLanguage":"es","potentialAction":[{"@type":"ReadAction","target":["https:\/\/nebula.org\/blog\/es\/prolapso-de-organos-pelvicos-olafsdottir-2020\/"]}]},{"@type":"BreadcrumbList","@id":"https:\/\/nebula.org\/blog\/es\/prolapso-de-organos-pelvicos-olafsdottir-2020\/#breadcrumb","itemListElement":[{"@type":"ListItem","position":1,"name":"Home","item":"https:\/\/nebula.org\/blog\/es\/"},{"@type":"ListItem","position":2,"name":"Prolapso de \u00f3rganos p\u00e9lvicos (Olafsdottir, 2020)"}]},{"@type":"WebSite","@id":"https:\/\/nebula.org\/blog\/es\/#website","url":"https:\/\/nebula.org\/blog\/es\/","name":"Nebula Genomics Blog","description":"","publisher":{"@id":"https:\/\/nebula.org\/blog\/es\/#organization"},"potentialAction":[{"@type":"SearchAction","target":{"@type":"EntryPoint","urlTemplate":"https:\/\/nebula.org\/blog\/es\/?s={search_term_string}"},"query-input":"required name=search_term_string"}],"inLanguage":"es"},{"@type":"Organization","@id":"https:\/\/nebula.org\/blog\/es\/#organization","name":"Nebula Genomics","url":"https:\/\/nebula.org\/blog\/es\/","logo":{"@type":"ImageObject","inLanguage":"es","@id":"https:\/\/nebula.org\/blog\/es\/#\/schema\/logo\/image\/","url":"","contentUrl":"","caption":"Nebula Genomics"},"image":{"@id":"https:\/\/nebula.org\/blog\/es\/#\/schema\/logo\/image\/"},"sameAs":["https:\/\/facebook.com\/nebulagenomics","https:\/\/twitter.com\/nebulagenomics","https:\/\/www.instagram.com\/nebulagenomics\/","https:\/\/www.linkedin.com\/company\/nebula-genomics\/","https:\/\/en.wikipedia.org\/wiki\/Nebula_Genomics"]},{"@type":"Person","@id":"https:\/\/nebula.org\/blog\/es\/#\/schema\/person\/b7bd0a490f115d1d931c33eed922af4e","name":"Garrett Dunlap, B.S.","image":{"@type":"ImageObject","inLanguage":"es","@id":"https:\/\/nebula.org\/blog\/es\/#\/schema\/person\/image\/","url":"https:\/\/secure.gravatar.com\/avatar\/32fb6e0dbc7e0bac908b0f23ea6ed5ec?s=96&d=mm&r=g","contentUrl":"https:\/\/secure.gravatar.com\/avatar\/32fb6e0dbc7e0bac908b0f23ea6ed5ec?s=96&d=mm&r=g","caption":"Garrett Dunlap, B.S."},"description":"Garrett Dunlap earned a B.S. in Biology from Case Western Reserve University with a minor in Political Science. He earned an M.S. and is currently a Ph.D. Candidate in the Biological and Biomedical Sciences (BBS) Ph.D. program at Harvard University.\u00a0He has experience in science policy as an intern at the Science and Innovation Network where he assisted in the science diplomacy functions of the British Consulate-General and as a research associate at TScan Therapeutics. He is also interested in science communication and writing. You can read more about Garrett's experience and publications on LinkedIn and ORCID.","sameAs":["https:\/\/nebula.org\/whole-genome-sequencing\/"],"url":"https:\/\/nebula.org\/blog\/es\/author\/garrett-dunlap\/"}]}},"_links":{"self":[{"href":"https:\/\/nebula.org\/blog\/es\/wp-json\/wp\/v2\/posts\/10814","targetHints":{"allow":["GET"]}}],"collection":[{"href":"https:\/\/nebula.org\/blog\/es\/wp-json\/wp\/v2\/posts"}],"about":[{"href":"https:\/\/nebula.org\/blog\/es\/wp-json\/wp\/v2\/types\/post"}],"author":[{"embeddable":true,"href":"https:\/\/nebula.org\/blog\/es\/wp-json\/wp\/v2\/users\/12"}],"replies":[{"embeddable":true,"href":"https:\/\/nebula.org\/blog\/es\/wp-json\/wp\/v2\/comments?post=10814"}],"version-history":[{"count":0,"href":"https:\/\/nebula.org\/blog\/es\/wp-json\/wp\/v2\/posts\/10814\/revisions"}],"wp:featuredmedia":[{"embeddable":true,"href":"https:\/\/nebula.org\/blog\/es\/wp-json\/wp\/v2\/media\/6024"}],"wp:attachment":[{"href":"https:\/\/nebula.org\/blog\/es\/wp-json\/wp\/v2\/media?parent=10814"}],"wp:term":[{"taxonomy":"category","embeddable":true,"href":"https:\/\/nebula.org\/blog\/es\/wp-json\/wp\/v2\/categories?post=10814"},{"taxonomy":"post_tag","embeddable":true,"href":"https:\/\/nebula.org\/blog\/es\/wp-json\/wp\/v2\/tags?post=10814"}],"curies":[{"name":"wp","href":"https:\/\/api.w.org\/{rel}","templated":true}]}}