{"id":10909,"date":"2021-01-06T00:37:40","date_gmt":"2021-01-06T05:37:40","guid":{"rendered":"https:\/\/nebula.org\/blog\/genetica-del-covid-critico-pairo-2020\/"},"modified":"2021-02-20T22:44:46","modified_gmt":"2021-02-21T03:44:46","slug":"genetica-del-covid-critico-pairo-2020","status":"publish","type":"post","link":"https:\/\/nebula.org\/blog\/es\/genetica-del-covid-critico-pairo-2020\/","title":{"rendered":"Enfermedad cr\u00edtica COVID-19 (Pairo-Castineira, 2020) &#8211; \u00bfLa gravedad es gen\u00e9tica?"},"content":{"rendered":"\n<h2 class=\"wp-block-heading\" id=\"h-nebula-genomics-dna-report-for-critical-covid-19-illness\">Informe de ADN de Nebula Genomics para la enfermedad grave de COVID-19<\/h2>\n\n<p>\u00bfLa gravedad del COVID-19 es gen\u00e9tica? Creamos un informe de ADN basado en un estudio que intent\u00f3 responder esta pregunta. A continuaci\u00f3n puede ver un informe de MUESTRA de ADN. Para obtener su informe de ADN personalizado, compre nuestro<a href=\"https:\/\/nebula.org\/whole-genome-sequencing\/\"> Secuenciaci\u00f3n del genoma completo<\/a> !<\/p>\n\n<p><\/p>\n\n<figure class=\"wp-block-image alignfull size-large\"><img decoding=\"async\" width=\"526\" height=\"1024\" src=\"https:\/\/nebula.org\/blog\/wp-content\/uploads\/2020\/12\/cov19-526x1024.png\" alt=\"\" class=\"wp-image-2971\" srcset=\"https:\/\/nebula.org\/blog\/wp-content\/uploads\/2020\/12\/cov19-526x1024.png 526w, https:\/\/nebula.org\/blog\/wp-content\/uploads\/2020\/12\/cov19-154x300.png 154w, https:\/\/nebula.org\/blog\/wp-content\/uploads\/2020\/12\/cov19-768x1495.png 768w, https:\/\/nebula.org\/blog\/wp-content\/uploads\/2020\/12\/cov19-789x1536.png 789w, https:\/\/nebula.org\/blog\/wp-content\/uploads\/2020\/12\/cov19-1052x2048.png 1052w, https:\/\/nebula.org\/blog\/wp-content\/uploads\/2020\/12\/cov19-6x12.png 6w, https:\/\/nebula.org\/blog\/wp-content\/uploads\/2020\/12\/cov19.png 475w\" sizes=\"(max-width: 526px) 100vw, 526px\" \/><\/figure>\n\n<div class=\"wp-block-buttons aligncenter is-layout-flex wp-block-buttons-is-layout-flex\">\n<div class=\"wp-block-button\"><a class=\"wp-block-button__link has-vivid-cyan-blue-background-color has-background\" href=\"https:\/\/nebula.org\/whole-genome-sequencing\/\"><strong>\u00a1Secuencia de su genoma y acceda a m\u00e1s de 200 informes de ADN!<\/strong><\/a><\/div>\n<\/div>\n\n<p>\u00bfTe gust\u00f3 este art\u00edculo? Aseg\u00farese de revisar las otras publicaciones en el<a href=\"https:\/\/nebula.org\/blog\/es\/nebulosa-biblioteca-desbloqueo-investigacion-genetica\/\"> Biblioteca de investigaci\u00f3n de nebulosa<\/a> !<\/p>\n","protected":false},"excerpt":{"rendered":"<p>Informe de ADN de Nebula Genomics para la enfermedad grave de COVID-19 \u00bfLa gravedad del COVID-19 es gen\u00e9tica? Creamos un informe de ADN basado en un estudio que intent\u00f3 responder esta pregunta. A continuaci\u00f3n puede ver un informe de MUESTRA &hellip;<\/p>\n<p class=\"read-more\"> <a class=\"ast-button\" href=\"https:\/\/nebula.org\/blog\/es\/genetica-del-covid-critico-pairo-2020\/\"> <span class=\"screen-reader-text\">Enfermedad cr\u00edtica COVID-19 (Pairo-Castineira, 2020) &#8211; \u00bfLa gravedad es gen\u00e9tica?<\/span> Leer m\u00e1s \u00bb<\/a><\/p>\n","protected":false},"author":12,"featured_media":7989,"comment_status":"closed","ping_status":"closed","sticky":false,"template":"","format":"standard","meta":{"om_disable_all_campaigns":false,"site-sidebar-layout":"default","site-content-layout":"default","ast-global-header-display":"","ast-banner-title-visibility":"","ast-main-header-display":"","ast-hfb-above-header-display":"","ast-hfb-below-header-display":"","ast-hfb-mobile-header-display":"","site-post-title":"","ast-breadcrumbs-content":"","ast-featured-img":"","footer-sml-layout":"","theme-transparent-header-meta":"default","adv-header-id-meta":"","stick-header-meta":"","header-above-stick-meta":"","header-main-stick-meta":"","header-below-stick-meta":"","_FSMCFIC_featured_image_caption":"","_FSMCFIC_featured_image_nocaption":"","_FSMCFIC_featured_image_hide":"","footnotes":""},"categories":[4982],"tags":[],"class_list":["post-10909","post","type-post","status-publish","format-standard","has-post-thumbnail","hentry","category-informes"],"yoast_head":"<!-- This site is optimized with the Yoast SEO plugin v20.13 - https:\/\/yoast.com\/wordpress\/plugins\/seo\/ -->\n<title>\u00bfLa gravedad del COVID-19 es gen\u00e9tica? | \u00a1Decodifica tu ADN y aprende sobre tus riesgos!<\/title>\n<meta name=\"description\" content=\"\u00bfEl riesgo de COVID es gen\u00e9tico? Cargue sus datos de ADN, explore variantes gen\u00e9ticas vinculadas a la enfermedad grave del COVID-19 (Pairo-Castineira, 2020) y descubra su puntaje polig\u00e9nico.\" \/>\n<meta name=\"robots\" content=\"index, follow, max-snippet:-1, max-image-preview:large, max-video-preview:-1\" \/>\n<link rel=\"canonical\" href=\"https:\/\/nebula.org\/blog\/es\/genetica-del-covid-critico-pairo-2020\/\" \/>\n<meta property=\"og:locale\" content=\"es_ES\" \/>\n<meta property=\"og:type\" content=\"article\" \/>\n<meta property=\"og:title\" content=\"\u00bfLa gravedad del COVID-19 es gen\u00e9tica? | \u00a1Decodifica tu ADN y aprende sobre tus riesgos!\" \/>\n<meta property=\"og:description\" content=\"\u00bfEl riesgo de COVID es gen\u00e9tico? Cargue sus datos de ADN, explore variantes gen\u00e9ticas vinculadas a la enfermedad grave del COVID-19 (Pairo-Castineira, 2020) y descubra su puntaje polig\u00e9nico.\" \/>\n<meta property=\"og:url\" content=\"https:\/\/nebula.org\/blog\/es\/genetica-del-covid-critico-pairo-2020\/\" \/>\n<meta property=\"og:site_name\" content=\"Nebula Genomics Blog\" \/>\n<meta property=\"article:publisher\" content=\"https:\/\/facebook.com\/nebulagenomics\" \/>\n<meta property=\"article:published_time\" content=\"2021-01-06T05:37:40+00:00\" \/>\n<meta property=\"article:modified_time\" content=\"2021-02-21T03:44:46+00:00\" \/>\n<meta property=\"og:image\" content=\"https:\/\/nebula.org\/blog\/wp-content\/uploads\/2020\/12\/mika-baumeister-uz_T7h8ds04-unsplash-scaled.jpg\" \/>\n\t<meta property=\"og:image:width\" content=\"924\" \/>\n\t<meta property=\"og:image:height\" content=\"613\" \/>\n\t<meta property=\"og:image:type\" content=\"image\/jpeg\" \/>\n<meta name=\"author\" content=\"Garrett Dunlap, B.S.\" \/>\n<meta name=\"twitter:card\" content=\"summary_large_image\" \/>\n<meta name=\"twitter:creator\" content=\"@nebulagenomics\" \/>\n<meta name=\"twitter:site\" content=\"@nebulagenomics\" \/>\n<meta name=\"twitter:label1\" content=\"Escrito por\" \/>\n\t<meta name=\"twitter:data1\" content=\"Garrett Dunlap, B.S.\" \/>\n<script type=\"application\/ld+json\" class=\"yoast-schema-graph\">{\"@context\":\"https:\/\/schema.org\",\"@graph\":[{\"@type\":\"Article\",\"@id\":\"https:\/\/nebula.org\/blog\/es\/genetica-del-covid-critico-pairo-2020\/#article\",\"isPartOf\":{\"@id\":\"https:\/\/nebula.org\/blog\/es\/genetica-del-covid-critico-pairo-2020\/\"},\"author\":{\"name\":\"Garrett Dunlap, B.S.\",\"@id\":\"https:\/\/nebula.org\/blog\/es\/#\/schema\/person\/b7bd0a490f115d1d931c33eed922af4e\"},\"headline\":\"Enfermedad cr\u00edtica COVID-19 (Pairo-Castineira, 2020) &#8211; \u00bfLa gravedad es gen\u00e9tica?\",\"datePublished\":\"2021-01-06T05:37:40+00:00\",\"dateModified\":\"2021-02-21T03:44:46+00:00\",\"mainEntityOfPage\":{\"@id\":\"https:\/\/nebula.org\/blog\/es\/genetica-del-covid-critico-pairo-2020\/\"},\"wordCount\":102,\"publisher\":{\"@id\":\"https:\/\/nebula.org\/blog\/es\/#organization\"},\"articleSection\":[\"Informes\"],\"inLanguage\":\"es\"},{\"@type\":\"WebPage\",\"@id\":\"https:\/\/nebula.org\/blog\/es\/genetica-del-covid-critico-pairo-2020\/\",\"url\":\"https:\/\/nebula.org\/blog\/es\/genetica-del-covid-critico-pairo-2020\/\",\"name\":\"\u00bfLa gravedad del COVID-19 es gen\u00e9tica? | \u00a1Decodifica tu ADN y aprende sobre tus riesgos!\",\"isPartOf\":{\"@id\":\"https:\/\/nebula.org\/blog\/es\/#website\"},\"datePublished\":\"2021-01-06T05:37:40+00:00\",\"dateModified\":\"2021-02-21T03:44:46+00:00\",\"description\":\"\u00bfEl riesgo de COVID es gen\u00e9tico? Cargue sus datos de ADN, explore variantes gen\u00e9ticas vinculadas a la enfermedad grave del COVID-19 (Pairo-Castineira, 2020) y descubra su puntaje polig\u00e9nico.\",\"breadcrumb\":{\"@id\":\"https:\/\/nebula.org\/blog\/es\/genetica-del-covid-critico-pairo-2020\/#breadcrumb\"},\"inLanguage\":\"es\",\"potentialAction\":[{\"@type\":\"ReadAction\",\"target\":[\"https:\/\/nebula.org\/blog\/es\/genetica-del-covid-critico-pairo-2020\/\"]}]},{\"@type\":\"BreadcrumbList\",\"@id\":\"https:\/\/nebula.org\/blog\/es\/genetica-del-covid-critico-pairo-2020\/#breadcrumb\",\"itemListElement\":[{\"@type\":\"ListItem\",\"position\":1,\"name\":\"Home\",\"item\":\"https:\/\/nebula.org\/blog\/es\/\"},{\"@type\":\"ListItem\",\"position\":2,\"name\":\"Enfermedad cr\u00edtica COVID-19 (Pairo-Castineira, 2020) &#8211; \u00bfLa gravedad es gen\u00e9tica?\"}]},{\"@type\":\"WebSite\",\"@id\":\"https:\/\/nebula.org\/blog\/es\/#website\",\"url\":\"https:\/\/nebula.org\/blog\/es\/\",\"name\":\"Nebula Genomics Blog\",\"description\":\"\",\"publisher\":{\"@id\":\"https:\/\/nebula.org\/blog\/es\/#organization\"},\"potentialAction\":[{\"@type\":\"SearchAction\",\"target\":{\"@type\":\"EntryPoint\",\"urlTemplate\":\"https:\/\/nebula.org\/blog\/es\/?s={search_term_string}\"},\"query-input\":\"required name=search_term_string\"}],\"inLanguage\":\"es\"},{\"@type\":\"Organization\",\"@id\":\"https:\/\/nebula.org\/blog\/es\/#organization\",\"name\":\"Nebula Genomics\",\"url\":\"https:\/\/nebula.org\/blog\/es\/\",\"logo\":{\"@type\":\"ImageObject\",\"inLanguage\":\"es\",\"@id\":\"https:\/\/nebula.org\/blog\/es\/#\/schema\/logo\/image\/\",\"url\":\"\",\"contentUrl\":\"\",\"caption\":\"Nebula Genomics\"},\"image\":{\"@id\":\"https:\/\/nebula.org\/blog\/es\/#\/schema\/logo\/image\/\"},\"sameAs\":[\"https:\/\/facebook.com\/nebulagenomics\",\"https:\/\/twitter.com\/nebulagenomics\",\"https:\/\/www.instagram.com\/nebulagenomics\/\",\"https:\/\/www.linkedin.com\/company\/nebula-genomics\/\",\"https:\/\/en.wikipedia.org\/wiki\/Nebula_Genomics\"]},{\"@type\":\"Person\",\"@id\":\"https:\/\/nebula.org\/blog\/es\/#\/schema\/person\/b7bd0a490f115d1d931c33eed922af4e\",\"name\":\"Garrett Dunlap, B.S.\",\"image\":{\"@type\":\"ImageObject\",\"inLanguage\":\"es\",\"@id\":\"https:\/\/nebula.org\/blog\/es\/#\/schema\/person\/image\/\",\"url\":\"https:\/\/secure.gravatar.com\/avatar\/32fb6e0dbc7e0bac908b0f23ea6ed5ec?s=96&d=mm&r=g\",\"contentUrl\":\"https:\/\/secure.gravatar.com\/avatar\/32fb6e0dbc7e0bac908b0f23ea6ed5ec?s=96&d=mm&r=g\",\"caption\":\"Garrett Dunlap, B.S.\"},\"description\":\"Garrett Dunlap earned a B.S. in Biology from Case Western Reserve University with a minor in Political Science. He earned an M.S. and is currently a Ph.D. Candidate in the Biological and Biomedical Sciences (BBS) Ph.D. program at Harvard University.\u00a0He has experience in science policy as an intern at the Science and Innovation Network where he assisted in the science diplomacy functions of the British Consulate-General and as a research associate at TScan Therapeutics. He is also interested in science communication and writing. You can read more about Garrett's experience and publications on LinkedIn and ORCID.\",\"sameAs\":[\"https:\/\/nebula.org\/whole-genome-sequencing\/\"],\"url\":\"https:\/\/nebula.org\/blog\/es\/author\/garrett-dunlap\/\"}]}<\/script>\n<!-- \/ Yoast SEO plugin. -->","yoast_head_json":{"title":"\u00bfLa gravedad del COVID-19 es gen\u00e9tica? | \u00a1Decodifica tu ADN y aprende sobre tus riesgos!","description":"\u00bfEl riesgo de COVID es gen\u00e9tico? Cargue sus datos de ADN, explore variantes gen\u00e9ticas vinculadas a la enfermedad grave del COVID-19 (Pairo-Castineira, 2020) y descubra su puntaje polig\u00e9nico.","robots":{"index":"index","follow":"follow","max-snippet":"max-snippet:-1","max-image-preview":"max-image-preview:large","max-video-preview":"max-video-preview:-1"},"canonical":"https:\/\/nebula.org\/blog\/es\/genetica-del-covid-critico-pairo-2020\/","og_locale":"es_ES","og_type":"article","og_title":"\u00bfLa gravedad del COVID-19 es gen\u00e9tica? | \u00a1Decodifica tu ADN y aprende sobre tus riesgos!","og_description":"\u00bfEl riesgo de COVID es gen\u00e9tico? Cargue sus datos de ADN, explore variantes gen\u00e9ticas vinculadas a la enfermedad grave del COVID-19 (Pairo-Castineira, 2020) y descubra su puntaje polig\u00e9nico.","og_url":"https:\/\/nebula.org\/blog\/es\/genetica-del-covid-critico-pairo-2020\/","og_site_name":"Nebula Genomics Blog","article_publisher":"https:\/\/facebook.com\/nebulagenomics","article_published_time":"2021-01-06T05:37:40+00:00","article_modified_time":"2021-02-21T03:44:46+00:00","og_image":[{"width":924,"height":613,"url":"https:\/\/nebula.org\/blog\/wp-content\/uploads\/2020\/12\/mika-baumeister-uz_T7h8ds04-unsplash-scaled.jpg","type":"image\/jpeg"}],"author":"Garrett Dunlap, B.S.","twitter_card":"summary_large_image","twitter_creator":"@nebulagenomics","twitter_site":"@nebulagenomics","twitter_misc":{"Escrito por":"Garrett Dunlap, B.S."},"schema":{"@context":"https:\/\/schema.org","@graph":[{"@type":"Article","@id":"https:\/\/nebula.org\/blog\/es\/genetica-del-covid-critico-pairo-2020\/#article","isPartOf":{"@id":"https:\/\/nebula.org\/blog\/es\/genetica-del-covid-critico-pairo-2020\/"},"author":{"name":"Garrett Dunlap, B.S.","@id":"https:\/\/nebula.org\/blog\/es\/#\/schema\/person\/b7bd0a490f115d1d931c33eed922af4e"},"headline":"Enfermedad cr\u00edtica COVID-19 (Pairo-Castineira, 2020) &#8211; \u00bfLa gravedad es gen\u00e9tica?","datePublished":"2021-01-06T05:37:40+00:00","dateModified":"2021-02-21T03:44:46+00:00","mainEntityOfPage":{"@id":"https:\/\/nebula.org\/blog\/es\/genetica-del-covid-critico-pairo-2020\/"},"wordCount":102,"publisher":{"@id":"https:\/\/nebula.org\/blog\/es\/#organization"},"articleSection":["Informes"],"inLanguage":"es"},{"@type":"WebPage","@id":"https:\/\/nebula.org\/blog\/es\/genetica-del-covid-critico-pairo-2020\/","url":"https:\/\/nebula.org\/blog\/es\/genetica-del-covid-critico-pairo-2020\/","name":"\u00bfLa gravedad del COVID-19 es gen\u00e9tica? | \u00a1Decodifica tu ADN y aprende sobre tus riesgos!","isPartOf":{"@id":"https:\/\/nebula.org\/blog\/es\/#website"},"datePublished":"2021-01-06T05:37:40+00:00","dateModified":"2021-02-21T03:44:46+00:00","description":"\u00bfEl riesgo de COVID es gen\u00e9tico? Cargue sus datos de ADN, explore variantes gen\u00e9ticas vinculadas a la enfermedad grave del COVID-19 (Pairo-Castineira, 2020) y descubra su puntaje polig\u00e9nico.","breadcrumb":{"@id":"https:\/\/nebula.org\/blog\/es\/genetica-del-covid-critico-pairo-2020\/#breadcrumb"},"inLanguage":"es","potentialAction":[{"@type":"ReadAction","target":["https:\/\/nebula.org\/blog\/es\/genetica-del-covid-critico-pairo-2020\/"]}]},{"@type":"BreadcrumbList","@id":"https:\/\/nebula.org\/blog\/es\/genetica-del-covid-critico-pairo-2020\/#breadcrumb","itemListElement":[{"@type":"ListItem","position":1,"name":"Home","item":"https:\/\/nebula.org\/blog\/es\/"},{"@type":"ListItem","position":2,"name":"Enfermedad cr\u00edtica COVID-19 (Pairo-Castineira, 2020) &#8211; \u00bfLa gravedad es gen\u00e9tica?"}]},{"@type":"WebSite","@id":"https:\/\/nebula.org\/blog\/es\/#website","url":"https:\/\/nebula.org\/blog\/es\/","name":"Nebula Genomics Blog","description":"","publisher":{"@id":"https:\/\/nebula.org\/blog\/es\/#organization"},"potentialAction":[{"@type":"SearchAction","target":{"@type":"EntryPoint","urlTemplate":"https:\/\/nebula.org\/blog\/es\/?s={search_term_string}"},"query-input":"required name=search_term_string"}],"inLanguage":"es"},{"@type":"Organization","@id":"https:\/\/nebula.org\/blog\/es\/#organization","name":"Nebula Genomics","url":"https:\/\/nebula.org\/blog\/es\/","logo":{"@type":"ImageObject","inLanguage":"es","@id":"https:\/\/nebula.org\/blog\/es\/#\/schema\/logo\/image\/","url":"","contentUrl":"","caption":"Nebula Genomics"},"image":{"@id":"https:\/\/nebula.org\/blog\/es\/#\/schema\/logo\/image\/"},"sameAs":["https:\/\/facebook.com\/nebulagenomics","https:\/\/twitter.com\/nebulagenomics","https:\/\/www.instagram.com\/nebulagenomics\/","https:\/\/www.linkedin.com\/company\/nebula-genomics\/","https:\/\/en.wikipedia.org\/wiki\/Nebula_Genomics"]},{"@type":"Person","@id":"https:\/\/nebula.org\/blog\/es\/#\/schema\/person\/b7bd0a490f115d1d931c33eed922af4e","name":"Garrett Dunlap, B.S.","image":{"@type":"ImageObject","inLanguage":"es","@id":"https:\/\/nebula.org\/blog\/es\/#\/schema\/person\/image\/","url":"https:\/\/secure.gravatar.com\/avatar\/32fb6e0dbc7e0bac908b0f23ea6ed5ec?s=96&d=mm&r=g","contentUrl":"https:\/\/secure.gravatar.com\/avatar\/32fb6e0dbc7e0bac908b0f23ea6ed5ec?s=96&d=mm&r=g","caption":"Garrett Dunlap, B.S."},"description":"Garrett Dunlap earned a B.S. in Biology from Case Western Reserve University with a minor in Political Science. He earned an M.S. and is currently a Ph.D. Candidate in the Biological and Biomedical Sciences (BBS) Ph.D. program at Harvard University.\u00a0He has experience in science policy as an intern at the Science and Innovation Network where he assisted in the science diplomacy functions of the British Consulate-General and as a research associate at TScan Therapeutics. He is also interested in science communication and writing. You can read more about Garrett's experience and publications on LinkedIn and ORCID.","sameAs":["https:\/\/nebula.org\/whole-genome-sequencing\/"],"url":"https:\/\/nebula.org\/blog\/es\/author\/garrett-dunlap\/"}]}},"_links":{"self":[{"href":"https:\/\/nebula.org\/blog\/es\/wp-json\/wp\/v2\/posts\/10909","targetHints":{"allow":["GET"]}}],"collection":[{"href":"https:\/\/nebula.org\/blog\/es\/wp-json\/wp\/v2\/posts"}],"about":[{"href":"https:\/\/nebula.org\/blog\/es\/wp-json\/wp\/v2\/types\/post"}],"author":[{"embeddable":true,"href":"https:\/\/nebula.org\/blog\/es\/wp-json\/wp\/v2\/users\/12"}],"replies":[{"embeddable":true,"href":"https:\/\/nebula.org\/blog\/es\/wp-json\/wp\/v2\/comments?post=10909"}],"version-history":[{"count":0,"href":"https:\/\/nebula.org\/blog\/es\/wp-json\/wp\/v2\/posts\/10909\/revisions"}],"wp:featuredmedia":[{"embeddable":true,"href":"https:\/\/nebula.org\/blog\/es\/wp-json\/wp\/v2\/media\/7989"}],"wp:attachment":[{"href":"https:\/\/nebula.org\/blog\/es\/wp-json\/wp\/v2\/media?parent=10909"}],"wp:term":[{"taxonomy":"category","embeddable":true,"href":"https:\/\/nebula.org\/blog\/es\/wp-json\/wp\/v2\/categories?post=10909"},{"taxonomy":"post_tag","embeddable":true,"href":"https:\/\/nebula.org\/blog\/es\/wp-json\/wp\/v2\/tags?post=10909"}],"curies":[{"name":"wp","href":"https:\/\/api.w.org\/{rel}","templated":true}]}}