{"id":9658,"date":"2021-01-05T23:56:26","date_gmt":"2021-01-06T04:56:26","guid":{"rendered":"https:\/\/nebula.org\/blog\/genetica-del-queratocono-mccomish-2019\/"},"modified":"2021-02-20T20:58:40","modified_gmt":"2021-02-21T01:58:40","slug":"genetica-del-queratocono-mccomish-2019","status":"publish","type":"post","link":"https:\/\/nebula.org\/blog\/es\/genetica-del-queratocono-mccomish-2019\/","title":{"rendered":"Adelgazamiento de la c\u00f3rnea: queratocono (McComish, 2019)"},"content":{"rendered":"\n<p><strong>T\u00cdTULO DEL ESTUDIO:<\/strong><a rel=\"noreferrer noopener\" href=\"https:\/\/jamanetwork.com\/journals\/jamaophthalmology\/article-abstract\/2757270\" target=\"_blank\"> Asociaci\u00f3n de variaci\u00f3n gen\u00e9tica con queratocono<\/a> <\/p>\n\n<p><strong>RESUMEN:<\/strong> Descubrimiento de 3 regiones gen\u00e9ticas asociadas con el queratocono, una afecci\u00f3n ocular caracterizada por el adelgazamiento de la c\u00f3rnea.<\/p>\n\n<p><strong>VISI\u00d3N GENERAL:<\/strong> La c\u00f3rnea es una capa delgada y transparente de tejido que cubre la parte frontal del ojo. Como el parabrisas de un autom\u00f3vil, la c\u00f3rnea le permite ver con claridad mientras protege las partes internas del ojo. El queratocono es una enfermedad caracterizada por el adelgazamiento y la deformaci\u00f3n de la c\u00f3rnea que puede provocar visi\u00f3n borrosa y miop\u00eda. Este estudio de asociaci\u00f3n de todo el genoma busc\u00f3 descubrir variantes asociadas con un mayor riesgo de desarrollar queratocono. Al examinar la informaci\u00f3n gen\u00e9tica de casi 6.000 individuos, los investigadores identificaron 3 regiones gen\u00e9ticas asociadas con la enfermedad.<\/p>\n\n<p><strong>\u00bfSAB\u00cdAS?<\/strong> El uso prolongado de lentes de contacto puede provocar una reducci\u00f3n del grosor de la c\u00f3rnea. Limitar el uso de lentes de contacto a un m\u00e1ximo de 14-16 horas por d\u00eda puede ayudar a reducir este y otros efectos nocivos. <a rel=\"noreferrer noopener\" href=\"https:\/\/en.wikipedia.org\/wiki\/Effects_of_long-term_contact_lens_wear_on_the_cornea\" target=\"_blank\">[SOURCE]<\/a><\/p>\n\n<p><strong>RESULTADOS DE LA MUESTRA:<\/strong> M\u00e1s informaci\u00f3n sobre el<a href=\"https:\/\/nebula.org\/blog\/es\/nebulosa-biblioteca-desbloqueo-investigacion-genetica\/\"> Biblioteca de investigaci\u00f3n de nebulosa<\/a> . <\/p>\n\n<figure class=\"wp-block-image size-large\"><a href=\"https:\/\/nebula.org\/whole-genome-sequencing\/\"><img decoding=\"async\" width=\"1024\" height=\"375\" src=\"https:\/\/nebula.org\/blog\/wp-content\/uploads\/2020\/01\/image-8-1024x375.png\" alt=\"resultados de la muestra de queratocono\" class=\"wp-image-5319\" srcset=\"https:\/\/nebula.org\/blog\/wp-content\/uploads\/2020\/01\/image-8-1024x375.png 1024w, https:\/\/nebula.org\/blog\/wp-content\/uploads\/2020\/01\/image-8-300x110.png 300w, https:\/\/nebula.org\/blog\/wp-content\/uploads\/2020\/01\/image-8-768x281.png 768w, https:\/\/nebula.org\/blog\/wp-content\/uploads\/2020\/01\/image-8-1536x562.png 1536w, https:\/\/nebula.org\/blog\/wp-content\/uploads\/2020\/01\/image-8.png 924w\" sizes=\"(max-width: 1024px) 100vw, 1024px\" \/><\/a><\/figure>\n\n<p><\/p>\n\n<p><strong>VARIANTES ASOCIADAS A KERATOCONUS:<\/strong> rs138378, rs61876744, rs10831500<\/p>\n\n<p><strong>RECURSOS ADICIONALES:<\/strong><br\/><a rel=\"noreferrer noopener\" href=\"https:\/\/www.allaboutvision.com\/resources\/cornea.htm\" target=\"_blank\">C\u00f3rnea<\/a><br\/><a rel=\"noreferrer noopener\" href=\"https:\/\/www.aao.org\/eye-health\/diseases\/what-is-keratoconus\" target=\"_blank\">Queratocono<\/a><\/p>\n\n<p><strong>ACTUALIZACI\u00d3N SEMANAL:<\/strong> 3 de enero de 2020<\/p>\n","protected":false},"excerpt":{"rendered":"<p>T\u00cdTULO DEL ESTUDIO: Asociaci\u00f3n de variaci\u00f3n gen\u00e9tica con queratocono RESUMEN: Descubrimiento de 3 regiones gen\u00e9ticas asociadas con el queratocono, una afecci\u00f3n ocular caracterizada por el adelgazamiento de la c\u00f3rnea. VISI\u00d3N GENERAL: La c\u00f3rnea es una capa delgada y transparente de &hellip;<\/p>\n<p class=\"read-more\"> <a class=\"ast-button\" href=\"https:\/\/nebula.org\/blog\/es\/genetica-del-queratocono-mccomish-2019\/\"> <span class=\"screen-reader-text\">Adelgazamiento de la c\u00f3rnea: queratocono (McComish, 2019)<\/span> Leer m\u00e1s \u00bb<\/a><\/p>\n","protected":false},"author":12,"featured_media":5144,"comment_status":"closed","ping_status":"closed","sticky":false,"template":"","format":"standard","meta":{"om_disable_all_campaigns":false,"site-sidebar-layout":"default","site-content-layout":"default","ast-global-header-display":"","ast-banner-title-visibility":"","ast-main-header-display":"","ast-hfb-above-header-display":"","ast-hfb-below-header-display":"","ast-hfb-mobile-header-display":"","site-post-title":"","ast-breadcrumbs-content":"","ast-featured-img":"","footer-sml-layout":"","theme-transparent-header-meta":"default","adv-header-id-meta":"","stick-header-meta":"","header-above-stick-meta":"","header-main-stick-meta":"","header-below-stick-meta":"","_FSMCFIC_featured_image_caption":"","_FSMCFIC_featured_image_nocaption":"","_FSMCFIC_featured_image_hide":"","footnotes":""},"categories":[4982],"tags":[],"class_list":["post-9658","post","type-post","status-publish","format-standard","has-post-thumbnail","hentry","category-informes"],"yoast_head":"<!-- This site is optimized with the Yoast SEO plugin v20.13 - https:\/\/yoast.com\/wordpress\/plugins\/seo\/ -->\n<title>La gen\u00e9tica del queratocono o adelgazamiento de la c\u00f3rnea (McComish, 2019)<\/title>\n<meta name=\"description\" content=\"Sube tus datos de ADN, explora variantes gen\u00e9ticas vinculadas al queratocono (McComish, 2019) y descubre tu puntuaci\u00f3n polig\u00e9nica.\" \/>\n<meta name=\"robots\" content=\"index, follow, max-snippet:-1, max-image-preview:large, max-video-preview:-1\" \/>\n<link rel=\"canonical\" href=\"https:\/\/nebula.org\/blog\/es\/genetica-del-queratocono-mccomish-2019\/\" \/>\n<meta property=\"og:locale\" content=\"es_ES\" \/>\n<meta property=\"og:type\" content=\"article\" \/>\n<meta property=\"og:title\" content=\"La gen\u00e9tica del queratocono o adelgazamiento de la c\u00f3rnea (McComish, 2019)\" \/>\n<meta property=\"og:description\" content=\"Sube tus datos de ADN, explora variantes gen\u00e9ticas vinculadas al queratocono (McComish, 2019) y descubre tu puntuaci\u00f3n polig\u00e9nica.\" \/>\n<meta property=\"og:url\" content=\"https:\/\/nebula.org\/blog\/es\/genetica-del-queratocono-mccomish-2019\/\" \/>\n<meta property=\"og:site_name\" content=\"Nebula Genomics Blog\" \/>\n<meta property=\"article:publisher\" content=\"https:\/\/facebook.com\/nebulagenomics\" \/>\n<meta property=\"article:published_time\" content=\"2021-01-06T04:56:26+00:00\" \/>\n<meta property=\"article:modified_time\" content=\"2021-02-21T01:58:40+00:00\" \/>\n<meta property=\"og:image\" content=\"https:\/\/nebula.org\/blog\/wp-content\/uploads\/2020\/01\/vanessa-bumbeers-PkauYYJwdTQ-unsplash-scaled.jpg\" \/>\n\t<meta property=\"og:image:width\" content=\"924\" \/>\n\t<meta property=\"og:image:height\" content=\"616\" \/>\n\t<meta property=\"og:image:type\" content=\"image\/jpeg\" \/>\n<meta name=\"author\" content=\"Garrett Dunlap, B.S.\" \/>\n<meta name=\"twitter:card\" content=\"summary_large_image\" \/>\n<meta name=\"twitter:creator\" content=\"@nebulagenomics\" \/>\n<meta name=\"twitter:site\" content=\"@nebulagenomics\" \/>\n<meta name=\"twitter:label1\" content=\"Escrito por\" \/>\n\t<meta name=\"twitter:data1\" content=\"Garrett Dunlap, B.S.\" \/>\n\t<meta name=\"twitter:label2\" content=\"Tiempo de lectura\" \/>\n\t<meta name=\"twitter:data2\" content=\"1 minuto\" \/>\n<script type=\"application\/ld+json\" class=\"yoast-schema-graph\">{\"@context\":\"https:\/\/schema.org\",\"@graph\":[{\"@type\":\"Article\",\"@id\":\"https:\/\/nebula.org\/blog\/es\/genetica-del-queratocono-mccomish-2019\/#article\",\"isPartOf\":{\"@id\":\"https:\/\/nebula.org\/blog\/es\/genetica-del-queratocono-mccomish-2019\/\"},\"author\":{\"name\":\"Garrett Dunlap, B.S.\",\"@id\":\"https:\/\/nebula.org\/blog\/es\/#\/schema\/person\/b7bd0a490f115d1d931c33eed922af4e\"},\"headline\":\"Adelgazamiento de la c\u00f3rnea: queratocono (McComish, 2019)\",\"datePublished\":\"2021-01-06T04:56:26+00:00\",\"dateModified\":\"2021-02-21T01:58:40+00:00\",\"mainEntityOfPage\":{\"@id\":\"https:\/\/nebula.org\/blog\/es\/genetica-del-queratocono-mccomish-2019\/\"},\"wordCount\":232,\"publisher\":{\"@id\":\"https:\/\/nebula.org\/blog\/es\/#organization\"},\"articleSection\":[\"Informes\"],\"inLanguage\":\"es\"},{\"@type\":\"WebPage\",\"@id\":\"https:\/\/nebula.org\/blog\/es\/genetica-del-queratocono-mccomish-2019\/\",\"url\":\"https:\/\/nebula.org\/blog\/es\/genetica-del-queratocono-mccomish-2019\/\",\"name\":\"La gen\u00e9tica del queratocono o adelgazamiento de la c\u00f3rnea (McComish, 2019)\",\"isPartOf\":{\"@id\":\"https:\/\/nebula.org\/blog\/es\/#website\"},\"datePublished\":\"2021-01-06T04:56:26+00:00\",\"dateModified\":\"2021-02-21T01:58:40+00:00\",\"description\":\"Sube tus datos de ADN, explora variantes gen\u00e9ticas vinculadas al queratocono (McComish, 2019) y descubre tu puntuaci\u00f3n polig\u00e9nica.\",\"breadcrumb\":{\"@id\":\"https:\/\/nebula.org\/blog\/es\/genetica-del-queratocono-mccomish-2019\/#breadcrumb\"},\"inLanguage\":\"es\",\"potentialAction\":[{\"@type\":\"ReadAction\",\"target\":[\"https:\/\/nebula.org\/blog\/es\/genetica-del-queratocono-mccomish-2019\/\"]}]},{\"@type\":\"BreadcrumbList\",\"@id\":\"https:\/\/nebula.org\/blog\/es\/genetica-del-queratocono-mccomish-2019\/#breadcrumb\",\"itemListElement\":[{\"@type\":\"ListItem\",\"position\":1,\"name\":\"Home\",\"item\":\"https:\/\/nebula.org\/blog\/es\/\"},{\"@type\":\"ListItem\",\"position\":2,\"name\":\"Adelgazamiento de la c\u00f3rnea: queratocono (McComish, 2019)\"}]},{\"@type\":\"WebSite\",\"@id\":\"https:\/\/nebula.org\/blog\/es\/#website\",\"url\":\"https:\/\/nebula.org\/blog\/es\/\",\"name\":\"Nebula Genomics Blog\",\"description\":\"\",\"publisher\":{\"@id\":\"https:\/\/nebula.org\/blog\/es\/#organization\"},\"potentialAction\":[{\"@type\":\"SearchAction\",\"target\":{\"@type\":\"EntryPoint\",\"urlTemplate\":\"https:\/\/nebula.org\/blog\/es\/?s={search_term_string}\"},\"query-input\":\"required name=search_term_string\"}],\"inLanguage\":\"es\"},{\"@type\":\"Organization\",\"@id\":\"https:\/\/nebula.org\/blog\/es\/#organization\",\"name\":\"Nebula Genomics\",\"url\":\"https:\/\/nebula.org\/blog\/es\/\",\"logo\":{\"@type\":\"ImageObject\",\"inLanguage\":\"es\",\"@id\":\"https:\/\/nebula.org\/blog\/es\/#\/schema\/logo\/image\/\",\"url\":\"\",\"contentUrl\":\"\",\"caption\":\"Nebula Genomics\"},\"image\":{\"@id\":\"https:\/\/nebula.org\/blog\/es\/#\/schema\/logo\/image\/\"},\"sameAs\":[\"https:\/\/facebook.com\/nebulagenomics\",\"https:\/\/twitter.com\/nebulagenomics\",\"https:\/\/www.instagram.com\/nebulagenomics\/\",\"https:\/\/www.linkedin.com\/company\/nebula-genomics\/\",\"https:\/\/en.wikipedia.org\/wiki\/Nebula_Genomics\"]},{\"@type\":\"Person\",\"@id\":\"https:\/\/nebula.org\/blog\/es\/#\/schema\/person\/b7bd0a490f115d1d931c33eed922af4e\",\"name\":\"Garrett Dunlap, B.S.\",\"image\":{\"@type\":\"ImageObject\",\"inLanguage\":\"es\",\"@id\":\"https:\/\/nebula.org\/blog\/es\/#\/schema\/person\/image\/\",\"url\":\"https:\/\/secure.gravatar.com\/avatar\/32fb6e0dbc7e0bac908b0f23ea6ed5ec?s=96&d=mm&r=g\",\"contentUrl\":\"https:\/\/secure.gravatar.com\/avatar\/32fb6e0dbc7e0bac908b0f23ea6ed5ec?s=96&d=mm&r=g\",\"caption\":\"Garrett Dunlap, B.S.\"},\"description\":\"Garrett Dunlap earned a B.S. in Biology from Case Western Reserve University with a minor in Political Science. He earned an M.S. and is currently a Ph.D. Candidate in the Biological and Biomedical Sciences (BBS) Ph.D. program at Harvard University.\u00a0He has experience in science policy as an intern at the Science and Innovation Network where he assisted in the science diplomacy functions of the British Consulate-General and as a research associate at TScan Therapeutics. He is also interested in science communication and writing. You can read more about Garrett's experience and publications on LinkedIn and ORCID.\",\"sameAs\":[\"https:\/\/nebula.org\/whole-genome-sequencing\/\"],\"url\":\"https:\/\/nebula.org\/blog\/es\/author\/garrett-dunlap\/\"}]}<\/script>\n<!-- \/ Yoast SEO plugin. -->","yoast_head_json":{"title":"La gen\u00e9tica del queratocono o adelgazamiento de la c\u00f3rnea (McComish, 2019)","description":"Sube tus datos de ADN, explora variantes gen\u00e9ticas vinculadas al queratocono (McComish, 2019) y descubre tu puntuaci\u00f3n polig\u00e9nica.","robots":{"index":"index","follow":"follow","max-snippet":"max-snippet:-1","max-image-preview":"max-image-preview:large","max-video-preview":"max-video-preview:-1"},"canonical":"https:\/\/nebula.org\/blog\/es\/genetica-del-queratocono-mccomish-2019\/","og_locale":"es_ES","og_type":"article","og_title":"La gen\u00e9tica del queratocono o adelgazamiento de la c\u00f3rnea (McComish, 2019)","og_description":"Sube tus datos de ADN, explora variantes gen\u00e9ticas vinculadas al queratocono (McComish, 2019) y descubre tu puntuaci\u00f3n polig\u00e9nica.","og_url":"https:\/\/nebula.org\/blog\/es\/genetica-del-queratocono-mccomish-2019\/","og_site_name":"Nebula Genomics Blog","article_publisher":"https:\/\/facebook.com\/nebulagenomics","article_published_time":"2021-01-06T04:56:26+00:00","article_modified_time":"2021-02-21T01:58:40+00:00","og_image":[{"width":924,"height":616,"url":"https:\/\/nebula.org\/blog\/wp-content\/uploads\/2020\/01\/vanessa-bumbeers-PkauYYJwdTQ-unsplash-scaled.jpg","type":"image\/jpeg"}],"author":"Garrett Dunlap, B.S.","twitter_card":"summary_large_image","twitter_creator":"@nebulagenomics","twitter_site":"@nebulagenomics","twitter_misc":{"Escrito por":"Garrett Dunlap, B.S.","Tiempo de lectura":"1 minuto"},"schema":{"@context":"https:\/\/schema.org","@graph":[{"@type":"Article","@id":"https:\/\/nebula.org\/blog\/es\/genetica-del-queratocono-mccomish-2019\/#article","isPartOf":{"@id":"https:\/\/nebula.org\/blog\/es\/genetica-del-queratocono-mccomish-2019\/"},"author":{"name":"Garrett Dunlap, B.S.","@id":"https:\/\/nebula.org\/blog\/es\/#\/schema\/person\/b7bd0a490f115d1d931c33eed922af4e"},"headline":"Adelgazamiento de la c\u00f3rnea: queratocono (McComish, 2019)","datePublished":"2021-01-06T04:56:26+00:00","dateModified":"2021-02-21T01:58:40+00:00","mainEntityOfPage":{"@id":"https:\/\/nebula.org\/blog\/es\/genetica-del-queratocono-mccomish-2019\/"},"wordCount":232,"publisher":{"@id":"https:\/\/nebula.org\/blog\/es\/#organization"},"articleSection":["Informes"],"inLanguage":"es"},{"@type":"WebPage","@id":"https:\/\/nebula.org\/blog\/es\/genetica-del-queratocono-mccomish-2019\/","url":"https:\/\/nebula.org\/blog\/es\/genetica-del-queratocono-mccomish-2019\/","name":"La gen\u00e9tica del queratocono o adelgazamiento de la c\u00f3rnea (McComish, 2019)","isPartOf":{"@id":"https:\/\/nebula.org\/blog\/es\/#website"},"datePublished":"2021-01-06T04:56:26+00:00","dateModified":"2021-02-21T01:58:40+00:00","description":"Sube tus datos de ADN, explora variantes gen\u00e9ticas vinculadas al queratocono (McComish, 2019) y descubre tu puntuaci\u00f3n polig\u00e9nica.","breadcrumb":{"@id":"https:\/\/nebula.org\/blog\/es\/genetica-del-queratocono-mccomish-2019\/#breadcrumb"},"inLanguage":"es","potentialAction":[{"@type":"ReadAction","target":["https:\/\/nebula.org\/blog\/es\/genetica-del-queratocono-mccomish-2019\/"]}]},{"@type":"BreadcrumbList","@id":"https:\/\/nebula.org\/blog\/es\/genetica-del-queratocono-mccomish-2019\/#breadcrumb","itemListElement":[{"@type":"ListItem","position":1,"name":"Home","item":"https:\/\/nebula.org\/blog\/es\/"},{"@type":"ListItem","position":2,"name":"Adelgazamiento de la c\u00f3rnea: queratocono (McComish, 2019)"}]},{"@type":"WebSite","@id":"https:\/\/nebula.org\/blog\/es\/#website","url":"https:\/\/nebula.org\/blog\/es\/","name":"Nebula Genomics Blog","description":"","publisher":{"@id":"https:\/\/nebula.org\/blog\/es\/#organization"},"potentialAction":[{"@type":"SearchAction","target":{"@type":"EntryPoint","urlTemplate":"https:\/\/nebula.org\/blog\/es\/?s={search_term_string}"},"query-input":"required name=search_term_string"}],"inLanguage":"es"},{"@type":"Organization","@id":"https:\/\/nebula.org\/blog\/es\/#organization","name":"Nebula Genomics","url":"https:\/\/nebula.org\/blog\/es\/","logo":{"@type":"ImageObject","inLanguage":"es","@id":"https:\/\/nebula.org\/blog\/es\/#\/schema\/logo\/image\/","url":"","contentUrl":"","caption":"Nebula Genomics"},"image":{"@id":"https:\/\/nebula.org\/blog\/es\/#\/schema\/logo\/image\/"},"sameAs":["https:\/\/facebook.com\/nebulagenomics","https:\/\/twitter.com\/nebulagenomics","https:\/\/www.instagram.com\/nebulagenomics\/","https:\/\/www.linkedin.com\/company\/nebula-genomics\/","https:\/\/en.wikipedia.org\/wiki\/Nebula_Genomics"]},{"@type":"Person","@id":"https:\/\/nebula.org\/blog\/es\/#\/schema\/person\/b7bd0a490f115d1d931c33eed922af4e","name":"Garrett Dunlap, B.S.","image":{"@type":"ImageObject","inLanguage":"es","@id":"https:\/\/nebula.org\/blog\/es\/#\/schema\/person\/image\/","url":"https:\/\/secure.gravatar.com\/avatar\/32fb6e0dbc7e0bac908b0f23ea6ed5ec?s=96&d=mm&r=g","contentUrl":"https:\/\/secure.gravatar.com\/avatar\/32fb6e0dbc7e0bac908b0f23ea6ed5ec?s=96&d=mm&r=g","caption":"Garrett Dunlap, B.S."},"description":"Garrett Dunlap earned a B.S. in Biology from Case Western Reserve University with a minor in Political Science. He earned an M.S. and is currently a Ph.D. Candidate in the Biological and Biomedical Sciences (BBS) Ph.D. program at Harvard University.\u00a0He has experience in science policy as an intern at the Science and Innovation Network where he assisted in the science diplomacy functions of the British Consulate-General and as a research associate at TScan Therapeutics. He is also interested in science communication and writing. You can read more about Garrett's experience and publications on LinkedIn and ORCID.","sameAs":["https:\/\/nebula.org\/whole-genome-sequencing\/"],"url":"https:\/\/nebula.org\/blog\/es\/author\/garrett-dunlap\/"}]}},"_links":{"self":[{"href":"https:\/\/nebula.org\/blog\/es\/wp-json\/wp\/v2\/posts\/9658","targetHints":{"allow":["GET"]}}],"collection":[{"href":"https:\/\/nebula.org\/blog\/es\/wp-json\/wp\/v2\/posts"}],"about":[{"href":"https:\/\/nebula.org\/blog\/es\/wp-json\/wp\/v2\/types\/post"}],"author":[{"embeddable":true,"href":"https:\/\/nebula.org\/blog\/es\/wp-json\/wp\/v2\/users\/12"}],"replies":[{"embeddable":true,"href":"https:\/\/nebula.org\/blog\/es\/wp-json\/wp\/v2\/comments?post=9658"}],"version-history":[{"count":0,"href":"https:\/\/nebula.org\/blog\/es\/wp-json\/wp\/v2\/posts\/9658\/revisions"}],"wp:featuredmedia":[{"embeddable":true,"href":"https:\/\/nebula.org\/blog\/es\/wp-json\/wp\/v2\/media\/5144"}],"wp:attachment":[{"href":"https:\/\/nebula.org\/blog\/es\/wp-json\/wp\/v2\/media?parent=9658"}],"wp:term":[{"taxonomy":"category","embeddable":true,"href":"https:\/\/nebula.org\/blog\/es\/wp-json\/wp\/v2\/categories?post=9658"},{"taxonomy":"post_tag","embeddable":true,"href":"https:\/\/nebula.org\/blog\/es\/wp-json\/wp\/v2\/tags?post=9658"}],"curies":[{"name":"wp","href":"https:\/\/api.w.org\/{rel}","templated":true}]}}