{"id":9687,"date":"2021-01-05T23:57:34","date_gmt":"2021-01-06T04:57:34","guid":{"rendered":"https:\/\/nebula.org\/blog\/genetica-del-asma-johansson-2019\/"},"modified":"2021-02-20T22:33:23","modified_gmt":"2021-02-21T03:33:23","slug":"es-asma-genetico","status":"publish","type":"post","link":"https:\/\/nebula.org\/blog\/es\/es-asma-genetico\/","title":{"rendered":"Asma (Johansson, 2019): \u00bfel asma es gen\u00e9tica?"},"content":{"rendered":"\n<h2 class=\"wp-block-heading\" id=\"h-nebula-genomics-dna-report-for-asthma\"><strong>Informe de ADN de Nebula Genomics para el asma<\/strong><\/h2>\n\n<p>\u00bfEl asma es gen\u00e9tico? Creamos un informe de ADN basado en un estudio que intent\u00f3 responder esta pregunta. A continuaci\u00f3n puede ver un informe de MUESTRA de ADN. Para obtener su informe de ADN personalizado, compre nuestro<a href=\"https:\/\/nebula.org\/whole-genome-sequencing\/\"> Secuenciaci\u00f3n del genoma completo<\/a> !<\/p>\n\n<div class=\"wp-block-image\"><figure class=\"aligncenter size-large\"><img decoding=\"async\" width=\"571\" height=\"711\" src=\"https:\/\/nebula.org\/blog\/wp-content\/uploads\/2021\/02\/asthma-1.png\" alt=\"Un informe de muestra sobre el asma de Nebula Genomics\" class=\"wp-image-13792\" srcset=\"https:\/\/nebula.org\/blog\/wp-content\/uploads\/2021\/02\/asthma-1.png 571w, https:\/\/nebula.org\/blog\/wp-content\/uploads\/2021\/02\/asthma-1-241x300.png 241w\" sizes=\"(max-width: 571px) 100vw, 571px\" \/><\/figure><\/div>\n\n<div class=\"wp-block-image\"><figure class=\"aligncenter size-large\"><img decoding=\"async\" width=\"558\" height=\"455\" src=\"https:\/\/nebula.org\/blog\/wp-content\/uploads\/2021\/02\/asthma-2.png\" alt=\"Un informe de muestra sobre variantes gen&#xE9;ticas del asma de Nebula Genomics\" class=\"wp-image-13799\" srcset=\"https:\/\/nebula.org\/blog\/wp-content\/uploads\/2021\/02\/asthma-2.png 558w, https:\/\/nebula.org\/blog\/wp-content\/uploads\/2021\/02\/asthma-2-300x245.png 300w\" sizes=\"(max-width: 558px) 100vw, 558px\" \/><\/figure><\/div>\n\n<div class=\"wp-block-buttons aligncenter is-layout-flex wp-block-buttons-is-layout-flex\">\n<div class=\"wp-block-button aligncenter\"><a class=\"wp-block-button__link has-white-color has-vivid-cyan-blue-background-color has-text-color has-background\" href=\"https:\/\/nebula.org\/whole-genome-sequencing\/\" rel=\"https:\/\/nebula.org\/whole-genome-sequencing\/\"><strong>\u00a1Secuencia de su genoma y acceda a m\u00e1s de 200 informes de ADN!<\/strong><\/a><\/div>\n<\/div>\n\n<div style=\"height:20px\" aria-hidden=\"true\" class=\"wp-block-spacer\"><\/div>\n\n<h2 class=\"wp-block-heading\" id=\"h-additional-information\"><strong>Informaci\u00f3n Adicional<\/strong><\/h2>\n\n<h2 class=\"wp-block-heading\" id=\"h-what-is-asthma-part-1-of-is-asthma-genetic\"><strong>\u00bfQu\u00e9 es el asma? (Parte 1 de \u00bfEl asma es gen\u00e9tico?)<\/strong><\/h2>\n\n<p>El asma es una enfermedad inflamatoria cr\u00f3nica de las v\u00edas respiratorias con hipersensibilidad permanente. En ciertos individuos, la inflamaci\u00f3n puede conducir al estrechamiento agudo de las v\u00edas respiratorias por obstrucci\u00f3n bronquial. Este estrechamiento de las v\u00edas respiratorias es causado por una mayor secreci\u00f3n de moco, espasmo de los m\u00fasculos bronquiales y formaci\u00f3n de edema de la mucosa bronquial. Una variedad de est\u00edmulos provoca el aumento de la sensibilidad de las v\u00edas respiratorias y la inflamaci\u00f3n asociada, pero la afecci\u00f3n es reversible con tratamiento.<\/p>\n\n<p>Se hace una distinci\u00f3n entre asma al\u00e9rgica (extr\u00ednseca) y asma no al\u00e9rgica (intr\u00ednseca). Sin embargo, en forma pura, estos ocurren s\u00f3lo en alrededor del diez por ciento de los pacientes; se observan formas mixtas en la mayor\u00eda. Si bien la versi\u00f3n al\u00e9rgica es m\u00e1s com\u00fan en ni\u00f1os, la forma no al\u00e9rgica es m\u00e1s frecuente en la vejez. La exposici\u00f3n prenatal al humo del cigarrillo parece promover el asma. Tambi\u00e9n hay evidencia de que las circunstancias culturales y de civilizaci\u00f3n, as\u00ed como ciertas aplicaciones de medicamentos en la primera infancia, promueven el asma.<\/p>\n\n<div class=\"wp-block-image\"><figure class=\"aligncenter size-large is-resized\"><img decoding=\"async\" src=\"https:\/\/nebula.org\/blog\/wp-content\/uploads\/2021\/02\/asthma-3.png\" alt=\"Pulmones sanos y asm&#xE1;ticos\" class=\"wp-image-13806\" width=\"476\" height=\"356\" srcset=\"https:\/\/nebula.org\/blog\/wp-content\/uploads\/2021\/02\/asthma-3.png 410w, https:\/\/nebula.org\/blog\/wp-content\/uploads\/2021\/02\/asthma-3-300x225.png 300w\" sizes=\"(max-width: 476px) 100vw, 476px\" \/><figcaption>El asma cambia la cantidad de aire que puede pasar a trav\u00e9s de los pulmones.<a href=\"https:\/\/commons.wikimedia.org\/wiki\/File:Asthma_(Lungs).png\"> Wikipedia<\/a> . CC-<a href=\"https:\/\/creativecommons.org\/licenses\/by-sa\/4.0\/deed.en\"> Atribuci\u00f3n-Compartir Igual 4.0 Internacional<\/a> .<\/figcaption><\/figure><\/div>\n\n<h3 class=\"wp-block-heading\" id=\"h-allergic-asthma\">Asma al\u00e9rgica<\/h3>\n\n<p>Las alergias y el asma a menudo se ven juntas. El asma al\u00e9rgica ex\u00f3gena se desencadena por est\u00edmulos externos (sustancias alerg\u00e9nicas en el medio ambiente, los llamados al\u00e9rgenos) si existe una predisposici\u00f3n gen\u00e9tica correspondiente a la atopia (la tendencia gen\u00e9tica a desarrollar enfermedades al\u00e9rgicas). Se forman inmunoglobulinas de tipo E (IgE) que, en interacci\u00f3n con al\u00e9rgenos espec\u00edficos, provocan la liberaci\u00f3n de sustancias mensajeras que desencadenan alergias, como histamina, leucotrienos y bradicininas de los mastocitos. Estas sustancias luego desencadenan la constricci\u00f3n de las v\u00edas respiratorias. Una reacci\u00f3n retardada puede ocurrir despu\u00e9s de 6 a 12 horas, provocada por inmunoglobulinas de tipo G (IgG). A menudo ocurren ambas reacciones.<\/p>\n\n<h3 class=\"wp-block-heading\" id=\"h-non-allergic-asthma\">Asma no al\u00e9rgica<\/h3>\n\n<p>El asma no al\u00e9rgica puede ser causada por otros est\u00edmulos: Infecciones, generalmente del tracto respiratorio, intolerancias a medicamentos, generalmente hacia medicamentos antiinflamatorios no esteroideos como el \u00e1cido acetilsalic\u00edlico), efectos secundarios de medicamentos (por ejemplo, bloqueadores de los receptores beta e inhibidores de la colinesterasa), la exposici\u00f3n a sustancias t\u00f3xicas o irritantes, el esfuerzo f\u00edsico especial y la enfermedad por reflujo son posibles causas de esta forma. Algunas correlaciones y otras causas a\u00fan no est\u00e1n claras.<\/p>\n\n<p>Tres caracter\u00edsticas de todos los casos de asma incluyen:<\/p>\n\n<ul class=\"wp-block-list\"><li><strong>Inflamaci\u00f3n de los bronquios:<\/strong> Los al\u00e9rgenos u otros est\u00edmulos desencadenan una reacci\u00f3n inflamatoria de la mucosa bronquial. <\/li><li><strong>Hiperreactividad bronquial:<\/strong> La hiperreactividad a menudo se puede sentir cuando se produce la inhalaci\u00f3n de sustancias irritantes, durante el ejercicio o por provocaci\u00f3n con aire fr\u00edo. Se cree que la sustancia P, un neurop\u00e9ptido detectado en el tracto respiratorio, est\u00e1 involucrado en la patog\u00e9nesis de la hiperreactividad bronquial.<\/li><li><strong>Falta de aclaramiento bronquial:<\/strong> La obstrucci\u00f3n es el estrechamiento de las v\u00edas respiratorias debido al edema de la mucosa (retenci\u00f3n de l\u00edquidos en la mucosa), secreci\u00f3n mucosa aumentada o alterada y broncoespasmo. Como resultado, se reduce la autolimpieza de los pulmones. Las secreciones no pueden drenar y, a su vez, aumentan el da\u00f1o hasta el punto de obstrucci\u00f3n, lo que se conoce como derrames bronquiales.<\/li><\/ul>\n\n<h2 class=\"wp-block-heading\" id=\"h-epidemiology-part-2-of-is-asthma-genetic\"><strong>Epidemiolog\u00eda (Parte 2 de \u00bfEl asma es gen\u00e9tica?)<\/strong><\/h2>\n\n<p>De acuerdo con la<a href=\"https:\/\/www.cdc.gov\/asthma\/most_recent_national_asthma_data.htm\"> Centros para el Control y la Prevenci\u00f3n de Enfermedades (CDC)<\/a> , El 7.7% de todos los adultos estadounidenses y el 7.5% de los ni\u00f1os estadounidenses menores de 18 a\u00f1os ten\u00edan alguna forma de asma en 2018. La afecci\u00f3n es m\u00e1s com\u00fan en ni\u00f1os menores de 18 a\u00f1os que en ni\u00f1as (8,3% y 6,7%), pero m\u00e1s com\u00fan en mujeres adultas (9,8%) que en hombres adultos (5,5%). <\/p>\n\n<p>La condici\u00f3n es un poco m\u00e1s prevalente en negros e hispanos que en otras poblaciones.<\/p>\n\n<h2 class=\"wp-block-heading\" id=\"h-symptoms-part-3-of-is-asthma-genetic\"><strong>S\u00edntomas (Parte 3 de \u00bfEl asma es gen\u00e9tico?)<\/strong><\/h2>\n\n<p>Los s\u00edntomas del asma var\u00edan tanto en frecuencia como en gravedad entre las personas. Algunos s\u00edntomas comunes incluyen:<\/p>\n\n<ul class=\"wp-block-list\"><li>tos o sibilancias<\/li><li>opresi\u00f3n en el pecho<\/li><li>respiraci\u00f3n dificultosa<\/li><li>dificultad para respirar<\/li><\/ul>\n\n<div class=\"wp-block-image\"><figure class=\"aligncenter size-large is-resized\"><img decoding=\"async\" src=\"https:\/\/nebula.org\/blog\/wp-content\/uploads\/2021\/02\/asthma-4.png\" alt=\"Patolog&#xED;a del asma\" class=\"wp-image-13813\" width=\"472\" height=\"358\" srcset=\"https:\/\/nebula.org\/blog\/wp-content\/uploads\/2021\/02\/asthma-4.png 448w, https:\/\/nebula.org\/blog\/wp-content\/uploads\/2021\/02\/asthma-4-300x228.png 300w\" sizes=\"(max-width: 472px) 100vw, 472px\" \/><figcaption>En el asma, las v\u00edas respiratorias se restringen.<a href=\"https:\/\/pixy.org\/506595\/\"> Pixy.org<\/a> . CC-<a href=\"https:\/\/creativecommons.org\/licenses\/by-nc-nd\/4.0\/\"> No Comercial-Sin Derivados 4.0 Internacional<\/a> .<\/figcaption><\/figure><\/div>\n\n<p>Las personas con asma pueden experimentar un breve per\u00edodo de empeoramiento de los s\u00edntomas llamado ataque de asma. En un ataque, hay dificultad respiratoria aguda y constricci\u00f3n de los bronquios. La exhalaci\u00f3n en particular es dif\u00edcil y a menudo va acompa\u00f1ada de silbidos respiratorios. En algunos casos, la tos se presenta en forma de ataques de tos. En los ni\u00f1os, la tos suele ser el s\u00edntoma principal. La dificultad para respirar y la falta de aire pueden provocar sentimientos de ansiedad con inquietud, dificultad para hablar y n\u00e1useas.<\/p>\n\n<h2 class=\"wp-block-heading\" id=\"h-causes-part-4-of-is-asthma-genetic\"><strong>Causas (Parte 4 de \u00bfEl asma es gen\u00e9tico?)<\/strong><\/h2>\n\n<p>Tanto los factores gen\u00e9ticos como los ambientales contribuyen al asma. Tiende a ocurrir en personas con antecedentes familiares y, por lo tanto, la gen\u00e9tica juega un papel importante en la causa del asma. Pero los factores ambientales tambi\u00e9n pueden jugar un papel clave.<\/p>\n\n<h3 class=\"wp-block-heading\" id=\"h-is-asthma-genetic\">\u00bfEl asma es gen\u00e9tico?<\/h3>\n\n<p>En el asma al\u00e9rgica, se observ\u00f3 que<a href=\"https:\/\/www.medicalnewstoday.com\/articles\/324447#causes\"> ni\u00f1os<\/a> de los padres que padecen asma al\u00e9rgica tienen un riesgo del 60 al 80% de desarrollar la enfermedad. De acuerdo a una<a href=\"https:\/\/www.webmd.com\/asthma\/asthma-risk-factors\"> Informe de los CDC<\/a> , si una persona tiene un padre con asma, tiene de tres a seis veces m\u00e1s probabilidades de desarrollar la enfermedad que alguien que no tiene un padre con asma. Esta condici\u00f3n es una enfermedad hereditaria compleja y se cree que una combinaci\u00f3n de mutaciones gen\u00e9ticas contribuye a las posibilidades de que una persona la desarrolle.<\/p>\n\n<h3 class=\"wp-block-heading\" id=\"h-environmental-factors\">Factores ambientales<\/h3>\n\n<p>El desarrollo de alergias (que tambi\u00e9n son hereditarias) o infecciones respiratorias tienden a aumentar el riesgo de que una persona desarrolle asma. Los factores de riesgo adicionales incluyen la exposici\u00f3n a ciertos al\u00e9rgenos o sustancias qu\u00edmicas en el medio ambiente que pueden desencadenar la afecci\u00f3n, incluido el asma ocupacional adquirido a trav\u00e9s del lugar de trabajo. <\/p>\n\n<p>Los factores desencadenantes ambientales y de salud que aumentan el riesgo de asma incluyen:<\/p>\n\n<ul class=\"wp-block-list\"><li>Infecciones respiratorias, incluido el resfriado o la gripe.<\/li><li>Irritantes en el aire<\/li><li>La contaminaci\u00f3n del aire<\/li><li>Humo de tabaco<\/li><li>Asma inducida por ejercicio<\/li><li>Aire frio<\/li><li>Medicamentos, incluidos betabloqueantes y antiinflamatorios no esteroides<\/li><li>Estr\u00e9s<\/li><li>Conservantes de alimentos y bebidas<\/li><li>Reacciones al\u00e9rgicas, que incluyen \u00e1caros del polvo, caspa y polen<\/li><li>Reflujo \u00e1cido<\/li><li>Fiebre del heno<\/li><\/ul>\n\n<div class=\"wp-block-image\"><figure class=\"aligncenter size-large is-resized\"><img decoding=\"async\" src=\"https:\/\/nebula.org\/blog\/wp-content\/uploads\/2021\/02\/asthma-5.png\" alt=\"Desencadenantes del asma\" class=\"wp-image-13820\" width=\"490\" height=\"414\" srcset=\"https:\/\/nebula.org\/blog\/wp-content\/uploads\/2021\/02\/asthma-5.png 410w, https:\/\/nebula.org\/blog\/wp-content\/uploads\/2021\/02\/asthma-5-300x254.png 300w\" sizes=\"(max-width: 490px) 100vw, 490px\" \/><figcaption>Muchos factores ambientales desencadenan el asma.<a href=\"https:\/\/commons.wikimedia.org\/wiki\/File:Asthma_triggers.PNG\"> Wikipedia<\/a> . CC-<a href=\"https:\/\/creativecommons.org\/licenses\/by-sa\/3.0\/deed.en\"> Atribuci\u00f3n-Compartir Igual 3.0 No exportado<\/a> .<\/figcaption><\/figure><\/div>\n\n<p>Otras enfermedades, como<a href=\"https:\/\/nebula.org\/blog\/es\/genetica-de-egpa-lyons-2019\/\"> Granulomatosis eosinof\u00edlica con poliange\u00edtis<\/a> , est\u00e1n asociados con el sistema inmunol\u00f3gico y juegan un papel como precursores de la enfermedad.<\/p>\n\n<h2 class=\"wp-block-heading\" id=\"h-diagnosis-part-5-of-is-asthma-genetic\"><strong>Diagn\u00f3stico (Parte 5 de \u00bfEl asma es gen\u00e9tico?)<\/strong><\/h2>\n\n<p>El diagn\u00f3stico suele ser f\u00e1cil de realizar con un historial de los s\u00edntomas principales.<\/p>\n\n<p>De acuerdo a<a href=\"https:\/\/www.mayoclinic.org\/diseases-conditions\/asthma\/diagnosis-treatment\/drc-20369660\"> Mayo Clinic<\/a> , el diagn\u00f3stico se ayuda con las pruebas de funci\u00f3n pulmonar para evaluar la cantidad de aire que entra y sale al respirar. <\/p>\n\n<p>Una prueba de espirometr\u00eda mide el volumen total de aire inhalado y exhalado y el volumen exhalado en un segundo durante la exhalaci\u00f3n forzada (una medida de qu\u00e9 tan r\u00e1pido puede exhalar). La relaci\u00f3n de estas dos medidas se utiliza para indicar la constricci\u00f3n de las v\u00edas respiratorias.<\/p>\n\n<p>El valor de PEF (flujo espiratorio m\u00e1ximo) tambi\u00e9n se utiliza para el diagn\u00f3stico y la monitorizaci\u00f3n de la terapia y es una medida de la fuerza con la que puede exhalar. Este valor suele disminuir incluso antes de un ataque de asma. Se mide con un \u00abmedidor de flujo m\u00e1ximo\u00bb, que est\u00e1 disponible en una variedad de dise\u00f1os adaptados a la edad.<\/p>\n\n<p>A menudo, estas pruebas se realizan antes y despu\u00e9s de tomar un medicamento para abrir las v\u00edas respiratorias llamado broncodilatador. Si su funci\u00f3n pulmonar mejora con el uso de un broncodilatador, es probable que tenga asma.<\/p>\n\n<p>Otras pruebas que ayudan a diagnosticar la afecci\u00f3n son:<\/p>\n\n<ul class=\"wp-block-list\"><li><strong>Desaf\u00edo de metacolina:<\/strong> La metacolina es un desencadenante conocido del asma. Cuando se inhala, har\u00e1 que sus v\u00edas respiratorias se estrechen ligeramente. Si reacciona a la metacolina, es probable que tenga asma. <\/li><li><strong>Pruebas de imagen:<\/strong> Una radiograf\u00eda de t\u00f3rax puede ayudar a identificar cualquier anomal\u00eda estructural o enfermedad (como una infecci\u00f3n) que pueda causar o agravar los problemas respiratorios.<\/li><li><strong>Pruebas de alergia:<\/strong> Las pruebas de alergia se pueden realizar mediante una prueba cut\u00e1nea o un an\u00e1lisis de sangre. <\/li><li><strong>Prueba de \u00f3xido n\u00edtrico:<\/strong> Cuando sus v\u00edas respiratorias est\u00e1n inflamadas, es posible que tenga niveles de \u00f3xido n\u00edtrico m\u00e1s altos de lo normal. Esta prueba no est\u00e1 ampliamente disponible.<\/li><li><strong>Eosin\u00f3filos de esputo:<\/strong> Esta prueba busca ciertos gl\u00f3bulos blancos (eosin\u00f3filos) en la mezcla de saliva y moco (esputo) que descarga al toser. <\/li><li><strong>Pruebas provocativas para el ejercicio y el asma inducida por el fr\u00edo:<\/strong> En estas pruebas, su m\u00e9dico mide la obstrucci\u00f3n de las v\u00edas respiratorias antes y despu\u00e9s de realizar una actividad f\u00edsica intensa o de tomar varias respiraciones de aire fr\u00edo.<\/li><\/ul>\n\n<p>Determinar la gravedad de la afecci\u00f3n de un paciente ayuda a los profesionales m\u00e9dicos a recomendar un tratamiento. La gravedad se clasifica seg\u00fan los s\u00edntomas como leve intermitente (s\u00edntomas leves hasta dos d\u00edas a la semana y hasta dos noches al mes), leve persistente (s\u00edntomas m\u00e1s de dos veces por semana, pero no m\u00e1s de una vez en un solo d\u00eda), moderada persistente (s\u00edntomas una vez al d\u00eda y m\u00e1s de una noche a la semana), o persistentes graves (s\u00edntomas durante el d\u00eda la mayor\u00eda de los d\u00edas y con frecuencia por la noche).<\/p>\n\n<h2 class=\"wp-block-heading\" id=\"h-treatment-part-6-of-is-asthma-genetic\"><strong>Tratamiento (Parte 6 de \u00bfEl asma es gen\u00e9tico?)<\/strong><\/h2>\n\n<p>En la mayor\u00eda de los casos, los medicamentos para el asma vienen en forma de inhalador o nebulizador, que administra el medicamento directamente a los pulmones. Otros tratamientos para el asma se encuentran en forma de p\u00edldoras. los<a href=\"https:\/\/www.aafa.org\/asthma-treatment\/\"> Fundaci\u00f3n Americana de Asma y Alergia<\/a> proporciona informaci\u00f3n de salud y planes de acci\u00f3n para el asma en su sitio web.<\/p>\n\n<p>Hay dos tipos de inhaladores para tratar el asma: inhalador de dosis medida (MDI) e inhalador de polvo seco (DPI). Los inhaladores de dosis medidas administran un aerosol mientras que los inhaladores de polvo seco administran polvo seco. <\/p>\n\n<div class=\"wp-block-image\"><figure class=\"aligncenter size-large\"><img decoding=\"async\" width=\"624\" height=\"400\" src=\"https:\/\/nebula.org\/blog\/wp-content\/uploads\/2021\/02\/asthma-6.png\" alt=\"Un paciente que usa un inhalador. \" class=\"wp-image-13827\" srcset=\"https:\/\/nebula.org\/blog\/wp-content\/uploads\/2021\/02\/asthma-6.png 624w, https:\/\/nebula.org\/blog\/wp-content\/uploads\/2021\/02\/asthma-6-300x192.png 300w\" sizes=\"(max-width: 624px) 100vw, 624px\" \/><figcaption>Un inhalador ayuda a administrar los medicamentos para el asma directamente a los pulmones.<a href=\"https:\/\/commons.wikimedia.org\/wiki\/File:An_Asthma_patient_taking_medication_using_an_inhaler.png\"> Wikipedia<\/a> . CC-<a href=\"https:\/\/creativecommons.org\/licenses\/by-sa\/4.0\/deed.en\"> Atribuci\u00f3n-Compartir Igual 4.0 Internacional<\/a> . <\/figcaption><\/figure><\/div>\n\n<p>Un nebulizador convierte el l\u00edquido en una niebla que se inhala a trav\u00e9s de un tubo. Se recomienda con mayor frecuencia para pacientes que tienen dificultades para usar inhaladores. <\/p>\n\n<p>Las opciones para un plan de tratamiento a largo plazo incluyen:<\/p>\n\n<ul class=\"wp-block-list\"><li>Corticosteroides inhalados para prevenir y reducir la inflamaci\u00f3n de las v\u00edas respiratorias y reducir la mucosidad en los pulmones. Son los medicamentos de control a largo plazo m\u00e1s eficaces disponibles. <\/li><li>Los beta agonistas inhalados de acci\u00f3n prolongada abren las v\u00edas respiratorias al relajar los m\u00fasculos lisos que las rodean.<\/li><li>Una combinaci\u00f3n de corticosteroides inhalados y beta agonistas inhalados de acci\u00f3n prolongada.<\/li><li>Los biol\u00f3gicos (inyecciones o infusiones administradas cada pocas semanas) se dirigen a una c\u00e9lula o prote\u00edna de su cuerpo para prevenir la inflamaci\u00f3n de las v\u00edas respiratorias. Pueden ser tratamientos muy costosos y generalmente solo se recetan cuando fallan otros tratamientos.<\/li><li>Los modificadores de leucotrienos se toman en pastillas o en forma l\u00edquida. Este tipo de medicamento reduce la hinchaz\u00f3n dentro de las v\u00edas respiratorias y relaja los m\u00fasculos lisos.<\/li><li>Cromolyn sodium es un medicamento no esteroide inhalado. Evita que las v\u00edas respiratorias se hinchen cuando entran en contacto con un desencadenante del asma.<\/li><li>La teofilina viene envasada en tabletas, c\u00e1psulas, soluci\u00f3n y jarabe para tomar por v\u00eda oral. Este medicamento ayuda a abrir las v\u00edas respiratorias al relajar los m\u00fasculos lisos.<\/li><li>Los corticosteroides orales se toman en pastillas o en forma l\u00edquida. <\/li><\/ul>\n\n<p>Hay medicamentos de alivio r\u00e1pido disponibles para cuando se necesita un alivio inmediato. Estos medicamentos act\u00faan r\u00e1pidamente para relajar los m\u00fasculos tensos alrededor de las v\u00edas respiratorias y permitir que las v\u00edas respiratorias se abran. <\/p>\n\n<ul class=\"wp-block-list\"><li>Los agonistas beta de acci\u00f3n corta se inhalan. Son la primera opci\u00f3n para el alivio r\u00e1pido de los s\u00edntomas del asma.<\/li><li>Los antagonistas muscar\u00ednicos de acci\u00f3n prolongada (LAMA) o los anticolin\u00e9rgicos se inhalan pero act\u00faan m\u00e1s lentamente que los medicamentos agonistas beta de acci\u00f3n corta. <\/li><li>Una combinaci\u00f3n de beta agonistas de acci\u00f3n corta y antagonistas muscar\u00ednicos de acci\u00f3n prolongada (LAMA). <\/li><\/ul>\n\n<p>El asma es una afecci\u00f3n cr\u00f3nica controlable, pero no curable. El tratamiento depende de la frecuencia y gravedad de los s\u00edntomas. Adem\u00e1s, el tratamiento puede cambiar si cambian los s\u00edntomas. Si bien los medicamentos son \u00fatiles para reducir los s\u00edntomas, los pacientes tienden a recibir el mejor tratamiento cuando toman medicamentos y evitan los desencadenantes.<\/p>\n\n<p>Vincula todas las publicaciones a la publicaci\u00f3n del pilar en la parte inferior: si te gust\u00f3 este art\u00edculo, deber\u00edas consultar nuestras otras publicaciones en el<a target=\"_blank\" href=\"https:\/\/nebula.org\/blog\/es\/nebulosa-biblioteca-desbloqueo-investigacion-genetica\/\" rel=\"noreferrer noopener\"> Biblioteca de investigaci\u00f3n de nebulosa<\/a> !<\/p>\n","protected":false},"excerpt":{"rendered":"<p>Informe de ADN de Nebula Genomics para el asma \u00bfEl asma es gen\u00e9tico? Creamos un informe de ADN basado en un estudio que intent\u00f3 responder esta pregunta. A continuaci\u00f3n puede ver un informe de MUESTRA de ADN. Para obtener su &hellip;<\/p>\n<p class=\"read-more\"> <a class=\"ast-button\" href=\"https:\/\/nebula.org\/blog\/es\/es-asma-genetico\/\"> <span class=\"screen-reader-text\">Asma (Johansson, 2019): \u00bfel asma es gen\u00e9tica?<\/span> Leer m\u00e1s \u00bb<\/a><\/p>\n","protected":false},"author":12,"featured_media":5209,"comment_status":"closed","ping_status":"closed","sticky":false,"template":"","format":"standard","meta":{"om_disable_all_campaigns":false,"site-sidebar-layout":"default","site-content-layout":"default","ast-global-header-display":"","ast-banner-title-visibility":"","ast-main-header-display":"","ast-hfb-above-header-display":"","ast-hfb-below-header-display":"","ast-hfb-mobile-header-display":"","site-post-title":"","ast-breadcrumbs-content":"","ast-featured-img":"","footer-sml-layout":"","theme-transparent-header-meta":"default","adv-header-id-meta":"","stick-header-meta":"default","header-above-stick-meta":"","header-main-stick-meta":"","header-below-stick-meta":"","_FSMCFIC_featured_image_caption":"","_FSMCFIC_featured_image_nocaption":"","_FSMCFIC_featured_image_hide":"","footnotes":""},"categories":[4982],"tags":[],"class_list":["post-9687","post","type-post","status-publish","format-standard","has-post-thumbnail","hentry","category-informes"],"yoast_head":"<!-- This site is optimized with the Yoast SEO plugin v20.13 - https:\/\/yoast.com\/wordpress\/plugins\/seo\/ -->\n<title>\u00bfEl asma es gen\u00e9tico? | \u00a1Decodifica tu ADN y aprende sobre tus riesgos!<\/title>\n<meta name=\"description\" content=\"\u00bfEl asma es gen\u00e9tico? Este estudio descubri\u00f3 41 nuevas variantes gen\u00e9ticas que est\u00e1n asociadas con el asma, la fiebre del heno, el eccema o una combinaci\u00f3n de los tres.\" \/>\n<meta name=\"robots\" content=\"index, follow, max-snippet:-1, max-image-preview:large, max-video-preview:-1\" \/>\n<link rel=\"canonical\" href=\"https:\/\/nebula.org\/blog\/es\/es-asma-genetico\/\" \/>\n<meta property=\"og:locale\" content=\"es_ES\" \/>\n<meta property=\"og:type\" content=\"article\" \/>\n<meta property=\"og:title\" content=\"\u00bfEl asma es gen\u00e9tico? | \u00a1Decodifica tu ADN y aprende sobre tus riesgos!\" \/>\n<meta property=\"og:description\" content=\"\u00bfEl asma es gen\u00e9tico? Este estudio descubri\u00f3 41 nuevas variantes gen\u00e9ticas que est\u00e1n asociadas con el asma, la fiebre del heno, el eccema o una combinaci\u00f3n de los tres.\" \/>\n<meta property=\"og:url\" content=\"https:\/\/nebula.org\/blog\/es\/es-asma-genetico\/\" \/>\n<meta property=\"og:site_name\" content=\"Nebula Genomics Blog\" \/>\n<meta property=\"article:publisher\" content=\"https:\/\/facebook.com\/nebulagenomics\" \/>\n<meta property=\"article:published_time\" content=\"2021-01-06T04:57:34+00:00\" \/>\n<meta property=\"article:modified_time\" content=\"2021-02-21T03:33:23+00:00\" \/>\n<meta property=\"og:image\" content=\"https:\/\/nebula.org\/blog\/wp-content\/uploads\/2020\/01\/robina-weermeijer-Pw9aFhc92P8-unsplash-scaled.jpg\" \/>\n\t<meta property=\"og:image:width\" content=\"924\" \/>\n\t<meta property=\"og:image:height\" content=\"520\" \/>\n\t<meta property=\"og:image:type\" content=\"image\/jpeg\" \/>\n<meta name=\"author\" content=\"Garrett Dunlap, B.S.\" \/>\n<meta name=\"twitter:card\" content=\"summary_large_image\" \/>\n<meta name=\"twitter:creator\" content=\"@nebulagenomics\" \/>\n<meta name=\"twitter:site\" content=\"@nebulagenomics\" \/>\n<meta name=\"twitter:label1\" content=\"Escrito por\" \/>\n\t<meta name=\"twitter:data1\" content=\"Garrett Dunlap, B.S.\" \/>\n\t<meta name=\"twitter:label2\" content=\"Tiempo de lectura\" \/>\n\t<meta name=\"twitter:data2\" content=\"12 minutos\" \/>\n<script type=\"application\/ld+json\" class=\"yoast-schema-graph\">{\"@context\":\"https:\/\/schema.org\",\"@graph\":[{\"@type\":\"Article\",\"@id\":\"https:\/\/nebula.org\/blog\/es\/es-asma-genetico\/#article\",\"isPartOf\":{\"@id\":\"https:\/\/nebula.org\/blog\/es\/es-asma-genetico\/\"},\"author\":{\"name\":\"Garrett Dunlap, B.S.\",\"@id\":\"https:\/\/nebula.org\/blog\/es\/#\/schema\/person\/b7bd0a490f115d1d931c33eed922af4e\"},\"headline\":\"Asma (Johansson, 2019): \u00bfel asma es gen\u00e9tica?\",\"datePublished\":\"2021-01-06T04:57:34+00:00\",\"dateModified\":\"2021-02-21T03:33:23+00:00\",\"mainEntityOfPage\":{\"@id\":\"https:\/\/nebula.org\/blog\/es\/es-asma-genetico\/\"},\"wordCount\":2392,\"publisher\":{\"@id\":\"https:\/\/nebula.org\/blog\/es\/#organization\"},\"articleSection\":[\"Informes\"],\"inLanguage\":\"es\"},{\"@type\":\"WebPage\",\"@id\":\"https:\/\/nebula.org\/blog\/es\/es-asma-genetico\/\",\"url\":\"https:\/\/nebula.org\/blog\/es\/es-asma-genetico\/\",\"name\":\"\u00bfEl asma es gen\u00e9tico? | \u00a1Decodifica tu ADN y aprende sobre tus riesgos!\",\"isPartOf\":{\"@id\":\"https:\/\/nebula.org\/blog\/es\/#website\"},\"datePublished\":\"2021-01-06T04:57:34+00:00\",\"dateModified\":\"2021-02-21T03:33:23+00:00\",\"description\":\"\u00bfEl asma es gen\u00e9tico? Este estudio descubri\u00f3 41 nuevas variantes gen\u00e9ticas que est\u00e1n asociadas con el asma, la fiebre del heno, el eccema o una combinaci\u00f3n de los tres.\",\"breadcrumb\":{\"@id\":\"https:\/\/nebula.org\/blog\/es\/es-asma-genetico\/#breadcrumb\"},\"inLanguage\":\"es\",\"potentialAction\":[{\"@type\":\"ReadAction\",\"target\":[\"https:\/\/nebula.org\/blog\/es\/es-asma-genetico\/\"]}]},{\"@type\":\"BreadcrumbList\",\"@id\":\"https:\/\/nebula.org\/blog\/es\/es-asma-genetico\/#breadcrumb\",\"itemListElement\":[{\"@type\":\"ListItem\",\"position\":1,\"name\":\"Home\",\"item\":\"https:\/\/nebula.org\/blog\/es\/\"},{\"@type\":\"ListItem\",\"position\":2,\"name\":\"Asma (Johansson, 2019): \u00bfel asma es gen\u00e9tica?\"}]},{\"@type\":\"WebSite\",\"@id\":\"https:\/\/nebula.org\/blog\/es\/#website\",\"url\":\"https:\/\/nebula.org\/blog\/es\/\",\"name\":\"Nebula Genomics Blog\",\"description\":\"\",\"publisher\":{\"@id\":\"https:\/\/nebula.org\/blog\/es\/#organization\"},\"potentialAction\":[{\"@type\":\"SearchAction\",\"target\":{\"@type\":\"EntryPoint\",\"urlTemplate\":\"https:\/\/nebula.org\/blog\/es\/?s={search_term_string}\"},\"query-input\":\"required name=search_term_string\"}],\"inLanguage\":\"es\"},{\"@type\":\"Organization\",\"@id\":\"https:\/\/nebula.org\/blog\/es\/#organization\",\"name\":\"Nebula Genomics\",\"url\":\"https:\/\/nebula.org\/blog\/es\/\",\"logo\":{\"@type\":\"ImageObject\",\"inLanguage\":\"es\",\"@id\":\"https:\/\/nebula.org\/blog\/es\/#\/schema\/logo\/image\/\",\"url\":\"\",\"contentUrl\":\"\",\"caption\":\"Nebula Genomics\"},\"image\":{\"@id\":\"https:\/\/nebula.org\/blog\/es\/#\/schema\/logo\/image\/\"},\"sameAs\":[\"https:\/\/facebook.com\/nebulagenomics\",\"https:\/\/twitter.com\/nebulagenomics\",\"https:\/\/www.instagram.com\/nebulagenomics\/\",\"https:\/\/www.linkedin.com\/company\/nebula-genomics\/\",\"https:\/\/en.wikipedia.org\/wiki\/Nebula_Genomics\"]},{\"@type\":\"Person\",\"@id\":\"https:\/\/nebula.org\/blog\/es\/#\/schema\/person\/b7bd0a490f115d1d931c33eed922af4e\",\"name\":\"Garrett Dunlap, B.S.\",\"image\":{\"@type\":\"ImageObject\",\"inLanguage\":\"es\",\"@id\":\"https:\/\/nebula.org\/blog\/es\/#\/schema\/person\/image\/\",\"url\":\"https:\/\/secure.gravatar.com\/avatar\/32fb6e0dbc7e0bac908b0f23ea6ed5ec?s=96&d=mm&r=g\",\"contentUrl\":\"https:\/\/secure.gravatar.com\/avatar\/32fb6e0dbc7e0bac908b0f23ea6ed5ec?s=96&d=mm&r=g\",\"caption\":\"Garrett Dunlap, B.S.\"},\"description\":\"Garrett Dunlap earned a B.S. in Biology from Case Western Reserve University with a minor in Political Science. He earned an M.S. and is currently a Ph.D. Candidate in the Biological and Biomedical Sciences (BBS) Ph.D. program at Harvard University.\u00a0He has experience in science policy as an intern at the Science and Innovation Network where he assisted in the science diplomacy functions of the British Consulate-General and as a research associate at TScan Therapeutics. He is also interested in science communication and writing. You can read more about Garrett's experience and publications on LinkedIn and ORCID.\",\"sameAs\":[\"https:\/\/nebula.org\/whole-genome-sequencing\/\"],\"url\":\"https:\/\/nebula.org\/blog\/es\/author\/garrett-dunlap\/\"}]}<\/script>\n<!-- \/ Yoast SEO plugin. -->","yoast_head_json":{"title":"\u00bfEl asma es gen\u00e9tico? | \u00a1Decodifica tu ADN y aprende sobre tus riesgos!","description":"\u00bfEl asma es gen\u00e9tico? Este estudio descubri\u00f3 41 nuevas variantes gen\u00e9ticas que est\u00e1n asociadas con el asma, la fiebre del heno, el eccema o una combinaci\u00f3n de los tres.","robots":{"index":"index","follow":"follow","max-snippet":"max-snippet:-1","max-image-preview":"max-image-preview:large","max-video-preview":"max-video-preview:-1"},"canonical":"https:\/\/nebula.org\/blog\/es\/es-asma-genetico\/","og_locale":"es_ES","og_type":"article","og_title":"\u00bfEl asma es gen\u00e9tico? | \u00a1Decodifica tu ADN y aprende sobre tus riesgos!","og_description":"\u00bfEl asma es gen\u00e9tico? Este estudio descubri\u00f3 41 nuevas variantes gen\u00e9ticas que est\u00e1n asociadas con el asma, la fiebre del heno, el eccema o una combinaci\u00f3n de los tres.","og_url":"https:\/\/nebula.org\/blog\/es\/es-asma-genetico\/","og_site_name":"Nebula Genomics Blog","article_publisher":"https:\/\/facebook.com\/nebulagenomics","article_published_time":"2021-01-06T04:57:34+00:00","article_modified_time":"2021-02-21T03:33:23+00:00","og_image":[{"width":924,"height":520,"url":"https:\/\/nebula.org\/blog\/wp-content\/uploads\/2020\/01\/robina-weermeijer-Pw9aFhc92P8-unsplash-scaled.jpg","type":"image\/jpeg"}],"author":"Garrett Dunlap, B.S.","twitter_card":"summary_large_image","twitter_creator":"@nebulagenomics","twitter_site":"@nebulagenomics","twitter_misc":{"Escrito por":"Garrett Dunlap, B.S.","Tiempo de lectura":"12 minutos"},"schema":{"@context":"https:\/\/schema.org","@graph":[{"@type":"Article","@id":"https:\/\/nebula.org\/blog\/es\/es-asma-genetico\/#article","isPartOf":{"@id":"https:\/\/nebula.org\/blog\/es\/es-asma-genetico\/"},"author":{"name":"Garrett Dunlap, B.S.","@id":"https:\/\/nebula.org\/blog\/es\/#\/schema\/person\/b7bd0a490f115d1d931c33eed922af4e"},"headline":"Asma (Johansson, 2019): \u00bfel asma es gen\u00e9tica?","datePublished":"2021-01-06T04:57:34+00:00","dateModified":"2021-02-21T03:33:23+00:00","mainEntityOfPage":{"@id":"https:\/\/nebula.org\/blog\/es\/es-asma-genetico\/"},"wordCount":2392,"publisher":{"@id":"https:\/\/nebula.org\/blog\/es\/#organization"},"articleSection":["Informes"],"inLanguage":"es"},{"@type":"WebPage","@id":"https:\/\/nebula.org\/blog\/es\/es-asma-genetico\/","url":"https:\/\/nebula.org\/blog\/es\/es-asma-genetico\/","name":"\u00bfEl asma es gen\u00e9tico? | \u00a1Decodifica tu ADN y aprende sobre tus riesgos!","isPartOf":{"@id":"https:\/\/nebula.org\/blog\/es\/#website"},"datePublished":"2021-01-06T04:57:34+00:00","dateModified":"2021-02-21T03:33:23+00:00","description":"\u00bfEl asma es gen\u00e9tico? Este estudio descubri\u00f3 41 nuevas variantes gen\u00e9ticas que est\u00e1n asociadas con el asma, la fiebre del heno, el eccema o una combinaci\u00f3n de los tres.","breadcrumb":{"@id":"https:\/\/nebula.org\/blog\/es\/es-asma-genetico\/#breadcrumb"},"inLanguage":"es","potentialAction":[{"@type":"ReadAction","target":["https:\/\/nebula.org\/blog\/es\/es-asma-genetico\/"]}]},{"@type":"BreadcrumbList","@id":"https:\/\/nebula.org\/blog\/es\/es-asma-genetico\/#breadcrumb","itemListElement":[{"@type":"ListItem","position":1,"name":"Home","item":"https:\/\/nebula.org\/blog\/es\/"},{"@type":"ListItem","position":2,"name":"Asma (Johansson, 2019): \u00bfel asma es gen\u00e9tica?"}]},{"@type":"WebSite","@id":"https:\/\/nebula.org\/blog\/es\/#website","url":"https:\/\/nebula.org\/blog\/es\/","name":"Nebula Genomics Blog","description":"","publisher":{"@id":"https:\/\/nebula.org\/blog\/es\/#organization"},"potentialAction":[{"@type":"SearchAction","target":{"@type":"EntryPoint","urlTemplate":"https:\/\/nebula.org\/blog\/es\/?s={search_term_string}"},"query-input":"required name=search_term_string"}],"inLanguage":"es"},{"@type":"Organization","@id":"https:\/\/nebula.org\/blog\/es\/#organization","name":"Nebula Genomics","url":"https:\/\/nebula.org\/blog\/es\/","logo":{"@type":"ImageObject","inLanguage":"es","@id":"https:\/\/nebula.org\/blog\/es\/#\/schema\/logo\/image\/","url":"","contentUrl":"","caption":"Nebula Genomics"},"image":{"@id":"https:\/\/nebula.org\/blog\/es\/#\/schema\/logo\/image\/"},"sameAs":["https:\/\/facebook.com\/nebulagenomics","https:\/\/twitter.com\/nebulagenomics","https:\/\/www.instagram.com\/nebulagenomics\/","https:\/\/www.linkedin.com\/company\/nebula-genomics\/","https:\/\/en.wikipedia.org\/wiki\/Nebula_Genomics"]},{"@type":"Person","@id":"https:\/\/nebula.org\/blog\/es\/#\/schema\/person\/b7bd0a490f115d1d931c33eed922af4e","name":"Garrett Dunlap, B.S.","image":{"@type":"ImageObject","inLanguage":"es","@id":"https:\/\/nebula.org\/blog\/es\/#\/schema\/person\/image\/","url":"https:\/\/secure.gravatar.com\/avatar\/32fb6e0dbc7e0bac908b0f23ea6ed5ec?s=96&d=mm&r=g","contentUrl":"https:\/\/secure.gravatar.com\/avatar\/32fb6e0dbc7e0bac908b0f23ea6ed5ec?s=96&d=mm&r=g","caption":"Garrett Dunlap, B.S."},"description":"Garrett Dunlap earned a B.S. in Biology from Case Western Reserve University with a minor in Political Science. He earned an M.S. and is currently a Ph.D. Candidate in the Biological and Biomedical Sciences (BBS) Ph.D. program at Harvard University.\u00a0He has experience in science policy as an intern at the Science and Innovation Network where he assisted in the science diplomacy functions of the British Consulate-General and as a research associate at TScan Therapeutics. He is also interested in science communication and writing. You can read more about Garrett's experience and publications on LinkedIn and ORCID.","sameAs":["https:\/\/nebula.org\/whole-genome-sequencing\/"],"url":"https:\/\/nebula.org\/blog\/es\/author\/garrett-dunlap\/"}]}},"_links":{"self":[{"href":"https:\/\/nebula.org\/blog\/es\/wp-json\/wp\/v2\/posts\/9687","targetHints":{"allow":["GET"]}}],"collection":[{"href":"https:\/\/nebula.org\/blog\/es\/wp-json\/wp\/v2\/posts"}],"about":[{"href":"https:\/\/nebula.org\/blog\/es\/wp-json\/wp\/v2\/types\/post"}],"author":[{"embeddable":true,"href":"https:\/\/nebula.org\/blog\/es\/wp-json\/wp\/v2\/users\/12"}],"replies":[{"embeddable":true,"href":"https:\/\/nebula.org\/blog\/es\/wp-json\/wp\/v2\/comments?post=9687"}],"version-history":[{"count":0,"href":"https:\/\/nebula.org\/blog\/es\/wp-json\/wp\/v2\/posts\/9687\/revisions"}],"wp:featuredmedia":[{"embeddable":true,"href":"https:\/\/nebula.org\/blog\/es\/wp-json\/wp\/v2\/media\/5209"}],"wp:attachment":[{"href":"https:\/\/nebula.org\/blog\/es\/wp-json\/wp\/v2\/media?parent=9687"}],"wp:term":[{"taxonomy":"category","embeddable":true,"href":"https:\/\/nebula.org\/blog\/es\/wp-json\/wp\/v2\/categories?post=9687"},{"taxonomy":"post_tag","embeddable":true,"href":"https:\/\/nebula.org\/blog\/es\/wp-json\/wp\/v2\/tags?post=9687"}],"curies":[{"name":"wp","href":"https:\/\/api.w.org\/{rel}","templated":true}]}}