{"id":9689,"date":"2021-01-05T23:57:34","date_gmt":"2021-01-06T04:57:34","guid":{"rendered":"https:\/\/nebula.org\/blog\/genetica-de-la-perdida-auditiva-wells-2019\/"},"modified":"2021-02-20T21:01:16","modified_gmt":"2021-02-21T02:01:16","slug":"genetica-de-la-perdida-auditiva-wells-2019","status":"publish","type":"post","link":"https:\/\/nebula.org\/blog\/es\/genetica-de-la-perdida-auditiva-wells-2019\/","title":{"rendered":"P\u00e9rdida auditiva (Wells, 2019)"},"content":{"rendered":"\n<p><strong>T\u00cdTULO DEL ESTUDIO:<\/strong><a href=\"https:\/\/www.sciencedirect.com\/science\/article\/abs\/pii\/S0002929719303477\"> GWAS identifica 44 loci gen\u00f3micos asociados independientes para problemas auditivos autoinformados en adultos (p\u00e9rdida auditiva) en el biobanco del Reino Unido<\/a><\/p>\n\n<p><strong>RESUMEN:<\/strong> Identificaci\u00f3n de 44 variantes gen\u00e9ticas asociadas con la discapacidad auditiva relacionada con la edad.<\/p>\n\n<p><strong>DESCRIPCI\u00d3N:<\/strong> La p\u00e9rdida auditiva es una de las afecciones m\u00e9dicas asociadas con la edad m\u00e1s comunes. Se ha asociado con aislamiento social, depresi\u00f3n y puede ser un factor de riesgo de demencia. Aunque se cree que es altamente heredable, los factores gen\u00e9ticos asociados con una predisposici\u00f3n a la discapacidad auditiva relacionada con la edad (IRAH) siguen siendo en gran parte desconocidos. Este estudio de asociaci\u00f3n de todo el genoma descubri\u00f3 44 variantes asociadas con ARHI despu\u00e9s de examinar a m\u00e1s de 250.000 individuos de ascendencia europea de entre 40 y 65 a\u00f1os. Muchas de estas variantes est\u00e1n cerca de genes que juegan un papel en el desarrollo y la funci\u00f3n del o\u00eddo interno. Algunas de las variantes se han asociado previamente con trastornos de personalidad m\u00faltiple y rasgos psicol\u00f3gicos. Estas variantes explican el 10-20% de la heredabilidad de ARHI.<\/p>\n\n<p><strong>\u00bfSAB\u00cdAS?<\/strong> Dependiendo de la gravedad de la p\u00e9rdida auditiva, puede usar aud\u00edfonos, implantes cocleares, sistemas auditivos anclados a los huesos, dispositivos de ayuda auditiva y aprender a leer los labios o el habla. [<a href=\"https:\/\/www.medicalnewstoday.com\/articles\/321411.php\"> FUENTE<\/a> ]<\/p>\n\n<p><strong>RESULTADOS DE LA MUESTRA:<\/strong> M\u00e1s informaci\u00f3n sobre el<a href=\"https:\/\/nebula.org\/blog\/es\/nebulosa-biblioteca-desbloqueo-investigacion-genetica\/\"> Biblioteca de investigaci\u00f3n de nebulosa<\/a> .<\/p>\n\n<figure class=\"wp-block-image\"><a href=\"https:\/\/nebula.org\/free-dna-upload-analysis\/\"><img decoding=\"async\" src=\"http:\/\/nebula.org\/blog\/wp-content\/uploads\/2020\/01\/Nebula-personalized-results-genomics-1024x375.png\" alt=\"Esta imagen tiene un atributo alt vac&#xED;o; su nombre de archivo es Nebula-custom-results-genomics-1024x375.png\"\/><\/a><\/figure>\n\n<p><\/p>\n\n<p><strong>VARIANTES ASOCIADAS CON LA P\u00c9RDIDA AUDITIVA:<\/strong> rs36062310, rs6453022, rs759016271, rs6890164, rs7951935, rs35186928, rs9493627, rs132929, rs5756795, rs1566129, rs35414371, rs12225399, rs55635402, rs62033400, rs13277721, rs62188635, rs2236401, rs4947828, rs6597883, rs34442808, rs835267, rs4948502, rs10824108, rs12027345, rs217289, rs13093972, rs62015206, rs10475169, rs17671352, rs7525101, rs12938775, rs76837345, rs9366417, rs3890736, rs143282422, rs9691831, rs141403654, rs10127055235<\/p>\n\n<p><strong>RECURSOS ADICIONALES:<\/strong><br\/><a rel=\"noreferrer noopener\" href=\"https:\/\/my.clevelandclinic.org\/health\/diseases\/17053-hearing-loss-prevention\" target=\"_blank\">Prevenci\u00f3n de la p\u00e9rdida auditiva<\/a><br\/><a rel=\"noreferrer noopener\" href=\"https:\/\/www.actiononhearingloss.org.uk\/hearing-health\/how-the-ear-works\/\" target=\"_blank\">La oreja<\/a><\/p>\n\n<p><strong>ACTUALIZACI\u00d3N SEMANAL:<\/strong> 6 de octubre de 2019<\/p>\n\n<p><br\/><\/p>\n","protected":false},"excerpt":{"rendered":"<p>T\u00cdTULO DEL ESTUDIO: GWAS identifica 44 loci gen\u00f3micos asociados independientes para problemas auditivos autoinformados en adultos (p\u00e9rdida auditiva) en el biobanco del Reino Unido RESUMEN: Identificaci\u00f3n de 44 variantes gen\u00e9ticas asociadas con la discapacidad auditiva relacionada con la edad. DESCRIPCI\u00d3N: &hellip;<\/p>\n<p class=\"read-more\"> <a class=\"ast-button\" href=\"https:\/\/nebula.org\/blog\/es\/genetica-de-la-perdida-auditiva-wells-2019\/\"> <span class=\"screen-reader-text\">P\u00e9rdida auditiva (Wells, 2019)<\/span> Leer m\u00e1s \u00bb<\/a><\/p>\n","protected":false},"author":12,"featured_media":5199,"comment_status":"closed","ping_status":"open","sticky":false,"template":"","format":"standard","meta":{"om_disable_all_campaigns":false,"site-sidebar-layout":"default","site-content-layout":"default","ast-global-header-display":"","ast-banner-title-visibility":"","ast-main-header-display":"","ast-hfb-above-header-display":"","ast-hfb-below-header-display":"","ast-hfb-mobile-header-display":"","site-post-title":"","ast-breadcrumbs-content":"","ast-featured-img":"","footer-sml-layout":"","theme-transparent-header-meta":"default","adv-header-id-meta":"","stick-header-meta":"","header-above-stick-meta":"","header-main-stick-meta":"","header-below-stick-meta":"","_FSMCFIC_featured_image_caption":"","_FSMCFIC_featured_image_nocaption":"","_FSMCFIC_featured_image_hide":"","footnotes":""},"categories":[4982],"tags":[],"class_list":["post-9689","post","type-post","status-publish","format-standard","has-post-thumbnail","hentry","category-informes"],"yoast_head":"<!-- This site is optimized with the Yoast SEO plugin v20.13 - https:\/\/yoast.com\/wordpress\/plugins\/seo\/ -->\n<title>La gen\u00e9tica de la p\u00e9rdida auditiva (Wells, 2019)<\/title>\n<meta name=\"description\" content=\"Cargue sus datos de ADN para explorar variantes gen\u00e9ticas relacionadas con la p\u00e9rdida auditiva (Wells, 2019) y descubra su puntaje polig\u00e9nico en Nebula Genomics.\" \/>\n<meta name=\"robots\" content=\"index, follow, max-snippet:-1, max-image-preview:large, max-video-preview:-1\" \/>\n<link rel=\"canonical\" href=\"https:\/\/nebula.org\/blog\/es\/genetica-de-la-perdida-auditiva-wells-2019\/\" \/>\n<meta property=\"og:locale\" content=\"es_ES\" \/>\n<meta property=\"og:type\" content=\"article\" \/>\n<meta property=\"og:title\" content=\"La gen\u00e9tica de la p\u00e9rdida auditiva (Wells, 2019)\" \/>\n<meta property=\"og:description\" content=\"Cargue sus datos de ADN para explorar variantes gen\u00e9ticas relacionadas con la p\u00e9rdida auditiva (Wells, 2019) y descubra su puntaje polig\u00e9nico en Nebula Genomics.\" \/>\n<meta property=\"og:url\" content=\"https:\/\/nebula.org\/blog\/es\/genetica-de-la-perdida-auditiva-wells-2019\/\" \/>\n<meta property=\"og:site_name\" content=\"Nebula Genomics Blog\" \/>\n<meta property=\"article:publisher\" content=\"https:\/\/facebook.com\/nebulagenomics\" \/>\n<meta property=\"article:published_time\" content=\"2021-01-06T04:57:34+00:00\" \/>\n<meta property=\"article:modified_time\" content=\"2021-02-21T02:01:16+00:00\" \/>\n<meta property=\"og:image\" content=\"https:\/\/nebula.org\/blog\/wp-content\/uploads\/2020\/01\/freshh-connection-tKNB4iW3GT8-unsplash-scaled.jpg\" \/>\n\t<meta property=\"og:image:width\" content=\"616\" \/>\n\t<meta property=\"og:image:height\" content=\"924\" \/>\n\t<meta property=\"og:image:type\" content=\"image\/jpeg\" \/>\n<meta name=\"author\" content=\"Garrett Dunlap, B.S.\" \/>\n<meta name=\"twitter:card\" content=\"summary_large_image\" \/>\n<meta name=\"twitter:creator\" content=\"@nebulagenomics\" \/>\n<meta name=\"twitter:site\" content=\"@nebulagenomics\" \/>\n<meta name=\"twitter:label1\" content=\"Escrito por\" \/>\n\t<meta name=\"twitter:data1\" content=\"Garrett Dunlap, B.S.\" \/>\n\t<meta name=\"twitter:label2\" content=\"Tiempo de lectura\" \/>\n\t<meta name=\"twitter:data2\" content=\"2 minutos\" \/>\n<script type=\"application\/ld+json\" class=\"yoast-schema-graph\">{\"@context\":\"https:\/\/schema.org\",\"@graph\":[{\"@type\":\"Article\",\"@id\":\"https:\/\/nebula.org\/blog\/es\/genetica-de-la-perdida-auditiva-wells-2019\/#article\",\"isPartOf\":{\"@id\":\"https:\/\/nebula.org\/blog\/es\/genetica-de-la-perdida-auditiva-wells-2019\/\"},\"author\":{\"name\":\"Garrett Dunlap, B.S.\",\"@id\":\"https:\/\/nebula.org\/blog\/es\/#\/schema\/person\/b7bd0a490f115d1d931c33eed922af4e\"},\"headline\":\"P\u00e9rdida auditiva (Wells, 2019)\",\"datePublished\":\"2021-01-06T04:57:34+00:00\",\"dateModified\":\"2021-02-21T02:01:16+00:00\",\"mainEntityOfPage\":{\"@id\":\"https:\/\/nebula.org\/blog\/es\/genetica-de-la-perdida-auditiva-wells-2019\/\"},\"wordCount\":312,\"publisher\":{\"@id\":\"https:\/\/nebula.org\/blog\/es\/#organization\"},\"articleSection\":[\"Informes\"],\"inLanguage\":\"es\"},{\"@type\":\"WebPage\",\"@id\":\"https:\/\/nebula.org\/blog\/es\/genetica-de-la-perdida-auditiva-wells-2019\/\",\"url\":\"https:\/\/nebula.org\/blog\/es\/genetica-de-la-perdida-auditiva-wells-2019\/\",\"name\":\"La gen\u00e9tica de la p\u00e9rdida auditiva (Wells, 2019)\",\"isPartOf\":{\"@id\":\"https:\/\/nebula.org\/blog\/es\/#website\"},\"datePublished\":\"2021-01-06T04:57:34+00:00\",\"dateModified\":\"2021-02-21T02:01:16+00:00\",\"description\":\"Cargue sus datos de ADN para explorar variantes gen\u00e9ticas relacionadas con la p\u00e9rdida auditiva (Wells, 2019) y descubra su puntaje polig\u00e9nico en Nebula Genomics.\",\"breadcrumb\":{\"@id\":\"https:\/\/nebula.org\/blog\/es\/genetica-de-la-perdida-auditiva-wells-2019\/#breadcrumb\"},\"inLanguage\":\"es\",\"potentialAction\":[{\"@type\":\"ReadAction\",\"target\":[\"https:\/\/nebula.org\/blog\/es\/genetica-de-la-perdida-auditiva-wells-2019\/\"]}]},{\"@type\":\"BreadcrumbList\",\"@id\":\"https:\/\/nebula.org\/blog\/es\/genetica-de-la-perdida-auditiva-wells-2019\/#breadcrumb\",\"itemListElement\":[{\"@type\":\"ListItem\",\"position\":1,\"name\":\"Home\",\"item\":\"https:\/\/nebula.org\/blog\/es\/\"},{\"@type\":\"ListItem\",\"position\":2,\"name\":\"P\u00e9rdida auditiva (Wells, 2019)\"}]},{\"@type\":\"WebSite\",\"@id\":\"https:\/\/nebula.org\/blog\/es\/#website\",\"url\":\"https:\/\/nebula.org\/blog\/es\/\",\"name\":\"Nebula Genomics Blog\",\"description\":\"\",\"publisher\":{\"@id\":\"https:\/\/nebula.org\/blog\/es\/#organization\"},\"potentialAction\":[{\"@type\":\"SearchAction\",\"target\":{\"@type\":\"EntryPoint\",\"urlTemplate\":\"https:\/\/nebula.org\/blog\/es\/?s={search_term_string}\"},\"query-input\":\"required name=search_term_string\"}],\"inLanguage\":\"es\"},{\"@type\":\"Organization\",\"@id\":\"https:\/\/nebula.org\/blog\/es\/#organization\",\"name\":\"Nebula Genomics\",\"url\":\"https:\/\/nebula.org\/blog\/es\/\",\"logo\":{\"@type\":\"ImageObject\",\"inLanguage\":\"es\",\"@id\":\"https:\/\/nebula.org\/blog\/es\/#\/schema\/logo\/image\/\",\"url\":\"\",\"contentUrl\":\"\",\"caption\":\"Nebula Genomics\"},\"image\":{\"@id\":\"https:\/\/nebula.org\/blog\/es\/#\/schema\/logo\/image\/\"},\"sameAs\":[\"https:\/\/facebook.com\/nebulagenomics\",\"https:\/\/twitter.com\/nebulagenomics\",\"https:\/\/www.instagram.com\/nebulagenomics\/\",\"https:\/\/www.linkedin.com\/company\/nebula-genomics\/\",\"https:\/\/en.wikipedia.org\/wiki\/Nebula_Genomics\"]},{\"@type\":\"Person\",\"@id\":\"https:\/\/nebula.org\/blog\/es\/#\/schema\/person\/b7bd0a490f115d1d931c33eed922af4e\",\"name\":\"Garrett Dunlap, B.S.\",\"image\":{\"@type\":\"ImageObject\",\"inLanguage\":\"es\",\"@id\":\"https:\/\/nebula.org\/blog\/es\/#\/schema\/person\/image\/\",\"url\":\"https:\/\/secure.gravatar.com\/avatar\/32fb6e0dbc7e0bac908b0f23ea6ed5ec?s=96&d=mm&r=g\",\"contentUrl\":\"https:\/\/secure.gravatar.com\/avatar\/32fb6e0dbc7e0bac908b0f23ea6ed5ec?s=96&d=mm&r=g\",\"caption\":\"Garrett Dunlap, B.S.\"},\"description\":\"Garrett Dunlap earned a B.S. in Biology from Case Western Reserve University with a minor in Political Science. He earned an M.S. and is currently a Ph.D. Candidate in the Biological and Biomedical Sciences (BBS) Ph.D. program at Harvard University.\u00a0He has experience in science policy as an intern at the Science and Innovation Network where he assisted in the science diplomacy functions of the British Consulate-General and as a research associate at TScan Therapeutics. He is also interested in science communication and writing. You can read more about Garrett's experience and publications on LinkedIn and ORCID.\",\"sameAs\":[\"https:\/\/nebula.org\/whole-genome-sequencing\/\"],\"url\":\"https:\/\/nebula.org\/blog\/es\/author\/garrett-dunlap\/\"}]}<\/script>\n<!-- \/ Yoast SEO plugin. -->","yoast_head_json":{"title":"La gen\u00e9tica de la p\u00e9rdida auditiva (Wells, 2019)","description":"Cargue sus datos de ADN para explorar variantes gen\u00e9ticas relacionadas con la p\u00e9rdida auditiva (Wells, 2019) y descubra su puntaje polig\u00e9nico en Nebula Genomics.","robots":{"index":"index","follow":"follow","max-snippet":"max-snippet:-1","max-image-preview":"max-image-preview:large","max-video-preview":"max-video-preview:-1"},"canonical":"https:\/\/nebula.org\/blog\/es\/genetica-de-la-perdida-auditiva-wells-2019\/","og_locale":"es_ES","og_type":"article","og_title":"La gen\u00e9tica de la p\u00e9rdida auditiva (Wells, 2019)","og_description":"Cargue sus datos de ADN para explorar variantes gen\u00e9ticas relacionadas con la p\u00e9rdida auditiva (Wells, 2019) y descubra su puntaje polig\u00e9nico en Nebula Genomics.","og_url":"https:\/\/nebula.org\/blog\/es\/genetica-de-la-perdida-auditiva-wells-2019\/","og_site_name":"Nebula Genomics Blog","article_publisher":"https:\/\/facebook.com\/nebulagenomics","article_published_time":"2021-01-06T04:57:34+00:00","article_modified_time":"2021-02-21T02:01:16+00:00","og_image":[{"width":616,"height":924,"url":"https:\/\/nebula.org\/blog\/wp-content\/uploads\/2020\/01\/freshh-connection-tKNB4iW3GT8-unsplash-scaled.jpg","type":"image\/jpeg"}],"author":"Garrett Dunlap, B.S.","twitter_card":"summary_large_image","twitter_creator":"@nebulagenomics","twitter_site":"@nebulagenomics","twitter_misc":{"Escrito por":"Garrett Dunlap, B.S.","Tiempo de lectura":"2 minutos"},"schema":{"@context":"https:\/\/schema.org","@graph":[{"@type":"Article","@id":"https:\/\/nebula.org\/blog\/es\/genetica-de-la-perdida-auditiva-wells-2019\/#article","isPartOf":{"@id":"https:\/\/nebula.org\/blog\/es\/genetica-de-la-perdida-auditiva-wells-2019\/"},"author":{"name":"Garrett Dunlap, B.S.","@id":"https:\/\/nebula.org\/blog\/es\/#\/schema\/person\/b7bd0a490f115d1d931c33eed922af4e"},"headline":"P\u00e9rdida auditiva (Wells, 2019)","datePublished":"2021-01-06T04:57:34+00:00","dateModified":"2021-02-21T02:01:16+00:00","mainEntityOfPage":{"@id":"https:\/\/nebula.org\/blog\/es\/genetica-de-la-perdida-auditiva-wells-2019\/"},"wordCount":312,"publisher":{"@id":"https:\/\/nebula.org\/blog\/es\/#organization"},"articleSection":["Informes"],"inLanguage":"es"},{"@type":"WebPage","@id":"https:\/\/nebula.org\/blog\/es\/genetica-de-la-perdida-auditiva-wells-2019\/","url":"https:\/\/nebula.org\/blog\/es\/genetica-de-la-perdida-auditiva-wells-2019\/","name":"La gen\u00e9tica de la p\u00e9rdida auditiva (Wells, 2019)","isPartOf":{"@id":"https:\/\/nebula.org\/blog\/es\/#website"},"datePublished":"2021-01-06T04:57:34+00:00","dateModified":"2021-02-21T02:01:16+00:00","description":"Cargue sus datos de ADN para explorar variantes gen\u00e9ticas relacionadas con la p\u00e9rdida auditiva (Wells, 2019) y descubra su puntaje polig\u00e9nico en Nebula Genomics.","breadcrumb":{"@id":"https:\/\/nebula.org\/blog\/es\/genetica-de-la-perdida-auditiva-wells-2019\/#breadcrumb"},"inLanguage":"es","potentialAction":[{"@type":"ReadAction","target":["https:\/\/nebula.org\/blog\/es\/genetica-de-la-perdida-auditiva-wells-2019\/"]}]},{"@type":"BreadcrumbList","@id":"https:\/\/nebula.org\/blog\/es\/genetica-de-la-perdida-auditiva-wells-2019\/#breadcrumb","itemListElement":[{"@type":"ListItem","position":1,"name":"Home","item":"https:\/\/nebula.org\/blog\/es\/"},{"@type":"ListItem","position":2,"name":"P\u00e9rdida auditiva (Wells, 2019)"}]},{"@type":"WebSite","@id":"https:\/\/nebula.org\/blog\/es\/#website","url":"https:\/\/nebula.org\/blog\/es\/","name":"Nebula Genomics Blog","description":"","publisher":{"@id":"https:\/\/nebula.org\/blog\/es\/#organization"},"potentialAction":[{"@type":"SearchAction","target":{"@type":"EntryPoint","urlTemplate":"https:\/\/nebula.org\/blog\/es\/?s={search_term_string}"},"query-input":"required name=search_term_string"}],"inLanguage":"es"},{"@type":"Organization","@id":"https:\/\/nebula.org\/blog\/es\/#organization","name":"Nebula Genomics","url":"https:\/\/nebula.org\/blog\/es\/","logo":{"@type":"ImageObject","inLanguage":"es","@id":"https:\/\/nebula.org\/blog\/es\/#\/schema\/logo\/image\/","url":"","contentUrl":"","caption":"Nebula Genomics"},"image":{"@id":"https:\/\/nebula.org\/blog\/es\/#\/schema\/logo\/image\/"},"sameAs":["https:\/\/facebook.com\/nebulagenomics","https:\/\/twitter.com\/nebulagenomics","https:\/\/www.instagram.com\/nebulagenomics\/","https:\/\/www.linkedin.com\/company\/nebula-genomics\/","https:\/\/en.wikipedia.org\/wiki\/Nebula_Genomics"]},{"@type":"Person","@id":"https:\/\/nebula.org\/blog\/es\/#\/schema\/person\/b7bd0a490f115d1d931c33eed922af4e","name":"Garrett Dunlap, B.S.","image":{"@type":"ImageObject","inLanguage":"es","@id":"https:\/\/nebula.org\/blog\/es\/#\/schema\/person\/image\/","url":"https:\/\/secure.gravatar.com\/avatar\/32fb6e0dbc7e0bac908b0f23ea6ed5ec?s=96&d=mm&r=g","contentUrl":"https:\/\/secure.gravatar.com\/avatar\/32fb6e0dbc7e0bac908b0f23ea6ed5ec?s=96&d=mm&r=g","caption":"Garrett Dunlap, B.S."},"description":"Garrett Dunlap earned a B.S. in Biology from Case Western Reserve University with a minor in Political Science. He earned an M.S. and is currently a Ph.D. Candidate in the Biological and Biomedical Sciences (BBS) Ph.D. program at Harvard University.\u00a0He has experience in science policy as an intern at the Science and Innovation Network where he assisted in the science diplomacy functions of the British Consulate-General and as a research associate at TScan Therapeutics. He is also interested in science communication and writing. You can read more about Garrett's experience and publications on LinkedIn and ORCID.","sameAs":["https:\/\/nebula.org\/whole-genome-sequencing\/"],"url":"https:\/\/nebula.org\/blog\/es\/author\/garrett-dunlap\/"}]}},"_links":{"self":[{"href":"https:\/\/nebula.org\/blog\/es\/wp-json\/wp\/v2\/posts\/9689","targetHints":{"allow":["GET"]}}],"collection":[{"href":"https:\/\/nebula.org\/blog\/es\/wp-json\/wp\/v2\/posts"}],"about":[{"href":"https:\/\/nebula.org\/blog\/es\/wp-json\/wp\/v2\/types\/post"}],"author":[{"embeddable":true,"href":"https:\/\/nebula.org\/blog\/es\/wp-json\/wp\/v2\/users\/12"}],"replies":[{"embeddable":true,"href":"https:\/\/nebula.org\/blog\/es\/wp-json\/wp\/v2\/comments?post=9689"}],"version-history":[{"count":0,"href":"https:\/\/nebula.org\/blog\/es\/wp-json\/wp\/v2\/posts\/9689\/revisions"}],"wp:featuredmedia":[{"embeddable":true,"href":"https:\/\/nebula.org\/blog\/es\/wp-json\/wp\/v2\/media\/5199"}],"wp:attachment":[{"href":"https:\/\/nebula.org\/blog\/es\/wp-json\/wp\/v2\/media?parent=9689"}],"wp:term":[{"taxonomy":"category","embeddable":true,"href":"https:\/\/nebula.org\/blog\/es\/wp-json\/wp\/v2\/categories?post=9689"},{"taxonomy":"post_tag","embeddable":true,"href":"https:\/\/nebula.org\/blog\/es\/wp-json\/wp\/v2\/tags?post=9689"}],"curies":[{"name":"wp","href":"https:\/\/api.w.org\/{rel}","templated":true}]}}