{"id":9792,"date":"2021-01-06T00:00:48","date_gmt":"2021-01-06T05:00:48","guid":{"rendered":"https:\/\/nebula.org\/blog\/genetica-de-la-mano-wiberg-2009\/"},"modified":"2021-02-20T20:38:09","modified_gmt":"2021-02-21T01:38:09","slug":"genetica-de-la-mano-wiberg-2009","status":"publish","type":"post","link":"https:\/\/nebula.org\/blog\/es\/genetica-de-la-mano-wiberg-2009\/","title":{"rendered":"Handdedness (Wiberg, 2009)"},"content":{"rendered":"\n<p><strong>T\u00cdTULO DEL ESTUDIO:<\/strong><a href=\"https:\/\/academic.oup.com\/brain\/article\/142\/10\/2938\/5556832\"> Manejo, \u00e1reas del lenguaje y enfermedades neuropsiqui\u00e1tricas: conocimientos de las im\u00e1genes cerebrales y la gen\u00e9tica<\/a><\/p>\n\n<p><strong>RESUMEN:<\/strong> Identificaci\u00f3n de 4 variantes gen\u00e9ticas novedosas correlacionadas con la mano. <\/p>\n\n<p><strong>DESCRIPCI\u00d3N:<\/strong> \u00bfEres diestro o zurdo? Casi el 90% de las personas son diestras. Si bien su mano dominante parece ser hereditaria, la gen\u00e9tica que determina esto es poco conocida. Este estudio de asociaci\u00f3n de todo el genoma de casi 400.000 individuos de ascendencia europea identific\u00f3 4 variantes gen\u00e9ticas novedosas correlacionadas con la mano. Estas variantes ayudan a explicar ~ 1% de la heredabilidad de su mano dominante. De estos, 3 est\u00e1n en o cerca de genes que juegan un papel en el desarrollo y organizaci\u00f3n del cerebro, espec\u00edficamente en las \u00e1reas que procesan el lenguaje. Las variantes descubiertas tambi\u00e9n est\u00e1n asociadas con m\u00faltiples condiciones psiqui\u00e1tricas y neurodegenerativas, incluida la enfermedad de Parkinson y la esquizofrenia.<\/p>\n\n<p><strong>\u00bfSAB\u00cdAS?<\/strong> \u00a1El sesgo de las personas diestras es exclusivo de los humanos! Si bien algunos animales parecen preferir usar una mano (o pierna o pata) sobre la otra, la proporci\u00f3n es casi siempre 50-50. [<a href=\"https:\/\/www.kidney.org\/atoz\/content\/kidneystones_prevent\"> FUENTE<\/a> ]<\/p>\n\n<p><strong>RESULTADOS DE LA MUESTRA:<\/strong> M\u00e1s informaci\u00f3n sobre el<a href=\"https:\/\/nebula.org\/blog\/es\/nebulosa-biblioteca-desbloqueo-investigacion-genetica\/\"> Biblioteca de investigaci\u00f3n de nebulosa<\/a> .<\/p>\n\n<figure class=\"wp-block-image\"><a href=\"https:\/\/nebula.org\/free-dna-upload-analysis\/\"><img decoding=\"async\" src=\"http:\/\/nebula.org\/blog\/wp-content\/uploads\/2020\/01\/Nebula-personalized-results-genomics-1024x375.png\" alt=\"Esta imagen tiene un atributo alt vac&#xED;o; su nombre de archivo es Nebula-custom-results-genomics-1024x375.png\"\/><\/a><\/figure>\n\n<p><\/p>\n\n<p><strong>VARIANTES ASOCIADAS A LA MANO:<\/strong> rs199512, rs45608532, rs3094128, rs13017199<\/p>\n\n<p><strong>RECURSOS ADICIONALES:<\/strong> <br\/><a rel=\"noreferrer noopener\" href=\"https:\/\/www.youtube.com\/watch?v=NPvMUpcxPSA\" target=\"_blank\">Handdedness (Video)<\/a><br\/><a rel=\"noreferrer noopener\" href=\"https:\/\/en.wikipedia.org\/wiki\/Neuroanatomy_of_handedness\" target=\"_blank\">Neuroanatom\u00eda de la mano<\/a><\/p>\n\n<p><strong>ACTUALIZACI\u00d3N SEMANAL:<\/strong> 12 de septiembre de 2019<\/p>\n\n<p><\/p>\n\n<p><\/p>\n\n<p><\/p>\n\n<p><\/p>\n\n<p><\/p>\n\n<p><br\/><\/p>\n\n<p><\/p>\n\n<p><br\/><br\/><\/p>\n\n<p><br\/><\/p>\n\n<p><\/p>\n\n<p><br\/><\/p>\n\n<p><br\/><\/p>\n\n<p><\/p>\n\n<p><\/p>\n\n<p><\/p>\n\n<p><\/p>\n\n<p><\/p>\n\n<p><\/p>\n\n<p><\/p>\n\n<p><\/p>\n\n<p><\/p>\n\n<p><\/p>\n\n<p><br\/><\/p>\n","protected":false},"excerpt":{"rendered":"<p>T\u00cdTULO DEL ESTUDIO: Manejo, \u00e1reas del lenguaje y enfermedades neuropsiqui\u00e1tricas: conocimientos de las im\u00e1genes cerebrales y la gen\u00e9tica RESUMEN: Identificaci\u00f3n de 4 variantes gen\u00e9ticas novedosas correlacionadas con la mano. DESCRIPCI\u00d3N: \u00bfEres diestro o zurdo? Casi el 90% de las personas &hellip;<\/p>\n<p class=\"read-more\"> <a class=\"ast-button\" href=\"https:\/\/nebula.org\/blog\/es\/genetica-de-la-mano-wiberg-2009\/\"> <span class=\"screen-reader-text\">Handdedness (Wiberg, 2009)<\/span> Leer m\u00e1s \u00bb<\/a><\/p>\n","protected":false},"author":12,"featured_media":5564,"comment_status":"closed","ping_status":"open","sticky":false,"template":"","format":"standard","meta":{"om_disable_all_campaigns":false,"site-sidebar-layout":"default","site-content-layout":"default","ast-global-header-display":"","ast-banner-title-visibility":"","ast-main-header-display":"","ast-hfb-above-header-display":"","ast-hfb-below-header-display":"","ast-hfb-mobile-header-display":"","site-post-title":"","ast-breadcrumbs-content":"","ast-featured-img":"","footer-sml-layout":"","theme-transparent-header-meta":"default","adv-header-id-meta":"","stick-header-meta":"","header-above-stick-meta":"","header-main-stick-meta":"","header-below-stick-meta":"","_FSMCFIC_featured_image_caption":"","_FSMCFIC_featured_image_nocaption":"","_FSMCFIC_featured_image_hide":"","footnotes":""},"categories":[4982],"tags":[],"class_list":["post-9792","post","type-post","status-publish","format-standard","has-post-thumbnail","hentry","category-informes"],"yoast_head":"<!-- This site is optimized with the Yoast SEO plugin v20.13 - https:\/\/yoast.com\/wordpress\/plugins\/seo\/ -->\n<title>La gen\u00e9tica de la mano derecha (Wiberg, 2009)<\/title>\n<meta name=\"description\" content=\"Cargue sus datos de ADN para explorar variantes gen\u00e9ticas vinculadas a la mano (Wiberg et al, 2009) y descubra su puntaje polig\u00e9nico.\" \/>\n<meta name=\"robots\" content=\"index, follow, max-snippet:-1, max-image-preview:large, max-video-preview:-1\" \/>\n<link rel=\"canonical\" href=\"https:\/\/nebula.org\/blog\/es\/genetica-de-la-mano-wiberg-2009\/\" \/>\n<meta property=\"og:locale\" content=\"es_ES\" \/>\n<meta property=\"og:type\" content=\"article\" \/>\n<meta property=\"og:title\" content=\"La gen\u00e9tica de la mano derecha (Wiberg, 2009)\" \/>\n<meta property=\"og:description\" content=\"Cargue sus datos de ADN para explorar variantes gen\u00e9ticas vinculadas a la mano (Wiberg et al, 2009) y descubra su puntaje polig\u00e9nico.\" \/>\n<meta property=\"og:url\" content=\"https:\/\/nebula.org\/blog\/es\/genetica-de-la-mano-wiberg-2009\/\" \/>\n<meta property=\"og:site_name\" content=\"Nebula Genomics Blog\" \/>\n<meta property=\"article:publisher\" content=\"https:\/\/facebook.com\/nebulagenomics\" \/>\n<meta property=\"article:published_time\" content=\"2021-01-06T05:00:48+00:00\" \/>\n<meta property=\"article:modified_time\" content=\"2021-02-21T01:38:09+00:00\" \/>\n<meta property=\"og:image\" content=\"https:\/\/nebula.org\/blog\/wp-content\/uploads\/2020\/02\/serge-kutuzov-H7srcJh4hF8-unsplash-scaled.jpg\" \/>\n\t<meta property=\"og:image:width\" content=\"739\" \/>\n\t<meta property=\"og:image:height\" content=\"924\" \/>\n\t<meta property=\"og:image:type\" content=\"image\/jpeg\" \/>\n<meta name=\"author\" content=\"Garrett Dunlap, B.S.\" \/>\n<meta name=\"twitter:card\" content=\"summary_large_image\" \/>\n<meta name=\"twitter:creator\" content=\"@nebulagenomics\" \/>\n<meta name=\"twitter:site\" content=\"@nebulagenomics\" \/>\n<meta name=\"twitter:label1\" content=\"Escrito por\" \/>\n\t<meta name=\"twitter:data1\" content=\"Garrett Dunlap, B.S.\" \/>\n\t<meta name=\"twitter:label2\" content=\"Tiempo de lectura\" \/>\n\t<meta name=\"twitter:data2\" content=\"1 minuto\" \/>\n<script type=\"application\/ld+json\" class=\"yoast-schema-graph\">{\"@context\":\"https:\/\/schema.org\",\"@graph\":[{\"@type\":\"Article\",\"@id\":\"https:\/\/nebula.org\/blog\/es\/genetica-de-la-mano-wiberg-2009\/#article\",\"isPartOf\":{\"@id\":\"https:\/\/nebula.org\/blog\/es\/genetica-de-la-mano-wiberg-2009\/\"},\"author\":{\"name\":\"Garrett Dunlap, B.S.\",\"@id\":\"https:\/\/nebula.org\/blog\/es\/#\/schema\/person\/b7bd0a490f115d1d931c33eed922af4e\"},\"headline\":\"Handdedness (Wiberg, 2009)\",\"datePublished\":\"2021-01-06T05:00:48+00:00\",\"dateModified\":\"2021-02-21T01:38:09+00:00\",\"mainEntityOfPage\":{\"@id\":\"https:\/\/nebula.org\/blog\/es\/genetica-de-la-mano-wiberg-2009\/\"},\"wordCount\":233,\"publisher\":{\"@id\":\"https:\/\/nebula.org\/blog\/es\/#organization\"},\"articleSection\":[\"Informes\"],\"inLanguage\":\"es\"},{\"@type\":\"WebPage\",\"@id\":\"https:\/\/nebula.org\/blog\/es\/genetica-de-la-mano-wiberg-2009\/\",\"url\":\"https:\/\/nebula.org\/blog\/es\/genetica-de-la-mano-wiberg-2009\/\",\"name\":\"La gen\u00e9tica de la mano derecha (Wiberg, 2009)\",\"isPartOf\":{\"@id\":\"https:\/\/nebula.org\/blog\/es\/#website\"},\"datePublished\":\"2021-01-06T05:00:48+00:00\",\"dateModified\":\"2021-02-21T01:38:09+00:00\",\"description\":\"Cargue sus datos de ADN para explorar variantes gen\u00e9ticas vinculadas a la mano (Wiberg et al, 2009) y descubra su puntaje polig\u00e9nico.\",\"breadcrumb\":{\"@id\":\"https:\/\/nebula.org\/blog\/es\/genetica-de-la-mano-wiberg-2009\/#breadcrumb\"},\"inLanguage\":\"es\",\"potentialAction\":[{\"@type\":\"ReadAction\",\"target\":[\"https:\/\/nebula.org\/blog\/es\/genetica-de-la-mano-wiberg-2009\/\"]}]},{\"@type\":\"BreadcrumbList\",\"@id\":\"https:\/\/nebula.org\/blog\/es\/genetica-de-la-mano-wiberg-2009\/#breadcrumb\",\"itemListElement\":[{\"@type\":\"ListItem\",\"position\":1,\"name\":\"Home\",\"item\":\"https:\/\/nebula.org\/blog\/es\/\"},{\"@type\":\"ListItem\",\"position\":2,\"name\":\"Handdedness (Wiberg, 2009)\"}]},{\"@type\":\"WebSite\",\"@id\":\"https:\/\/nebula.org\/blog\/es\/#website\",\"url\":\"https:\/\/nebula.org\/blog\/es\/\",\"name\":\"Nebula Genomics Blog\",\"description\":\"\",\"publisher\":{\"@id\":\"https:\/\/nebula.org\/blog\/es\/#organization\"},\"potentialAction\":[{\"@type\":\"SearchAction\",\"target\":{\"@type\":\"EntryPoint\",\"urlTemplate\":\"https:\/\/nebula.org\/blog\/es\/?s={search_term_string}\"},\"query-input\":\"required name=search_term_string\"}],\"inLanguage\":\"es\"},{\"@type\":\"Organization\",\"@id\":\"https:\/\/nebula.org\/blog\/es\/#organization\",\"name\":\"Nebula Genomics\",\"url\":\"https:\/\/nebula.org\/blog\/es\/\",\"logo\":{\"@type\":\"ImageObject\",\"inLanguage\":\"es\",\"@id\":\"https:\/\/nebula.org\/blog\/es\/#\/schema\/logo\/image\/\",\"url\":\"\",\"contentUrl\":\"\",\"caption\":\"Nebula Genomics\"},\"image\":{\"@id\":\"https:\/\/nebula.org\/blog\/es\/#\/schema\/logo\/image\/\"},\"sameAs\":[\"https:\/\/facebook.com\/nebulagenomics\",\"https:\/\/twitter.com\/nebulagenomics\",\"https:\/\/www.instagram.com\/nebulagenomics\/\",\"https:\/\/www.linkedin.com\/company\/nebula-genomics\/\",\"https:\/\/en.wikipedia.org\/wiki\/Nebula_Genomics\"]},{\"@type\":\"Person\",\"@id\":\"https:\/\/nebula.org\/blog\/es\/#\/schema\/person\/b7bd0a490f115d1d931c33eed922af4e\",\"name\":\"Garrett Dunlap, B.S.\",\"image\":{\"@type\":\"ImageObject\",\"inLanguage\":\"es\",\"@id\":\"https:\/\/nebula.org\/blog\/es\/#\/schema\/person\/image\/\",\"url\":\"https:\/\/secure.gravatar.com\/avatar\/32fb6e0dbc7e0bac908b0f23ea6ed5ec?s=96&d=mm&r=g\",\"contentUrl\":\"https:\/\/secure.gravatar.com\/avatar\/32fb6e0dbc7e0bac908b0f23ea6ed5ec?s=96&d=mm&r=g\",\"caption\":\"Garrett Dunlap, B.S.\"},\"description\":\"Garrett Dunlap earned a B.S. in Biology from Case Western Reserve University with a minor in Political Science. He earned an M.S. and is currently a Ph.D. Candidate in the Biological and Biomedical Sciences (BBS) Ph.D. program at Harvard University.\u00a0He has experience in science policy as an intern at the Science and Innovation Network where he assisted in the science diplomacy functions of the British Consulate-General and as a research associate at TScan Therapeutics. He is also interested in science communication and writing. You can read more about Garrett's experience and publications on LinkedIn and ORCID.\",\"sameAs\":[\"https:\/\/nebula.org\/whole-genome-sequencing\/\"],\"url\":\"https:\/\/nebula.org\/blog\/es\/author\/garrett-dunlap\/\"}]}<\/script>\n<!-- \/ Yoast SEO plugin. -->","yoast_head_json":{"title":"La gen\u00e9tica de la mano derecha (Wiberg, 2009)","description":"Cargue sus datos de ADN para explorar variantes gen\u00e9ticas vinculadas a la mano (Wiberg et al, 2009) y descubra su puntaje polig\u00e9nico.","robots":{"index":"index","follow":"follow","max-snippet":"max-snippet:-1","max-image-preview":"max-image-preview:large","max-video-preview":"max-video-preview:-1"},"canonical":"https:\/\/nebula.org\/blog\/es\/genetica-de-la-mano-wiberg-2009\/","og_locale":"es_ES","og_type":"article","og_title":"La gen\u00e9tica de la mano derecha (Wiberg, 2009)","og_description":"Cargue sus datos de ADN para explorar variantes gen\u00e9ticas vinculadas a la mano (Wiberg et al, 2009) y descubra su puntaje polig\u00e9nico.","og_url":"https:\/\/nebula.org\/blog\/es\/genetica-de-la-mano-wiberg-2009\/","og_site_name":"Nebula Genomics Blog","article_publisher":"https:\/\/facebook.com\/nebulagenomics","article_published_time":"2021-01-06T05:00:48+00:00","article_modified_time":"2021-02-21T01:38:09+00:00","og_image":[{"width":739,"height":924,"url":"https:\/\/nebula.org\/blog\/wp-content\/uploads\/2020\/02\/serge-kutuzov-H7srcJh4hF8-unsplash-scaled.jpg","type":"image\/jpeg"}],"author":"Garrett Dunlap, B.S.","twitter_card":"summary_large_image","twitter_creator":"@nebulagenomics","twitter_site":"@nebulagenomics","twitter_misc":{"Escrito por":"Garrett Dunlap, B.S.","Tiempo de lectura":"1 minuto"},"schema":{"@context":"https:\/\/schema.org","@graph":[{"@type":"Article","@id":"https:\/\/nebula.org\/blog\/es\/genetica-de-la-mano-wiberg-2009\/#article","isPartOf":{"@id":"https:\/\/nebula.org\/blog\/es\/genetica-de-la-mano-wiberg-2009\/"},"author":{"name":"Garrett Dunlap, B.S.","@id":"https:\/\/nebula.org\/blog\/es\/#\/schema\/person\/b7bd0a490f115d1d931c33eed922af4e"},"headline":"Handdedness (Wiberg, 2009)","datePublished":"2021-01-06T05:00:48+00:00","dateModified":"2021-02-21T01:38:09+00:00","mainEntityOfPage":{"@id":"https:\/\/nebula.org\/blog\/es\/genetica-de-la-mano-wiberg-2009\/"},"wordCount":233,"publisher":{"@id":"https:\/\/nebula.org\/blog\/es\/#organization"},"articleSection":["Informes"],"inLanguage":"es"},{"@type":"WebPage","@id":"https:\/\/nebula.org\/blog\/es\/genetica-de-la-mano-wiberg-2009\/","url":"https:\/\/nebula.org\/blog\/es\/genetica-de-la-mano-wiberg-2009\/","name":"La gen\u00e9tica de la mano derecha (Wiberg, 2009)","isPartOf":{"@id":"https:\/\/nebula.org\/blog\/es\/#website"},"datePublished":"2021-01-06T05:00:48+00:00","dateModified":"2021-02-21T01:38:09+00:00","description":"Cargue sus datos de ADN para explorar variantes gen\u00e9ticas vinculadas a la mano (Wiberg et al, 2009) y descubra su puntaje polig\u00e9nico.","breadcrumb":{"@id":"https:\/\/nebula.org\/blog\/es\/genetica-de-la-mano-wiberg-2009\/#breadcrumb"},"inLanguage":"es","potentialAction":[{"@type":"ReadAction","target":["https:\/\/nebula.org\/blog\/es\/genetica-de-la-mano-wiberg-2009\/"]}]},{"@type":"BreadcrumbList","@id":"https:\/\/nebula.org\/blog\/es\/genetica-de-la-mano-wiberg-2009\/#breadcrumb","itemListElement":[{"@type":"ListItem","position":1,"name":"Home","item":"https:\/\/nebula.org\/blog\/es\/"},{"@type":"ListItem","position":2,"name":"Handdedness (Wiberg, 2009)"}]},{"@type":"WebSite","@id":"https:\/\/nebula.org\/blog\/es\/#website","url":"https:\/\/nebula.org\/blog\/es\/","name":"Nebula Genomics Blog","description":"","publisher":{"@id":"https:\/\/nebula.org\/blog\/es\/#organization"},"potentialAction":[{"@type":"SearchAction","target":{"@type":"EntryPoint","urlTemplate":"https:\/\/nebula.org\/blog\/es\/?s={search_term_string}"},"query-input":"required name=search_term_string"}],"inLanguage":"es"},{"@type":"Organization","@id":"https:\/\/nebula.org\/blog\/es\/#organization","name":"Nebula Genomics","url":"https:\/\/nebula.org\/blog\/es\/","logo":{"@type":"ImageObject","inLanguage":"es","@id":"https:\/\/nebula.org\/blog\/es\/#\/schema\/logo\/image\/","url":"","contentUrl":"","caption":"Nebula Genomics"},"image":{"@id":"https:\/\/nebula.org\/blog\/es\/#\/schema\/logo\/image\/"},"sameAs":["https:\/\/facebook.com\/nebulagenomics","https:\/\/twitter.com\/nebulagenomics","https:\/\/www.instagram.com\/nebulagenomics\/","https:\/\/www.linkedin.com\/company\/nebula-genomics\/","https:\/\/en.wikipedia.org\/wiki\/Nebula_Genomics"]},{"@type":"Person","@id":"https:\/\/nebula.org\/blog\/es\/#\/schema\/person\/b7bd0a490f115d1d931c33eed922af4e","name":"Garrett Dunlap, B.S.","image":{"@type":"ImageObject","inLanguage":"es","@id":"https:\/\/nebula.org\/blog\/es\/#\/schema\/person\/image\/","url":"https:\/\/secure.gravatar.com\/avatar\/32fb6e0dbc7e0bac908b0f23ea6ed5ec?s=96&d=mm&r=g","contentUrl":"https:\/\/secure.gravatar.com\/avatar\/32fb6e0dbc7e0bac908b0f23ea6ed5ec?s=96&d=mm&r=g","caption":"Garrett Dunlap, B.S."},"description":"Garrett Dunlap earned a B.S. in Biology from Case Western Reserve University with a minor in Political Science. He earned an M.S. and is currently a Ph.D. Candidate in the Biological and Biomedical Sciences (BBS) Ph.D. program at Harvard University.\u00a0He has experience in science policy as an intern at the Science and Innovation Network where he assisted in the science diplomacy functions of the British Consulate-General and as a research associate at TScan Therapeutics. He is also interested in science communication and writing. You can read more about Garrett's experience and publications on LinkedIn and ORCID.","sameAs":["https:\/\/nebula.org\/whole-genome-sequencing\/"],"url":"https:\/\/nebula.org\/blog\/es\/author\/garrett-dunlap\/"}]}},"_links":{"self":[{"href":"https:\/\/nebula.org\/blog\/es\/wp-json\/wp\/v2\/posts\/9792","targetHints":{"allow":["GET"]}}],"collection":[{"href":"https:\/\/nebula.org\/blog\/es\/wp-json\/wp\/v2\/posts"}],"about":[{"href":"https:\/\/nebula.org\/blog\/es\/wp-json\/wp\/v2\/types\/post"}],"author":[{"embeddable":true,"href":"https:\/\/nebula.org\/blog\/es\/wp-json\/wp\/v2\/users\/12"}],"replies":[{"embeddable":true,"href":"https:\/\/nebula.org\/blog\/es\/wp-json\/wp\/v2\/comments?post=9792"}],"version-history":[{"count":0,"href":"https:\/\/nebula.org\/blog\/es\/wp-json\/wp\/v2\/posts\/9792\/revisions"}],"wp:featuredmedia":[{"embeddable":true,"href":"https:\/\/nebula.org\/blog\/es\/wp-json\/wp\/v2\/media\/5564"}],"wp:attachment":[{"href":"https:\/\/nebula.org\/blog\/es\/wp-json\/wp\/v2\/media?parent=9792"}],"wp:term":[{"taxonomy":"category","embeddable":true,"href":"https:\/\/nebula.org\/blog\/es\/wp-json\/wp\/v2\/categories?post=9792"},{"taxonomy":"post_tag","embeddable":true,"href":"https:\/\/nebula.org\/blog\/es\/wp-json\/wp\/v2\/tags?post=9792"}],"curies":[{"name":"wp","href":"https:\/\/api.w.org\/{rel}","templated":true}]}}