{"id":10303,"date":"2021-01-06T00:25:26","date_gmt":"2021-01-06T05:25:26","guid":{"rendered":"https:\/\/nebula.org\/blog\/ambidextrie-cuellaire-partida-2020\/"},"modified":"2021-02-20T20:22:56","modified_gmt":"2021-02-21T01:22:56","slug":"ambidextrie-cuellaire-partida-2020","status":"publish","type":"post","link":"https:\/\/nebula.org\/blog\/fr\/ambidextrie-cuellaire-partida-2020\/","title":{"rendered":"Ambidext\u00e9rit\u00e9 (Cuellar-Partida, 2020)"},"content":{"rendered":"\n<p><strong>TITRE DE L&rsquo;\u00c9TUDE:<\/strong><a href=\"https:\/\/www.nature.com\/articles\/s41562-020-00956-y\"> Une \u00e9tude d&rsquo;association \u00e0 l&rsquo;\u00e9chelle du g\u00e9nome identifie 48 variantes g\u00e9n\u00e9tiques courantes associ\u00e9es \u00e0 la handness<\/a><\/p>\n\n<p><strong>SOMMAIRE:<\/strong> D\u00e9couverte de 7 localisations du g\u00e9nome associ\u00e9es \u00e0 l&rsquo;ambidext\u00e9rit\u00e9, possibilit\u00e9 d&rsquo;utiliser aussi bien les deux mains.<\/p>\n\n<p><strong>APER\u00c7U:<\/strong> La majorit\u00e9 des gens ont une main dominante pour effectuer des activit\u00e9s telles que l&rsquo;\u00e9criture. Normalement, la main non dominante ne peut pas \u00eatre utilis\u00e9e efficacement pour effectuer ces t\u00e2ches sans formation significative. Cependant, environ 1% des individus sont ambidextres, ce qui signifie qu&rsquo;ils peuvent utiliser efficacement les deux mains. Cette \u00e9tude d&rsquo;association pang\u00e9nomique visait \u00e0 identifier les variantes g\u00e9n\u00e9tiques associ\u00e9es \u00e0 l&rsquo;ambidext\u00e9rit\u00e9. Apr\u00e8s avoir examin\u00e9 plus de 1,76 million d&rsquo;individus d&rsquo;ascendance europ\u00e9enne, l&rsquo;\u00e9tude a trouv\u00e9 7 r\u00e9gions du g\u00e9nome associ\u00e9es \u00e0 l&rsquo;ambidext\u00e9rit\u00e9 (4 r\u00e9gions sont incluses dans ce rapport). En outre, l&rsquo;\u00e9tude a r\u00e9v\u00e9l\u00e9 que les ensembles de g\u00e8nes li\u00e9s \u00e0 la gaucherie et \u00e0 l&rsquo;ambidext\u00e9rit\u00e9 sont largement s\u00e9par\u00e9s.<\/p>\n\n<p><strong>LE SAVIEZ-VOUS?<\/strong> Un petit nombre de personnes ne peuvent pas utiliser particuli\u00e8rement bien l&rsquo;une ou l&rsquo;autre main. Ces personnes sont appel\u00e9es ambisinistrales et n&rsquo;utilisent que les deux mains et la personne moyenne utilise sa main non dominante. <a href=\"https:\/\/www.rd.com\/list\/facts-ambidextrous-people\/\" target=\"_blank\" rel=\"noreferrer noopener\">[SOURCE]<\/a><\/p>\n\n<p><strong>EXEMPLE DE R\u00c9SULTATS:<\/strong> En savoir plus sur<a href=\"https:\/\/nebula.org\/blog\/fr\/recherche-genetique-deblocage-bibliotheque-nebuleuse\/\"> Biblioth\u00e8que de recherche sur la n\u00e9buleuse<\/a> .<\/p>\n\n<figure class=\"wp-block-image size-large is-resized\"><a href=\" https:\/\/nebula.org\/free-dna-upload-analysis\/\"><img decoding=\"async\" src=\"https:\/\/nebula.org\/blog\/wp-content\/uploads\/2020\/01\/Nebula-personalized-results-genomics-1024x375.png\" alt=\"r&#xE9;sultats des &#xE9;chantillons d'ambidext&#xE9;rit&#xE9;\" class=\"wp-image-1066\" width=\"752\" height=\"275\" srcset=\"https:\/\/nebula.org\/blog\/wp-content\/uploads\/2020\/01\/Nebula-personalized-results-genomics-1024x375.png 1024w, https:\/\/nebula.org\/blog\/wp-content\/uploads\/2020\/01\/Nebula-personalized-results-genomics-300x110.png 300w, https:\/\/nebula.org\/blog\/wp-content\/uploads\/2020\/01\/Nebula-personalized-results-genomics-768x281.png 768w, https:\/\/nebula.org\/blog\/wp-content\/uploads\/2020\/01\/Nebula-personalized-results-genomics-1536x562.png 1536w, https:\/\/nebula.org\/blog\/wp-content\/uploads\/2020\/01\/Nebula-personalized-results-genomics.png 924w\" sizes=\"(max-width: 752px) 100vw, 752px\" \/><\/a><\/figure>\n\n<p><\/p>\n\n<p><strong>VARIANTES ASSOCI\u00c9ES \u00c0 L&rsquo;AMBIDEXT\u00c9RIT\u00c9:<\/strong> rs2040498, rs10113066, rs2030237, rs36062478<\/p>\n\n<p><strong>RESSOURCES ADDITIONNELLES:<\/strong><br\/><a href=\"https:\/\/www.verywellfamily.com\/hand-dominance-what-is-a-dominant-hand-620856#:~:text=Hand%20dominance%20is%20the%20preference,that%20we%20make%20as%20children\" target=\"_blank\" rel=\"noreferrer noopener\">Comprendre la main dominante d&rsquo;un enfant<\/a><br\/><a href=\"https:\/\/medlineplus.gov\/genetics\/understanding\/traits\/handedness\/\" target=\"_blank\" rel=\"noreferrer noopener\">La sensibilit\u00e9 est-elle d\u00e9termin\u00e9e par la g\u00e9n\u00e9tique?<\/a><\/p>\n\n<p><strong>VOUS POUVEZ \u00c9GALEMENT \u00caTRE INT\u00c9RESS\u00c9 PAR:<br\/><\/strong><a href=\"https:\/\/nebula.org\/blog\/fr\/genetics-of-handness-wiberg-2009\/\"> Handedness (Wiberg, 2009)<\/a><br\/><a href=\"https:\/\/nebula.org\/blog\/fr\/genetique-de-main-gauche-dominance-cuellaire-partida-2020\/\" target=\"_blank\" rel=\"noreferrer noopener\">Gaucher (Cueller-Partida, 2020)<\/a><\/p>\n\n<p><strong>MISE \u00c0 JOUR HEBDOMADAIRE:<\/strong> 10 octobre 2020<\/p>\n","protected":false},"excerpt":{"rendered":"<p>TITRE DE L&rsquo;\u00c9TUDE: Une \u00e9tude d&rsquo;association \u00e0 l&rsquo;\u00e9chelle du g\u00e9nome identifie 48 variantes g\u00e9n\u00e9tiques courantes associ\u00e9es \u00e0 la handness SOMMAIRE: D\u00e9couverte de 7 localisations du g\u00e9nome associ\u00e9es \u00e0 l&rsquo;ambidext\u00e9rit\u00e9, possibilit\u00e9 d&rsquo;utiliser aussi bien les deux mains. APER\u00c7U: La majorit\u00e9 des &hellip;<\/p>\n<p class=\"read-more\"> <a class=\"ast-button\" href=\"https:\/\/nebula.org\/blog\/fr\/ambidextrie-cuellaire-partida-2020\/\"> <span class=\"screen-reader-text\">Ambidext\u00e9rit\u00e9 (Cuellar-Partida, 2020)<\/span> Lire la suite \u00bb<\/a><\/p>\n","protected":false},"author":12,"featured_media":6920,"comment_status":"closed","ping_status":"open","sticky":false,"template":"","format":"standard","meta":{"om_disable_all_campaigns":false,"site-sidebar-layout":"default","site-content-layout":"default","ast-global-header-display":"","ast-banner-title-visibility":"","ast-main-header-display":"","ast-hfb-above-header-display":"","ast-hfb-below-header-display":"","ast-hfb-mobile-header-display":"","site-post-title":"","ast-breadcrumbs-content":"","ast-featured-img":"","footer-sml-layout":"","theme-transparent-header-meta":"default","adv-header-id-meta":"","stick-header-meta":"","header-above-stick-meta":"","header-main-stick-meta":"","header-below-stick-meta":"","_FSMCFIC_featured_image_caption":"","_FSMCFIC_featured_image_nocaption":"","_FSMCFIC_featured_image_hide":"","footnotes":""},"categories":[4984],"tags":[],"class_list":["post-10303","post","type-post","status-publish","format-standard","has-post-thumbnail","hentry","category-rapports"],"yoast_head":"<!-- This site is optimized with the Yoast SEO plugin v20.13 - https:\/\/yoast.com\/wordpress\/plugins\/seo\/ -->\n<title>La g\u00e9n\u00e9tique de l&#039;ambidext\u00e9rit\u00e9 (Cuellar-Partida, 2020)<\/title>\n<meta name=\"description\" content=\"T\u00e9l\u00e9chargez vos donn\u00e9es ADN, explorez les variantes g\u00e9n\u00e9tiques li\u00e9es \u00e0 l&#039;ambidext\u00e9rit\u00e9 (Cuellar-Partida, 2020) et d\u00e9couvrez votre score polyg\u00e9nique.\" \/>\n<meta name=\"robots\" content=\"index, follow, max-snippet:-1, max-image-preview:large, max-video-preview:-1\" \/>\n<link rel=\"canonical\" href=\"https:\/\/nebula.org\/blog\/fr\/ambidextrie-cuellaire-partida-2020\/\" \/>\n<meta property=\"og:locale\" content=\"fr_FR\" \/>\n<meta property=\"og:type\" content=\"article\" \/>\n<meta property=\"og:title\" content=\"La g\u00e9n\u00e9tique de l&#039;ambidext\u00e9rit\u00e9 (Cuellar-Partida, 2020)\" \/>\n<meta property=\"og:description\" content=\"T\u00e9l\u00e9chargez vos donn\u00e9es ADN, explorez les variantes g\u00e9n\u00e9tiques li\u00e9es \u00e0 l&#039;ambidext\u00e9rit\u00e9 (Cuellar-Partida, 2020) et d\u00e9couvrez votre score polyg\u00e9nique.\" \/>\n<meta property=\"og:url\" content=\"https:\/\/nebula.org\/blog\/fr\/ambidextrie-cuellaire-partida-2020\/\" \/>\n<meta property=\"og:site_name\" content=\"Nebula Genomics Blog\" \/>\n<meta property=\"article:publisher\" content=\"https:\/\/facebook.com\/nebulagenomics\" \/>\n<meta property=\"article:published_time\" content=\"2021-01-06T05:25:26+00:00\" \/>\n<meta property=\"article:modified_time\" content=\"2021-02-21T01:22:56+00:00\" \/>\n<meta property=\"og:image\" content=\"https:\/\/nebula.org\/blog\/wp-content\/uploads\/2020\/10\/pexels-luis-quintero-2258248-scaled.jpg\" \/>\n\t<meta property=\"og:image:width\" content=\"924\" \/>\n\t<meta property=\"og:image:height\" content=\"616\" \/>\n\t<meta property=\"og:image:type\" content=\"image\/jpeg\" \/>\n<meta name=\"author\" content=\"Garrett Dunlap, B.S.\" \/>\n<meta name=\"twitter:card\" content=\"summary_large_image\" \/>\n<meta name=\"twitter:creator\" content=\"@nebulagenomics\" \/>\n<meta name=\"twitter:site\" content=\"@nebulagenomics\" \/>\n<meta name=\"twitter:label1\" content=\"\u00c9crit par\" \/>\n\t<meta name=\"twitter:data1\" content=\"Garrett Dunlap, B.S.\" \/>\n\t<meta name=\"twitter:label2\" content=\"Dur\u00e9e de lecture estim\u00e9e\" \/>\n\t<meta name=\"twitter:data2\" content=\"1 minute\" \/>\n<script type=\"application\/ld+json\" class=\"yoast-schema-graph\">{\"@context\":\"https:\/\/schema.org\",\"@graph\":[{\"@type\":\"Article\",\"@id\":\"https:\/\/nebula.org\/blog\/fr\/ambidextrie-cuellaire-partida-2020\/#article\",\"isPartOf\":{\"@id\":\"https:\/\/nebula.org\/blog\/fr\/ambidextrie-cuellaire-partida-2020\/\"},\"author\":{\"name\":\"Garrett Dunlap, B.S.\",\"@id\":\"https:\/\/nebula.org\/blog\/fr\/#\/schema\/person\/b7bd0a490f115d1d931c33eed922af4e\"},\"headline\":\"Ambidext\u00e9rit\u00e9 (Cuellar-Partida, 2020)\",\"datePublished\":\"2021-01-06T05:25:26+00:00\",\"dateModified\":\"2021-02-21T01:22:56+00:00\",\"mainEntityOfPage\":{\"@id\":\"https:\/\/nebula.org\/blog\/fr\/ambidextrie-cuellaire-partida-2020\/\"},\"wordCount\":286,\"publisher\":{\"@id\":\"https:\/\/nebula.org\/blog\/fr\/#organization\"},\"articleSection\":[\"Rapports\"],\"inLanguage\":\"fr-FR\"},{\"@type\":\"WebPage\",\"@id\":\"https:\/\/nebula.org\/blog\/fr\/ambidextrie-cuellaire-partida-2020\/\",\"url\":\"https:\/\/nebula.org\/blog\/fr\/ambidextrie-cuellaire-partida-2020\/\",\"name\":\"La g\u00e9n\u00e9tique de l'ambidext\u00e9rit\u00e9 (Cuellar-Partida, 2020)\",\"isPartOf\":{\"@id\":\"https:\/\/nebula.org\/blog\/fr\/#website\"},\"datePublished\":\"2021-01-06T05:25:26+00:00\",\"dateModified\":\"2021-02-21T01:22:56+00:00\",\"description\":\"T\u00e9l\u00e9chargez vos donn\u00e9es ADN, explorez les variantes g\u00e9n\u00e9tiques li\u00e9es \u00e0 l'ambidext\u00e9rit\u00e9 (Cuellar-Partida, 2020) et d\u00e9couvrez votre score polyg\u00e9nique.\",\"breadcrumb\":{\"@id\":\"https:\/\/nebula.org\/blog\/fr\/ambidextrie-cuellaire-partida-2020\/#breadcrumb\"},\"inLanguage\":\"fr-FR\",\"potentialAction\":[{\"@type\":\"ReadAction\",\"target\":[\"https:\/\/nebula.org\/blog\/fr\/ambidextrie-cuellaire-partida-2020\/\"]}]},{\"@type\":\"BreadcrumbList\",\"@id\":\"https:\/\/nebula.org\/blog\/fr\/ambidextrie-cuellaire-partida-2020\/#breadcrumb\",\"itemListElement\":[{\"@type\":\"ListItem\",\"position\":1,\"name\":\"Home\",\"item\":\"https:\/\/nebula.org\/blog\/fr\/\"},{\"@type\":\"ListItem\",\"position\":2,\"name\":\"Ambidext\u00e9rit\u00e9 (Cuellar-Partida, 2020)\"}]},{\"@type\":\"WebSite\",\"@id\":\"https:\/\/nebula.org\/blog\/fr\/#website\",\"url\":\"https:\/\/nebula.org\/blog\/fr\/\",\"name\":\"Nebula Genomics Blog\",\"description\":\"\",\"publisher\":{\"@id\":\"https:\/\/nebula.org\/blog\/fr\/#organization\"},\"potentialAction\":[{\"@type\":\"SearchAction\",\"target\":{\"@type\":\"EntryPoint\",\"urlTemplate\":\"https:\/\/nebula.org\/blog\/fr\/?s={search_term_string}\"},\"query-input\":\"required name=search_term_string\"}],\"inLanguage\":\"fr-FR\"},{\"@type\":\"Organization\",\"@id\":\"https:\/\/nebula.org\/blog\/fr\/#organization\",\"name\":\"Nebula Genomics\",\"url\":\"https:\/\/nebula.org\/blog\/fr\/\",\"logo\":{\"@type\":\"ImageObject\",\"inLanguage\":\"fr-FR\",\"@id\":\"https:\/\/nebula.org\/blog\/fr\/#\/schema\/logo\/image\/\",\"url\":\"\",\"contentUrl\":\"\",\"caption\":\"Nebula Genomics\"},\"image\":{\"@id\":\"https:\/\/nebula.org\/blog\/fr\/#\/schema\/logo\/image\/\"},\"sameAs\":[\"https:\/\/facebook.com\/nebulagenomics\",\"https:\/\/twitter.com\/nebulagenomics\",\"https:\/\/www.instagram.com\/nebulagenomics\/\",\"https:\/\/www.linkedin.com\/company\/nebula-genomics\/\",\"https:\/\/en.wikipedia.org\/wiki\/Nebula_Genomics\"]},{\"@type\":\"Person\",\"@id\":\"https:\/\/nebula.org\/blog\/fr\/#\/schema\/person\/b7bd0a490f115d1d931c33eed922af4e\",\"name\":\"Garrett Dunlap, B.S.\",\"image\":{\"@type\":\"ImageObject\",\"inLanguage\":\"fr-FR\",\"@id\":\"https:\/\/nebula.org\/blog\/fr\/#\/schema\/person\/image\/\",\"url\":\"https:\/\/secure.gravatar.com\/avatar\/32fb6e0dbc7e0bac908b0f23ea6ed5ec?s=96&d=mm&r=g\",\"contentUrl\":\"https:\/\/secure.gravatar.com\/avatar\/32fb6e0dbc7e0bac908b0f23ea6ed5ec?s=96&d=mm&r=g\",\"caption\":\"Garrett Dunlap, B.S.\"},\"description\":\"Garrett Dunlap earned a B.S. in Biology from Case Western Reserve University with a minor in Political Science. He earned an M.S. and is currently a Ph.D. Candidate in the Biological and Biomedical Sciences (BBS) Ph.D. program at Harvard University.\u00a0He has experience in science policy as an intern at the Science and Innovation Network where he assisted in the science diplomacy functions of the British Consulate-General and as a research associate at TScan Therapeutics. He is also interested in science communication and writing. You can read more about Garrett's experience and publications on LinkedIn and ORCID.\",\"sameAs\":[\"https:\/\/nebula.org\/whole-genome-sequencing\/\"],\"url\":\"https:\/\/nebula.org\/blog\/fr\/author\/garrett-dunlap\/\"}]}<\/script>\n<!-- \/ Yoast SEO plugin. -->","yoast_head_json":{"title":"La g\u00e9n\u00e9tique de l'ambidext\u00e9rit\u00e9 (Cuellar-Partida, 2020)","description":"T\u00e9l\u00e9chargez vos donn\u00e9es ADN, explorez les variantes g\u00e9n\u00e9tiques li\u00e9es \u00e0 l'ambidext\u00e9rit\u00e9 (Cuellar-Partida, 2020) et d\u00e9couvrez votre score polyg\u00e9nique.","robots":{"index":"index","follow":"follow","max-snippet":"max-snippet:-1","max-image-preview":"max-image-preview:large","max-video-preview":"max-video-preview:-1"},"canonical":"https:\/\/nebula.org\/blog\/fr\/ambidextrie-cuellaire-partida-2020\/","og_locale":"fr_FR","og_type":"article","og_title":"La g\u00e9n\u00e9tique de l'ambidext\u00e9rit\u00e9 (Cuellar-Partida, 2020)","og_description":"T\u00e9l\u00e9chargez vos donn\u00e9es ADN, explorez les variantes g\u00e9n\u00e9tiques li\u00e9es \u00e0 l'ambidext\u00e9rit\u00e9 (Cuellar-Partida, 2020) et d\u00e9couvrez votre score polyg\u00e9nique.","og_url":"https:\/\/nebula.org\/blog\/fr\/ambidextrie-cuellaire-partida-2020\/","og_site_name":"Nebula Genomics Blog","article_publisher":"https:\/\/facebook.com\/nebulagenomics","article_published_time":"2021-01-06T05:25:26+00:00","article_modified_time":"2021-02-21T01:22:56+00:00","og_image":[{"width":924,"height":616,"url":"https:\/\/nebula.org\/blog\/wp-content\/uploads\/2020\/10\/pexels-luis-quintero-2258248-scaled.jpg","type":"image\/jpeg"}],"author":"Garrett Dunlap, B.S.","twitter_card":"summary_large_image","twitter_creator":"@nebulagenomics","twitter_site":"@nebulagenomics","twitter_misc":{"\u00c9crit par":"Garrett Dunlap, B.S.","Dur\u00e9e de lecture estim\u00e9e":"1 minute"},"schema":{"@context":"https:\/\/schema.org","@graph":[{"@type":"Article","@id":"https:\/\/nebula.org\/blog\/fr\/ambidextrie-cuellaire-partida-2020\/#article","isPartOf":{"@id":"https:\/\/nebula.org\/blog\/fr\/ambidextrie-cuellaire-partida-2020\/"},"author":{"name":"Garrett Dunlap, B.S.","@id":"https:\/\/nebula.org\/blog\/fr\/#\/schema\/person\/b7bd0a490f115d1d931c33eed922af4e"},"headline":"Ambidext\u00e9rit\u00e9 (Cuellar-Partida, 2020)","datePublished":"2021-01-06T05:25:26+00:00","dateModified":"2021-02-21T01:22:56+00:00","mainEntityOfPage":{"@id":"https:\/\/nebula.org\/blog\/fr\/ambidextrie-cuellaire-partida-2020\/"},"wordCount":286,"publisher":{"@id":"https:\/\/nebula.org\/blog\/fr\/#organization"},"articleSection":["Rapports"],"inLanguage":"fr-FR"},{"@type":"WebPage","@id":"https:\/\/nebula.org\/blog\/fr\/ambidextrie-cuellaire-partida-2020\/","url":"https:\/\/nebula.org\/blog\/fr\/ambidextrie-cuellaire-partida-2020\/","name":"La g\u00e9n\u00e9tique de l'ambidext\u00e9rit\u00e9 (Cuellar-Partida, 2020)","isPartOf":{"@id":"https:\/\/nebula.org\/blog\/fr\/#website"},"datePublished":"2021-01-06T05:25:26+00:00","dateModified":"2021-02-21T01:22:56+00:00","description":"T\u00e9l\u00e9chargez vos donn\u00e9es ADN, explorez les variantes g\u00e9n\u00e9tiques li\u00e9es \u00e0 l'ambidext\u00e9rit\u00e9 (Cuellar-Partida, 2020) et d\u00e9couvrez votre score polyg\u00e9nique.","breadcrumb":{"@id":"https:\/\/nebula.org\/blog\/fr\/ambidextrie-cuellaire-partida-2020\/#breadcrumb"},"inLanguage":"fr-FR","potentialAction":[{"@type":"ReadAction","target":["https:\/\/nebula.org\/blog\/fr\/ambidextrie-cuellaire-partida-2020\/"]}]},{"@type":"BreadcrumbList","@id":"https:\/\/nebula.org\/blog\/fr\/ambidextrie-cuellaire-partida-2020\/#breadcrumb","itemListElement":[{"@type":"ListItem","position":1,"name":"Home","item":"https:\/\/nebula.org\/blog\/fr\/"},{"@type":"ListItem","position":2,"name":"Ambidext\u00e9rit\u00e9 (Cuellar-Partida, 2020)"}]},{"@type":"WebSite","@id":"https:\/\/nebula.org\/blog\/fr\/#website","url":"https:\/\/nebula.org\/blog\/fr\/","name":"Nebula Genomics Blog","description":"","publisher":{"@id":"https:\/\/nebula.org\/blog\/fr\/#organization"},"potentialAction":[{"@type":"SearchAction","target":{"@type":"EntryPoint","urlTemplate":"https:\/\/nebula.org\/blog\/fr\/?s={search_term_string}"},"query-input":"required name=search_term_string"}],"inLanguage":"fr-FR"},{"@type":"Organization","@id":"https:\/\/nebula.org\/blog\/fr\/#organization","name":"Nebula Genomics","url":"https:\/\/nebula.org\/blog\/fr\/","logo":{"@type":"ImageObject","inLanguage":"fr-FR","@id":"https:\/\/nebula.org\/blog\/fr\/#\/schema\/logo\/image\/","url":"","contentUrl":"","caption":"Nebula Genomics"},"image":{"@id":"https:\/\/nebula.org\/blog\/fr\/#\/schema\/logo\/image\/"},"sameAs":["https:\/\/facebook.com\/nebulagenomics","https:\/\/twitter.com\/nebulagenomics","https:\/\/www.instagram.com\/nebulagenomics\/","https:\/\/www.linkedin.com\/company\/nebula-genomics\/","https:\/\/en.wikipedia.org\/wiki\/Nebula_Genomics"]},{"@type":"Person","@id":"https:\/\/nebula.org\/blog\/fr\/#\/schema\/person\/b7bd0a490f115d1d931c33eed922af4e","name":"Garrett Dunlap, B.S.","image":{"@type":"ImageObject","inLanguage":"fr-FR","@id":"https:\/\/nebula.org\/blog\/fr\/#\/schema\/person\/image\/","url":"https:\/\/secure.gravatar.com\/avatar\/32fb6e0dbc7e0bac908b0f23ea6ed5ec?s=96&d=mm&r=g","contentUrl":"https:\/\/secure.gravatar.com\/avatar\/32fb6e0dbc7e0bac908b0f23ea6ed5ec?s=96&d=mm&r=g","caption":"Garrett Dunlap, B.S."},"description":"Garrett Dunlap earned a B.S. in Biology from Case Western Reserve University with a minor in Political Science. He earned an M.S. and is currently a Ph.D. Candidate in the Biological and Biomedical Sciences (BBS) Ph.D. program at Harvard University.\u00a0He has experience in science policy as an intern at the Science and Innovation Network where he assisted in the science diplomacy functions of the British Consulate-General and as a research associate at TScan Therapeutics. He is also interested in science communication and writing. You can read more about Garrett's experience and publications on LinkedIn and ORCID.","sameAs":["https:\/\/nebula.org\/whole-genome-sequencing\/"],"url":"https:\/\/nebula.org\/blog\/fr\/author\/garrett-dunlap\/"}]}},"_links":{"self":[{"href":"https:\/\/nebula.org\/blog\/fr\/wp-json\/wp\/v2\/posts\/10303","targetHints":{"allow":["GET"]}}],"collection":[{"href":"https:\/\/nebula.org\/blog\/fr\/wp-json\/wp\/v2\/posts"}],"about":[{"href":"https:\/\/nebula.org\/blog\/fr\/wp-json\/wp\/v2\/types\/post"}],"author":[{"embeddable":true,"href":"https:\/\/nebula.org\/blog\/fr\/wp-json\/wp\/v2\/users\/12"}],"replies":[{"embeddable":true,"href":"https:\/\/nebula.org\/blog\/fr\/wp-json\/wp\/v2\/comments?post=10303"}],"version-history":[{"count":0,"href":"https:\/\/nebula.org\/blog\/fr\/wp-json\/wp\/v2\/posts\/10303\/revisions"}],"wp:featuredmedia":[{"embeddable":true,"href":"https:\/\/nebula.org\/blog\/fr\/wp-json\/wp\/v2\/media\/6920"}],"wp:attachment":[{"href":"https:\/\/nebula.org\/blog\/fr\/wp-json\/wp\/v2\/media?parent=10303"}],"wp:term":[{"taxonomy":"category","embeddable":true,"href":"https:\/\/nebula.org\/blog\/fr\/wp-json\/wp\/v2\/categories?post=10303"},{"taxonomy":"post_tag","embeddable":true,"href":"https:\/\/nebula.org\/blog\/fr\/wp-json\/wp\/v2\/tags?post=10303"}],"curies":[{"name":"wp","href":"https:\/\/api.w.org\/{rel}","templated":true}]}}