{"id":10323,"date":"2021-01-06T00:25:52","date_gmt":"2021-01-06T05:25:52","guid":{"rendered":"https:\/\/nebula.org\/blog\/genetique-des-neoplasmes-myeloproliferatifs-bao-2020\/"},"modified":"2021-02-20T20:23:54","modified_gmt":"2021-02-21T01:23:54","slug":"genetique-des-neoplasmes-myeloproliferatifs-bao-2020","status":"publish","type":"post","link":"https:\/\/nebula.org\/blog\/fr\/genetique-des-neoplasmes-myeloproliferatifs-bao-2020\/","title":{"rendered":"N\u00e9oplasmes my\u00e9loprolif\u00e9ratifs (Bao, 2020)"},"content":{"rendered":"\n<p><strong>TITRE DE L&rsquo;\u00c9TUDE:<\/strong><a href=\"https:\/\/www.nature.com\/articles\/s41586-020-2786-7\"> Le risque de n\u00e9oplasme my\u00e9loprolif\u00e9ratif h\u00e9r\u00e9ditaire affecte les cellules souches h\u00e9matopo\u00ef\u00e9tiques<\/a><\/p>\n\n<p><strong>SOMMAIRE:<\/strong> D\u00e9couverte de 17 r\u00e9gions du g\u00e9nome associ\u00e9es \u00e0 un risque de n\u00e9oplasmes my\u00e9loprolif\u00e9ratifs, un type de cancer du sang.<\/p>\n\n<p><strong>APER\u00c7U:<\/strong> Les cellules sanguines, y compris les globules rouges, les globules blancs et les plaquettes, sont produites dans la moelle osseuse, qui est un tissu spongieux \u00e0 l&rsquo;int\u00e9rieur des os. Les n\u00e9oplasmes my\u00e9loprolif\u00e9ratifs sont un type de cancer du sang qui survient lorsque la moelle osseuse surproduit des cellules souches sanguines. Les sympt\u00f4mes courants de la maladie comprennent des sentiments de faiblesse, de fatigue, des maux de t\u00eate et de la fi\u00e8vre. Pour identifier les facteurs qui contribuent \u00e0 une pr\u00e9disposition g\u00e9n\u00e9tique \u00e0 cette maladie, cette \u00e9tude a examin\u00e9 les g\u00e9nomes de plus de 1,15 million d&rsquo;individus d&rsquo;ascendance europ\u00e9enne. Les chercheurs ont identifi\u00e9 17 variantes associ\u00e9es \u00e0 un risque accru de la maladie, dont 7 non signal\u00e9es auparavant. Dans l&rsquo;ensemble, ces variantes peuvent expliquer plus de 18% du risque g\u00e9n\u00e9tique total de d\u00e9velopper des n\u00e9oplasmes my\u00e9loprolif\u00e9ratifs.<\/p>\n\n<p><strong>LE SAVIEZ-VOUS?<\/strong> Il existe plusieurs types de n\u00e9oplasmes my\u00e9loprolif\u00e9ratifs, qui sont class\u00e9s en fonction des cellules touch\u00e9es. Par exemple, la polyglobulie vera est caract\u00e9ris\u00e9e par une surproduction de globules rouges, tandis que la leuc\u00e9mie my\u00e9lo\u00efde chronique est caus\u00e9e par une surproduction de globules blancs. <a href=\"https:\/\/www.seattlecca.org\/diseases\/myeloproliferative-neoplasms-mpn\/mpn-facts\" target=\"_blank\" rel=\"noreferrer noopener\">[SOURCE]<\/a><\/p>\n\n<p><strong>EXEMPLE DE R\u00c9SULTATS:<\/strong> En savoir plus sur<a href=\"https:\/\/nebula.org\/blog\/fr\/recherche-genetique-deblocage-bibliotheque-nebuleuse\/\"> Biblioth\u00e8que de recherche sur la n\u00e9buleuse<\/a> .<\/p>\n\n<figure class=\"wp-block-image size-large is-resized\"><a href=\" https:\/\/nebula.org\/free-dna-upload-analysis\/\"><img decoding=\"async\" src=\"https:\/\/nebula.org\/blog\/wp-content\/uploads\/2020\/01\/Nebula-personalized-results-genomics-1024x375.png\" alt=\"n&#xE9;oplasme my&#xE9;loprolif&#xE9;ratif\" class=\"wp-image-1066\" width=\"752\" height=\"275\" srcset=\"https:\/\/nebula.org\/blog\/wp-content\/uploads\/2020\/01\/Nebula-personalized-results-genomics-1024x375.png 1024w, https:\/\/nebula.org\/blog\/wp-content\/uploads\/2020\/01\/Nebula-personalized-results-genomics-300x110.png 300w, https:\/\/nebula.org\/blog\/wp-content\/uploads\/2020\/01\/Nebula-personalized-results-genomics-768x281.png 768w, https:\/\/nebula.org\/blog\/wp-content\/uploads\/2020\/01\/Nebula-personalized-results-genomics-1536x562.png 1536w, https:\/\/nebula.org\/blog\/wp-content\/uploads\/2020\/01\/Nebula-personalized-results-genomics.png 924w\" sizes=\"(max-width: 752px) 100vw, 752px\" \/><\/a><\/figure>\n\n<p><\/p>\n\n<p><strong>VARIANTES ASSOCI\u00c9ES \u00c0 L&rsquo;\u00c9TUDE:<\/strong> rs1327494, rs7705526, rs2853677, rs62329718, rs62471615, rs7310615, rs116466979, rs1633768, rs1800057, rs74676712, rs9847631, rs8002412, rs77249081, rs5585761, rs55857135<\/p>\n\n<p><strong>RESSOURCES ADDITIONNELLES:<\/strong><br\/><a href=\"https:\/\/www.clevelandclinicmeded.com\/medicalpubs\/diseasemanagement\/hematology-oncology\/chronic-myeloproliferative-disorders\/\" target=\"_blank\" rel=\"noreferrer noopener\">N\u00e9oplasmes my\u00e9loprolif\u00e9ratifs<\/a><\/p>\n\n<p><strong>VOUS POUVEZ \u00c9GALEMENT \u00caTRE INT\u00c9RESS\u00c9 PAR:<br\/><\/strong><a href=\"https:\/\/nebula.org\/blog\/fr\/genetique-de-nktcl-lin-2019\/\"> Cancer du sang (Lin, 2019)<\/a><br\/><a href=\"https:\/\/nebula.org\/blog\/fr\/genetique-leucemie-lymphoblastique-aigue-2019\/\">Leuc\u00e9mie lymphoblastique aigu\u00eb (Vijayakrishnan, 2019)<\/a><\/p>\n\n<p><strong>MISE \u00c0 JOUR HEBDOMADAIRE:<\/strong> 24 octobre 2020<\/p>\n","protected":false},"excerpt":{"rendered":"<p>TITRE DE L&rsquo;\u00c9TUDE: Le risque de n\u00e9oplasme my\u00e9loprolif\u00e9ratif h\u00e9r\u00e9ditaire affecte les cellules souches h\u00e9matopo\u00ef\u00e9tiques SOMMAIRE: D\u00e9couverte de 17 r\u00e9gions du g\u00e9nome associ\u00e9es \u00e0 un risque de n\u00e9oplasmes my\u00e9loprolif\u00e9ratifs, un type de cancer du sang. APER\u00c7U: Les cellules sanguines, y compris &hellip;<\/p>\n<p class=\"read-more\"> <a class=\"ast-button\" href=\"https:\/\/nebula.org\/blog\/fr\/genetique-des-neoplasmes-myeloproliferatifs-bao-2020\/\"> <span class=\"screen-reader-text\">N\u00e9oplasmes my\u00e9loprolif\u00e9ratifs (Bao, 2020)<\/span> Lire la suite \u00bb<\/a><\/p>\n","protected":false},"author":12,"featured_media":6950,"comment_status":"closed","ping_status":"open","sticky":false,"template":"","format":"standard","meta":{"om_disable_all_campaigns":false,"site-sidebar-layout":"default","site-content-layout":"default","ast-global-header-display":"","ast-banner-title-visibility":"","ast-main-header-display":"","ast-hfb-above-header-display":"","ast-hfb-below-header-display":"","ast-hfb-mobile-header-display":"","site-post-title":"","ast-breadcrumbs-content":"","ast-featured-img":"","footer-sml-layout":"","theme-transparent-header-meta":"default","adv-header-id-meta":"","stick-header-meta":"","header-above-stick-meta":"","header-main-stick-meta":"","header-below-stick-meta":"","_FSMCFIC_featured_image_caption":"","_FSMCFIC_featured_image_nocaption":"","_FSMCFIC_featured_image_hide":"","footnotes":""},"categories":[4984],"tags":[],"class_list":["post-10323","post","type-post","status-publish","format-standard","has-post-thumbnail","hentry","category-rapports"],"yoast_head":"<!-- This site is optimized with the Yoast SEO plugin v20.13 - https:\/\/yoast.com\/wordpress\/plugins\/seo\/ -->\n<title>La g\u00e9n\u00e9tique des n\u00e9oplasmes my\u00e9loprolif\u00e9ratifs (Bao, 2020)<\/title>\n<meta name=\"description\" content=\"T\u00e9l\u00e9chargez vos donn\u00e9es ADN, explorez les variantes g\u00e9n\u00e9tiques li\u00e9es aux n\u00e9oplasmes my\u00e9loprolif\u00e9ratifs (Bao, 2020) et d\u00e9couvrez votre score polyg\u00e9nique.\" \/>\n<meta name=\"robots\" content=\"index, follow, max-snippet:-1, max-image-preview:large, max-video-preview:-1\" \/>\n<link rel=\"canonical\" href=\"https:\/\/nebula.org\/blog\/fr\/genetique-des-neoplasmes-myeloproliferatifs-bao-2020\/\" \/>\n<meta property=\"og:locale\" content=\"fr_FR\" \/>\n<meta property=\"og:type\" content=\"article\" \/>\n<meta property=\"og:title\" content=\"La g\u00e9n\u00e9tique des n\u00e9oplasmes my\u00e9loprolif\u00e9ratifs (Bao, 2020)\" \/>\n<meta property=\"og:description\" content=\"T\u00e9l\u00e9chargez vos donn\u00e9es ADN, explorez les variantes g\u00e9n\u00e9tiques li\u00e9es aux n\u00e9oplasmes my\u00e9loprolif\u00e9ratifs (Bao, 2020) et d\u00e9couvrez votre score polyg\u00e9nique.\" \/>\n<meta property=\"og:url\" content=\"https:\/\/nebula.org\/blog\/fr\/genetique-des-neoplasmes-myeloproliferatifs-bao-2020\/\" \/>\n<meta property=\"og:site_name\" content=\"Nebula Genomics Blog\" \/>\n<meta property=\"article:publisher\" content=\"https:\/\/facebook.com\/nebulagenomics\" \/>\n<meta property=\"article:published_time\" content=\"2021-01-06T05:25:52+00:00\" \/>\n<meta property=\"article:modified_time\" content=\"2021-02-21T01:23:54+00:00\" \/>\n<meta property=\"og:image\" content=\"https:\/\/nebula.org\/blog\/wp-content\/uploads\/2020\/10\/pexels-karolina-grabowska-4047146-scaled.jpg\" \/>\n\t<meta property=\"og:image:width\" content=\"924\" \/>\n\t<meta property=\"og:image:height\" content=\"616\" \/>\n\t<meta property=\"og:image:type\" content=\"image\/jpeg\" \/>\n<meta name=\"author\" content=\"Garrett Dunlap, B.S.\" \/>\n<meta name=\"twitter:card\" content=\"summary_large_image\" \/>\n<meta name=\"twitter:creator\" content=\"@nebulagenomics\" \/>\n<meta name=\"twitter:site\" content=\"@nebulagenomics\" \/>\n<meta name=\"twitter:label1\" content=\"\u00c9crit par\" \/>\n\t<meta name=\"twitter:data1\" content=\"Garrett Dunlap, B.S.\" \/>\n\t<meta name=\"twitter:label2\" content=\"Dur\u00e9e de lecture estim\u00e9e\" \/>\n\t<meta name=\"twitter:data2\" content=\"2 minutes\" \/>\n<script type=\"application\/ld+json\" class=\"yoast-schema-graph\">{\"@context\":\"https:\/\/schema.org\",\"@graph\":[{\"@type\":\"Article\",\"@id\":\"https:\/\/nebula.org\/blog\/fr\/genetique-des-neoplasmes-myeloproliferatifs-bao-2020\/#article\",\"isPartOf\":{\"@id\":\"https:\/\/nebula.org\/blog\/fr\/genetique-des-neoplasmes-myeloproliferatifs-bao-2020\/\"},\"author\":{\"name\":\"Garrett Dunlap, B.S.\",\"@id\":\"https:\/\/nebula.org\/blog\/fr\/#\/schema\/person\/b7bd0a490f115d1d931c33eed922af4e\"},\"headline\":\"N\u00e9oplasmes my\u00e9loprolif\u00e9ratifs (Bao, 2020)\",\"datePublished\":\"2021-01-06T05:25:52+00:00\",\"dateModified\":\"2021-02-21T01:23:54+00:00\",\"mainEntityOfPage\":{\"@id\":\"https:\/\/nebula.org\/blog\/fr\/genetique-des-neoplasmes-myeloproliferatifs-bao-2020\/\"},\"wordCount\":325,\"publisher\":{\"@id\":\"https:\/\/nebula.org\/blog\/fr\/#organization\"},\"articleSection\":[\"Rapports\"],\"inLanguage\":\"fr-FR\"},{\"@type\":\"WebPage\",\"@id\":\"https:\/\/nebula.org\/blog\/fr\/genetique-des-neoplasmes-myeloproliferatifs-bao-2020\/\",\"url\":\"https:\/\/nebula.org\/blog\/fr\/genetique-des-neoplasmes-myeloproliferatifs-bao-2020\/\",\"name\":\"La g\u00e9n\u00e9tique des n\u00e9oplasmes my\u00e9loprolif\u00e9ratifs (Bao, 2020)\",\"isPartOf\":{\"@id\":\"https:\/\/nebula.org\/blog\/fr\/#website\"},\"datePublished\":\"2021-01-06T05:25:52+00:00\",\"dateModified\":\"2021-02-21T01:23:54+00:00\",\"description\":\"T\u00e9l\u00e9chargez vos donn\u00e9es ADN, explorez les variantes g\u00e9n\u00e9tiques li\u00e9es aux n\u00e9oplasmes my\u00e9loprolif\u00e9ratifs (Bao, 2020) et d\u00e9couvrez votre score polyg\u00e9nique.\",\"breadcrumb\":{\"@id\":\"https:\/\/nebula.org\/blog\/fr\/genetique-des-neoplasmes-myeloproliferatifs-bao-2020\/#breadcrumb\"},\"inLanguage\":\"fr-FR\",\"potentialAction\":[{\"@type\":\"ReadAction\",\"target\":[\"https:\/\/nebula.org\/blog\/fr\/genetique-des-neoplasmes-myeloproliferatifs-bao-2020\/\"]}]},{\"@type\":\"BreadcrumbList\",\"@id\":\"https:\/\/nebula.org\/blog\/fr\/genetique-des-neoplasmes-myeloproliferatifs-bao-2020\/#breadcrumb\",\"itemListElement\":[{\"@type\":\"ListItem\",\"position\":1,\"name\":\"Home\",\"item\":\"https:\/\/nebula.org\/blog\/fr\/\"},{\"@type\":\"ListItem\",\"position\":2,\"name\":\"N\u00e9oplasmes my\u00e9loprolif\u00e9ratifs (Bao, 2020)\"}]},{\"@type\":\"WebSite\",\"@id\":\"https:\/\/nebula.org\/blog\/fr\/#website\",\"url\":\"https:\/\/nebula.org\/blog\/fr\/\",\"name\":\"Nebula Genomics Blog\",\"description\":\"\",\"publisher\":{\"@id\":\"https:\/\/nebula.org\/blog\/fr\/#organization\"},\"potentialAction\":[{\"@type\":\"SearchAction\",\"target\":{\"@type\":\"EntryPoint\",\"urlTemplate\":\"https:\/\/nebula.org\/blog\/fr\/?s={search_term_string}\"},\"query-input\":\"required name=search_term_string\"}],\"inLanguage\":\"fr-FR\"},{\"@type\":\"Organization\",\"@id\":\"https:\/\/nebula.org\/blog\/fr\/#organization\",\"name\":\"Nebula Genomics\",\"url\":\"https:\/\/nebula.org\/blog\/fr\/\",\"logo\":{\"@type\":\"ImageObject\",\"inLanguage\":\"fr-FR\",\"@id\":\"https:\/\/nebula.org\/blog\/fr\/#\/schema\/logo\/image\/\",\"url\":\"\",\"contentUrl\":\"\",\"caption\":\"Nebula Genomics\"},\"image\":{\"@id\":\"https:\/\/nebula.org\/blog\/fr\/#\/schema\/logo\/image\/\"},\"sameAs\":[\"https:\/\/facebook.com\/nebulagenomics\",\"https:\/\/twitter.com\/nebulagenomics\",\"https:\/\/www.instagram.com\/nebulagenomics\/\",\"https:\/\/www.linkedin.com\/company\/nebula-genomics\/\",\"https:\/\/en.wikipedia.org\/wiki\/Nebula_Genomics\"]},{\"@type\":\"Person\",\"@id\":\"https:\/\/nebula.org\/blog\/fr\/#\/schema\/person\/b7bd0a490f115d1d931c33eed922af4e\",\"name\":\"Garrett Dunlap, B.S.\",\"image\":{\"@type\":\"ImageObject\",\"inLanguage\":\"fr-FR\",\"@id\":\"https:\/\/nebula.org\/blog\/fr\/#\/schema\/person\/image\/\",\"url\":\"https:\/\/secure.gravatar.com\/avatar\/32fb6e0dbc7e0bac908b0f23ea6ed5ec?s=96&d=mm&r=g\",\"contentUrl\":\"https:\/\/secure.gravatar.com\/avatar\/32fb6e0dbc7e0bac908b0f23ea6ed5ec?s=96&d=mm&r=g\",\"caption\":\"Garrett Dunlap, B.S.\"},\"description\":\"Garrett Dunlap earned a B.S. in Biology from Case Western Reserve University with a minor in Political Science. He earned an M.S. and is currently a Ph.D. Candidate in the Biological and Biomedical Sciences (BBS) Ph.D. program at Harvard University.\u00a0He has experience in science policy as an intern at the Science and Innovation Network where he assisted in the science diplomacy functions of the British Consulate-General and as a research associate at TScan Therapeutics. He is also interested in science communication and writing. You can read more about Garrett's experience and publications on LinkedIn and ORCID.\",\"sameAs\":[\"https:\/\/nebula.org\/whole-genome-sequencing\/\"],\"url\":\"https:\/\/nebula.org\/blog\/fr\/author\/garrett-dunlap\/\"}]}<\/script>\n<!-- \/ Yoast SEO plugin. -->","yoast_head_json":{"title":"La g\u00e9n\u00e9tique des n\u00e9oplasmes my\u00e9loprolif\u00e9ratifs (Bao, 2020)","description":"T\u00e9l\u00e9chargez vos donn\u00e9es ADN, explorez les variantes g\u00e9n\u00e9tiques li\u00e9es aux n\u00e9oplasmes my\u00e9loprolif\u00e9ratifs (Bao, 2020) et d\u00e9couvrez votre score polyg\u00e9nique.","robots":{"index":"index","follow":"follow","max-snippet":"max-snippet:-1","max-image-preview":"max-image-preview:large","max-video-preview":"max-video-preview:-1"},"canonical":"https:\/\/nebula.org\/blog\/fr\/genetique-des-neoplasmes-myeloproliferatifs-bao-2020\/","og_locale":"fr_FR","og_type":"article","og_title":"La g\u00e9n\u00e9tique des n\u00e9oplasmes my\u00e9loprolif\u00e9ratifs (Bao, 2020)","og_description":"T\u00e9l\u00e9chargez vos donn\u00e9es ADN, explorez les variantes g\u00e9n\u00e9tiques li\u00e9es aux n\u00e9oplasmes my\u00e9loprolif\u00e9ratifs (Bao, 2020) et d\u00e9couvrez votre score polyg\u00e9nique.","og_url":"https:\/\/nebula.org\/blog\/fr\/genetique-des-neoplasmes-myeloproliferatifs-bao-2020\/","og_site_name":"Nebula Genomics Blog","article_publisher":"https:\/\/facebook.com\/nebulagenomics","article_published_time":"2021-01-06T05:25:52+00:00","article_modified_time":"2021-02-21T01:23:54+00:00","og_image":[{"width":924,"height":616,"url":"https:\/\/nebula.org\/blog\/wp-content\/uploads\/2020\/10\/pexels-karolina-grabowska-4047146-scaled.jpg","type":"image\/jpeg"}],"author":"Garrett Dunlap, B.S.","twitter_card":"summary_large_image","twitter_creator":"@nebulagenomics","twitter_site":"@nebulagenomics","twitter_misc":{"\u00c9crit par":"Garrett Dunlap, B.S.","Dur\u00e9e de lecture estim\u00e9e":"2 minutes"},"schema":{"@context":"https:\/\/schema.org","@graph":[{"@type":"Article","@id":"https:\/\/nebula.org\/blog\/fr\/genetique-des-neoplasmes-myeloproliferatifs-bao-2020\/#article","isPartOf":{"@id":"https:\/\/nebula.org\/blog\/fr\/genetique-des-neoplasmes-myeloproliferatifs-bao-2020\/"},"author":{"name":"Garrett Dunlap, B.S.","@id":"https:\/\/nebula.org\/blog\/fr\/#\/schema\/person\/b7bd0a490f115d1d931c33eed922af4e"},"headline":"N\u00e9oplasmes my\u00e9loprolif\u00e9ratifs (Bao, 2020)","datePublished":"2021-01-06T05:25:52+00:00","dateModified":"2021-02-21T01:23:54+00:00","mainEntityOfPage":{"@id":"https:\/\/nebula.org\/blog\/fr\/genetique-des-neoplasmes-myeloproliferatifs-bao-2020\/"},"wordCount":325,"publisher":{"@id":"https:\/\/nebula.org\/blog\/fr\/#organization"},"articleSection":["Rapports"],"inLanguage":"fr-FR"},{"@type":"WebPage","@id":"https:\/\/nebula.org\/blog\/fr\/genetique-des-neoplasmes-myeloproliferatifs-bao-2020\/","url":"https:\/\/nebula.org\/blog\/fr\/genetique-des-neoplasmes-myeloproliferatifs-bao-2020\/","name":"La g\u00e9n\u00e9tique des n\u00e9oplasmes my\u00e9loprolif\u00e9ratifs (Bao, 2020)","isPartOf":{"@id":"https:\/\/nebula.org\/blog\/fr\/#website"},"datePublished":"2021-01-06T05:25:52+00:00","dateModified":"2021-02-21T01:23:54+00:00","description":"T\u00e9l\u00e9chargez vos donn\u00e9es ADN, explorez les variantes g\u00e9n\u00e9tiques li\u00e9es aux n\u00e9oplasmes my\u00e9loprolif\u00e9ratifs (Bao, 2020) et d\u00e9couvrez votre score polyg\u00e9nique.","breadcrumb":{"@id":"https:\/\/nebula.org\/blog\/fr\/genetique-des-neoplasmes-myeloproliferatifs-bao-2020\/#breadcrumb"},"inLanguage":"fr-FR","potentialAction":[{"@type":"ReadAction","target":["https:\/\/nebula.org\/blog\/fr\/genetique-des-neoplasmes-myeloproliferatifs-bao-2020\/"]}]},{"@type":"BreadcrumbList","@id":"https:\/\/nebula.org\/blog\/fr\/genetique-des-neoplasmes-myeloproliferatifs-bao-2020\/#breadcrumb","itemListElement":[{"@type":"ListItem","position":1,"name":"Home","item":"https:\/\/nebula.org\/blog\/fr\/"},{"@type":"ListItem","position":2,"name":"N\u00e9oplasmes my\u00e9loprolif\u00e9ratifs (Bao, 2020)"}]},{"@type":"WebSite","@id":"https:\/\/nebula.org\/blog\/fr\/#website","url":"https:\/\/nebula.org\/blog\/fr\/","name":"Nebula Genomics Blog","description":"","publisher":{"@id":"https:\/\/nebula.org\/blog\/fr\/#organization"},"potentialAction":[{"@type":"SearchAction","target":{"@type":"EntryPoint","urlTemplate":"https:\/\/nebula.org\/blog\/fr\/?s={search_term_string}"},"query-input":"required name=search_term_string"}],"inLanguage":"fr-FR"},{"@type":"Organization","@id":"https:\/\/nebula.org\/blog\/fr\/#organization","name":"Nebula Genomics","url":"https:\/\/nebula.org\/blog\/fr\/","logo":{"@type":"ImageObject","inLanguage":"fr-FR","@id":"https:\/\/nebula.org\/blog\/fr\/#\/schema\/logo\/image\/","url":"","contentUrl":"","caption":"Nebula Genomics"},"image":{"@id":"https:\/\/nebula.org\/blog\/fr\/#\/schema\/logo\/image\/"},"sameAs":["https:\/\/facebook.com\/nebulagenomics","https:\/\/twitter.com\/nebulagenomics","https:\/\/www.instagram.com\/nebulagenomics\/","https:\/\/www.linkedin.com\/company\/nebula-genomics\/","https:\/\/en.wikipedia.org\/wiki\/Nebula_Genomics"]},{"@type":"Person","@id":"https:\/\/nebula.org\/blog\/fr\/#\/schema\/person\/b7bd0a490f115d1d931c33eed922af4e","name":"Garrett Dunlap, B.S.","image":{"@type":"ImageObject","inLanguage":"fr-FR","@id":"https:\/\/nebula.org\/blog\/fr\/#\/schema\/person\/image\/","url":"https:\/\/secure.gravatar.com\/avatar\/32fb6e0dbc7e0bac908b0f23ea6ed5ec?s=96&d=mm&r=g","contentUrl":"https:\/\/secure.gravatar.com\/avatar\/32fb6e0dbc7e0bac908b0f23ea6ed5ec?s=96&d=mm&r=g","caption":"Garrett Dunlap, B.S."},"description":"Garrett Dunlap earned a B.S. in Biology from Case Western Reserve University with a minor in Political Science. He earned an M.S. and is currently a Ph.D. Candidate in the Biological and Biomedical Sciences (BBS) Ph.D. program at Harvard University.\u00a0He has experience in science policy as an intern at the Science and Innovation Network where he assisted in the science diplomacy functions of the British Consulate-General and as a research associate at TScan Therapeutics. He is also interested in science communication and writing. You can read more about Garrett's experience and publications on LinkedIn and ORCID.","sameAs":["https:\/\/nebula.org\/whole-genome-sequencing\/"],"url":"https:\/\/nebula.org\/blog\/fr\/author\/garrett-dunlap\/"}]}},"_links":{"self":[{"href":"https:\/\/nebula.org\/blog\/fr\/wp-json\/wp\/v2\/posts\/10323","targetHints":{"allow":["GET"]}}],"collection":[{"href":"https:\/\/nebula.org\/blog\/fr\/wp-json\/wp\/v2\/posts"}],"about":[{"href":"https:\/\/nebula.org\/blog\/fr\/wp-json\/wp\/v2\/types\/post"}],"author":[{"embeddable":true,"href":"https:\/\/nebula.org\/blog\/fr\/wp-json\/wp\/v2\/users\/12"}],"replies":[{"embeddable":true,"href":"https:\/\/nebula.org\/blog\/fr\/wp-json\/wp\/v2\/comments?post=10323"}],"version-history":[{"count":0,"href":"https:\/\/nebula.org\/blog\/fr\/wp-json\/wp\/v2\/posts\/10323\/revisions"}],"wp:featuredmedia":[{"embeddable":true,"href":"https:\/\/nebula.org\/blog\/fr\/wp-json\/wp\/v2\/media\/6950"}],"wp:attachment":[{"href":"https:\/\/nebula.org\/blog\/fr\/wp-json\/wp\/v2\/media?parent=10323"}],"wp:term":[{"taxonomy":"category","embeddable":true,"href":"https:\/\/nebula.org\/blog\/fr\/wp-json\/wp\/v2\/categories?post=10323"},{"taxonomy":"post_tag","embeddable":true,"href":"https:\/\/nebula.org\/blog\/fr\/wp-json\/wp\/v2\/tags?post=10323"}],"curies":[{"name":"wp","href":"https:\/\/api.w.org\/{rel}","templated":true}]}}