{"id":10470,"date":"2021-01-06T00:28:51","date_gmt":"2021-01-06T05:28:51","guid":{"rendered":"https:\/\/nebula.org\/blog\/genetique-de-personnalite-lo-2017\/"},"modified":"2021-02-20T20:46:15","modified_gmt":"2021-02-21T01:46:15","slug":"genetique-de-personnalite-lo-2017","status":"publish","type":"post","link":"https:\/\/nebula.org\/blog\/fr\/genetique-de-personnalite-lo-2017\/","title":{"rendered":"Personnalit\u00e9 (Lo, 2017)"},"content":{"rendered":"\n<p><strong>TITRE DE L&rsquo;\u00c9TUDE:<\/strong><a href=\"https:\/\/www.ncbi.nlm.nih.gov\/pmc\/articles\/PMC5278898\"> Des analyses \u00e0 l&rsquo;\u00e9chelle du g\u00e9nome pour les traits de personnalit\u00e9 identifient six locus g\u00e9nomiques et montrent des corr\u00e9lations avec les troubles psychiatriques<\/a><\/p>\n\n<p><strong>SOMMAIRE:<\/strong> Identification de nouvelles variantes g\u00e9n\u00e9tiques associ\u00e9es \u00e0 des traits de personnalit\u00e9 ainsi qu&rsquo;une corr\u00e9lation g\u00e9n\u00e9tique entre personnalit\u00e9 et pr\u00e9disposition aux troubles psychiatriques.<br\/><\/p>\n\n<p><strong>LA DESCRIPTION:<\/strong> La personnalit\u00e9 est d\u00e9termin\u00e9e par des facteurs environnementaux et g\u00e9n\u00e9tiques. Elle peut \u00eatre mod\u00e9lis\u00e9e selon cinq grands domaines (\u00abBig Five\u00bb): extraversion, n\u00e9vrosisme, gentillesse, conscience et ouverture.Cette \u00e9tude a identifi\u00e9 cinq nouvelles variantes g\u00e9n\u00e9tiques associ\u00e9es aux Big Five en examinant les donn\u00e9es g\u00e9n\u00e9tiques de plus de 200 000 individus d&rsquo;ascendance europ\u00e9enne . De plus, cette \u00e9tude a d\u00e9couvert que les facteurs g\u00e9n\u00e9tiques qui d\u00e9terminent ce trait influencent \u00e9galement le risque de troubles psychiatriques. Par exemple, l&rsquo;ouverture s&rsquo;est av\u00e9r\u00e9e g\u00e9n\u00e9tiquement corr\u00e9l\u00e9e avec le trouble bipolaire et la schizophr\u00e9nie. Un n\u00e9vrosisme \u00e9lev\u00e9 et une extraversion \u00e9taient g\u00e9n\u00e9tiquement corr\u00e9l\u00e9s au TDAH ainsi qu&rsquo;\u00e0 la d\u00e9pression et \u00e0 l&rsquo;anxi\u00e9t\u00e9. Une faible acceptabilit\u00e9 \u00e9tait associ\u00e9e au narcissisme et \u00e0 la psychopathie.<\/p>\n\n<p><strong>LE SAVIEZ-VOUS?<\/strong> Les traits de personnalit\u00e9 \u00abBig Five\u00bb sont souvent utilis\u00e9s par les employeurs pour embaucher des employ\u00e9s. Pour la plupart des professions, la conscience &#8211; qui implique d&rsquo;\u00eatre responsable et fiable &#8211; \u00e9tait le trait le plus appr\u00e9ci\u00e9. [<a href=\"https:\/\/www.psychologicalscience.org\/news\/minds-business\/which-personality-traits-are-most-important-to-employers.html\"> LA SOURCE<\/a> ]<\/p>\n\n<p><strong>EXEMPLE DE R\u00c9SULTATS:<\/strong> En savoir plus sur<a href=\"https:\/\/nebula.org\/blog\/fr\/recherche-genetique-deblocage-bibliotheque-nebuleuse\/\"> Biblioth\u00e8que de recherche sur la n\u00e9buleuse<\/a> .<\/p>\n\n<figure class=\"wp-block-image size-large\"><a href=\"https:\/\/nebula.org\/free-dna-upload-analysis\/\"><img decoding=\"async\" width=\"1024\" height=\"375\" src=\"https:\/\/nebula.org\/blog\/wp-content\/uploads\/2020\/01\/Nebula-personalized-results-genomics-1024x375.png\" alt=\"Exemple de rapport de personnalit&#xE9;.\" class=\"wp-image-1066\" srcset=\"https:\/\/nebula.org\/blog\/wp-content\/uploads\/2020\/01\/Nebula-personalized-results-genomics-1024x375.png 1024w, https:\/\/nebula.org\/blog\/wp-content\/uploads\/2020\/01\/Nebula-personalized-results-genomics-300x110.png 300w, https:\/\/nebula.org\/blog\/wp-content\/uploads\/2020\/01\/Nebula-personalized-results-genomics-768x281.png 768w, https:\/\/nebula.org\/blog\/wp-content\/uploads\/2020\/01\/Nebula-personalized-results-genomics-1536x562.png 1536w, https:\/\/nebula.org\/blog\/wp-content\/uploads\/2020\/01\/Nebula-personalized-results-genomics.png 924w\" sizes=\"(max-width: 1024px) 100vw, 1024px\" \/><\/a><\/figure>\n\n<p><\/p>\n\n<p><strong>VARIANTES ASSOCI\u00c9ES \u00c0 LA PERSONNALIT\u00c9:<\/strong> rs1426371, rs6481128, rs57590327, rs2164273<\/p>\n\n<p><strong>RESSOURCES ADDITIONNELLES:<\/strong> <br\/><a href=\"https:\/\/www.psychologytoday.com\/us\/basics\/big-5-personality-traits\">Les cinq grands<\/a><\/p>\n\n<p><strong>MISE \u00c0 JOUR HEBDOMADAIRE:<\/strong> 16 ao\u00fbt 2019<\/p>\n\n<p><\/p>\n","protected":false},"excerpt":{"rendered":"<p>TITRE DE L&rsquo;\u00c9TUDE: Des analyses \u00e0 l&rsquo;\u00e9chelle du g\u00e9nome pour les traits de personnalit\u00e9 identifient six locus g\u00e9nomiques et montrent des corr\u00e9lations avec les troubles psychiatriques SOMMAIRE: Identification de nouvelles variantes g\u00e9n\u00e9tiques associ\u00e9es \u00e0 des traits de personnalit\u00e9 ainsi qu&rsquo;une &hellip;<\/p>\n<p class=\"read-more\"> <a class=\"ast-button\" href=\"https:\/\/nebula.org\/blog\/fr\/genetique-de-personnalite-lo-2017\/\"> <span class=\"screen-reader-text\">Personnalit\u00e9 (Lo, 2017)<\/span> Lire la suite \u00bb<\/a><\/p>\n","protected":false},"author":12,"featured_media":5360,"comment_status":"closed","ping_status":"closed","sticky":false,"template":"","format":"standard","meta":{"om_disable_all_campaigns":false,"site-sidebar-layout":"default","site-content-layout":"default","ast-global-header-display":"","ast-banner-title-visibility":"","ast-main-header-display":"","ast-hfb-above-header-display":"","ast-hfb-below-header-display":"","ast-hfb-mobile-header-display":"","site-post-title":"","ast-breadcrumbs-content":"","ast-featured-img":"","footer-sml-layout":"","theme-transparent-header-meta":"default","adv-header-id-meta":"","stick-header-meta":"default","header-above-stick-meta":"","header-main-stick-meta":"","header-below-stick-meta":"","_FSMCFIC_featured_image_caption":"","_FSMCFIC_featured_image_nocaption":"","_FSMCFIC_featured_image_hide":"","footnotes":""},"categories":[4984],"tags":[],"class_list":["post-10470","post","type-post","status-publish","format-standard","has-post-thumbnail","hentry","category-rapports"],"yoast_head":"<!-- This site is optimized with the Yoast SEO plugin v20.13 - https:\/\/yoast.com\/wordpress\/plugins\/seo\/ -->\n<title>La g\u00e9n\u00e9tique de la personnalit\u00e9 (Lo, 2017)<\/title>\n<meta name=\"description\" content=\"Identification de nouvelles variantes g\u00e9n\u00e9tiques associ\u00e9es aux traits de personnalit\u00e9 et corr\u00e9lation g\u00e9n\u00e9tique entre la personnalit\u00e9 et les troubles psychiatriques.\" \/>\n<meta name=\"robots\" content=\"index, follow, max-snippet:-1, max-image-preview:large, max-video-preview:-1\" \/>\n<link rel=\"canonical\" href=\"https:\/\/nebula.org\/blog\/fr\/genetique-de-personnalite-lo-2017\/\" \/>\n<meta property=\"og:locale\" content=\"fr_FR\" \/>\n<meta property=\"og:type\" content=\"article\" \/>\n<meta property=\"og:title\" content=\"La g\u00e9n\u00e9tique de la personnalit\u00e9 (Lo, 2017)\" \/>\n<meta property=\"og:description\" content=\"Identification de nouvelles variantes g\u00e9n\u00e9tiques associ\u00e9es aux traits de personnalit\u00e9 et corr\u00e9lation g\u00e9n\u00e9tique entre la personnalit\u00e9 et les troubles psychiatriques.\" \/>\n<meta property=\"og:url\" content=\"https:\/\/nebula.org\/blog\/fr\/genetique-de-personnalite-lo-2017\/\" \/>\n<meta property=\"og:site_name\" content=\"Nebula Genomics Blog\" \/>\n<meta property=\"article:publisher\" content=\"https:\/\/facebook.com\/nebulagenomics\" \/>\n<meta property=\"article:published_time\" content=\"2021-01-06T05:28:51+00:00\" \/>\n<meta property=\"article:modified_time\" content=\"2021-02-21T01:46:15+00:00\" \/>\n<meta property=\"og:image\" content=\"https:\/\/nebula.org\/blog\/wp-content\/uploads\/2020\/01\/boy_laughing_personality_dog-scaled.jpg\" \/>\n\t<meta property=\"og:image:width\" content=\"924\" \/>\n\t<meta property=\"og:image:height\" content=\"620\" \/>\n\t<meta property=\"og:image:type\" content=\"image\/jpeg\" \/>\n<meta name=\"author\" content=\"Garrett Dunlap, B.S.\" \/>\n<meta name=\"twitter:card\" content=\"summary_large_image\" \/>\n<meta name=\"twitter:image\" content=\"http:\/\/nebula.org\/blog\/wp-content\/uploads\/2020\/01\/boy_laughing_personality_dog-scaled.jpg\" \/>\n<meta name=\"twitter:creator\" content=\"@nebulagenomics\" \/>\n<meta name=\"twitter:site\" content=\"@nebulagenomics\" \/>\n<meta name=\"twitter:label1\" content=\"\u00c9crit par\" \/>\n\t<meta name=\"twitter:data1\" content=\"Garrett Dunlap, B.S.\" \/>\n\t<meta name=\"twitter:label2\" content=\"Dur\u00e9e de lecture estim\u00e9e\" \/>\n\t<meta name=\"twitter:data2\" content=\"1 minute\" \/>\n<script type=\"application\/ld+json\" class=\"yoast-schema-graph\">{\"@context\":\"https:\/\/schema.org\",\"@graph\":[{\"@type\":\"Article\",\"@id\":\"https:\/\/nebula.org\/blog\/fr\/genetique-de-personnalite-lo-2017\/#article\",\"isPartOf\":{\"@id\":\"https:\/\/nebula.org\/blog\/fr\/genetique-de-personnalite-lo-2017\/\"},\"author\":{\"name\":\"Garrett Dunlap, B.S.\",\"@id\":\"https:\/\/nebula.org\/blog\/fr\/#\/schema\/person\/b7bd0a490f115d1d931c33eed922af4e\"},\"headline\":\"Personnalit\u00e9 (Lo, 2017)\",\"datePublished\":\"2021-01-06T05:28:51+00:00\",\"dateModified\":\"2021-02-21T01:46:15+00:00\",\"mainEntityOfPage\":{\"@id\":\"https:\/\/nebula.org\/blog\/fr\/genetique-de-personnalite-lo-2017\/\"},\"wordCount\":292,\"publisher\":{\"@id\":\"https:\/\/nebula.org\/blog\/fr\/#organization\"},\"articleSection\":[\"Rapports\"],\"inLanguage\":\"fr-FR\"},{\"@type\":\"WebPage\",\"@id\":\"https:\/\/nebula.org\/blog\/fr\/genetique-de-personnalite-lo-2017\/\",\"url\":\"https:\/\/nebula.org\/blog\/fr\/genetique-de-personnalite-lo-2017\/\",\"name\":\"La g\u00e9n\u00e9tique de la personnalit\u00e9 (Lo, 2017)\",\"isPartOf\":{\"@id\":\"https:\/\/nebula.org\/blog\/fr\/#website\"},\"datePublished\":\"2021-01-06T05:28:51+00:00\",\"dateModified\":\"2021-02-21T01:46:15+00:00\",\"description\":\"Identification de nouvelles variantes g\u00e9n\u00e9tiques associ\u00e9es aux traits de personnalit\u00e9 et corr\u00e9lation g\u00e9n\u00e9tique entre la personnalit\u00e9 et les troubles psychiatriques.\",\"breadcrumb\":{\"@id\":\"https:\/\/nebula.org\/blog\/fr\/genetique-de-personnalite-lo-2017\/#breadcrumb\"},\"inLanguage\":\"fr-FR\",\"potentialAction\":[{\"@type\":\"ReadAction\",\"target\":[\"https:\/\/nebula.org\/blog\/fr\/genetique-de-personnalite-lo-2017\/\"]}]},{\"@type\":\"BreadcrumbList\",\"@id\":\"https:\/\/nebula.org\/blog\/fr\/genetique-de-personnalite-lo-2017\/#breadcrumb\",\"itemListElement\":[{\"@type\":\"ListItem\",\"position\":1,\"name\":\"Home\",\"item\":\"https:\/\/nebula.org\/blog\/fr\/\"},{\"@type\":\"ListItem\",\"position\":2,\"name\":\"Personnalit\u00e9 (Lo, 2017)\"}]},{\"@type\":\"WebSite\",\"@id\":\"https:\/\/nebula.org\/blog\/fr\/#website\",\"url\":\"https:\/\/nebula.org\/blog\/fr\/\",\"name\":\"Nebula Genomics Blog\",\"description\":\"\",\"publisher\":{\"@id\":\"https:\/\/nebula.org\/blog\/fr\/#organization\"},\"potentialAction\":[{\"@type\":\"SearchAction\",\"target\":{\"@type\":\"EntryPoint\",\"urlTemplate\":\"https:\/\/nebula.org\/blog\/fr\/?s={search_term_string}\"},\"query-input\":\"required name=search_term_string\"}],\"inLanguage\":\"fr-FR\"},{\"@type\":\"Organization\",\"@id\":\"https:\/\/nebula.org\/blog\/fr\/#organization\",\"name\":\"Nebula Genomics\",\"url\":\"https:\/\/nebula.org\/blog\/fr\/\",\"logo\":{\"@type\":\"ImageObject\",\"inLanguage\":\"fr-FR\",\"@id\":\"https:\/\/nebula.org\/blog\/fr\/#\/schema\/logo\/image\/\",\"url\":\"\",\"contentUrl\":\"\",\"caption\":\"Nebula Genomics\"},\"image\":{\"@id\":\"https:\/\/nebula.org\/blog\/fr\/#\/schema\/logo\/image\/\"},\"sameAs\":[\"https:\/\/facebook.com\/nebulagenomics\",\"https:\/\/twitter.com\/nebulagenomics\",\"https:\/\/www.instagram.com\/nebulagenomics\/\",\"https:\/\/www.linkedin.com\/company\/nebula-genomics\/\",\"https:\/\/en.wikipedia.org\/wiki\/Nebula_Genomics\"]},{\"@type\":\"Person\",\"@id\":\"https:\/\/nebula.org\/blog\/fr\/#\/schema\/person\/b7bd0a490f115d1d931c33eed922af4e\",\"name\":\"Garrett Dunlap, B.S.\",\"image\":{\"@type\":\"ImageObject\",\"inLanguage\":\"fr-FR\",\"@id\":\"https:\/\/nebula.org\/blog\/fr\/#\/schema\/person\/image\/\",\"url\":\"https:\/\/secure.gravatar.com\/avatar\/32fb6e0dbc7e0bac908b0f23ea6ed5ec?s=96&d=mm&r=g\",\"contentUrl\":\"https:\/\/secure.gravatar.com\/avatar\/32fb6e0dbc7e0bac908b0f23ea6ed5ec?s=96&d=mm&r=g\",\"caption\":\"Garrett Dunlap, B.S.\"},\"description\":\"Garrett Dunlap earned a B.S. in Biology from Case Western Reserve University with a minor in Political Science. He earned an M.S. and is currently a Ph.D. Candidate in the Biological and Biomedical Sciences (BBS) Ph.D. program at Harvard University.\u00a0He has experience in science policy as an intern at the Science and Innovation Network where he assisted in the science diplomacy functions of the British Consulate-General and as a research associate at TScan Therapeutics. He is also interested in science communication and writing. You can read more about Garrett's experience and publications on LinkedIn and ORCID.\",\"sameAs\":[\"https:\/\/nebula.org\/whole-genome-sequencing\/\"],\"url\":\"https:\/\/nebula.org\/blog\/fr\/author\/garrett-dunlap\/\"}]}<\/script>\n<!-- \/ Yoast SEO plugin. -->","yoast_head_json":{"title":"La g\u00e9n\u00e9tique de la personnalit\u00e9 (Lo, 2017)","description":"Identification de nouvelles variantes g\u00e9n\u00e9tiques associ\u00e9es aux traits de personnalit\u00e9 et corr\u00e9lation g\u00e9n\u00e9tique entre la personnalit\u00e9 et les troubles psychiatriques.","robots":{"index":"index","follow":"follow","max-snippet":"max-snippet:-1","max-image-preview":"max-image-preview:large","max-video-preview":"max-video-preview:-1"},"canonical":"https:\/\/nebula.org\/blog\/fr\/genetique-de-personnalite-lo-2017\/","og_locale":"fr_FR","og_type":"article","og_title":"La g\u00e9n\u00e9tique de la personnalit\u00e9 (Lo, 2017)","og_description":"Identification de nouvelles variantes g\u00e9n\u00e9tiques associ\u00e9es aux traits de personnalit\u00e9 et corr\u00e9lation g\u00e9n\u00e9tique entre la personnalit\u00e9 et les troubles psychiatriques.","og_url":"https:\/\/nebula.org\/blog\/fr\/genetique-de-personnalite-lo-2017\/","og_site_name":"Nebula Genomics Blog","article_publisher":"https:\/\/facebook.com\/nebulagenomics","article_published_time":"2021-01-06T05:28:51+00:00","article_modified_time":"2021-02-21T01:46:15+00:00","og_image":[{"width":924,"height":620,"url":"https:\/\/nebula.org\/blog\/wp-content\/uploads\/2020\/01\/boy_laughing_personality_dog-scaled.jpg","type":"image\/jpeg"}],"author":"Garrett Dunlap, B.S.","twitter_card":"summary_large_image","twitter_image":"http:\/\/nebula.org\/blog\/wp-content\/uploads\/2020\/01\/boy_laughing_personality_dog-scaled.jpg","twitter_creator":"@nebulagenomics","twitter_site":"@nebulagenomics","twitter_misc":{"\u00c9crit par":"Garrett Dunlap, B.S.","Dur\u00e9e de lecture estim\u00e9e":"1 minute"},"schema":{"@context":"https:\/\/schema.org","@graph":[{"@type":"Article","@id":"https:\/\/nebula.org\/blog\/fr\/genetique-de-personnalite-lo-2017\/#article","isPartOf":{"@id":"https:\/\/nebula.org\/blog\/fr\/genetique-de-personnalite-lo-2017\/"},"author":{"name":"Garrett Dunlap, B.S.","@id":"https:\/\/nebula.org\/blog\/fr\/#\/schema\/person\/b7bd0a490f115d1d931c33eed922af4e"},"headline":"Personnalit\u00e9 (Lo, 2017)","datePublished":"2021-01-06T05:28:51+00:00","dateModified":"2021-02-21T01:46:15+00:00","mainEntityOfPage":{"@id":"https:\/\/nebula.org\/blog\/fr\/genetique-de-personnalite-lo-2017\/"},"wordCount":292,"publisher":{"@id":"https:\/\/nebula.org\/blog\/fr\/#organization"},"articleSection":["Rapports"],"inLanguage":"fr-FR"},{"@type":"WebPage","@id":"https:\/\/nebula.org\/blog\/fr\/genetique-de-personnalite-lo-2017\/","url":"https:\/\/nebula.org\/blog\/fr\/genetique-de-personnalite-lo-2017\/","name":"La g\u00e9n\u00e9tique de la personnalit\u00e9 (Lo, 2017)","isPartOf":{"@id":"https:\/\/nebula.org\/blog\/fr\/#website"},"datePublished":"2021-01-06T05:28:51+00:00","dateModified":"2021-02-21T01:46:15+00:00","description":"Identification de nouvelles variantes g\u00e9n\u00e9tiques associ\u00e9es aux traits de personnalit\u00e9 et corr\u00e9lation g\u00e9n\u00e9tique entre la personnalit\u00e9 et les troubles psychiatriques.","breadcrumb":{"@id":"https:\/\/nebula.org\/blog\/fr\/genetique-de-personnalite-lo-2017\/#breadcrumb"},"inLanguage":"fr-FR","potentialAction":[{"@type":"ReadAction","target":["https:\/\/nebula.org\/blog\/fr\/genetique-de-personnalite-lo-2017\/"]}]},{"@type":"BreadcrumbList","@id":"https:\/\/nebula.org\/blog\/fr\/genetique-de-personnalite-lo-2017\/#breadcrumb","itemListElement":[{"@type":"ListItem","position":1,"name":"Home","item":"https:\/\/nebula.org\/blog\/fr\/"},{"@type":"ListItem","position":2,"name":"Personnalit\u00e9 (Lo, 2017)"}]},{"@type":"WebSite","@id":"https:\/\/nebula.org\/blog\/fr\/#website","url":"https:\/\/nebula.org\/blog\/fr\/","name":"Nebula Genomics Blog","description":"","publisher":{"@id":"https:\/\/nebula.org\/blog\/fr\/#organization"},"potentialAction":[{"@type":"SearchAction","target":{"@type":"EntryPoint","urlTemplate":"https:\/\/nebula.org\/blog\/fr\/?s={search_term_string}"},"query-input":"required name=search_term_string"}],"inLanguage":"fr-FR"},{"@type":"Organization","@id":"https:\/\/nebula.org\/blog\/fr\/#organization","name":"Nebula Genomics","url":"https:\/\/nebula.org\/blog\/fr\/","logo":{"@type":"ImageObject","inLanguage":"fr-FR","@id":"https:\/\/nebula.org\/blog\/fr\/#\/schema\/logo\/image\/","url":"","contentUrl":"","caption":"Nebula Genomics"},"image":{"@id":"https:\/\/nebula.org\/blog\/fr\/#\/schema\/logo\/image\/"},"sameAs":["https:\/\/facebook.com\/nebulagenomics","https:\/\/twitter.com\/nebulagenomics","https:\/\/www.instagram.com\/nebulagenomics\/","https:\/\/www.linkedin.com\/company\/nebula-genomics\/","https:\/\/en.wikipedia.org\/wiki\/Nebula_Genomics"]},{"@type":"Person","@id":"https:\/\/nebula.org\/blog\/fr\/#\/schema\/person\/b7bd0a490f115d1d931c33eed922af4e","name":"Garrett Dunlap, B.S.","image":{"@type":"ImageObject","inLanguage":"fr-FR","@id":"https:\/\/nebula.org\/blog\/fr\/#\/schema\/person\/image\/","url":"https:\/\/secure.gravatar.com\/avatar\/32fb6e0dbc7e0bac908b0f23ea6ed5ec?s=96&d=mm&r=g","contentUrl":"https:\/\/secure.gravatar.com\/avatar\/32fb6e0dbc7e0bac908b0f23ea6ed5ec?s=96&d=mm&r=g","caption":"Garrett Dunlap, B.S."},"description":"Garrett Dunlap earned a B.S. in Biology from Case Western Reserve University with a minor in Political Science. He earned an M.S. and is currently a Ph.D. Candidate in the Biological and Biomedical Sciences (BBS) Ph.D. program at Harvard University.\u00a0He has experience in science policy as an intern at the Science and Innovation Network where he assisted in the science diplomacy functions of the British Consulate-General and as a research associate at TScan Therapeutics. He is also interested in science communication and writing. You can read more about Garrett's experience and publications on LinkedIn and ORCID.","sameAs":["https:\/\/nebula.org\/whole-genome-sequencing\/"],"url":"https:\/\/nebula.org\/blog\/fr\/author\/garrett-dunlap\/"}]}},"_links":{"self":[{"href":"https:\/\/nebula.org\/blog\/fr\/wp-json\/wp\/v2\/posts\/10470","targetHints":{"allow":["GET"]}}],"collection":[{"href":"https:\/\/nebula.org\/blog\/fr\/wp-json\/wp\/v2\/posts"}],"about":[{"href":"https:\/\/nebula.org\/blog\/fr\/wp-json\/wp\/v2\/types\/post"}],"author":[{"embeddable":true,"href":"https:\/\/nebula.org\/blog\/fr\/wp-json\/wp\/v2\/users\/12"}],"replies":[{"embeddable":true,"href":"https:\/\/nebula.org\/blog\/fr\/wp-json\/wp\/v2\/comments?post=10470"}],"version-history":[{"count":0,"href":"https:\/\/nebula.org\/blog\/fr\/wp-json\/wp\/v2\/posts\/10470\/revisions"}],"wp:featuredmedia":[{"embeddable":true,"href":"https:\/\/nebula.org\/blog\/fr\/wp-json\/wp\/v2\/media\/5360"}],"wp:attachment":[{"href":"https:\/\/nebula.org\/blog\/fr\/wp-json\/wp\/v2\/media?parent=10470"}],"wp:term":[{"taxonomy":"category","embeddable":true,"href":"https:\/\/nebula.org\/blog\/fr\/wp-json\/wp\/v2\/categories?post=10470"},{"taxonomy":"post_tag","embeddable":true,"href":"https:\/\/nebula.org\/blog\/fr\/wp-json\/wp\/v2\/tags?post=10470"}],"curies":[{"name":"wp","href":"https:\/\/api.w.org\/{rel}","templated":true}]}}