{"id":10670,"date":"2021-01-06T00:32:53","date_gmt":"2021-01-06T05:32:53","guid":{"rendered":"https:\/\/nebula.org\/blog\/is-ms-genetique\/"},"modified":"2021-02-20T22:47:52","modified_gmt":"2021-02-21T03:47:52","slug":"is-ms-genetique","status":"publish","type":"post","link":"https:\/\/nebula.org\/blog\/fr\/is-ms-genetique\/","title":{"rendered":"Scl\u00e9rose en plaques (IMSGC, 2019) &#8211; La SEP est-elle g\u00e9n\u00e9tique?"},"content":{"rendered":"\n<h2 class=\"wp-block-heading\" id=\"h-nebula-genomics-dna-report-for-ms\"><strong>Rapport ADN Nebula Genomics pour la SP<\/strong><\/h2>\n\n<p>La SEP est-elle g\u00e9n\u00e9tique? Nous avons cr\u00e9\u00e9 un rapport ADN bas\u00e9 sur une \u00e9tude qui a tent\u00e9 de r\u00e9pondre \u00e0 cette question. Ci-dessous vous pouvez voir un exemple de rapport ADN. Pour obtenir votre rapport ADN personnalis\u00e9, achetez notre<a href=\"https:\/\/portal.nebula.org\/reporting\/library\"> S\u00e9quen\u00e7age du g\u00e9nome entier<\/a> !<\/p>\n\n<div class=\"wp-block-image\"><figure class=\"aligncenter size-large is-resized\"><img decoding=\"async\" src=\"https:\/\/nebula.org\/blog\/wp-content\/uploads\/2020\/12\/MS-1.png\" alt=\"La SEP est-elle g&#xE9;n&#xE9;tique? Un exemple de rapport MS de Nebula Genomics\" class=\"wp-image-7620\" width=\"568\" height=\"740\" srcset=\"https:\/\/nebula.org\/blog\/wp-content\/uploads\/2020\/12\/MS-1.png 568w, https:\/\/nebula.org\/blog\/wp-content\/uploads\/2020\/12\/MS-1-230x300.png 230w, https:\/\/nebula.org\/blog\/wp-content\/uploads\/2020\/12\/MS-1-9x12.png 9w\" sizes=\"(max-width: 568px) 100vw, 568px\" \/><\/figure><\/div>\n\n<div class=\"wp-block-image\"><figure class=\"aligncenter size-large is-resized\"><img decoding=\"async\" src=\"https:\/\/nebula.org\/blog\/wp-content\/uploads\/2020\/12\/MS-2.png\" alt=\"La SEP est-elle g&#xE9;n&#xE9;tique? Un exemple de rapport de variantes g&#xE9;n&#xE9;tiques de la SEP de Nebula Genomics\" class=\"wp-image-7625\" width=\"548\" height=\"302\" srcset=\"https:\/\/nebula.org\/blog\/wp-content\/uploads\/2020\/12\/MS-2.png 548w, https:\/\/nebula.org\/blog\/wp-content\/uploads\/2020\/12\/MS-2-300x165.png 300w, https:\/\/nebula.org\/blog\/wp-content\/uploads\/2020\/12\/MS-2-16x9.png 16w\" sizes=\"(max-width: 548px) 100vw, 548px\" \/><\/figure><\/div>\n\n<div class=\"wp-block-buttons aligncenter is-layout-flex wp-block-buttons-is-layout-flex\">\n<div class=\"wp-block-button\"><a class=\"wp-block-button__link has-vivid-cyan-blue-background-color has-background\" href=\"https:\/\/nebula.org\/whole-genome-sequencing\/\"><strong>S\u00e9quencez votre g\u00e9nome et acc\u00e9dez \u00e0 plus de 200 rapports ADN!<\/strong><\/a><\/div>\n<\/div>\n\n<div style=\"height:20px\" aria-hidden=\"true\" class=\"wp-block-spacer\"><\/div>\n\n<h2 class=\"wp-block-heading\" id=\"h-additional-information\"><strong>Information additionnelle<\/strong><\/h2>\n\n<h2 class=\"wp-block-heading\" id=\"h-what-is-ms-part-1-of-is-ms-genetic\"><strong>Qu&rsquo;est-ce que la SP? (La premi\u00e8re partie de la SEP est-elle g\u00e9n\u00e9tique?)<\/strong><\/h2>\n\n<p>La scl\u00e9rose en plaques (SEP) ou enc\u00e9phalomy\u00e9lite diss\u00e9min\u00e9e (DE) est une maladie auto-immune neurologique inflammatoire chronique avec des formes tr\u00e8s diff\u00e9rentes de progression, en fonction de la zone de l\u00e9sion nerveuse, de l&rsquo;\u00e9tendue et de la gravit\u00e9 de la maladie. Plus pr\u00e9cis\u00e9ment, il attaque les gaines de my\u00e9line dans le cerveau et la moelle \u00e9pini\u00e8re du syst\u00e8me nerveux central (SNC). Les gaines de my\u00e9line sont des couches isolantes qui prot\u00e8gent les nerfs. Les attaques provoquent une inflammation de la gaine de my\u00e9line en petites plaques (plaques ou l\u00e9sions), visibles \u00e0 l&rsquo;IRM. La perturbation des messages envoy\u00e9s le long des nerfs provoque des sympt\u00f4mes de SEP.<\/p>\n\n<div class=\"wp-block-image\"><figure class=\"aligncenter size-large is-resized\"><img decoding=\"async\" src=\"https:\/\/nebula.org\/blog\/wp-content\/uploads\/2020\/12\/MS-3.png\" alt=\"Effets biologiques de la maladie sur les neurones\" class=\"wp-image-7630\" width=\"630\" height=\"526\" srcset=\"https:\/\/nebula.org\/blog\/wp-content\/uploads\/2020\/12\/MS-3.png 624w, https:\/\/nebula.org\/blog\/wp-content\/uploads\/2020\/12\/MS-3-300x250.png 300w, https:\/\/nebula.org\/blog\/wp-content\/uploads\/2020\/12\/MS-3-14x12.png 14w\" sizes=\"(max-width: 630px) 100vw, 630px\" \/><figcaption>Les changements biologiques de la SEP. BruceBlaus. <a href=\"https:\/\/creativecommons.org\/licenses\/by-sa\/4.0\/deed.en\">Attribution-Share Alike 4.0 International<\/a><\/figcaption><\/figure><\/div>\n\n<p>Il existe deux principaux types de SEP: la SEP progressive primaire, dans laquelle la maladie se caract\u00e9rise par une aggravation des fonctions neurologiques sans rechute ni r\u00e9mission, et la SEP r\u00e9mittente, dans laquelle les sympt\u00f4mes ont tendance \u00e0 se manifester par des \u00e9pisodes distinctifs ou des rechutes. La SEP progressive secondaire suit un premier cours de rechute-r\u00e9mission.<\/p>\n\n<p>Les causes exactes de la maladie n&rsquo;ont pas encore \u00e9t\u00e9 \u00e9lucid\u00e9es malgr\u00e9 les efforts de recherche. Dans la SEP, de nombreux foyers de d\u00e9my\u00e9linisation inflammatoires (multiples) sont dispers\u00e9s dans la substance blanche du cerveau et de la moelle \u00e9pini\u00e8re, vraisemblablement caus\u00e9s par l&rsquo;attaque des propres cellules immunitaires du corps sur les gaines de my\u00e9line des processus des cellules nerveuses. \u00c9tant donn\u00e9 que les centres de d\u00e9my\u00e9linisation peuvent se produire dans tout le SNC, la scl\u00e9rose en plaques peut provoquer presque tous les sympt\u00f4mes neurologiques. Les troubles visuels et la vision trouble peuvent \u00e9ventuellement conduire \u00e0 la c\u00e9cit\u00e9 et \u00e0 des troubles des mouvements oculaires (ophtalmopl\u00e9gie internucl\u00e9aire), mais ne sont pas sp\u00e9cifiques de la scl\u00e9rose en plaques. <\/p>\n\n<p>Avec l&rsquo;\u00e9pilepsie, la SEP est l&rsquo;une des maladies neurologiques les plus courantes chez les jeunes adultes. Il n&rsquo;y a pas de rem\u00e8de pour la maladie, mais son \u00e9volution peut souvent \u00eatre influenc\u00e9e favorablement par diverses mesures. La scl\u00e9rose en plaques n&rsquo;entra\u00eene pas n\u00e9cessairement de graves incapacit\u00e9s.<\/p>\n\n<h2 class=\"wp-block-heading\" id=\"h-is-ms-genetic\"><strong>La SEP est-elle g\u00e9n\u00e9tique?<\/strong><\/h2>\n\n<p>Bien que la cause exacte de la SEP soit inconnue, la plupart des experts estiment qu&rsquo;une combinaison de facteurs g\u00e9n\u00e9tiques et environnementaux agit comme un d\u00e9clencheur des dommages \u00e0 m\u00e9diation immunitaire caract\u00e9ristiques. <\/p>\n\n<p>En octobre 2013, 110 variations g\u00e9n\u00e9tiques ont \u00e9t\u00e9 identifi\u00e9es qui surviennent plus fr\u00e9quemment chez les patients atteints de SEP que dans la population g\u00e9n\u00e9rale et peuvent contribuer \u00e0 une pr\u00e9disposition \u00e0 la scl\u00e9rose en plaques. Ce nombre est d&rsquo;environ 200 en 2020. Bien que chacune de ces variations \u00e0 elle seule ne repr\u00e9sente qu&rsquo;un tr\u00e8s faible risque de d\u00e9veloppement de la SEP, elles repr\u00e9sentent ensemble environ 20% des composants g\u00e9n\u00e9tiques de la maladie. <\/p>\n\n<p>Entre autres, les polymorphismes des g\u00e8nes impliqu\u00e9s dans la voie de signalisation des interleukines seraient impliqu\u00e9s. Bon nombre des variantes g\u00e9n\u00e9tiques trouv\u00e9es sont directement li\u00e9es au syst\u00e8me immunitaire. Certains d&rsquo;entre eux pourraient \u00e9galement \u00eatre identifi\u00e9s comme des facteurs de risque g\u00e9n\u00e9tiques dans des maladies auto-immunes telles que le diab\u00e8te de type 1 ou la maladie de Crohn. <\/p>\n\n<p>Selon<a href=\"https:\/\/www.nationalmssociety.org\/What-is-MS\/What-Causes-MS\"> la Soci\u00e9t\u00e9 nationale de la scl\u00e9rose en plaques<\/a> , le risque de d\u00e9velopper une SEP dans la population g\u00e9n\u00e9rale est d&rsquo;environ 1 sur 750 \u00e0 1000. Chez les jumeaux identiques, si un jumeau est atteint de SP, le risque que l&rsquo;autre jumeau d\u00e9veloppe la SP est d&rsquo;environ 1 sur 4. Le risque de d\u00e9velopper une SEP est \u00e9galement accru lorsque d&rsquo;autres parents au premier degr\u00e9 (parents, fr\u00e8res et s\u0153urs et enfants) sont atteints de SEP, mais beaucoup moins que chez des jumeaux identiques.<\/p>\n\n<p>Des recherches sont en cours pour mieux comprendre le risque g\u00e9n\u00e9tique et d&rsquo;autres facteurs qui contribuent au d\u00e9veloppement de la SP.<\/p>\n\n<h2 class=\"wp-block-heading\" id=\"h-non-genetic-risk-factors-part-3-of-is-ms-genetic\"><strong>Facteurs de risque non g\u00e9n\u00e9tiques (Partie 3 de La SEP est-elle g\u00e9n\u00e9tique?)<\/strong><\/h2>\n\n<p>On soup\u00e7onne que plusieurs facteurs non g\u00e9n\u00e9tiques provoquent la SEP. Certains des facteurs les plus \u00e9tudi\u00e9s sont d\u00e9crits ci-dessous. <\/p>\n\n<h3 class=\"wp-block-heading\" id=\"h-infection\">Infection <\/h3>\n\n<p>De nombreux virus (y compris le virus Epstein-Barr et le virus de l&rsquo;herp\u00e8s humain 6) ont \u00e9t\u00e9 attribu\u00e9s un r\u00f4le possible dans le d\u00e9veloppement de la maladie. En fait, une r\u00e9action immunitaire contre le virus Epstein-Barr est plus fr\u00e9quente<a href=\"https:\/\/doi.org\/10.1001\/jama.291.15.1875\"> d\u00e9tectable<\/a> chez les enfants atteints de scl\u00e9rose en plaques en particulier que chez les enfants qui ne souffrent pas de la maladie. Des agents pathog\u00e8nes bact\u00e9riens (y compris la chlamydia, les spiroch\u00e8tes, la rickettsie et le Streptococcus mutans) ont \u00e9galement \u00e9t\u00e9 associ\u00e9s au d\u00e9veloppement de la scl\u00e9rose en plaques.<\/p>\n\n<h3 class=\"wp-block-heading\" id=\"h-vitamin-d\">Vitamine D<\/h3>\n\n<p>De plus en plus de preuves sugg\u00e8rent que la vitamine D joue un r\u00f4le important dans la SEP. De faibles taux de vitamine D dans le sang ont \u00e9t\u00e9 identifi\u00e9s comme un facteur de risque de d\u00e9veloppement de la SEP. Certains chercheurs pensent que l&rsquo;exposition au soleil (la source naturelle de vitamine D) peut aider \u00e0 expliquer pourquoi les personnes qui vivent plus pr\u00e8s de l&rsquo;\u00e9quateur sont moins susceptibles de d\u00e9velopper la SP. La th\u00e9orie est que vivre plus pr\u00e8s de l&rsquo;\u00e9quateur entra\u00eene plus de lumi\u00e8re solaire (et donc d&rsquo;exposition \u00e0 la vitamine D) toute l&rsquo;ann\u00e9e. La vitamine D est importante pour la sant\u00e9 immunitaire globale.<\/p>\n\n<div class=\"wp-block-image\"><figure class=\"aligncenter size-large is-resized\"><img decoding=\"async\" src=\"https:\/\/nebula.org\/blog\/wp-content\/uploads\/2020\/12\/MS-4.png\" alt=\"La SEP est-elle g&#xE9;n&#xE9;tique? Une carte du nombre de cas de SP dans le monde\" class=\"wp-image-7635\" width=\"649\" height=\"287\" srcset=\"https:\/\/nebula.org\/blog\/wp-content\/uploads\/2020\/12\/MS-4.png 624w, https:\/\/nebula.org\/blog\/wp-content\/uploads\/2020\/12\/MS-4-300x133.png 300w, https:\/\/nebula.org\/blog\/wp-content\/uploads\/2020\/12\/MS-4-16x7.png 16w\" sizes=\"(max-width: 649px) 100vw, 649px\" \/><figcaption>Plus de cas de SEP sont enregistr\u00e9s plus loin de l&rsquo;\u00e9quateur, ce qui sugg\u00e8re que le manque de lumi\u00e8re du soleil et une vitamine D constante peuvent jouer un r\u00f4le. Lokal_Profil.<a href=\"https:\/\/creativecommons.org\/licenses\/by-sa\/2.5\/deed.en\"> Attribution-Share Alike 2.5 G\u00e9n\u00e9rique<\/a> . <br\/><\/figcaption><\/figure><\/div>\n\n<h3 class=\"wp-block-heading\" id=\"h-smoking\">Fumeur<\/h3>\n\n<p>Le r\u00f4le du tabagisme dans le risque accru de SEP fait l&rsquo;objet de recherches depuis des ann\u00e9es. Fumer avant l&rsquo;apparition de la maladie semble augmenter consid\u00e9rablement le risque. UNE<a href=\"https:\/\/doi.org\/10.1177\/1352458506073501\"> m\u00e9ta-analyse<\/a> ont montr\u00e9 une augmentation de 1,2 \u00e0 1,5 fois du risque de maladie.<\/p>\n\n<p>On ne sait pas encore quels changements pathologiques d\u00e9clench\u00e9s par le tabagisme peuvent influencer le d\u00e9veloppement et la progression de la SEP.<\/p>\n\n<h3 class=\"wp-block-heading\" id=\"h-obesity\">Ob\u00e9sit\u00e9<\/h3>\n\n<p>L&rsquo;exc\u00e8s de poids pendant l&rsquo;enfance semble \u00eatre un facteur<a href=\"https:\/\/doi.org\/10.1586\/14737175.2013.865866\"> d\u00e9veloppement<\/a> de la scl\u00e9rose en plaques \u00e0 l&rsquo;\u00e2ge adulte. <\/p>\n\n<h3 class=\"wp-block-heading\" id=\"h-microbiome\">Microbiome<\/h3>\n\n<p>Diverses \u00e9tudes ont montr\u00e9 que le microbiome a une influence sur le syst\u00e8me immunitaire et sur les maladies auto-immunes en g\u00e9n\u00e9ral. Les bact\u00e9ries intestinales peuvent att\u00e9nuer ou activer le syst\u00e8me immunitaire.<\/p>\n\n<h2 class=\"wp-block-heading\" id=\"h-epidemiology-part-4-of-is-ms-genetic\"><strong>\u00c9pid\u00e9miologie (partie 4 de La SEP est-elle g\u00e9n\u00e9tique?)<\/strong><\/h2>\n\n<p>Selon un<a href=\"https:\/\/www.nationalmssociety.org\/About-the-Society\/News\/Landmark-Study-Estimates-Nearly%C2%A01-Million-in-the-U\"> \u00e9tude<\/a> financ\u00e9 par la National MS Society en 2019, pr\u00e8s d&rsquo;un million de personnes vivent avec la SP aux \u00c9tats-Unis. La plupart des personnes atteintes de SEP sont diagnostiqu\u00e9es entre 20 et 50 ans, bien que la SEP puisse survenir chez les jeunes enfants et les adultes plus \u00e2g\u00e9s. Bien que les cas de SP se retrouvent dans la plupart des ethnies, il est plus fr\u00e9quent chez les Caucasiens d&rsquo;ascendance nord-europ\u00e9enne.<\/p>\n\n<p>Les femmes sont 2 \u00e0 3 fois plus susceptibles de d\u00e9velopper la SP que les hommes. La SEP est connue pour se produire plus fr\u00e9quemment dans les zones plus \u00e9loign\u00e9es de l&rsquo;\u00e9quateur. <\/p>\n\n<h3 class=\"wp-block-heading\" id=\"h-characteristics-and-symptoms-part-5-of-is-ms-genetic\"><strong>Caract\u00e9ristiques et sympt\u00f4mes (partie 5 de La SEP est-elle g\u00e9n\u00e9tique?)<\/strong><\/h3>\n\n<p>Les sympt\u00f4mes de la SEP varient consid\u00e9rablement d&rsquo;une personne \u00e0 l&rsquo;autre, tant en nature qu&rsquo;en quantit\u00e9. Certains des principaux sympt\u00f4mes de la SEP de plus en moins courants sont:<\/p>\n\n<p>Sympt\u00f4mes courants:<\/p>\n\n<ul class=\"wp-block-list\"><li>Fatigue<\/li><li>Difficult\u00e9s \u00e0 marcher (d\u00e9marche)<\/li><li>Engourdissement ou fourmillement<\/li><li>Spasticit\u00e9<\/li><li>La faiblesse <\/li><li>Probl\u00e8mes de vision et perte de vision<\/li><li>\u00c9tourdissements et vertiges<\/li><li>Probl\u00e8mes de vessie<\/li><li>Probl\u00e8mes sexuels<\/li><li>Probl\u00e8mes intestinaux<\/li><li>Douleur et d\u00e9mangeaisons<\/li><li>Changements cognitifs<\/li><li>Changements \u00e9motionnels<\/li><li>La d\u00e9pression<\/li><\/ul>\n\n<p>Sympt\u00f4mes moins courants:<\/p>\n\n<ul class=\"wp-block-list\"><li>Probl\u00e8mes de parole<\/li><li>Probl\u00e8mes de d\u00e9glutition<\/li><li>Tremure<\/li><li>Saisies<\/li><li>Probl\u00e8mes de respiration<\/li><li>Perte auditive<\/li><\/ul>\n\n<div class=\"wp-block-image\"><figure class=\"aligncenter is-resized\"><img decoding=\"async\" src=\"https:\/\/lh5.googleusercontent.com\/OmWTTpc6oLo17XR66NNQBXvNXUn7tGpYIWSju1sDi4scPgRHGbIbsMtIaCgPHLe-lOQa7p6BY8QoIZN0s1jXpNuGGyX1njgs40-K_Md0kMKRHKr6a1xbLlwv_y-ZEoYmnOVuRk6_\" alt=\"R&#xE9;sum&#xE9; des zones touch&#xE9;es par la SEP\" width=\"750\" height=\"713\"\/><figcaption>R\u00e9sum\u00e9 des zones touch\u00e9es par la scl\u00e9rose en plaques,<a href=\"https:\/\/www.shutterstock.com\/search\/multiple+sclerosis\"> La source<\/a><\/figcaption><\/figure><\/div>\n\n<p>La SEP a diff\u00e9rentes formes de progression et les rechutes sont fr\u00e9quentes. Une rechute est d\u00e9finie comme l&rsquo;apparition de nouveaux sympt\u00f4mes cliniques ou la r\u00e9surgence de sympt\u00f4mes cliniques d\u00e9j\u00e0 connus qui durent plus de 24 heures. Pour distinguer une nouvelle crise d&rsquo;une pr\u00e9c\u00e9dente, il doit s&rsquo;\u00e9couler au moins 30 jours entre les deux \u00e9v\u00e9nements cliniques. <\/p>\n\n<p>La dur\u00e9e d&rsquo;une rechute est g\u00e9n\u00e9ralement de quelques jours \u00e0 quelques semaines. Selon que les sympt\u00f4mes survenus disparaissent compl\u00e8tement ou de mani\u00e8re incompl\u00e8te, on parle de r\u00e9mission compl\u00e8te ou incompl\u00e8te. Les pseudo rechutes surviennent dans le cadre d&rsquo;une augmentation de la temp\u00e9rature ou en conjonction avec des infections et peuvent conduire \u00e0 une aggravation temporaire des sympt\u00f4mes cliniques.<\/p>\n\n<p>Les premiers sympt\u00f4mes apparaissent g\u00e9n\u00e9ralement entre 15 et 40 ans. Certains patients sont \u00e9galement l\u00e9g\u00e8rement plus jeunes. Alors que les rechutes disparaissent g\u00e9n\u00e9ralement compl\u00e8tement au d\u00e9but de la maladie, les d\u00e9ficits neurologiques sont de plus en plus laiss\u00e9s pour compte dans le cours ult\u00e9rieur de la maladie apr\u00e8s les rechutes. <\/p>\n\n<p>Au d\u00e9but de la maladie, des troubles visuels et sensoriels sont fr\u00e9quemment observ\u00e9s. Il n&rsquo;est pas rare que la maladie commence par un sympt\u00f4me isol\u00e9.<\/p>\n\n<p>Le sympt\u00f4me qui se d\u00e9veloppe en cas de rechute d\u00e9pend de la localisation respective du foyer d\u00e9my\u00e9linisant actif dans le syst\u00e8me nerveux central: par exemple, l&rsquo;inflammation dans la zone des fibres nerveuses optiques provoque des troubles visuels qui peuvent se manifester par un flou visuel ou une brume laiteuse et peuvent \u00e9galement \u00eatre accompagn\u00e9e de douleurs oculaires. <\/p>\n\n<p>Un moyen de quantifier la d\u00e9ficience des patients est l&rsquo;utilisation de l&rsquo;\u00e9chelle \u00e9largie de l&rsquo;\u00e9tat d&rsquo;incapacit\u00e9 (EDSS). Cette \u00e9chelle permet de classer la gravit\u00e9 actuelle des incapacit\u00e9s du patient, avec une \u00e9valuation pr\u00e9alable des d\u00e9ficiences dans sept syst\u00e8mes neurologiques. En regardant l&rsquo;\u00e9volution de la maladie dans son ensemble, ce sont la fatigue, le dysfonctionnement de la vessie et les troubles du syst\u00e8me moteur tels que la paralysie et la spasticit\u00e9 qui ont souvent le plus grand impact sur la vie des personnes atteintes.<\/p>\n\n<h2 class=\"wp-block-heading\" id=\"h-diagnosis-part-6-of-is-ms-genetic\"><strong>Diagnostic (partie 6 de La SEP est-elle g\u00e9n\u00e9tique?)<\/strong><\/h2>\n\n<p>Votre m\u00e9decin effectuera plusieurs types de tests pour diagnostiquer la SEP et exclure toute autre condition, y compris les ant\u00e9c\u00e9dents m\u00e9dicaux, un examen neurologique, une imagerie par r\u00e9sonance magn\u00e9tique (IRM), une analyse du liquide c\u00e9phalo-rachidien et des tests sanguins pour exclure d&rsquo;autres conditions.<\/p>\n\n<p>Parfois, les patients pr\u00e9sentant des sympt\u00f4mes de SEP recevront un diagnostic de syndrome cliniquement isol\u00e9 (CIS). Le CIS pr\u00e9sente les m\u00eames sympt\u00f4mes que la SEP. Contrairement \u00e0 la SEP, un \u00e9pisode de SIC est un \u00e9v\u00e9nement singulier alors que ce dernier est une maladie permanente. Les patients atteints de l&rsquo;une ou l&rsquo;autre condition recevront le m\u00eame traitement. <\/p>\n\n<h3 class=\"wp-block-heading\" id=\"h-imaging\">Imagerie<\/h3>\n\n<p>Les images du cerveau et de la moelle \u00e9pini\u00e8re obtenues par imagerie par r\u00e9sonance magn\u00e9tique (IRM) peuvent \u00eatre utilis\u00e9es pour visualiser les zones tissulaires enflamm\u00e9es et cicatris\u00e9es. \u00c0 l&rsquo;aide d&rsquo;un produit de contraste contenant du gadolinium, tel que le gadopent\u00e9tate de dim\u00e9glumine ou l&rsquo;acide gadot\u00e9rique, des foyers de maladie aigu\u00eb peuvent \u00eatre d\u00e9tect\u00e9s. Les sites d&rsquo;inflammation p\u00e9riventriculaires (autour des ventricules lat\u00e9raux) dans le lit m\u00e9dullaire du cerveau et les sites dits de faisceau sont typiques de la SEP.<\/p>\n\n<p>L&rsquo;examen IRM permet de d\u00e9tecter \u00e0 la fois la diffusion spatiale et temporelle des foyers inflammatoires dans le cerveau et la moelle \u00e9pini\u00e8re. Les crit\u00e8res de McDonald sp\u00e9cifient exactement combien de sites d&rsquo;inflammation dans quelle r\u00e9gion du SNC doivent \u00eatre d\u00e9tectables pour pouvoir parler d&rsquo;un r\u00e9sultat IRM positif en ce qui concerne la diss\u00e9mination spatiale. Le diagnostic de SEP n&rsquo;est g\u00e9n\u00e9ralement pas pos\u00e9 uniquement sur la base des r\u00e9sultats d&rsquo;imagerie.<\/p>\n\n<div class=\"wp-block-image\"><figure class=\"aligncenter size-large\"><img decoding=\"async\" width=\"525\" height=\"600\" src=\"https:\/\/nebula.org\/blog\/wp-content\/uploads\/2020\/12\/MS-6.png\" alt=\"IRM d'un cerveau atteint de SP\" class=\"wp-image-7640\" srcset=\"https:\/\/nebula.org\/blog\/wp-content\/uploads\/2020\/12\/MS-6.png 525w, https:\/\/nebula.org\/blog\/wp-content\/uploads\/2020\/12\/MS-6-263x300.png 263w, https:\/\/nebula.org\/blog\/wp-content\/uploads\/2020\/12\/MS-6-11x12.png 11w\" sizes=\"(max-width: 525px) 100vw, 525px\" \/><figcaption>IRM d&rsquo;un cerveau atteint de SP. (2015). \u00ab\u00a0L&rsquo;analyse parall\u00e8le des images de r\u00e9cup\u00e9ration par inversion sensible \u00e0 la phase (PSIR) et de r\u00e9cup\u00e9ration par double inversion (DIR) am\u00e9liore consid\u00e9rablement la d\u00e9tection des l\u00e9sions corticales dans la scl\u00e9rose en plaques (MS) depuis le d\u00e9but clinique\u00a0\u00bb. PLOS ONE 10 (5): e0127805.<a href=\"https:\/\/doi.org\/10.1371\/journal.pone.0127805\"> DOI: 10.1371 \/ journal.pone.0127805<\/a> . ISSN 1932-6203. <a href=\"https:\/\/creativecommons.org\/licenses\/by\/4.0\/\">(CC-BY-4.0)<\/a><br\/><\/figcaption><\/figure><\/div>\n\n<h3 class=\"wp-block-heading\" id=\"h-other-tests\">Autres tests<\/h3>\n\n<p>Ponction lombaire (ponction lombaire)<\/p>\n\n<p>Une ponction lombaire est recommand\u00e9e en cas de suspicion de maladie. Chez 50% des patients, il y a une l\u00e9g\u00e8re augmentation des cellules lymphocytaires dans le liquide c\u00e9phalo-rachidien (LCR) et un processus inflammatoire chronique dans le syst\u00e8me nerveux central est d\u00e9tectable chez plus de 95% des patients. <\/p>\n\n<p>Tests potentiels \u00e9voqu\u00e9s<\/p>\n\n<p>Ces tests enregistrent les signaux \u00e9lectriques produits par votre syst\u00e8me nerveux en r\u00e9ponse \u00e0 des stimuli, visuels ou \u00e9lectriques. Dans ces tests, vous observez un sch\u00e9ma visuel en mouvement, ou de courtes impulsions \u00e9lectriques sont appliqu\u00e9es aux nerfs de vos jambes ou de vos bras. Les \u00e9lectrodes mesurent la vitesse \u00e0 laquelle l&rsquo;information circule dans vos nerfs.<\/p>\n\n<p>Chez la plupart des personnes atteintes de SEP r\u00e9currente-r\u00e9mittente, un diagnostic peut \u00eatre pos\u00e9 sur la base d&rsquo;un sch\u00e9ma de sympt\u00f4mes compatible avec la maladie et confirm\u00e9 par des scanners d&rsquo;imagerie c\u00e9r\u00e9brale, comme l&rsquo;IRM.<\/p>\n\n<p>Pour les autres dont les sympt\u00f4mes sont inhabituels, il peut \u00eatre difficile de distinguer la SP des autres maladies. Outre les maladies infectieuses, d&rsquo;autres maladies inflammatoires chroniques doivent \u00e9galement \u00eatre exclues. D&rsquo;autres maladies inflammatoires d\u00e9my\u00e9linisantes (telles que la neuromy\u00e9lite optique, la parapar\u00e9sie spastique tropicale ou l&rsquo;enc\u00e9phalomy\u00e9lite aigu\u00eb diss\u00e9min\u00e9e (ADEM)) doivent \u00e9galement \u00eatre envisag\u00e9es. Les maladies du m\u00e9tabolisme ou une carence en vitamine B12 peuvent \u00e9galement entra\u00eener des sympt\u00f4mes similaires \u00e0 ceux de la SEP. <\/p>\n\n<h2 class=\"wp-block-heading\" id=\"h-treatment-part-7-of-is-ms-genetic\"><strong>Traitement (partie 7 de La SEP est-elle g\u00e9n\u00e9tique?)<\/strong><\/h2>\n\n<p>Selon<a href=\"https:\/\/www.mayoclinic.org\/diseases-conditions\/multiple-sclerosis\/diagnosis-treatment\/drc-20350274\"> la clinique Mayo<\/a> , il n&rsquo;existe aucun rem\u00e8de contre la SP. L&rsquo;objectif de toutes les mesures th\u00e9rapeutiques est de maintenir l&rsquo;ind\u00e9pendance du patient dans la vie quotidienne en augmentant les temps de r\u00e9cup\u00e9ration apr\u00e8s les crises, en ralentissant la progression de la maladie et en g\u00e9rant les sympt\u00f4mes de la SEP.<\/p>\n\n<p>Pour traiter les crises, les patients peuvent utiliser des corticost\u00e9ro\u00efdes sur ordonnance pour r\u00e9duire l&rsquo;inflammation nerveuse ou ils peuvent choisir de subir un \u00e9change plasmatique, par lequel le sang est retir\u00e9 du mody, modifi\u00e9 et r\u00e9inject\u00e9. <\/p>\n\n<p>Pour la SEP primaire progressive, l&rsquo;ocrelizumab (Ocrevus) est le seul m\u00e9dicament approuv\u00e9 par la Food and Drug Administration (FDA) des \u00c9tats-Unis en tant que traitement de fond. Ceux qui re\u00e7oivent ce traitement sont l\u00e9g\u00e8rement moins susceptibles de progresser que ceux qui ne sont pas trait\u00e9s.<\/p>\n\n<p>Plus d&rsquo;options sont disponibles pour les personnes atteintes de SP r\u00e9currente-r\u00e9mittente. \u00c9tant donn\u00e9 qu&rsquo;une grande partie de la r\u00e9ponse immunitaire survient au d\u00e9but de la maladie, un traitement pr\u00e9coce et agressif avec ces th\u00e9rapies est associ\u00e9 \u00e0 de meilleurs r\u00e9sultats. <\/p>\n\n<p>Les traitements injectables qui peuvent alt\u00e9rer les attaques du syst\u00e8me immunitaire comprennent les m\u00e9dicaments \u00e0 l&rsquo;interf\u00e9ron b\u00eata et l&rsquo;ac\u00e9tate de glatiram\u00e8re (Copaxone, Glatopa). <\/p>\n\n<p>Il existe de nombreux traitements oraux et par perfusion:<\/p>\n\n<p>Oral:<\/p>\n\n<ul class=\"wp-block-list\"><li>Fingolimod (Gilenya)<\/li><li>Dim\u00e9thyl fumarate (Tecfidera)<\/li><li>Fumarate de diroximel (Vumerity)<\/li><li>T\u00e9riflunomide (Aubagio)<\/li><li>Siponimod (Mayzent)<\/li><li>Cladribine (Mavenclad)<\/li><\/ul>\n\n<p>Infusion:<\/p>\n\n<ul class=\"wp-block-list\"><li>Ocrelizumab (Ocrevus)<\/li><li>Natalizumab (Tysabri)<\/li><li>Alemtuzumab (Campath, Lemtrada)<\/li><\/ul>\n\n<p>Outre les m\u00e9dicaments, d&rsquo;autres strat\u00e9gies peuvent \u00eatre recommand\u00e9es pour aider \u00e0 soulager les sympt\u00f4mes, en particulier en ce qui concerne les probl\u00e8mes musculaires et de coordination.<\/p>\n\n<ul class=\"wp-block-list\"><li>Th\u00e9rapie physique<\/li><li>Relaxants musculaires<\/li><li>M\u00e9dicaments pour r\u00e9duire la fatigue<\/li><li>M\u00e9dicaments pour augmenter la vitesse de marche<\/li><li>Autres m\u00e9dicaments pour des conditions telles que la d\u00e9pression, la douleur et le contr\u00f4le de la vessie souvent associ\u00e9s \u00e0 la SP<\/li><\/ul>\n\n<p>As-tu aim\u00e9 cet article? Vous pouvez trouver d&rsquo;autres articles comme celui-ci dans le<a href=\"https:\/\/nebula.org\/blog\/fr\/recherche-genetique-deblocage-bibliotheque-nebuleuse\/\"> Biblioth\u00e8que de recherche sur la n\u00e9buleuse<\/a> !<\/p>\n\n<p><br\/><\/p>\n","protected":false},"excerpt":{"rendered":"<p>Rapport ADN Nebula Genomics pour la SP La SEP est-elle g\u00e9n\u00e9tique? Nous avons cr\u00e9\u00e9 un rapport ADN bas\u00e9 sur une \u00e9tude qui a tent\u00e9 de r\u00e9pondre \u00e0 cette question. Ci-dessous vous pouvez voir un exemple de rapport ADN. Pour obtenir &hellip;<\/p>\n<p class=\"read-more\"> <a class=\"ast-button\" href=\"https:\/\/nebula.org\/blog\/fr\/is-ms-genetique\/\"> <span class=\"screen-reader-text\">Scl\u00e9rose en plaques (IMSGC, 2019) &#8211; La SEP est-elle g\u00e9n\u00e9tique?<\/span> Lire la suite \u00bb<\/a><\/p>\n","protected":false},"author":12,"featured_media":5640,"comment_status":"closed","ping_status":"closed","sticky":false,"template":"","format":"standard","meta":{"om_disable_all_campaigns":false,"site-sidebar-layout":"default","site-content-layout":"default","ast-global-header-display":"","ast-banner-title-visibility":"","ast-main-header-display":"","ast-hfb-above-header-display":"","ast-hfb-below-header-display":"","ast-hfb-mobile-header-display":"","site-post-title":"","ast-breadcrumbs-content":"","ast-featured-img":"","footer-sml-layout":"","theme-transparent-header-meta":"default","adv-header-id-meta":"","stick-header-meta":"default","header-above-stick-meta":"","header-main-stick-meta":"","header-below-stick-meta":"","_FSMCFIC_featured_image_caption":"","_FSMCFIC_featured_image_nocaption":"","_FSMCFIC_featured_image_hide":"","footnotes":""},"categories":[4984],"tags":[],"class_list":["post-10670","post","type-post","status-publish","format-standard","has-post-thumbnail","hentry","category-rapports"],"yoast_head":"<!-- This site is optimized with the Yoast SEO plugin v20.13 - https:\/\/yoast.com\/wordpress\/plugins\/seo\/ -->\n<title>La SEP est-elle g\u00e9n\u00e9tique? | D\u00e9codez votre ADN et d\u00e9couvrez vos risques!<\/title>\n<meta name=\"description\" content=\"La SEP est-elle g\u00e9n\u00e9tique? La scl\u00e9rose en plaques est une maladie auto-immune avec des pr\u00e9dispositions g\u00e9n\u00e9tiques qui conduit \u00e0 la d\u00e9g\u00e9n\u00e9rescence du syst\u00e8me nerveux central.\" \/>\n<meta name=\"robots\" content=\"index, follow, max-snippet:-1, max-image-preview:large, max-video-preview:-1\" \/>\n<link rel=\"canonical\" href=\"https:\/\/nebula.org\/blog\/fr\/is-ms-genetique\/\" \/>\n<meta property=\"og:locale\" content=\"fr_FR\" \/>\n<meta property=\"og:type\" content=\"article\" \/>\n<meta property=\"og:title\" content=\"La SEP est-elle g\u00e9n\u00e9tique? | D\u00e9codez votre ADN et d\u00e9couvrez vos risques!\" \/>\n<meta property=\"og:description\" content=\"La SEP est-elle g\u00e9n\u00e9tique? La scl\u00e9rose en plaques est une maladie auto-immune avec des pr\u00e9dispositions g\u00e9n\u00e9tiques qui conduit \u00e0 la d\u00e9g\u00e9n\u00e9rescence du syst\u00e8me nerveux central.\" \/>\n<meta property=\"og:url\" content=\"https:\/\/nebula.org\/blog\/fr\/is-ms-genetique\/\" \/>\n<meta property=\"og:site_name\" content=\"Nebula Genomics Blog\" \/>\n<meta property=\"article:publisher\" content=\"https:\/\/facebook.com\/nebulagenomics\" \/>\n<meta property=\"article:published_time\" content=\"2021-01-06T05:32:53+00:00\" \/>\n<meta property=\"article:modified_time\" content=\"2021-02-21T03:47:52+00:00\" \/>\n<meta property=\"og:image\" content=\"https:\/\/nebula.org\/blog\/wp-content\/uploads\/2020\/02\/luis-quintero-qKspdY9XUzs-unsplash-scaled.jpg\" \/>\n\t<meta property=\"og:image:width\" content=\"924\" \/>\n\t<meta property=\"og:image:height\" content=\"616\" \/>\n\t<meta property=\"og:image:type\" content=\"image\/jpeg\" \/>\n<meta name=\"author\" content=\"Garrett Dunlap, B.S.\" \/>\n<meta name=\"twitter:card\" content=\"summary_large_image\" \/>\n<meta name=\"twitter:creator\" content=\"@nebulagenomics\" \/>\n<meta name=\"twitter:site\" content=\"@nebulagenomics\" \/>\n<meta name=\"twitter:label1\" content=\"\u00c9crit par\" \/>\n\t<meta name=\"twitter:data1\" content=\"Garrett Dunlap, B.S.\" \/>\n\t<meta name=\"twitter:label2\" content=\"Dur\u00e9e de lecture estim\u00e9e\" \/>\n\t<meta name=\"twitter:data2\" content=\"14 minutes\" \/>\n<script type=\"application\/ld+json\" class=\"yoast-schema-graph\">{\"@context\":\"https:\/\/schema.org\",\"@graph\":[{\"@type\":\"Article\",\"@id\":\"https:\/\/nebula.org\/blog\/fr\/is-ms-genetique\/#article\",\"isPartOf\":{\"@id\":\"https:\/\/nebula.org\/blog\/fr\/is-ms-genetique\/\"},\"author\":{\"name\":\"Garrett Dunlap, B.S.\",\"@id\":\"https:\/\/nebula.org\/blog\/fr\/#\/schema\/person\/b7bd0a490f115d1d931c33eed922af4e\"},\"headline\":\"Scl\u00e9rose en plaques (IMSGC, 2019) &#8211; La SEP est-elle g\u00e9n\u00e9tique?\",\"datePublished\":\"2021-01-06T05:32:53+00:00\",\"dateModified\":\"2021-02-21T03:47:52+00:00\",\"mainEntityOfPage\":{\"@id\":\"https:\/\/nebula.org\/blog\/fr\/is-ms-genetique\/\"},\"wordCount\":2863,\"publisher\":{\"@id\":\"https:\/\/nebula.org\/blog\/fr\/#organization\"},\"articleSection\":[\"Rapports\"],\"inLanguage\":\"fr-FR\"},{\"@type\":\"WebPage\",\"@id\":\"https:\/\/nebula.org\/blog\/fr\/is-ms-genetique\/\",\"url\":\"https:\/\/nebula.org\/blog\/fr\/is-ms-genetique\/\",\"name\":\"La SEP est-elle g\u00e9n\u00e9tique? | D\u00e9codez votre ADN et d\u00e9couvrez vos risques!\",\"isPartOf\":{\"@id\":\"https:\/\/nebula.org\/blog\/fr\/#website\"},\"datePublished\":\"2021-01-06T05:32:53+00:00\",\"dateModified\":\"2021-02-21T03:47:52+00:00\",\"description\":\"La SEP est-elle g\u00e9n\u00e9tique? La scl\u00e9rose en plaques est une maladie auto-immune avec des pr\u00e9dispositions g\u00e9n\u00e9tiques qui conduit \u00e0 la d\u00e9g\u00e9n\u00e9rescence du syst\u00e8me nerveux central.\",\"breadcrumb\":{\"@id\":\"https:\/\/nebula.org\/blog\/fr\/is-ms-genetique\/#breadcrumb\"},\"inLanguage\":\"fr-FR\",\"potentialAction\":[{\"@type\":\"ReadAction\",\"target\":[\"https:\/\/nebula.org\/blog\/fr\/is-ms-genetique\/\"]}]},{\"@type\":\"BreadcrumbList\",\"@id\":\"https:\/\/nebula.org\/blog\/fr\/is-ms-genetique\/#breadcrumb\",\"itemListElement\":[{\"@type\":\"ListItem\",\"position\":1,\"name\":\"Home\",\"item\":\"https:\/\/nebula.org\/blog\/fr\/\"},{\"@type\":\"ListItem\",\"position\":2,\"name\":\"Scl\u00e9rose en plaques (IMSGC, 2019) &#8211; La SEP est-elle g\u00e9n\u00e9tique?\"}]},{\"@type\":\"WebSite\",\"@id\":\"https:\/\/nebula.org\/blog\/fr\/#website\",\"url\":\"https:\/\/nebula.org\/blog\/fr\/\",\"name\":\"Nebula Genomics Blog\",\"description\":\"\",\"publisher\":{\"@id\":\"https:\/\/nebula.org\/blog\/fr\/#organization\"},\"potentialAction\":[{\"@type\":\"SearchAction\",\"target\":{\"@type\":\"EntryPoint\",\"urlTemplate\":\"https:\/\/nebula.org\/blog\/fr\/?s={search_term_string}\"},\"query-input\":\"required name=search_term_string\"}],\"inLanguage\":\"fr-FR\"},{\"@type\":\"Organization\",\"@id\":\"https:\/\/nebula.org\/blog\/fr\/#organization\",\"name\":\"Nebula Genomics\",\"url\":\"https:\/\/nebula.org\/blog\/fr\/\",\"logo\":{\"@type\":\"ImageObject\",\"inLanguage\":\"fr-FR\",\"@id\":\"https:\/\/nebula.org\/blog\/fr\/#\/schema\/logo\/image\/\",\"url\":\"\",\"contentUrl\":\"\",\"caption\":\"Nebula Genomics\"},\"image\":{\"@id\":\"https:\/\/nebula.org\/blog\/fr\/#\/schema\/logo\/image\/\"},\"sameAs\":[\"https:\/\/facebook.com\/nebulagenomics\",\"https:\/\/twitter.com\/nebulagenomics\",\"https:\/\/www.instagram.com\/nebulagenomics\/\",\"https:\/\/www.linkedin.com\/company\/nebula-genomics\/\",\"https:\/\/en.wikipedia.org\/wiki\/Nebula_Genomics\"]},{\"@type\":\"Person\",\"@id\":\"https:\/\/nebula.org\/blog\/fr\/#\/schema\/person\/b7bd0a490f115d1d931c33eed922af4e\",\"name\":\"Garrett Dunlap, B.S.\",\"image\":{\"@type\":\"ImageObject\",\"inLanguage\":\"fr-FR\",\"@id\":\"https:\/\/nebula.org\/blog\/fr\/#\/schema\/person\/image\/\",\"url\":\"https:\/\/secure.gravatar.com\/avatar\/32fb6e0dbc7e0bac908b0f23ea6ed5ec?s=96&d=mm&r=g\",\"contentUrl\":\"https:\/\/secure.gravatar.com\/avatar\/32fb6e0dbc7e0bac908b0f23ea6ed5ec?s=96&d=mm&r=g\",\"caption\":\"Garrett Dunlap, B.S.\"},\"description\":\"Garrett Dunlap earned a B.S. in Biology from Case Western Reserve University with a minor in Political Science. He earned an M.S. and is currently a Ph.D. Candidate in the Biological and Biomedical Sciences (BBS) Ph.D. program at Harvard University.\u00a0He has experience in science policy as an intern at the Science and Innovation Network where he assisted in the science diplomacy functions of the British Consulate-General and as a research associate at TScan Therapeutics. He is also interested in science communication and writing. You can read more about Garrett's experience and publications on LinkedIn and ORCID.\",\"sameAs\":[\"https:\/\/nebula.org\/whole-genome-sequencing\/\"],\"url\":\"https:\/\/nebula.org\/blog\/fr\/author\/garrett-dunlap\/\"}]}<\/script>\n<!-- \/ Yoast SEO plugin. -->","yoast_head_json":{"title":"La SEP est-elle g\u00e9n\u00e9tique? | D\u00e9codez votre ADN et d\u00e9couvrez vos risques!","description":"La SEP est-elle g\u00e9n\u00e9tique? La scl\u00e9rose en plaques est une maladie auto-immune avec des pr\u00e9dispositions g\u00e9n\u00e9tiques qui conduit \u00e0 la d\u00e9g\u00e9n\u00e9rescence du syst\u00e8me nerveux central.","robots":{"index":"index","follow":"follow","max-snippet":"max-snippet:-1","max-image-preview":"max-image-preview:large","max-video-preview":"max-video-preview:-1"},"canonical":"https:\/\/nebula.org\/blog\/fr\/is-ms-genetique\/","og_locale":"fr_FR","og_type":"article","og_title":"La SEP est-elle g\u00e9n\u00e9tique? | D\u00e9codez votre ADN et d\u00e9couvrez vos risques!","og_description":"La SEP est-elle g\u00e9n\u00e9tique? La scl\u00e9rose en plaques est une maladie auto-immune avec des pr\u00e9dispositions g\u00e9n\u00e9tiques qui conduit \u00e0 la d\u00e9g\u00e9n\u00e9rescence du syst\u00e8me nerveux central.","og_url":"https:\/\/nebula.org\/blog\/fr\/is-ms-genetique\/","og_site_name":"Nebula Genomics Blog","article_publisher":"https:\/\/facebook.com\/nebulagenomics","article_published_time":"2021-01-06T05:32:53+00:00","article_modified_time":"2021-02-21T03:47:52+00:00","og_image":[{"width":924,"height":616,"url":"https:\/\/nebula.org\/blog\/wp-content\/uploads\/2020\/02\/luis-quintero-qKspdY9XUzs-unsplash-scaled.jpg","type":"image\/jpeg"}],"author":"Garrett Dunlap, B.S.","twitter_card":"summary_large_image","twitter_creator":"@nebulagenomics","twitter_site":"@nebulagenomics","twitter_misc":{"\u00c9crit par":"Garrett Dunlap, B.S.","Dur\u00e9e de lecture estim\u00e9e":"14 minutes"},"schema":{"@context":"https:\/\/schema.org","@graph":[{"@type":"Article","@id":"https:\/\/nebula.org\/blog\/fr\/is-ms-genetique\/#article","isPartOf":{"@id":"https:\/\/nebula.org\/blog\/fr\/is-ms-genetique\/"},"author":{"name":"Garrett Dunlap, B.S.","@id":"https:\/\/nebula.org\/blog\/fr\/#\/schema\/person\/b7bd0a490f115d1d931c33eed922af4e"},"headline":"Scl\u00e9rose en plaques (IMSGC, 2019) &#8211; La SEP est-elle g\u00e9n\u00e9tique?","datePublished":"2021-01-06T05:32:53+00:00","dateModified":"2021-02-21T03:47:52+00:00","mainEntityOfPage":{"@id":"https:\/\/nebula.org\/blog\/fr\/is-ms-genetique\/"},"wordCount":2863,"publisher":{"@id":"https:\/\/nebula.org\/blog\/fr\/#organization"},"articleSection":["Rapports"],"inLanguage":"fr-FR"},{"@type":"WebPage","@id":"https:\/\/nebula.org\/blog\/fr\/is-ms-genetique\/","url":"https:\/\/nebula.org\/blog\/fr\/is-ms-genetique\/","name":"La SEP est-elle g\u00e9n\u00e9tique? | D\u00e9codez votre ADN et d\u00e9couvrez vos risques!","isPartOf":{"@id":"https:\/\/nebula.org\/blog\/fr\/#website"},"datePublished":"2021-01-06T05:32:53+00:00","dateModified":"2021-02-21T03:47:52+00:00","description":"La SEP est-elle g\u00e9n\u00e9tique? La scl\u00e9rose en plaques est une maladie auto-immune avec des pr\u00e9dispositions g\u00e9n\u00e9tiques qui conduit \u00e0 la d\u00e9g\u00e9n\u00e9rescence du syst\u00e8me nerveux central.","breadcrumb":{"@id":"https:\/\/nebula.org\/blog\/fr\/is-ms-genetique\/#breadcrumb"},"inLanguage":"fr-FR","potentialAction":[{"@type":"ReadAction","target":["https:\/\/nebula.org\/blog\/fr\/is-ms-genetique\/"]}]},{"@type":"BreadcrumbList","@id":"https:\/\/nebula.org\/blog\/fr\/is-ms-genetique\/#breadcrumb","itemListElement":[{"@type":"ListItem","position":1,"name":"Home","item":"https:\/\/nebula.org\/blog\/fr\/"},{"@type":"ListItem","position":2,"name":"Scl\u00e9rose en plaques (IMSGC, 2019) &#8211; La SEP est-elle g\u00e9n\u00e9tique?"}]},{"@type":"WebSite","@id":"https:\/\/nebula.org\/blog\/fr\/#website","url":"https:\/\/nebula.org\/blog\/fr\/","name":"Nebula Genomics Blog","description":"","publisher":{"@id":"https:\/\/nebula.org\/blog\/fr\/#organization"},"potentialAction":[{"@type":"SearchAction","target":{"@type":"EntryPoint","urlTemplate":"https:\/\/nebula.org\/blog\/fr\/?s={search_term_string}"},"query-input":"required name=search_term_string"}],"inLanguage":"fr-FR"},{"@type":"Organization","@id":"https:\/\/nebula.org\/blog\/fr\/#organization","name":"Nebula Genomics","url":"https:\/\/nebula.org\/blog\/fr\/","logo":{"@type":"ImageObject","inLanguage":"fr-FR","@id":"https:\/\/nebula.org\/blog\/fr\/#\/schema\/logo\/image\/","url":"","contentUrl":"","caption":"Nebula Genomics"},"image":{"@id":"https:\/\/nebula.org\/blog\/fr\/#\/schema\/logo\/image\/"},"sameAs":["https:\/\/facebook.com\/nebulagenomics","https:\/\/twitter.com\/nebulagenomics","https:\/\/www.instagram.com\/nebulagenomics\/","https:\/\/www.linkedin.com\/company\/nebula-genomics\/","https:\/\/en.wikipedia.org\/wiki\/Nebula_Genomics"]},{"@type":"Person","@id":"https:\/\/nebula.org\/blog\/fr\/#\/schema\/person\/b7bd0a490f115d1d931c33eed922af4e","name":"Garrett Dunlap, B.S.","image":{"@type":"ImageObject","inLanguage":"fr-FR","@id":"https:\/\/nebula.org\/blog\/fr\/#\/schema\/person\/image\/","url":"https:\/\/secure.gravatar.com\/avatar\/32fb6e0dbc7e0bac908b0f23ea6ed5ec?s=96&d=mm&r=g","contentUrl":"https:\/\/secure.gravatar.com\/avatar\/32fb6e0dbc7e0bac908b0f23ea6ed5ec?s=96&d=mm&r=g","caption":"Garrett Dunlap, B.S."},"description":"Garrett Dunlap earned a B.S. in Biology from Case Western Reserve University with a minor in Political Science. He earned an M.S. and is currently a Ph.D. Candidate in the Biological and Biomedical Sciences (BBS) Ph.D. program at Harvard University.\u00a0He has experience in science policy as an intern at the Science and Innovation Network where he assisted in the science diplomacy functions of the British Consulate-General and as a research associate at TScan Therapeutics. He is also interested in science communication and writing. You can read more about Garrett's experience and publications on LinkedIn and ORCID.","sameAs":["https:\/\/nebula.org\/whole-genome-sequencing\/"],"url":"https:\/\/nebula.org\/blog\/fr\/author\/garrett-dunlap\/"}]}},"_links":{"self":[{"href":"https:\/\/nebula.org\/blog\/fr\/wp-json\/wp\/v2\/posts\/10670","targetHints":{"allow":["GET"]}}],"collection":[{"href":"https:\/\/nebula.org\/blog\/fr\/wp-json\/wp\/v2\/posts"}],"about":[{"href":"https:\/\/nebula.org\/blog\/fr\/wp-json\/wp\/v2\/types\/post"}],"author":[{"embeddable":true,"href":"https:\/\/nebula.org\/blog\/fr\/wp-json\/wp\/v2\/users\/12"}],"replies":[{"embeddable":true,"href":"https:\/\/nebula.org\/blog\/fr\/wp-json\/wp\/v2\/comments?post=10670"}],"version-history":[{"count":0,"href":"https:\/\/nebula.org\/blog\/fr\/wp-json\/wp\/v2\/posts\/10670\/revisions"}],"wp:featuredmedia":[{"embeddable":true,"href":"https:\/\/nebula.org\/blog\/fr\/wp-json\/wp\/v2\/media\/5640"}],"wp:attachment":[{"href":"https:\/\/nebula.org\/blog\/fr\/wp-json\/wp\/v2\/media?parent=10670"}],"wp:term":[{"taxonomy":"category","embeddable":true,"href":"https:\/\/nebula.org\/blog\/fr\/wp-json\/wp\/v2\/categories?post=10670"},{"taxonomy":"post_tag","embeddable":true,"href":"https:\/\/nebula.org\/blog\/fr\/wp-json\/wp\/v2\/tags?post=10670"}],"curies":[{"name":"wp","href":"https:\/\/api.w.org\/{rel}","templated":true}]}}