{"id":10751,"date":"2021-01-06T00:34:41","date_gmt":"2021-01-06T05:34:41","guid":{"rendered":"https:\/\/nebula.org\/blog\/genetique-de-la-maladie-de-crohn-franke-2010\/"},"modified":"2021-02-20T20:39:46","modified_gmt":"2021-02-21T01:39:46","slug":"genetique-de-la-maladie-de-crohn-franke-2010","status":"publish","type":"post","link":"https:\/\/nebula.org\/blog\/fr\/genetique-de-la-maladie-de-crohn-franke-2010\/","title":{"rendered":"Maladie de Crohn (Franke, 2010)"},"content":{"rendered":"\n<p><strong>TITRE DE L&rsquo;\u00c9TUDE:<\/strong><a href=\"https:\/\/www.nature.com\/articles\/ng.717\"> La m\u00e9ta-analyse \u00e0 l&rsquo;\u00e9chelle du g\u00e9nome porte \u00e0 71 le nombre de locus de sensibilit\u00e9 confirm\u00e9s \u00e0 la maladie de Crohn<\/a><\/p>\n\n<p><strong>SOMMAIRE:<\/strong> Identification de 71 variantes g\u00e9n\u00e9tiques associ\u00e9es \u00e0 la maladie de Crohn.<\/p>\n\n<p><strong>APER\u00c7U:<\/strong> La maladie de Crohn est un type de maladie inflammatoire de l&rsquo;intestin, une affection caract\u00e9ris\u00e9e par une inflammation chronique du tube digestif. Pr\u00e8s d&rsquo;un million de personnes aux \u00c9tats-Unis seulement sont touch\u00e9es par la maladie de Crohn. Les sympt\u00f4mes typiques sont la douleur, la diarrh\u00e9e et la perte de poids. Pour mieux comprendre la g\u00e9n\u00e9tique de la maladie de Crohn, cette \u00e9tude a examin\u00e9 plus de 40 000 personnes d&rsquo;origine europ\u00e9enne. L&rsquo;analyse a r\u00e9v\u00e9l\u00e9 71 variantes g\u00e9n\u00e9tiques associ\u00e9es \u00e0 la maladie de Crohn, dont 39 variantes signal\u00e9es pour la premi\u00e8re fois. Ensemble, ces 71 variantes expliquent environ 23% de l&rsquo;h\u00e9ritabilit\u00e9 de la maladie de Crohn. Bon nombre des variantes g\u00e9n\u00e9tiques identifi\u00e9es sont proches de g\u00e8nes qui jouent un r\u00f4le dans le contr\u00f4le du syst\u00e8me immunitaire du corps. Certains de ces g\u00e8nes \u00e9taient auparavant impliqu\u00e9s dans d&rsquo;autres conditions inflammatoires telles que<em> rectocolite h\u00e9morragique<\/em> et<em> polyarthrite rhumato\u00efde<\/em> .<\/p>\n\n<p><strong>LE SAVIEZ-VOUS?<\/strong> Bien qu&rsquo;il n&rsquo;y ait pas de rem\u00e8de pour la maladie de Crohn, la maladie est g\u00e9n\u00e9ralement g\u00e9r\u00e9e en incorporant des changements de mode de vie qui r\u00e9duisent l&rsquo;inflammation. Par exemple, cela peut inclure des changements alimentaires, tels que la limitation de la consommation de graisses et de produits laitiers tout en augmentant la consommation de fibres. <a rel=\"noreferrer noopener\" href=\"https:\/\/www.healthline.com\/health\/crohns-disease#diet\" target=\"_blank\">[SOURCE]<\/a><\/p>\n\n<p><strong>EXEMPLE DE R\u00c9SULTATS:<\/strong> En savoir plus sur<a href=\"https:\/\/nebula.org\/blog\/fr\/recherche-genetique-deblocage-bibliotheque-nebuleuse\/\"> Biblioth\u00e8que de recherche sur la n\u00e9buleuse<\/a> . <\/p>\n\n<figure class=\"wp-block-image size-large\"><a href=\"https:\/\/nebula.org\/free-dna-upload-analysis\/\"><img decoding=\"async\" width=\"1024\" height=\"375\" src=\"https:\/\/nebula.org\/blog\/wp-content\/uploads\/2020\/01\/Nebula-personalized-results-genomics-1024x375.png\" alt=\"R&#xE9;sultats des &#xE9;chantillons de maladie de Crohn\" class=\"wp-image-5150\" srcset=\"https:\/\/nebula.org\/blog\/wp-content\/uploads\/2020\/01\/Nebula-personalized-results-genomics-1024x375.png 1024w, https:\/\/nebula.org\/blog\/wp-content\/uploads\/2020\/01\/Nebula-personalized-results-genomics-300x110.png 300w, https:\/\/nebula.org\/blog\/wp-content\/uploads\/2020\/01\/Nebula-personalized-results-genomics-768x281.png 768w, https:\/\/nebula.org\/blog\/wp-content\/uploads\/2020\/01\/Nebula-personalized-results-genomics-1536x562.png 1536w, https:\/\/nebula.org\/blog\/wp-content\/uploads\/2020\/01\/Nebula-personalized-results-genomics.png 924w\" sizes=\"(max-width: 1024px) 100vw, 1024px\" \/><\/a><\/figure>\n\n<p><\/p>\n\n<p><strong>VARIANTES ASSOCI\u00c9ES \u00c0 CROHN:<\/strong> rs2076756, rs11209026, rs3792109, rs4077515, rs11742570, rs1250550, rs2413583, rs10761659, rs11564258, rs12521868, rs4409764, rs17293632, rs7714584, rs6651252, rs8005161, rs3197999, rs1819658, rs181359, rs3810936, rs7517810, rs4809330, rs1893217, rs10495903, rs3024505, rs2838519, rs6556412, rs10758669, rs3091315, rs3180018, rs7423615, rs7927997, rs12720356, rs4871611, rs2058660, rs359457, rs415890, rs7702331, rs713875, rs281379, rs740495, rs1736020, rs151181, rs102275, rs212388, rs1799964, rs780093, rs2549794, rs3764147, rs4902642, rs2062305, rs694739, rs13428812, rs12242110, rs2872507, rs11167764, rs12722489, rs6738825, rs2476601, rs1847472, rs10181042, rs13073817, rs17309827, rs279768964, rs17309827, rs2797689, rs1801s1990, rs1309a5, rs1309827, rs2797689, rs1801s1, rs1309827, rs2797689<\/p>\n\n<p><strong>RESSOURCES ADDITIONNELLES:<\/strong><br\/><a rel=\"noreferrer noopener\" href=\"http:\/\/www.youtube.com\/watch?v=Keqzt83KMVA\" target=\"_blank\">Maladie inflammatoire de l&rsquo;intestin (vid\u00e9o)<\/a><br\/><a rel=\"noreferrer noopener\" href=\"https:\/\/www.crohnscolitisfoundation.org\/what-is-crohns-disease\" target=\"_blank\">la maladie de Crohn<\/a><\/p>\n\n<p><strong>MISE \u00c0 JOUR HEBDOMADAIRE:<\/strong> 9 mars 2020<\/p>\n","protected":false},"excerpt":{"rendered":"<p>TITRE DE L&rsquo;\u00c9TUDE: La m\u00e9ta-analyse \u00e0 l&rsquo;\u00e9chelle du g\u00e9nome porte \u00e0 71 le nombre de locus de sensibilit\u00e9 confirm\u00e9s \u00e0 la maladie de Crohn SOMMAIRE: Identification de 71 variantes g\u00e9n\u00e9tiques associ\u00e9es \u00e0 la maladie de Crohn. APER\u00c7U: La maladie de &hellip;<\/p>\n<p class=\"read-more\"> <a class=\"ast-button\" href=\"https:\/\/nebula.org\/blog\/fr\/genetique-de-la-maladie-de-crohn-franke-2010\/\"> <span class=\"screen-reader-text\">Maladie de Crohn (Franke, 2010)<\/span> Lire la suite \u00bb<\/a><\/p>\n","protected":false},"author":12,"featured_media":5880,"comment_status":"closed","ping_status":"closed","sticky":false,"template":"","format":"standard","meta":{"om_disable_all_campaigns":false,"site-sidebar-layout":"default","site-content-layout":"default","ast-global-header-display":"","ast-banner-title-visibility":"","ast-main-header-display":"","ast-hfb-above-header-display":"","ast-hfb-below-header-display":"","ast-hfb-mobile-header-display":"","site-post-title":"","ast-breadcrumbs-content":"","ast-featured-img":"","footer-sml-layout":"","theme-transparent-header-meta":"default","adv-header-id-meta":"","stick-header-meta":"default","header-above-stick-meta":"","header-main-stick-meta":"","header-below-stick-meta":"","_FSMCFIC_featured_image_caption":"","_FSMCFIC_featured_image_nocaption":"","_FSMCFIC_featured_image_hide":"","footnotes":""},"categories":[4984],"tags":[],"class_list":["post-10751","post","type-post","status-publish","format-standard","has-post-thumbnail","hentry","category-rapports"],"yoast_head":"<!-- This site is optimized with the Yoast SEO plugin v20.13 - https:\/\/yoast.com\/wordpress\/plugins\/seo\/ -->\n<title>La g\u00e9n\u00e9tique de la maladie de Crohn (Franke, 2010)<\/title>\n<meta name=\"description\" content=\"T\u00e9l\u00e9chargez vos donn\u00e9es ADN, explorez les variantes g\u00e9n\u00e9tiques li\u00e9es \u00e0 la maladie de Crohn (Franke, 2010) et d\u00e9couvrez votre score polyg\u00e9nique.\" \/>\n<meta name=\"robots\" content=\"index, follow, max-snippet:-1, max-image-preview:large, max-video-preview:-1\" \/>\n<link rel=\"canonical\" href=\"https:\/\/nebula.org\/blog\/fr\/genetique-de-la-maladie-de-crohn-franke-2010\/\" \/>\n<meta property=\"og:locale\" content=\"fr_FR\" \/>\n<meta property=\"og:type\" content=\"article\" \/>\n<meta property=\"og:title\" content=\"La g\u00e9n\u00e9tique de la maladie de Crohn (Franke, 2010)\" \/>\n<meta property=\"og:description\" content=\"T\u00e9l\u00e9chargez vos donn\u00e9es ADN, explorez les variantes g\u00e9n\u00e9tiques li\u00e9es \u00e0 la maladie de Crohn (Franke, 2010) et d\u00e9couvrez votre score polyg\u00e9nique.\" \/>\n<meta property=\"og:url\" content=\"https:\/\/nebula.org\/blog\/fr\/genetique-de-la-maladie-de-crohn-franke-2010\/\" \/>\n<meta property=\"og:site_name\" content=\"Nebula Genomics Blog\" \/>\n<meta property=\"article:publisher\" content=\"https:\/\/facebook.com\/nebulagenomics\" \/>\n<meta property=\"article:published_time\" content=\"2021-01-06T05:34:41+00:00\" \/>\n<meta property=\"article:modified_time\" content=\"2021-02-21T01:39:46+00:00\" \/>\n<meta property=\"og:image\" content=\"https:\/\/nebula.org\/blog\/wp-content\/uploads\/2020\/03\/Screen-Shot-2020-03-09-at-11.23.02-AM.jpg\" \/>\n\t<meta property=\"og:image:width\" content=\"924\" \/>\n\t<meta property=\"og:image:height\" content=\"572\" \/>\n\t<meta property=\"og:image:type\" content=\"image\/jpeg\" \/>\n<meta name=\"author\" content=\"Garrett Dunlap, B.S.\" \/>\n<meta name=\"twitter:card\" content=\"summary_large_image\" \/>\n<meta name=\"twitter:creator\" content=\"@nebulagenomics\" \/>\n<meta name=\"twitter:site\" content=\"@nebulagenomics\" \/>\n<meta name=\"twitter:label1\" content=\"\u00c9crit par\" \/>\n\t<meta name=\"twitter:data1\" content=\"Garrett Dunlap, B.S.\" \/>\n\t<meta name=\"twitter:label2\" content=\"Dur\u00e9e de lecture estim\u00e9e\" \/>\n\t<meta name=\"twitter:data2\" content=\"2 minutes\" \/>\n<script type=\"application\/ld+json\" class=\"yoast-schema-graph\">{\"@context\":\"https:\/\/schema.org\",\"@graph\":[{\"@type\":\"Article\",\"@id\":\"https:\/\/nebula.org\/blog\/fr\/genetique-de-la-maladie-de-crohn-franke-2010\/#article\",\"isPartOf\":{\"@id\":\"https:\/\/nebula.org\/blog\/fr\/genetique-de-la-maladie-de-crohn-franke-2010\/\"},\"author\":{\"name\":\"Garrett Dunlap, B.S.\",\"@id\":\"https:\/\/nebula.org\/blog\/fr\/#\/schema\/person\/b7bd0a490f115d1d931c33eed922af4e\"},\"headline\":\"Maladie de Crohn (Franke, 2010)\",\"datePublished\":\"2021-01-06T05:34:41+00:00\",\"dateModified\":\"2021-02-21T01:39:46+00:00\",\"mainEntityOfPage\":{\"@id\":\"https:\/\/nebula.org\/blog\/fr\/genetique-de-la-maladie-de-crohn-franke-2010\/\"},\"wordCount\":396,\"publisher\":{\"@id\":\"https:\/\/nebula.org\/blog\/fr\/#organization\"},\"articleSection\":[\"Rapports\"],\"inLanguage\":\"fr-FR\"},{\"@type\":\"WebPage\",\"@id\":\"https:\/\/nebula.org\/blog\/fr\/genetique-de-la-maladie-de-crohn-franke-2010\/\",\"url\":\"https:\/\/nebula.org\/blog\/fr\/genetique-de-la-maladie-de-crohn-franke-2010\/\",\"name\":\"La g\u00e9n\u00e9tique de la maladie de Crohn (Franke, 2010)\",\"isPartOf\":{\"@id\":\"https:\/\/nebula.org\/blog\/fr\/#website\"},\"datePublished\":\"2021-01-06T05:34:41+00:00\",\"dateModified\":\"2021-02-21T01:39:46+00:00\",\"description\":\"T\u00e9l\u00e9chargez vos donn\u00e9es ADN, explorez les variantes g\u00e9n\u00e9tiques li\u00e9es \u00e0 la maladie de Crohn (Franke, 2010) et d\u00e9couvrez votre score polyg\u00e9nique.\",\"breadcrumb\":{\"@id\":\"https:\/\/nebula.org\/blog\/fr\/genetique-de-la-maladie-de-crohn-franke-2010\/#breadcrumb\"},\"inLanguage\":\"fr-FR\",\"potentialAction\":[{\"@type\":\"ReadAction\",\"target\":[\"https:\/\/nebula.org\/blog\/fr\/genetique-de-la-maladie-de-crohn-franke-2010\/\"]}]},{\"@type\":\"BreadcrumbList\",\"@id\":\"https:\/\/nebula.org\/blog\/fr\/genetique-de-la-maladie-de-crohn-franke-2010\/#breadcrumb\",\"itemListElement\":[{\"@type\":\"ListItem\",\"position\":1,\"name\":\"Home\",\"item\":\"https:\/\/nebula.org\/blog\/fr\/\"},{\"@type\":\"ListItem\",\"position\":2,\"name\":\"Maladie de Crohn (Franke, 2010)\"}]},{\"@type\":\"WebSite\",\"@id\":\"https:\/\/nebula.org\/blog\/fr\/#website\",\"url\":\"https:\/\/nebula.org\/blog\/fr\/\",\"name\":\"Nebula Genomics Blog\",\"description\":\"\",\"publisher\":{\"@id\":\"https:\/\/nebula.org\/blog\/fr\/#organization\"},\"potentialAction\":[{\"@type\":\"SearchAction\",\"target\":{\"@type\":\"EntryPoint\",\"urlTemplate\":\"https:\/\/nebula.org\/blog\/fr\/?s={search_term_string}\"},\"query-input\":\"required name=search_term_string\"}],\"inLanguage\":\"fr-FR\"},{\"@type\":\"Organization\",\"@id\":\"https:\/\/nebula.org\/blog\/fr\/#organization\",\"name\":\"Nebula Genomics\",\"url\":\"https:\/\/nebula.org\/blog\/fr\/\",\"logo\":{\"@type\":\"ImageObject\",\"inLanguage\":\"fr-FR\",\"@id\":\"https:\/\/nebula.org\/blog\/fr\/#\/schema\/logo\/image\/\",\"url\":\"\",\"contentUrl\":\"\",\"caption\":\"Nebula Genomics\"},\"image\":{\"@id\":\"https:\/\/nebula.org\/blog\/fr\/#\/schema\/logo\/image\/\"},\"sameAs\":[\"https:\/\/facebook.com\/nebulagenomics\",\"https:\/\/twitter.com\/nebulagenomics\",\"https:\/\/www.instagram.com\/nebulagenomics\/\",\"https:\/\/www.linkedin.com\/company\/nebula-genomics\/\",\"https:\/\/en.wikipedia.org\/wiki\/Nebula_Genomics\"]},{\"@type\":\"Person\",\"@id\":\"https:\/\/nebula.org\/blog\/fr\/#\/schema\/person\/b7bd0a490f115d1d931c33eed922af4e\",\"name\":\"Garrett Dunlap, B.S.\",\"image\":{\"@type\":\"ImageObject\",\"inLanguage\":\"fr-FR\",\"@id\":\"https:\/\/nebula.org\/blog\/fr\/#\/schema\/person\/image\/\",\"url\":\"https:\/\/secure.gravatar.com\/avatar\/32fb6e0dbc7e0bac908b0f23ea6ed5ec?s=96&d=mm&r=g\",\"contentUrl\":\"https:\/\/secure.gravatar.com\/avatar\/32fb6e0dbc7e0bac908b0f23ea6ed5ec?s=96&d=mm&r=g\",\"caption\":\"Garrett Dunlap, B.S.\"},\"description\":\"Garrett Dunlap earned a B.S. in Biology from Case Western Reserve University with a minor in Political Science. He earned an M.S. and is currently a Ph.D. Candidate in the Biological and Biomedical Sciences (BBS) Ph.D. program at Harvard University.\u00a0He has experience in science policy as an intern at the Science and Innovation Network where he assisted in the science diplomacy functions of the British Consulate-General and as a research associate at TScan Therapeutics. He is also interested in science communication and writing. You can read more about Garrett's experience and publications on LinkedIn and ORCID.\",\"sameAs\":[\"https:\/\/nebula.org\/whole-genome-sequencing\/\"],\"url\":\"https:\/\/nebula.org\/blog\/fr\/author\/garrett-dunlap\/\"}]}<\/script>\n<!-- \/ Yoast SEO plugin. -->","yoast_head_json":{"title":"La g\u00e9n\u00e9tique de la maladie de Crohn (Franke, 2010)","description":"T\u00e9l\u00e9chargez vos donn\u00e9es ADN, explorez les variantes g\u00e9n\u00e9tiques li\u00e9es \u00e0 la maladie de Crohn (Franke, 2010) et d\u00e9couvrez votre score polyg\u00e9nique.","robots":{"index":"index","follow":"follow","max-snippet":"max-snippet:-1","max-image-preview":"max-image-preview:large","max-video-preview":"max-video-preview:-1"},"canonical":"https:\/\/nebula.org\/blog\/fr\/genetique-de-la-maladie-de-crohn-franke-2010\/","og_locale":"fr_FR","og_type":"article","og_title":"La g\u00e9n\u00e9tique de la maladie de Crohn (Franke, 2010)","og_description":"T\u00e9l\u00e9chargez vos donn\u00e9es ADN, explorez les variantes g\u00e9n\u00e9tiques li\u00e9es \u00e0 la maladie de Crohn (Franke, 2010) et d\u00e9couvrez votre score polyg\u00e9nique.","og_url":"https:\/\/nebula.org\/blog\/fr\/genetique-de-la-maladie-de-crohn-franke-2010\/","og_site_name":"Nebula Genomics Blog","article_publisher":"https:\/\/facebook.com\/nebulagenomics","article_published_time":"2021-01-06T05:34:41+00:00","article_modified_time":"2021-02-21T01:39:46+00:00","og_image":[{"width":924,"height":572,"type":"image\/jpeg","url":"https:\/\/nebula.org\/blog\/wp-content\/uploads\/2020\/03\/Screen-Shot-2020-03-09-at-11.23.02-AM.jpg"}],"author":"Garrett Dunlap, B.S.","twitter_card":"summary_large_image","twitter_creator":"@nebulagenomics","twitter_site":"@nebulagenomics","twitter_misc":{"\u00c9crit par":"Garrett Dunlap, B.S.","Dur\u00e9e de lecture estim\u00e9e":"2 minutes"},"schema":{"@context":"https:\/\/schema.org","@graph":[{"@type":"Article","@id":"https:\/\/nebula.org\/blog\/fr\/genetique-de-la-maladie-de-crohn-franke-2010\/#article","isPartOf":{"@id":"https:\/\/nebula.org\/blog\/fr\/genetique-de-la-maladie-de-crohn-franke-2010\/"},"author":{"name":"Garrett Dunlap, B.S.","@id":"https:\/\/nebula.org\/blog\/fr\/#\/schema\/person\/b7bd0a490f115d1d931c33eed922af4e"},"headline":"Maladie de Crohn (Franke, 2010)","datePublished":"2021-01-06T05:34:41+00:00","dateModified":"2021-02-21T01:39:46+00:00","mainEntityOfPage":{"@id":"https:\/\/nebula.org\/blog\/fr\/genetique-de-la-maladie-de-crohn-franke-2010\/"},"wordCount":396,"publisher":{"@id":"https:\/\/nebula.org\/blog\/fr\/#organization"},"articleSection":["Rapports"],"inLanguage":"fr-FR"},{"@type":"WebPage","@id":"https:\/\/nebula.org\/blog\/fr\/genetique-de-la-maladie-de-crohn-franke-2010\/","url":"https:\/\/nebula.org\/blog\/fr\/genetique-de-la-maladie-de-crohn-franke-2010\/","name":"La g\u00e9n\u00e9tique de la maladie de Crohn (Franke, 2010)","isPartOf":{"@id":"https:\/\/nebula.org\/blog\/fr\/#website"},"datePublished":"2021-01-06T05:34:41+00:00","dateModified":"2021-02-21T01:39:46+00:00","description":"T\u00e9l\u00e9chargez vos donn\u00e9es ADN, explorez les variantes g\u00e9n\u00e9tiques li\u00e9es \u00e0 la maladie de Crohn (Franke, 2010) et d\u00e9couvrez votre score polyg\u00e9nique.","breadcrumb":{"@id":"https:\/\/nebula.org\/blog\/fr\/genetique-de-la-maladie-de-crohn-franke-2010\/#breadcrumb"},"inLanguage":"fr-FR","potentialAction":[{"@type":"ReadAction","target":["https:\/\/nebula.org\/blog\/fr\/genetique-de-la-maladie-de-crohn-franke-2010\/"]}]},{"@type":"BreadcrumbList","@id":"https:\/\/nebula.org\/blog\/fr\/genetique-de-la-maladie-de-crohn-franke-2010\/#breadcrumb","itemListElement":[{"@type":"ListItem","position":1,"name":"Home","item":"https:\/\/nebula.org\/blog\/fr\/"},{"@type":"ListItem","position":2,"name":"Maladie de Crohn (Franke, 2010)"}]},{"@type":"WebSite","@id":"https:\/\/nebula.org\/blog\/fr\/#website","url":"https:\/\/nebula.org\/blog\/fr\/","name":"Nebula Genomics Blog","description":"","publisher":{"@id":"https:\/\/nebula.org\/blog\/fr\/#organization"},"potentialAction":[{"@type":"SearchAction","target":{"@type":"EntryPoint","urlTemplate":"https:\/\/nebula.org\/blog\/fr\/?s={search_term_string}"},"query-input":"required name=search_term_string"}],"inLanguage":"fr-FR"},{"@type":"Organization","@id":"https:\/\/nebula.org\/blog\/fr\/#organization","name":"Nebula Genomics","url":"https:\/\/nebula.org\/blog\/fr\/","logo":{"@type":"ImageObject","inLanguage":"fr-FR","@id":"https:\/\/nebula.org\/blog\/fr\/#\/schema\/logo\/image\/","url":"","contentUrl":"","caption":"Nebula Genomics"},"image":{"@id":"https:\/\/nebula.org\/blog\/fr\/#\/schema\/logo\/image\/"},"sameAs":["https:\/\/facebook.com\/nebulagenomics","https:\/\/twitter.com\/nebulagenomics","https:\/\/www.instagram.com\/nebulagenomics\/","https:\/\/www.linkedin.com\/company\/nebula-genomics\/","https:\/\/en.wikipedia.org\/wiki\/Nebula_Genomics"]},{"@type":"Person","@id":"https:\/\/nebula.org\/blog\/fr\/#\/schema\/person\/b7bd0a490f115d1d931c33eed922af4e","name":"Garrett Dunlap, B.S.","image":{"@type":"ImageObject","inLanguage":"fr-FR","@id":"https:\/\/nebula.org\/blog\/fr\/#\/schema\/person\/image\/","url":"https:\/\/secure.gravatar.com\/avatar\/32fb6e0dbc7e0bac908b0f23ea6ed5ec?s=96&d=mm&r=g","contentUrl":"https:\/\/secure.gravatar.com\/avatar\/32fb6e0dbc7e0bac908b0f23ea6ed5ec?s=96&d=mm&r=g","caption":"Garrett Dunlap, B.S."},"description":"Garrett Dunlap earned a B.S. in Biology from Case Western Reserve University with a minor in Political Science. He earned an M.S. and is currently a Ph.D. Candidate in the Biological and Biomedical Sciences (BBS) Ph.D. program at Harvard University.\u00a0He has experience in science policy as an intern at the Science and Innovation Network where he assisted in the science diplomacy functions of the British Consulate-General and as a research associate at TScan Therapeutics. He is also interested in science communication and writing. You can read more about Garrett's experience and publications on LinkedIn and ORCID.","sameAs":["https:\/\/nebula.org\/whole-genome-sequencing\/"],"url":"https:\/\/nebula.org\/blog\/fr\/author\/garrett-dunlap\/"}]}},"_links":{"self":[{"href":"https:\/\/nebula.org\/blog\/fr\/wp-json\/wp\/v2\/posts\/10751","targetHints":{"allow":["GET"]}}],"collection":[{"href":"https:\/\/nebula.org\/blog\/fr\/wp-json\/wp\/v2\/posts"}],"about":[{"href":"https:\/\/nebula.org\/blog\/fr\/wp-json\/wp\/v2\/types\/post"}],"author":[{"embeddable":true,"href":"https:\/\/nebula.org\/blog\/fr\/wp-json\/wp\/v2\/users\/12"}],"replies":[{"embeddable":true,"href":"https:\/\/nebula.org\/blog\/fr\/wp-json\/wp\/v2\/comments?post=10751"}],"version-history":[{"count":0,"href":"https:\/\/nebula.org\/blog\/fr\/wp-json\/wp\/v2\/posts\/10751\/revisions"}],"wp:featuredmedia":[{"embeddable":true,"href":"https:\/\/nebula.org\/blog\/fr\/wp-json\/wp\/v2\/media\/5880"}],"wp:attachment":[{"href":"https:\/\/nebula.org\/blog\/fr\/wp-json\/wp\/v2\/media?parent=10751"}],"wp:term":[{"taxonomy":"category","embeddable":true,"href":"https:\/\/nebula.org\/blog\/fr\/wp-json\/wp\/v2\/categories?post=10751"},{"taxonomy":"post_tag","embeddable":true,"href":"https:\/\/nebula.org\/blog\/fr\/wp-json\/wp\/v2\/tags?post=10751"}],"curies":[{"name":"wp","href":"https:\/\/api.w.org\/{rel}","templated":true}]}}