{"id":10815,"date":"2021-01-06T00:35:46","date_gmt":"2021-01-06T05:35:46","guid":{"rendered":"https:\/\/nebula.org\/blog\/taille-familiale-petite-taille-lin-2020\/"},"modified":"2021-02-20T20:53:10","modified_gmt":"2021-02-21T01:53:10","slug":"taille-familiale-petite-taille-lin-2020","status":"publish","type":"post","link":"https:\/\/nebula.org\/blog\/fr\/taille-familiale-petite-taille-lin-2020\/","title":{"rendered":"Petite taille familiale (Lin, 2020)"},"content":{"rendered":"\n<p><strong>TITRE DE L&rsquo;\u00c9TUDE:<\/strong><a href=\"https:\/\/academic.oup.com\/jcem\/advance-article-abstract\/doi\/10.1210\/clinem\/dgaa131\/5805154?redirectedFrom=fulltext\"> Architecture g\u00e9n\u00e9tique associ\u00e9e \u00e0 la petite taille familiale<\/a><\/p>\n\n<p><strong>SOMMAIRE:<\/strong> D\u00e9couverte de 10 variantes g\u00e9n\u00e9tiques associ\u00e9es \u00e0 une petite taille familiale.<\/p>\n\n<p><strong>APER\u00c7U:<\/strong> La hauteur varie \u00e9norm\u00e9ment \u00e0 travers le monde! Aux Pays-Bas, la taille moyenne des hommes et des femmes est de 6 pieds et 5 pieds 7 pouces, respectivement. De l&rsquo;autre c\u00f4t\u00e9 de l&rsquo;oc\u00e9an, les hommes et les femmes du P\u00e9rou mesurent en moyenne 5 pieds 5 pouces et 4 pieds 11 pouces. Bien que les facteurs environnementaux contribuent aux diff\u00e9rences de taille, des \u00e9tudes sur des jumeaux ont estim\u00e9 que pr\u00e8s de 86% de la taille d&rsquo;une personne peut \u00eatre due \u00e0 la g\u00e9n\u00e9tique. Cette \u00e9tude visait \u00e0 comprendre la g\u00e9n\u00e9tique de la petite taille familiale, d\u00e9finie comme ayant une taille plus courte que 97% des personnes du m\u00eame \u00e2ge et du m\u00eame sexe. Les chercheurs ont examin\u00e9 les g\u00e9nomes de 1163 individus d&rsquo;ascendance chinoise Han qui ont re\u00e7u un diagnostic de petite taille familiale. L&rsquo;\u00e9tude a d\u00e9couvert 10 nouvelles variantes g\u00e9n\u00e9tiques qui n&rsquo;avaient pas \u00e9t\u00e9 pr\u00e9c\u00e9demment associ\u00e9es \u00e0 la taille g\u00e9n\u00e9rale. De multiples variantes se trouvent dans des g\u00e8nes qui jouent un r\u00f4le dans la production de<em> les hormones<\/em> qui contr\u00f4lent la croissance et le d\u00e9veloppement.<\/p>\n\n<p><strong>LE SAVIEZ-VOUS?<\/strong> Certaines \u00e9tudes ont trouv\u00e9 un lien potentiel entre une taille plus courte et une diminution du risque de d\u00e9velopper certains cancers. Par exemple, les femmes plus grandes sont plus susceptibles de d\u00e9velopper un cancer du sein, avec un risque accru de 1,2% pour chaque 4 pouces de hauteur. Pour les hommes, le risque de cancer de la prostate augmente \u00e9galement avec la taille, environ 1% pour chaque 4 pouces de hauteur. <a rel=\"noreferrer noopener\" href=\"https:\/\/www.onhealth.com\/content\/1\/your_health_how_your_height_impacts\" target=\"_blank\">[SOURCE]<\/a><\/p>\n\n<p><strong>EXEMPLE DE R\u00c9SULTATS:<\/strong> En savoir plus sur<a href=\"https:\/\/nebula.org\/blog\/fr\/recherche-genetique-deblocage-bibliotheque-nebuleuse\/\"> Biblioth\u00e8que de recherche sur la n\u00e9buleuse<\/a> . <\/p>\n\n<figure class=\"wp-block-image size-large\"><a href=\"https:\/\/nebula.org\/free-dna-upload-analysis\/\"><img decoding=\"async\" width=\"1024\" height=\"375\" src=\"http:\/\/nebula.org\/blog\/wp-content\/uploads\/2020\/01\/Nebula-personalized-results-genomics-1024x375.png\" alt=\"Exemples de r&#xE9;sultats pour la petite taille familiale.\" class=\"wp-image-1066\" srcset=\"https:\/\/nebula.org\/blog\/wp-content\/uploads\/2020\/01\/Nebula-personalized-results-genomics-1024x375.png 1024w, https:\/\/nebula.org\/blog\/wp-content\/uploads\/2020\/01\/Nebula-personalized-results-genomics-300x110.png 300w, https:\/\/nebula.org\/blog\/wp-content\/uploads\/2020\/01\/Nebula-personalized-results-genomics-768x281.png 768w, https:\/\/nebula.org\/blog\/wp-content\/uploads\/2020\/01\/Nebula-personalized-results-genomics-1536x562.png 1536w, https:\/\/nebula.org\/blog\/wp-content\/uploads\/2020\/01\/Nebula-personalized-results-genomics.png 924w\" sizes=\"(max-width: 1024px) 100vw, 1024px\" \/><\/a><\/figure>\n\n<p><strong>VARIANTES ANALYS\u00c9ES:<\/strong> rs7659854, rs2375843, rs525537, rs116988614, rs7033295, rs13183322, rs202128628, rs117002249<\/p>\n\n<p><strong>RESSOURCES ADDITIONNELLES:<\/strong><br\/><a rel=\"noreferrer noopener\" href=\"https:\/\/www.youtube.com\/watch?v=0cuO5OSDMbw\" target=\"_blank\">La hauteur est-elle g\u00e9n\u00e9tique? (Vid\u00e9o)<\/a><br\/><a rel=\"noreferrer noopener\" href=\"https:\/\/en.wikipedia.org\/wiki\/Short_stature\" target=\"_blank\">la taille<\/a><\/p>\n\n<p><strong>MISE \u00c0 JOUR HEBDOMADAIRE:<\/strong> 31 mars 2020<\/p>\n","protected":false},"excerpt":{"rendered":"<p>TITRE DE L&rsquo;\u00c9TUDE: Architecture g\u00e9n\u00e9tique associ\u00e9e \u00e0 la petite taille familiale SOMMAIRE: D\u00e9couverte de 10 variantes g\u00e9n\u00e9tiques associ\u00e9es \u00e0 une petite taille familiale. APER\u00c7U: La hauteur varie \u00e9norm\u00e9ment \u00e0 travers le monde! Aux Pays-Bas, la taille moyenne des hommes et &hellip;<\/p>\n<p class=\"read-more\"> <a class=\"ast-button\" href=\"https:\/\/nebula.org\/blog\/fr\/taille-familiale-petite-taille-lin-2020\/\"> <span class=\"screen-reader-text\">Petite taille familiale (Lin, 2020)<\/span> Lire la suite \u00bb<\/a><\/p>\n","protected":false},"author":12,"featured_media":6025,"comment_status":"closed","ping_status":"closed","sticky":false,"template":"","format":"standard","meta":{"om_disable_all_campaigns":false,"site-sidebar-layout":"default","site-content-layout":"default","ast-global-header-display":"","ast-banner-title-visibility":"","ast-main-header-display":"","ast-hfb-above-header-display":"","ast-hfb-below-header-display":"","ast-hfb-mobile-header-display":"","site-post-title":"","ast-breadcrumbs-content":"","ast-featured-img":"","footer-sml-layout":"","theme-transparent-header-meta":"default","adv-header-id-meta":"","stick-header-meta":"default","header-above-stick-meta":"","header-main-stick-meta":"","header-below-stick-meta":"","_FSMCFIC_featured_image_caption":"","_FSMCFIC_featured_image_nocaption":"","_FSMCFIC_featured_image_hide":"","footnotes":""},"categories":[4984],"tags":[],"class_list":["post-10815","post","type-post","status-publish","format-standard","has-post-thumbnail","hentry","category-rapports"],"yoast_head":"<!-- This site is optimized with the Yoast SEO plugin v20.13 - https:\/\/yoast.com\/wordpress\/plugins\/seo\/ -->\n<title>La g\u00e9n\u00e9tique de la petite taille familiale (Lin, 2020) - taille<\/title>\n<meta name=\"description\" content=\"La petite taille varie \u00e9norm\u00e9ment \u00e0 travers le monde! Aux Pays-Bas, la taille moyenne des hommes et des femmes est de 6 pieds et 5 pieds 7 pouces, respectivement.\" \/>\n<meta name=\"robots\" content=\"index, follow, max-snippet:-1, max-image-preview:large, max-video-preview:-1\" \/>\n<link rel=\"canonical\" href=\"https:\/\/nebula.org\/blog\/fr\/taille-familiale-petite-taille-lin-2020\/\" \/>\n<meta property=\"og:locale\" content=\"fr_FR\" \/>\n<meta property=\"og:type\" content=\"article\" \/>\n<meta property=\"og:title\" content=\"La g\u00e9n\u00e9tique de la petite taille familiale (Lin, 2020) - taille\" \/>\n<meta property=\"og:description\" content=\"La petite taille varie \u00e9norm\u00e9ment \u00e0 travers le monde! Aux Pays-Bas, la taille moyenne des hommes et des femmes est de 6 pieds et 5 pieds 7 pouces, respectivement.\" \/>\n<meta property=\"og:url\" content=\"https:\/\/nebula.org\/blog\/fr\/taille-familiale-petite-taille-lin-2020\/\" \/>\n<meta property=\"og:site_name\" content=\"Nebula Genomics Blog\" \/>\n<meta property=\"article:publisher\" content=\"https:\/\/facebook.com\/nebulagenomics\" \/>\n<meta property=\"article:published_time\" content=\"2021-01-06T05:35:46+00:00\" \/>\n<meta property=\"article:modified_time\" content=\"2021-02-21T01:53:10+00:00\" \/>\n<meta property=\"og:image\" content=\"https:\/\/nebula.org\/blog\/wp-content\/uploads\/2020\/03\/jeff-trierweiler-ZzR00JtjXPA-unsplash-scaled.jpg\" \/>\n\t<meta property=\"og:image:width\" content=\"924\" \/>\n\t<meta property=\"og:image:height\" content=\"739\" \/>\n\t<meta property=\"og:image:type\" content=\"image\/jpeg\" \/>\n<meta name=\"author\" content=\"Garrett Dunlap, B.S.\" \/>\n<meta name=\"twitter:card\" content=\"summary_large_image\" \/>\n<meta name=\"twitter:creator\" content=\"@nebulagenomics\" \/>\n<meta name=\"twitter:site\" content=\"@nebulagenomics\" \/>\n<meta name=\"twitter:label1\" content=\"\u00c9crit par\" \/>\n\t<meta name=\"twitter:data1\" content=\"Garrett Dunlap, B.S.\" \/>\n\t<meta name=\"twitter:label2\" content=\"Dur\u00e9e de lecture estim\u00e9e\" \/>\n\t<meta name=\"twitter:data2\" content=\"2 minutes\" \/>\n<script type=\"application\/ld+json\" class=\"yoast-schema-graph\">{\"@context\":\"https:\/\/schema.org\",\"@graph\":[{\"@type\":\"Article\",\"@id\":\"https:\/\/nebula.org\/blog\/fr\/taille-familiale-petite-taille-lin-2020\/#article\",\"isPartOf\":{\"@id\":\"https:\/\/nebula.org\/blog\/fr\/taille-familiale-petite-taille-lin-2020\/\"},\"author\":{\"name\":\"Garrett Dunlap, B.S.\",\"@id\":\"https:\/\/nebula.org\/blog\/fr\/#\/schema\/person\/b7bd0a490f115d1d931c33eed922af4e\"},\"headline\":\"Petite taille familiale (Lin, 2020)\",\"datePublished\":\"2021-01-06T05:35:46+00:00\",\"dateModified\":\"2021-02-21T01:53:10+00:00\",\"mainEntityOfPage\":{\"@id\":\"https:\/\/nebula.org\/blog\/fr\/taille-familiale-petite-taille-lin-2020\/\"},\"wordCount\":344,\"publisher\":{\"@id\":\"https:\/\/nebula.org\/blog\/fr\/#organization\"},\"articleSection\":[\"Rapports\"],\"inLanguage\":\"fr-FR\"},{\"@type\":\"WebPage\",\"@id\":\"https:\/\/nebula.org\/blog\/fr\/taille-familiale-petite-taille-lin-2020\/\",\"url\":\"https:\/\/nebula.org\/blog\/fr\/taille-familiale-petite-taille-lin-2020\/\",\"name\":\"La g\u00e9n\u00e9tique de la petite taille familiale (Lin, 2020) - taille\",\"isPartOf\":{\"@id\":\"https:\/\/nebula.org\/blog\/fr\/#website\"},\"datePublished\":\"2021-01-06T05:35:46+00:00\",\"dateModified\":\"2021-02-21T01:53:10+00:00\",\"description\":\"La petite taille varie \u00e9norm\u00e9ment \u00e0 travers le monde! Aux Pays-Bas, la taille moyenne des hommes et des femmes est de 6 pieds et 5 pieds 7 pouces, respectivement.\",\"breadcrumb\":{\"@id\":\"https:\/\/nebula.org\/blog\/fr\/taille-familiale-petite-taille-lin-2020\/#breadcrumb\"},\"inLanguage\":\"fr-FR\",\"potentialAction\":[{\"@type\":\"ReadAction\",\"target\":[\"https:\/\/nebula.org\/blog\/fr\/taille-familiale-petite-taille-lin-2020\/\"]}]},{\"@type\":\"BreadcrumbList\",\"@id\":\"https:\/\/nebula.org\/blog\/fr\/taille-familiale-petite-taille-lin-2020\/#breadcrumb\",\"itemListElement\":[{\"@type\":\"ListItem\",\"position\":1,\"name\":\"Home\",\"item\":\"https:\/\/nebula.org\/blog\/fr\/\"},{\"@type\":\"ListItem\",\"position\":2,\"name\":\"Petite taille familiale (Lin, 2020)\"}]},{\"@type\":\"WebSite\",\"@id\":\"https:\/\/nebula.org\/blog\/fr\/#website\",\"url\":\"https:\/\/nebula.org\/blog\/fr\/\",\"name\":\"Nebula Genomics Blog\",\"description\":\"\",\"publisher\":{\"@id\":\"https:\/\/nebula.org\/blog\/fr\/#organization\"},\"potentialAction\":[{\"@type\":\"SearchAction\",\"target\":{\"@type\":\"EntryPoint\",\"urlTemplate\":\"https:\/\/nebula.org\/blog\/fr\/?s={search_term_string}\"},\"query-input\":\"required name=search_term_string\"}],\"inLanguage\":\"fr-FR\"},{\"@type\":\"Organization\",\"@id\":\"https:\/\/nebula.org\/blog\/fr\/#organization\",\"name\":\"Nebula Genomics\",\"url\":\"https:\/\/nebula.org\/blog\/fr\/\",\"logo\":{\"@type\":\"ImageObject\",\"inLanguage\":\"fr-FR\",\"@id\":\"https:\/\/nebula.org\/blog\/fr\/#\/schema\/logo\/image\/\",\"url\":\"\",\"contentUrl\":\"\",\"caption\":\"Nebula Genomics\"},\"image\":{\"@id\":\"https:\/\/nebula.org\/blog\/fr\/#\/schema\/logo\/image\/\"},\"sameAs\":[\"https:\/\/facebook.com\/nebulagenomics\",\"https:\/\/twitter.com\/nebulagenomics\",\"https:\/\/www.instagram.com\/nebulagenomics\/\",\"https:\/\/www.linkedin.com\/company\/nebula-genomics\/\",\"https:\/\/en.wikipedia.org\/wiki\/Nebula_Genomics\"]},{\"@type\":\"Person\",\"@id\":\"https:\/\/nebula.org\/blog\/fr\/#\/schema\/person\/b7bd0a490f115d1d931c33eed922af4e\",\"name\":\"Garrett Dunlap, B.S.\",\"image\":{\"@type\":\"ImageObject\",\"inLanguage\":\"fr-FR\",\"@id\":\"https:\/\/nebula.org\/blog\/fr\/#\/schema\/person\/image\/\",\"url\":\"https:\/\/secure.gravatar.com\/avatar\/32fb6e0dbc7e0bac908b0f23ea6ed5ec?s=96&d=mm&r=g\",\"contentUrl\":\"https:\/\/secure.gravatar.com\/avatar\/32fb6e0dbc7e0bac908b0f23ea6ed5ec?s=96&d=mm&r=g\",\"caption\":\"Garrett Dunlap, B.S.\"},\"description\":\"Garrett Dunlap earned a B.S. in Biology from Case Western Reserve University with a minor in Political Science. He earned an M.S. and is currently a Ph.D. Candidate in the Biological and Biomedical Sciences (BBS) Ph.D. program at Harvard University.\u00a0He has experience in science policy as an intern at the Science and Innovation Network where he assisted in the science diplomacy functions of the British Consulate-General and as a research associate at TScan Therapeutics. He is also interested in science communication and writing. You can read more about Garrett's experience and publications on LinkedIn and ORCID.\",\"sameAs\":[\"https:\/\/nebula.org\/whole-genome-sequencing\/\"],\"url\":\"https:\/\/nebula.org\/blog\/fr\/author\/garrett-dunlap\/\"}]}<\/script>\n<!-- \/ Yoast SEO plugin. -->","yoast_head_json":{"title":"La g\u00e9n\u00e9tique de la petite taille familiale (Lin, 2020) - taille","description":"La petite taille varie \u00e9norm\u00e9ment \u00e0 travers le monde! Aux Pays-Bas, la taille moyenne des hommes et des femmes est de 6 pieds et 5 pieds 7 pouces, respectivement.","robots":{"index":"index","follow":"follow","max-snippet":"max-snippet:-1","max-image-preview":"max-image-preview:large","max-video-preview":"max-video-preview:-1"},"canonical":"https:\/\/nebula.org\/blog\/fr\/taille-familiale-petite-taille-lin-2020\/","og_locale":"fr_FR","og_type":"article","og_title":"La g\u00e9n\u00e9tique de la petite taille familiale (Lin, 2020) - taille","og_description":"La petite taille varie \u00e9norm\u00e9ment \u00e0 travers le monde! Aux Pays-Bas, la taille moyenne des hommes et des femmes est de 6 pieds et 5 pieds 7 pouces, respectivement.","og_url":"https:\/\/nebula.org\/blog\/fr\/taille-familiale-petite-taille-lin-2020\/","og_site_name":"Nebula Genomics Blog","article_publisher":"https:\/\/facebook.com\/nebulagenomics","article_published_time":"2021-01-06T05:35:46+00:00","article_modified_time":"2021-02-21T01:53:10+00:00","og_image":[{"width":924,"height":739,"url":"https:\/\/nebula.org\/blog\/wp-content\/uploads\/2020\/03\/jeff-trierweiler-ZzR00JtjXPA-unsplash-scaled.jpg","type":"image\/jpeg"}],"author":"Garrett Dunlap, B.S.","twitter_card":"summary_large_image","twitter_creator":"@nebulagenomics","twitter_site":"@nebulagenomics","twitter_misc":{"\u00c9crit par":"Garrett Dunlap, B.S.","Dur\u00e9e de lecture estim\u00e9e":"2 minutes"},"schema":{"@context":"https:\/\/schema.org","@graph":[{"@type":"Article","@id":"https:\/\/nebula.org\/blog\/fr\/taille-familiale-petite-taille-lin-2020\/#article","isPartOf":{"@id":"https:\/\/nebula.org\/blog\/fr\/taille-familiale-petite-taille-lin-2020\/"},"author":{"name":"Garrett Dunlap, B.S.","@id":"https:\/\/nebula.org\/blog\/fr\/#\/schema\/person\/b7bd0a490f115d1d931c33eed922af4e"},"headline":"Petite taille familiale (Lin, 2020)","datePublished":"2021-01-06T05:35:46+00:00","dateModified":"2021-02-21T01:53:10+00:00","mainEntityOfPage":{"@id":"https:\/\/nebula.org\/blog\/fr\/taille-familiale-petite-taille-lin-2020\/"},"wordCount":344,"publisher":{"@id":"https:\/\/nebula.org\/blog\/fr\/#organization"},"articleSection":["Rapports"],"inLanguage":"fr-FR"},{"@type":"WebPage","@id":"https:\/\/nebula.org\/blog\/fr\/taille-familiale-petite-taille-lin-2020\/","url":"https:\/\/nebula.org\/blog\/fr\/taille-familiale-petite-taille-lin-2020\/","name":"La g\u00e9n\u00e9tique de la petite taille familiale (Lin, 2020) - taille","isPartOf":{"@id":"https:\/\/nebula.org\/blog\/fr\/#website"},"datePublished":"2021-01-06T05:35:46+00:00","dateModified":"2021-02-21T01:53:10+00:00","description":"La petite taille varie \u00e9norm\u00e9ment \u00e0 travers le monde! Aux Pays-Bas, la taille moyenne des hommes et des femmes est de 6 pieds et 5 pieds 7 pouces, respectivement.","breadcrumb":{"@id":"https:\/\/nebula.org\/blog\/fr\/taille-familiale-petite-taille-lin-2020\/#breadcrumb"},"inLanguage":"fr-FR","potentialAction":[{"@type":"ReadAction","target":["https:\/\/nebula.org\/blog\/fr\/taille-familiale-petite-taille-lin-2020\/"]}]},{"@type":"BreadcrumbList","@id":"https:\/\/nebula.org\/blog\/fr\/taille-familiale-petite-taille-lin-2020\/#breadcrumb","itemListElement":[{"@type":"ListItem","position":1,"name":"Home","item":"https:\/\/nebula.org\/blog\/fr\/"},{"@type":"ListItem","position":2,"name":"Petite taille familiale (Lin, 2020)"}]},{"@type":"WebSite","@id":"https:\/\/nebula.org\/blog\/fr\/#website","url":"https:\/\/nebula.org\/blog\/fr\/","name":"Nebula Genomics Blog","description":"","publisher":{"@id":"https:\/\/nebula.org\/blog\/fr\/#organization"},"potentialAction":[{"@type":"SearchAction","target":{"@type":"EntryPoint","urlTemplate":"https:\/\/nebula.org\/blog\/fr\/?s={search_term_string}"},"query-input":"required name=search_term_string"}],"inLanguage":"fr-FR"},{"@type":"Organization","@id":"https:\/\/nebula.org\/blog\/fr\/#organization","name":"Nebula Genomics","url":"https:\/\/nebula.org\/blog\/fr\/","logo":{"@type":"ImageObject","inLanguage":"fr-FR","@id":"https:\/\/nebula.org\/blog\/fr\/#\/schema\/logo\/image\/","url":"","contentUrl":"","caption":"Nebula Genomics"},"image":{"@id":"https:\/\/nebula.org\/blog\/fr\/#\/schema\/logo\/image\/"},"sameAs":["https:\/\/facebook.com\/nebulagenomics","https:\/\/twitter.com\/nebulagenomics","https:\/\/www.instagram.com\/nebulagenomics\/","https:\/\/www.linkedin.com\/company\/nebula-genomics\/","https:\/\/en.wikipedia.org\/wiki\/Nebula_Genomics"]},{"@type":"Person","@id":"https:\/\/nebula.org\/blog\/fr\/#\/schema\/person\/b7bd0a490f115d1d931c33eed922af4e","name":"Garrett Dunlap, B.S.","image":{"@type":"ImageObject","inLanguage":"fr-FR","@id":"https:\/\/nebula.org\/blog\/fr\/#\/schema\/person\/image\/","url":"https:\/\/secure.gravatar.com\/avatar\/32fb6e0dbc7e0bac908b0f23ea6ed5ec?s=96&d=mm&r=g","contentUrl":"https:\/\/secure.gravatar.com\/avatar\/32fb6e0dbc7e0bac908b0f23ea6ed5ec?s=96&d=mm&r=g","caption":"Garrett Dunlap, B.S."},"description":"Garrett Dunlap earned a B.S. in Biology from Case Western Reserve University with a minor in Political Science. He earned an M.S. and is currently a Ph.D. Candidate in the Biological and Biomedical Sciences (BBS) Ph.D. program at Harvard University.\u00a0He has experience in science policy as an intern at the Science and Innovation Network where he assisted in the science diplomacy functions of the British Consulate-General and as a research associate at TScan Therapeutics. He is also interested in science communication and writing. You can read more about Garrett's experience and publications on LinkedIn and ORCID.","sameAs":["https:\/\/nebula.org\/whole-genome-sequencing\/"],"url":"https:\/\/nebula.org\/blog\/fr\/author\/garrett-dunlap\/"}]}},"_links":{"self":[{"href":"https:\/\/nebula.org\/blog\/fr\/wp-json\/wp\/v2\/posts\/10815","targetHints":{"allow":["GET"]}}],"collection":[{"href":"https:\/\/nebula.org\/blog\/fr\/wp-json\/wp\/v2\/posts"}],"about":[{"href":"https:\/\/nebula.org\/blog\/fr\/wp-json\/wp\/v2\/types\/post"}],"author":[{"embeddable":true,"href":"https:\/\/nebula.org\/blog\/fr\/wp-json\/wp\/v2\/users\/12"}],"replies":[{"embeddable":true,"href":"https:\/\/nebula.org\/blog\/fr\/wp-json\/wp\/v2\/comments?post=10815"}],"version-history":[{"count":0,"href":"https:\/\/nebula.org\/blog\/fr\/wp-json\/wp\/v2\/posts\/10815\/revisions"}],"wp:featuredmedia":[{"embeddable":true,"href":"https:\/\/nebula.org\/blog\/fr\/wp-json\/wp\/v2\/media\/6025"}],"wp:attachment":[{"href":"https:\/\/nebula.org\/blog\/fr\/wp-json\/wp\/v2\/media?parent=10815"}],"wp:term":[{"taxonomy":"category","embeddable":true,"href":"https:\/\/nebula.org\/blog\/fr\/wp-json\/wp\/v2\/categories?post=10815"},{"taxonomy":"post_tag","embeddable":true,"href":"https:\/\/nebula.org\/blog\/fr\/wp-json\/wp\/v2\/tags?post=10815"}],"curies":[{"name":"wp","href":"https:\/\/api.w.org\/{rel}","templated":true}]}}