{"id":9690,"date":"2021-01-05T23:57:34","date_gmt":"2021-01-06T04:57:34","guid":{"rendered":"https:\/\/nebula.org\/blog\/genetique-de-lasthme-ferreira-2019\/"},"modified":"2021-02-20T20:46:17","modified_gmt":"2021-02-21T01:46:17","slug":"genetique-de-lasthme-ferreira-2019","status":"publish","type":"post","link":"https:\/\/nebula.org\/blog\/fr\/genetique-de-lasthme-ferreira-2019\/","title":{"rendered":"Asthme (Ferreira, 2019)"},"content":{"rendered":"\n<p><strong>TITRE DE L&rsquo;\u00c9TUDE:<\/strong><a href=\"https:\/\/www.jacionline.org\/article\/S0091-6749(13)01643-6\/fulltext\"> L&rsquo;analyse d&rsquo;association pang\u00e9nomique identifie 11 variantes de risque associ\u00e9es \u00e0 l&rsquo;asthme avec ph\u00e9notype rhume des foins<\/a><\/p>\n\n<p><strong>SOMMAIRE:<\/strong> Les m\u00eames variantes g\u00e9n\u00e9tiques sont associ\u00e9es au rhume des foins et \u00e0 l&rsquo;asthme.<\/p>\n\n<p><strong>LA DESCRIPTION:<\/strong> L&rsquo;asthme est une condition dans laquelle vos voies respiratoires produisent du mucus suppl\u00e9mentaire et se contractent, ce qui rend la respiration difficile. Le rhume des foins est \u00e9galement connu sous le nom d&rsquo;allergies saisonni\u00e8res. Les sympt\u00f4mes courants comprennent des yeux larmoyants, des \u00e9ternuements et un nez qui coule. Des \u00e9tudes ant\u00e9rieures ont d\u00e9termin\u00e9 que les deux conditions sont souvent associ\u00e9es l&rsquo;une \u00e0 l&rsquo;autre. Par cons\u00e9quent, cette \u00e9tude a tent\u00e9 de trouver des variantes g\u00e9n\u00e9tiques associ\u00e9es aux deux maladies en effectuant une m\u00e9ta-analyse de ces \u00e9tudes ant\u00e9rieures. 6 685 personnes diagnostiqu\u00e9es d&rsquo;asthme et de rhume des foins ont \u00e9t\u00e9 compar\u00e9es \u00e0 14 091 personnes qui n&rsquo;avaient aucune de ces maladies. L&rsquo;\u00e9tude a r\u00e9v\u00e9l\u00e9 que les variantes g\u00e9n\u00e9tiques associ\u00e9es \u00e0 ces deux conditions sont \u00e9galement li\u00e9es \u00e0 l&rsquo;ecz\u00e9ma et \u00e0 de multiples maladies auto-immunes.<\/p>\n\n<p><strong>LE SAVIEZ-VOUS?<\/strong> Selon de nombreuses \u00e9tudes, l&rsquo;exposition aux antig\u00e8nes (une substance qui induit une r\u00e9ponse immunitaire) pendant l&rsquo;enfance diminue le risque de d\u00e9velopper des allergies plus tard dans la vie. [<a href=\"https:\/\/www.livescience.com\/46151-early-exposure-allergens-children-allergy-risk.html\"> LA SOURCE<\/a> ]<\/p>\n\n<p><strong>EXEMPLE DE R\u00c9SULTATS:<\/strong> En savoir plus sur<a href=\"https:\/\/nebula.org\/blog\/fr\/recherche-genetique-deblocage-bibliotheque-nebuleuse\/\"> Biblioth\u00e8que de recherche sur la n\u00e9buleuse<\/a> .<\/p>\n\n<figure class=\"wp-block-image\"><a href=\"https:\/\/nebula.org\/free-dna-upload-analysis\/\"><img decoding=\"async\" src=\"https:\/\/nebula.org\/blog\/wp-content\/uploads\/2020\/01\/Nebula-personalized-results-genomics-1024x375.png\" alt=\"R&#xE9;sultats des &#xE9;chantillons d'asthme.\"\/><\/a><\/figure>\n\n<p><\/p>\n\n<p><strong>VARIANTES ASSOCI\u00c9ES \u00c0 L&rsquo;ASTHME:<\/strong> rs9273373, rs4833095, rs1438673, rs10197862, rs2155219, rs7212938, rs1837253, rs72699186, rs7009110, rs17294280, rs62026376<\/p>\n\n<p><strong>RESSOURCES ADDITIONNELLES:<\/strong><br\/><a rel=\"noreferrer noopener\" href=\"https:\/\/www.mayoclinic.org\/diseases-conditions\/asthma\/symptoms-causes\/syc-20369653\" target=\"_blank\">Informations sur l&rsquo;asthme<\/a><br\/><a rel=\"noreferrer noopener\" href=\"https:\/\/acaai.org\/allergies\/types\/hay-fever-rhinitis\" target=\"_blank\">Informations sur le rhume des foins<\/a><br\/><a rel=\"noreferrer noopener\" href=\"https:\/\/www.youtube.com\/watch?v=ZmXm80BSfPU\" target=\"_blank\">L&rsquo;anatomie des allergies<\/a><\/p>\n\n<p><strong>MISE \u00c0 JOUR HEBDOMADAIRE:<\/strong> 23 juillet 2019<\/p>\n\n<p><\/p>\n\n<p><\/p>\n\n<p><br\/><\/p>\n","protected":false},"excerpt":{"rendered":"<p>TITRE DE L&rsquo;\u00c9TUDE: L&rsquo;analyse d&rsquo;association pang\u00e9nomique identifie 11 variantes de risque associ\u00e9es \u00e0 l&rsquo;asthme avec ph\u00e9notype rhume des foins SOMMAIRE: Les m\u00eames variantes g\u00e9n\u00e9tiques sont associ\u00e9es au rhume des foins et \u00e0 l&rsquo;asthme. LA DESCRIPTION: L&rsquo;asthme est une condition dans &hellip;<\/p>\n<p class=\"read-more\"> <a class=\"ast-button\" href=\"https:\/\/nebula.org\/blog\/fr\/genetique-de-lasthme-ferreira-2019\/\"> <span class=\"screen-reader-text\">Asthme (Ferreira, 2019)<\/span> Lire la suite \u00bb<\/a><\/p>\n","protected":false},"author":12,"featured_media":5200,"comment_status":"closed","ping_status":"closed","sticky":false,"template":"","format":"standard","meta":{"om_disable_all_campaigns":false,"site-sidebar-layout":"default","site-content-layout":"default","ast-global-header-display":"","ast-banner-title-visibility":"","ast-main-header-display":"","ast-hfb-above-header-display":"","ast-hfb-below-header-display":"","ast-hfb-mobile-header-display":"","site-post-title":"","ast-breadcrumbs-content":"","ast-featured-img":"","footer-sml-layout":"","theme-transparent-header-meta":"default","adv-header-id-meta":"","stick-header-meta":"default","header-above-stick-meta":"","header-main-stick-meta":"","header-below-stick-meta":"","_FSMCFIC_featured_image_caption":"","_FSMCFIC_featured_image_nocaption":"","_FSMCFIC_featured_image_hide":"","footnotes":""},"categories":[4984],"tags":[],"class_list":["post-9690","post","type-post","status-publish","format-standard","has-post-thumbnail","hentry","category-rapports"],"yoast_head":"<!-- This site is optimized with the Yoast SEO plugin v20.13 - https:\/\/yoast.com\/wordpress\/plugins\/seo\/ -->\n<title>La g\u00e9n\u00e9tique de l&#039;asthme (Ferreira, 2019)<\/title>\n<meta name=\"description\" content=\"L&#039;asthme est une condition dans laquelle il est difficile de respirer. Les m\u00eames variantes g\u00e9n\u00e9tiques sont associ\u00e9es au rhume des foins et \u00e0 l&#039;asthme.\" \/>\n<meta name=\"robots\" content=\"index, follow, max-snippet:-1, max-image-preview:large, max-video-preview:-1\" \/>\n<link rel=\"canonical\" href=\"https:\/\/nebula.org\/blog\/fr\/genetique-de-lasthme-ferreira-2019\/\" \/>\n<meta property=\"og:locale\" content=\"fr_FR\" \/>\n<meta property=\"og:type\" content=\"article\" \/>\n<meta property=\"og:title\" content=\"La g\u00e9n\u00e9tique de l&#039;asthme (Ferreira, 2019)\" \/>\n<meta property=\"og:description\" content=\"L&#039;asthme est une condition dans laquelle il est difficile de respirer. Les m\u00eames variantes g\u00e9n\u00e9tiques sont associ\u00e9es au rhume des foins et \u00e0 l&#039;asthme.\" \/>\n<meta property=\"og:url\" content=\"https:\/\/nebula.org\/blog\/fr\/genetique-de-lasthme-ferreira-2019\/\" \/>\n<meta property=\"og:site_name\" content=\"Nebula Genomics Blog\" \/>\n<meta property=\"article:publisher\" content=\"https:\/\/facebook.com\/nebulagenomics\" \/>\n<meta property=\"article:published_time\" content=\"2021-01-06T04:57:34+00:00\" \/>\n<meta property=\"article:modified_time\" content=\"2021-02-21T01:46:17+00:00\" \/>\n<meta property=\"og:image\" content=\"https:\/\/nebula.org\/blog\/wp-content\/uploads\/2020\/01\/phil-hearing-sJpuPH19W7k-unsplash-scaled.jpg\" \/>\n\t<meta property=\"og:image:width\" content=\"2560\" \/>\n\t<meta property=\"og:image:height\" content=\"1707\" \/>\n\t<meta property=\"og:image:type\" content=\"image\/jpeg\" \/>\n<meta name=\"author\" content=\"Garrett Dunlap, B.S.\" \/>\n<meta name=\"twitter:card\" content=\"summary_large_image\" \/>\n<meta name=\"twitter:creator\" content=\"@nebulagenomics\" \/>\n<meta name=\"twitter:site\" content=\"@nebulagenomics\" \/>\n<meta name=\"twitter:label1\" content=\"\u00c9crit par\" \/>\n\t<meta name=\"twitter:data1\" content=\"Garrett Dunlap, B.S.\" \/>\n\t<meta name=\"twitter:label2\" content=\"Dur\u00e9e de lecture estim\u00e9e\" \/>\n\t<meta name=\"twitter:data2\" content=\"1 minute\" \/>\n<script type=\"application\/ld+json\" class=\"yoast-schema-graph\">{\"@context\":\"https:\/\/schema.org\",\"@graph\":[{\"@type\":\"Article\",\"@id\":\"https:\/\/nebula.org\/blog\/fr\/genetique-de-lasthme-ferreira-2019\/#article\",\"isPartOf\":{\"@id\":\"https:\/\/nebula.org\/blog\/fr\/genetique-de-lasthme-ferreira-2019\/\"},\"author\":{\"name\":\"Garrett Dunlap, B.S.\",\"@id\":\"https:\/\/nebula.org\/blog\/fr\/#\/schema\/person\/b7bd0a490f115d1d931c33eed922af4e\"},\"headline\":\"Asthme (Ferreira, 2019)\",\"datePublished\":\"2021-01-06T04:57:34+00:00\",\"dateModified\":\"2021-02-21T01:46:17+00:00\",\"mainEntityOfPage\":{\"@id\":\"https:\/\/nebula.org\/blog\/fr\/genetique-de-lasthme-ferreira-2019\/\"},\"wordCount\":287,\"publisher\":{\"@id\":\"https:\/\/nebula.org\/blog\/fr\/#organization\"},\"articleSection\":[\"Rapports\"],\"inLanguage\":\"fr-FR\"},{\"@type\":\"WebPage\",\"@id\":\"https:\/\/nebula.org\/blog\/fr\/genetique-de-lasthme-ferreira-2019\/\",\"url\":\"https:\/\/nebula.org\/blog\/fr\/genetique-de-lasthme-ferreira-2019\/\",\"name\":\"La g\u00e9n\u00e9tique de l'asthme (Ferreira, 2019)\",\"isPartOf\":{\"@id\":\"https:\/\/nebula.org\/blog\/fr\/#website\"},\"datePublished\":\"2021-01-06T04:57:34+00:00\",\"dateModified\":\"2021-02-21T01:46:17+00:00\",\"description\":\"L'asthme est une condition dans laquelle il est difficile de respirer. Les m\u00eames variantes g\u00e9n\u00e9tiques sont associ\u00e9es au rhume des foins et \u00e0 l'asthme.\",\"breadcrumb\":{\"@id\":\"https:\/\/nebula.org\/blog\/fr\/genetique-de-lasthme-ferreira-2019\/#breadcrumb\"},\"inLanguage\":\"fr-FR\",\"potentialAction\":[{\"@type\":\"ReadAction\",\"target\":[\"https:\/\/nebula.org\/blog\/fr\/genetique-de-lasthme-ferreira-2019\/\"]}]},{\"@type\":\"BreadcrumbList\",\"@id\":\"https:\/\/nebula.org\/blog\/fr\/genetique-de-lasthme-ferreira-2019\/#breadcrumb\",\"itemListElement\":[{\"@type\":\"ListItem\",\"position\":1,\"name\":\"Home\",\"item\":\"https:\/\/nebula.org\/blog\/fr\/\"},{\"@type\":\"ListItem\",\"position\":2,\"name\":\"Asthme (Ferreira, 2019)\"}]},{\"@type\":\"WebSite\",\"@id\":\"https:\/\/nebula.org\/blog\/fr\/#website\",\"url\":\"https:\/\/nebula.org\/blog\/fr\/\",\"name\":\"Nebula Genomics Blog\",\"description\":\"\",\"publisher\":{\"@id\":\"https:\/\/nebula.org\/blog\/fr\/#organization\"},\"potentialAction\":[{\"@type\":\"SearchAction\",\"target\":{\"@type\":\"EntryPoint\",\"urlTemplate\":\"https:\/\/nebula.org\/blog\/fr\/?s={search_term_string}\"},\"query-input\":\"required name=search_term_string\"}],\"inLanguage\":\"fr-FR\"},{\"@type\":\"Organization\",\"@id\":\"https:\/\/nebula.org\/blog\/fr\/#organization\",\"name\":\"Nebula Genomics\",\"url\":\"https:\/\/nebula.org\/blog\/fr\/\",\"logo\":{\"@type\":\"ImageObject\",\"inLanguage\":\"fr-FR\",\"@id\":\"https:\/\/nebula.org\/blog\/fr\/#\/schema\/logo\/image\/\",\"url\":\"\",\"contentUrl\":\"\",\"caption\":\"Nebula Genomics\"},\"image\":{\"@id\":\"https:\/\/nebula.org\/blog\/fr\/#\/schema\/logo\/image\/\"},\"sameAs\":[\"https:\/\/facebook.com\/nebulagenomics\",\"https:\/\/twitter.com\/nebulagenomics\",\"https:\/\/www.instagram.com\/nebulagenomics\/\",\"https:\/\/www.linkedin.com\/company\/nebula-genomics\/\",\"https:\/\/en.wikipedia.org\/wiki\/Nebula_Genomics\"]},{\"@type\":\"Person\",\"@id\":\"https:\/\/nebula.org\/blog\/fr\/#\/schema\/person\/b7bd0a490f115d1d931c33eed922af4e\",\"name\":\"Garrett Dunlap, B.S.\",\"image\":{\"@type\":\"ImageObject\",\"inLanguage\":\"fr-FR\",\"@id\":\"https:\/\/nebula.org\/blog\/fr\/#\/schema\/person\/image\/\",\"url\":\"https:\/\/secure.gravatar.com\/avatar\/32fb6e0dbc7e0bac908b0f23ea6ed5ec?s=96&d=mm&r=g\",\"contentUrl\":\"https:\/\/secure.gravatar.com\/avatar\/32fb6e0dbc7e0bac908b0f23ea6ed5ec?s=96&d=mm&r=g\",\"caption\":\"Garrett Dunlap, B.S.\"},\"description\":\"Garrett Dunlap earned a B.S. in Biology from Case Western Reserve University with a minor in Political Science. He earned an M.S. and is currently a Ph.D. Candidate in the Biological and Biomedical Sciences (BBS) Ph.D. program at Harvard University.\u00a0He has experience in science policy as an intern at the Science and Innovation Network where he assisted in the science diplomacy functions of the British Consulate-General and as a research associate at TScan Therapeutics. He is also interested in science communication and writing. You can read more about Garrett's experience and publications on LinkedIn and ORCID.\",\"sameAs\":[\"https:\/\/nebula.org\/whole-genome-sequencing\/\"],\"url\":\"https:\/\/nebula.org\/blog\/fr\/author\/garrett-dunlap\/\"}]}<\/script>\n<!-- \/ Yoast SEO plugin. -->","yoast_head_json":{"title":"La g\u00e9n\u00e9tique de l'asthme (Ferreira, 2019)","description":"L'asthme est une condition dans laquelle il est difficile de respirer. Les m\u00eames variantes g\u00e9n\u00e9tiques sont associ\u00e9es au rhume des foins et \u00e0 l'asthme.","robots":{"index":"index","follow":"follow","max-snippet":"max-snippet:-1","max-image-preview":"max-image-preview:large","max-video-preview":"max-video-preview:-1"},"canonical":"https:\/\/nebula.org\/blog\/fr\/genetique-de-lasthme-ferreira-2019\/","og_locale":"fr_FR","og_type":"article","og_title":"La g\u00e9n\u00e9tique de l'asthme (Ferreira, 2019)","og_description":"L'asthme est une condition dans laquelle il est difficile de respirer. Les m\u00eames variantes g\u00e9n\u00e9tiques sont associ\u00e9es au rhume des foins et \u00e0 l'asthme.","og_url":"https:\/\/nebula.org\/blog\/fr\/genetique-de-lasthme-ferreira-2019\/","og_site_name":"Nebula Genomics Blog","article_publisher":"https:\/\/facebook.com\/nebulagenomics","article_published_time":"2021-01-06T04:57:34+00:00","article_modified_time":"2021-02-21T01:46:17+00:00","og_image":[{"width":2560,"height":1707,"url":"https:\/\/nebula.org\/blog\/wp-content\/uploads\/2020\/01\/phil-hearing-sJpuPH19W7k-unsplash-scaled.jpg","type":"image\/jpeg"}],"author":"Garrett Dunlap, B.S.","twitter_card":"summary_large_image","twitter_creator":"@nebulagenomics","twitter_site":"@nebulagenomics","twitter_misc":{"\u00c9crit par":"Garrett Dunlap, B.S.","Dur\u00e9e de lecture estim\u00e9e":"1 minute"},"schema":{"@context":"https:\/\/schema.org","@graph":[{"@type":"Article","@id":"https:\/\/nebula.org\/blog\/fr\/genetique-de-lasthme-ferreira-2019\/#article","isPartOf":{"@id":"https:\/\/nebula.org\/blog\/fr\/genetique-de-lasthme-ferreira-2019\/"},"author":{"name":"Garrett Dunlap, B.S.","@id":"https:\/\/nebula.org\/blog\/fr\/#\/schema\/person\/b7bd0a490f115d1d931c33eed922af4e"},"headline":"Asthme (Ferreira, 2019)","datePublished":"2021-01-06T04:57:34+00:00","dateModified":"2021-02-21T01:46:17+00:00","mainEntityOfPage":{"@id":"https:\/\/nebula.org\/blog\/fr\/genetique-de-lasthme-ferreira-2019\/"},"wordCount":287,"publisher":{"@id":"https:\/\/nebula.org\/blog\/fr\/#organization"},"articleSection":["Rapports"],"inLanguage":"fr-FR"},{"@type":"WebPage","@id":"https:\/\/nebula.org\/blog\/fr\/genetique-de-lasthme-ferreira-2019\/","url":"https:\/\/nebula.org\/blog\/fr\/genetique-de-lasthme-ferreira-2019\/","name":"La g\u00e9n\u00e9tique de l'asthme (Ferreira, 2019)","isPartOf":{"@id":"https:\/\/nebula.org\/blog\/fr\/#website"},"datePublished":"2021-01-06T04:57:34+00:00","dateModified":"2021-02-21T01:46:17+00:00","description":"L'asthme est une condition dans laquelle il est difficile de respirer. Les m\u00eames variantes g\u00e9n\u00e9tiques sont associ\u00e9es au rhume des foins et \u00e0 l'asthme.","breadcrumb":{"@id":"https:\/\/nebula.org\/blog\/fr\/genetique-de-lasthme-ferreira-2019\/#breadcrumb"},"inLanguage":"fr-FR","potentialAction":[{"@type":"ReadAction","target":["https:\/\/nebula.org\/blog\/fr\/genetique-de-lasthme-ferreira-2019\/"]}]},{"@type":"BreadcrumbList","@id":"https:\/\/nebula.org\/blog\/fr\/genetique-de-lasthme-ferreira-2019\/#breadcrumb","itemListElement":[{"@type":"ListItem","position":1,"name":"Home","item":"https:\/\/nebula.org\/blog\/fr\/"},{"@type":"ListItem","position":2,"name":"Asthme (Ferreira, 2019)"}]},{"@type":"WebSite","@id":"https:\/\/nebula.org\/blog\/fr\/#website","url":"https:\/\/nebula.org\/blog\/fr\/","name":"Nebula Genomics Blog","description":"","publisher":{"@id":"https:\/\/nebula.org\/blog\/fr\/#organization"},"potentialAction":[{"@type":"SearchAction","target":{"@type":"EntryPoint","urlTemplate":"https:\/\/nebula.org\/blog\/fr\/?s={search_term_string}"},"query-input":"required name=search_term_string"}],"inLanguage":"fr-FR"},{"@type":"Organization","@id":"https:\/\/nebula.org\/blog\/fr\/#organization","name":"Nebula Genomics","url":"https:\/\/nebula.org\/blog\/fr\/","logo":{"@type":"ImageObject","inLanguage":"fr-FR","@id":"https:\/\/nebula.org\/blog\/fr\/#\/schema\/logo\/image\/","url":"","contentUrl":"","caption":"Nebula Genomics"},"image":{"@id":"https:\/\/nebula.org\/blog\/fr\/#\/schema\/logo\/image\/"},"sameAs":["https:\/\/facebook.com\/nebulagenomics","https:\/\/twitter.com\/nebulagenomics","https:\/\/www.instagram.com\/nebulagenomics\/","https:\/\/www.linkedin.com\/company\/nebula-genomics\/","https:\/\/en.wikipedia.org\/wiki\/Nebula_Genomics"]},{"@type":"Person","@id":"https:\/\/nebula.org\/blog\/fr\/#\/schema\/person\/b7bd0a490f115d1d931c33eed922af4e","name":"Garrett Dunlap, B.S.","image":{"@type":"ImageObject","inLanguage":"fr-FR","@id":"https:\/\/nebula.org\/blog\/fr\/#\/schema\/person\/image\/","url":"https:\/\/secure.gravatar.com\/avatar\/32fb6e0dbc7e0bac908b0f23ea6ed5ec?s=96&d=mm&r=g","contentUrl":"https:\/\/secure.gravatar.com\/avatar\/32fb6e0dbc7e0bac908b0f23ea6ed5ec?s=96&d=mm&r=g","caption":"Garrett Dunlap, B.S."},"description":"Garrett Dunlap earned a B.S. in Biology from Case Western Reserve University with a minor in Political Science. He earned an M.S. and is currently a Ph.D. Candidate in the Biological and Biomedical Sciences (BBS) Ph.D. program at Harvard University.\u00a0He has experience in science policy as an intern at the Science and Innovation Network where he assisted in the science diplomacy functions of the British Consulate-General and as a research associate at TScan Therapeutics. He is also interested in science communication and writing. You can read more about Garrett's experience and publications on LinkedIn and ORCID.","sameAs":["https:\/\/nebula.org\/whole-genome-sequencing\/"],"url":"https:\/\/nebula.org\/blog\/fr\/author\/garrett-dunlap\/"}]}},"_links":{"self":[{"href":"https:\/\/nebula.org\/blog\/fr\/wp-json\/wp\/v2\/posts\/9690","targetHints":{"allow":["GET"]}}],"collection":[{"href":"https:\/\/nebula.org\/blog\/fr\/wp-json\/wp\/v2\/posts"}],"about":[{"href":"https:\/\/nebula.org\/blog\/fr\/wp-json\/wp\/v2\/types\/post"}],"author":[{"embeddable":true,"href":"https:\/\/nebula.org\/blog\/fr\/wp-json\/wp\/v2\/users\/12"}],"replies":[{"embeddable":true,"href":"https:\/\/nebula.org\/blog\/fr\/wp-json\/wp\/v2\/comments?post=9690"}],"version-history":[{"count":0,"href":"https:\/\/nebula.org\/blog\/fr\/wp-json\/wp\/v2\/posts\/9690\/revisions"}],"wp:featuredmedia":[{"embeddable":true,"href":"https:\/\/nebula.org\/blog\/fr\/wp-json\/wp\/v2\/media\/5200"}],"wp:attachment":[{"href":"https:\/\/nebula.org\/blog\/fr\/wp-json\/wp\/v2\/media?parent=9690"}],"wp:term":[{"taxonomy":"category","embeddable":true,"href":"https:\/\/nebula.org\/blog\/fr\/wp-json\/wp\/v2\/categories?post=9690"},{"taxonomy":"post_tag","embeddable":true,"href":"https:\/\/nebula.org\/blog\/fr\/wp-json\/wp\/v2\/tags?post=9690"}],"curies":[{"name":"wp","href":"https:\/\/api.w.org\/{rel}","templated":true}]}}