{"id":9701,"date":"2021-01-05T23:57:49","date_gmt":"2021-01-06T04:57:49","guid":{"rendered":"https:\/\/nebula.org\/blog\/genetique-de-lasthme-johansson-2019\/"},"modified":"2021-02-20T22:32:25","modified_gmt":"2021-02-21T03:32:25","slug":"est-asthme-genetique","status":"publish","type":"post","link":"https:\/\/nebula.org\/blog\/fr\/est-asthme-genetique\/","title":{"rendered":"Asthme (Johansson, 2019) &#8211; L&rsquo;asthme est-il g\u00e9n\u00e9tique?"},"content":{"rendered":"\n<h2 class=\"wp-block-heading\" id=\"h-nebula-genomics-dna-report-for-asthma\"><strong>Rapport ADN de Nebula Genomics pour l&rsquo;asthme<\/strong><\/h2>\n\n<p>L&rsquo;asthme est-il g\u00e9n\u00e9tique? Nous avons cr\u00e9\u00e9 un rapport ADN bas\u00e9 sur une \u00e9tude qui a tent\u00e9 de r\u00e9pondre \u00e0 cette question. Ci-dessous vous pouvez voir un exemple de rapport ADN. Pour obtenir votre rapport ADN personnalis\u00e9, achetez notre<a href=\"https:\/\/nebula.org\/whole-genome-sequencing\/\"> S\u00e9quen\u00e7age du g\u00e9nome entier<\/a> !<\/p>\n\n<div class=\"wp-block-image\"><figure class=\"aligncenter size-large\"><img decoding=\"async\" width=\"571\" height=\"711\" src=\"https:\/\/nebula.org\/blog\/wp-content\/uploads\/2021\/02\/asthma-1.png\" alt=\"Un exemple de rapport sur l'asthme de Nebula Genomics\" class=\"wp-image-13787\" srcset=\"https:\/\/nebula.org\/blog\/wp-content\/uploads\/2021\/02\/asthma-1.png 571w, https:\/\/nebula.org\/blog\/wp-content\/uploads\/2021\/02\/asthma-1-241x300.png 241w\" sizes=\"(max-width: 571px) 100vw, 571px\" \/><\/figure><\/div>\n\n<div class=\"wp-block-image\"><figure class=\"aligncenter size-large\"><img decoding=\"async\" width=\"558\" height=\"455\" src=\"https:\/\/nebula.org\/blog\/wp-content\/uploads\/2021\/02\/asthma-2.png\" alt=\"Un exemple de rapport sur les variantes g&#xE9;n&#xE9;tiques de l'asthme de Nebula Genomics\" class=\"wp-image-13794\" srcset=\"https:\/\/nebula.org\/blog\/wp-content\/uploads\/2021\/02\/asthma-2.png 558w, https:\/\/nebula.org\/blog\/wp-content\/uploads\/2021\/02\/asthma-2-300x245.png 300w\" sizes=\"(max-width: 558px) 100vw, 558px\" \/><\/figure><\/div>\n\n<div class=\"wp-block-buttons aligncenter is-layout-flex wp-block-buttons-is-layout-flex\">\n<div class=\"wp-block-button aligncenter\"><a class=\"wp-block-button__link has-white-color has-vivid-cyan-blue-background-color has-text-color has-background\" href=\"https:\/\/nebula.org\/whole-genome-sequencing\/\" rel=\"https:\/\/nebula.org\/whole-genome-sequencing\/\"><strong>S\u00e9quencez votre g\u00e9nome et acc\u00e9dez \u00e0 plus de 200 rapports ADN!<\/strong><\/a><\/div>\n<\/div>\n\n<div style=\"height:20px\" aria-hidden=\"true\" class=\"wp-block-spacer\"><\/div>\n\n<h2 class=\"wp-block-heading\" id=\"h-additional-information\"><strong>Information additionnelle<\/strong><\/h2>\n\n<h2 class=\"wp-block-heading\" id=\"h-what-is-asthma-part-1-of-is-asthma-genetic\"><strong>Qu&rsquo;est-ce que l&rsquo;asthme? (Partie 1 de L&rsquo;asthme est-il g\u00e9n\u00e9tique?)<\/strong><\/h2>\n\n<p>L&rsquo;asthme est une maladie inflammatoire chronique des voies respiratoires avec une hypersensibilit\u00e9 permanente. Chez certains individus, l&rsquo;inflammation peut conduire au r\u00e9tr\u00e9cissement aigu des voies respiratoires de l&rsquo;obstruction bronchique. Ce r\u00e9tr\u00e9cissement des voies respiratoires est caus\u00e9 par une s\u00e9cr\u00e9tion accrue de mucus, un spasme des muscles bronchiques et la formation d&rsquo;un \u0153d\u00e8me de la muqueuse bronchique. Une vari\u00e9t\u00e9 de stimuli provoque l&rsquo;augmentation de la sensibilit\u00e9 des voies respiratoires et l&rsquo;inflammation associ\u00e9e, mais la condition est r\u00e9versible avec le traitement.<\/p>\n\n<p>Une distinction est faite entre l&rsquo;asthme allergique (extrins\u00e8que) et l&rsquo;asthme non allergique (intrins\u00e8que). Sous forme pure, cependant, ceux-ci ne se produisent que chez environ dix pour cent des patients; des formes mixtes sont observ\u00e9es dans la majorit\u00e9. Alors que la version allergique est plus fr\u00e9quente chez les enfants, la forme non allergique est plus fr\u00e9quente chez les personnes \u00e2g\u00e9es. L&rsquo;exposition pr\u00e9natale \u00e0 la fum\u00e9e de cigarette semble favoriser l&rsquo;asthme. Il est \u00e9galement prouv\u00e9 que les circonstances culturelles et civilisationnelles, ainsi que certaines applications de m\u00e9dicaments dans la petite enfance, favorisent l&rsquo;asthme.<\/p>\n\n<div class=\"wp-block-image\"><figure class=\"aligncenter size-large is-resized\"><img decoding=\"async\" src=\"https:\/\/nebula.org\/blog\/wp-content\/uploads\/2021\/02\/asthma-3.png\" alt=\"Poumons sains et asthmatiques\" class=\"wp-image-13801\" width=\"476\" height=\"356\" srcset=\"https:\/\/nebula.org\/blog\/wp-content\/uploads\/2021\/02\/asthma-3.png 410w, https:\/\/nebula.org\/blog\/wp-content\/uploads\/2021\/02\/asthma-3-300x225.png 300w\" sizes=\"(max-width: 476px) 100vw, 476px\" \/><figcaption>L&rsquo;asthme modifie la quantit\u00e9 d&rsquo;air qui peut traverser les poumons.<a href=\"https:\/\/commons.wikimedia.org\/wiki\/File:Asthma_(Lungs).png\"> Wikip\u00e9dia<\/a> . CC-<a href=\"https:\/\/creativecommons.org\/licenses\/by-sa\/4.0\/deed.en\"> Attribution-Share Alike 4.0 International<\/a> .<\/figcaption><\/figure><\/div>\n\n<h3 class=\"wp-block-heading\" id=\"h-allergic-asthma\">Asthme allergique<\/h3>\n\n<p>Les allergies et l&rsquo;asthme sont souvent observ\u00e9s ensemble. L&rsquo;asthme allergique exog\u00e8ne est d\u00e9clench\u00e9 par des stimuli externes (substances allerg\u00e8nes dans l&rsquo;environnement, appel\u00e9es allerg\u00e8nes) s&rsquo;il existe une pr\u00e9disposition g\u00e9n\u00e9tique correspondante \u00e0 l&rsquo;atopie (tendance g\u00e9n\u00e9tique \u00e0 d\u00e9velopper des maladies allergiques). Il se forme des immunoglobulines de type E (IgE) qui, en interaction avec des allerg\u00e8nes sp\u00e9cifiques, provoquent la lib\u00e9ration de substances messag\u00e8res de d\u00e9clenchement d&rsquo;allergies telles que l&rsquo;histamine, les leucotri\u00e8nes et les bradykinines \u00e0 partir des mastocytes. Ces substances d\u00e9clenchent alors une constriction des voies respiratoires. Une r\u00e9action retard\u00e9e peut survenir apr\u00e8s 6 \u00e0 12 heures, d\u00e9clench\u00e9e par les immunoglobulines de type G (IgG). Les deux r\u00e9actions se produisent souvent.<\/p>\n\n<h3 class=\"wp-block-heading\" id=\"h-non-allergic-asthma\">Asthme non allergique<\/h3>\n\n<p>L&rsquo;asthme non allergique peut \u00eatre caus\u00e9 par d&rsquo;autres stimuli: infections, g\u00e9n\u00e9ralement des voies respiratoires, intol\u00e9rances aux m\u00e9dicaments, g\u00e9n\u00e9ralement aux anti-inflammatoires non st\u00e9ro\u00efdiens tels que l&rsquo;acide ac\u00e9tylsalicylique), effets secondaires des m\u00e9dicaments (par exemple des b\u00eatabloquants et des inhibiteurs de la cholinest\u00e9rase), l&rsquo;exposition \u00e0 des substances toxiques ou irritantes, un effort physique particulier et le reflux sont des causes possibles de cette forme. Certaines corr\u00e9lations et autres causes ne sont pas encore claires.<\/p>\n\n<p>Trois caract\u00e9ristiques de tous les cas d&rsquo;asthme comprennent:<\/p>\n\n<ul class=\"wp-block-list\"><li><strong>Inflammation des bronches:<\/strong> Les allerg\u00e8nes ou autres stimuli d\u00e9clenchent une r\u00e9action inflammatoire de la muqueuse bronchique. <\/li><li><strong>Hyperr\u00e9activit\u00e9 bronchique:<\/strong> L&rsquo;hyperr\u00e9activit\u00e9 peut souvent \u00eatre ressentie lors de l&rsquo;inhalation de substances irritantes, pendant l&rsquo;exercice ou par provocation \u00e0 l&rsquo;air froid. On pense que la substance P, un neuropeptide d\u00e9tect\u00e9 dans les voies respiratoires, est impliqu\u00e9e dans la pathogen\u00e8se de l&rsquo;hyperr\u00e9activit\u00e9 bronchique.<\/li><li><strong>Manque de clarification bronchique:<\/strong> L&rsquo;obstruction est le r\u00e9tr\u00e9cissement des voies respiratoires d\u00fb \u00e0 un \u0153d\u00e8me muqueux (r\u00e9tention d&rsquo;eau dans la muqueuse), une s\u00e9cr\u00e9tion accrue ou alt\u00e9r\u00e9e de mucus et un bronchospasme. En cons\u00e9quence, l&rsquo;auto-nettoyage des poumons est r\u00e9duit. Les s\u00e9cr\u00e9tions ne peuvent pas s&rsquo;\u00e9couler et, \u00e0 leur tour, augmentent les dommages au point d&rsquo;obstruction, appel\u00e9s \u00e9panchements bronchiques.<\/li><\/ul>\n\n<h2 class=\"wp-block-heading\" id=\"h-epidemiology-part-2-of-is-asthma-genetic\"><strong>\u00c9pid\u00e9miologie (Partie 2 de L&rsquo;asthme est-il g\u00e9n\u00e9tique?)<\/strong><\/h2>\n\n<p>Selon le<a href=\"https:\/\/www.cdc.gov\/asthma\/most_recent_national_asthma_data.htm\"> Centres de contr\u00f4le et de pr\u00e9vention des maladies (CDC)<\/a> , 7,7% de tous les adultes am\u00e9ricains et 7,5% des enfants am\u00e9ricains de moins de 18 ans souffraient d&rsquo;une forme d&rsquo;asthme en 2018. La maladie est plus fr\u00e9quente chez les gar\u00e7ons de moins de 18 ans que chez les filles (8,3% et 6,7%) mais plus fr\u00e9quente chez les femmes adultes (9,8%) que chez les hommes adultes (5,5%). <\/p>\n\n<p>La condition est l\u00e9g\u00e8rement plus r\u00e9pandue chez les Noirs et les Hispaniques que dans les autres populations.<\/p>\n\n<h2 class=\"wp-block-heading\" id=\"h-symptoms-part-3-of-is-asthma-genetic\"><strong>Sympt\u00f4mes (partie 3 de L&rsquo;asthme est-il g\u00e9n\u00e9tique?)<\/strong><\/h2>\n\n<p>Les sympt\u00f4mes de l&rsquo;asthme varient en fr\u00e9quence et en gravit\u00e9 selon les individus. Certains sympt\u00f4mes courants comprennent:<\/p>\n\n<ul class=\"wp-block-list\"><li>toux ou respiration sifflante<\/li><li>oppression thoracique<\/li><li>difficult\u00e9 \u00e0 respirer<\/li><li>essoufflement<\/li><\/ul>\n\n<div class=\"wp-block-image\"><figure class=\"aligncenter size-large is-resized\"><img decoding=\"async\" src=\"https:\/\/nebula.org\/blog\/wp-content\/uploads\/2021\/02\/asthma-4.png\" alt=\"Pathologie de l'asthme\" class=\"wp-image-13808\" width=\"472\" height=\"358\" srcset=\"https:\/\/nebula.org\/blog\/wp-content\/uploads\/2021\/02\/asthma-4.png 448w, https:\/\/nebula.org\/blog\/wp-content\/uploads\/2021\/02\/asthma-4-300x228.png 300w\" sizes=\"(max-width: 472px) 100vw, 472px\" \/><figcaption>Dans l&rsquo;asthme, les voies respiratoires deviennent restreintes.<a href=\"https:\/\/pixy.org\/506595\/\"> Pixy.org<\/a> . CC-<a href=\"https:\/\/creativecommons.org\/licenses\/by-nc-nd\/4.0\/\"> Non commercial-NoDerivatives 4.0 International<\/a> .<\/figcaption><\/figure><\/div>\n\n<p>Les personnes asthmatiques peuvent ressentir une courte p\u00e9riode d&rsquo;aggravation des sympt\u00f4mes appel\u00e9e crise d&rsquo;asthme. Lors d&rsquo;une crise, il y a un essoufflement aigu et une constriction des bronches. L&rsquo;expiration en particulier est difficile et s&rsquo;accompagne souvent de sifflements respiratoires. Dans certains cas, la toux se produit sous la forme de quintes de toux. Chez les enfants, la toux est g\u00e9n\u00e9ralement le principal sympt\u00f4me. La difficult\u00e9 \u00e0 respirer et l&rsquo;essoufflement peuvent entra\u00eener des sentiments d&rsquo;anxi\u00e9t\u00e9 accompagn\u00e9s d&rsquo;agitation, de difficult\u00e9s \u00e0 parler et de naus\u00e9es.<\/p>\n\n<h2 class=\"wp-block-heading\" id=\"h-causes-part-4-of-is-asthma-genetic\"><strong>Causes (Partie 4 de L&rsquo;asthme est-il g\u00e9n\u00e9tique?)<\/strong><\/h2>\n\n<p>Des facteurs g\u00e9n\u00e9tiques et environnementaux contribuent \u00e0 l&rsquo;asthme. Elle a tendance \u00e0 se produire chez les personnes ayant des ant\u00e9c\u00e9dents familiaux et, par cons\u00e9quent, la g\u00e9n\u00e9tique joue un r\u00f4le important dans l&rsquo;apparition de l&rsquo;asthme. Mais les facteurs environnementaux peuvent \u00e9galement jouer un r\u00f4le cl\u00e9.<\/p>\n\n<h3 class=\"wp-block-heading\" id=\"h-is-asthma-genetic\">L&rsquo;asthme est-il g\u00e9n\u00e9tique?<\/h3>\n\n<p>Dans l&rsquo;asthme allergique, il a \u00e9t\u00e9 observ\u00e9 que<a href=\"https:\/\/www.medicalnewstoday.com\/articles\/324447#causes\"> les enfants<\/a> des parents qui souffrent tous les deux d&rsquo;asthme allergique ont un risque de 60 \u00e0 80% de d\u00e9velopper la maladie. Selon un<a href=\"https:\/\/www.webmd.com\/asthma\/asthma-risk-factors\"> Rapport CDC<\/a> , si une personne a un parent asthmatique, elle est trois \u00e0 six fois plus susceptible de d\u00e9velopper la maladie qu&rsquo;une personne qui n&rsquo;a pas de parent asthmatique. Cette condition est une maladie h\u00e9r\u00e9ditaire complexe et on pense qu&rsquo;une combinaison de mutations g\u00e9n\u00e9tiques contribue aux chances qu&rsquo;une personne la d\u00e9veloppe.<\/p>\n\n<h3 class=\"wp-block-heading\" id=\"h-environmental-factors\">Facteurs environnementaux<\/h3>\n\n<p>Le d\u00e9veloppement d&rsquo;allergies (qui se produisent \u00e9galement dans les familles) ou d&rsquo;infections respiratoires ont tendance \u00e0 augmenter le risque de d\u00e9velopper de l&rsquo;asthme. Les autres facteurs de risque comprennent l&rsquo;exposition \u00e0 certains allerg\u00e8nes ou produits chimiques dans l&rsquo;environnement qui peut d\u00e9clencher la maladie, y compris l&rsquo;asthme professionnel acquis sur le lieu de travail. <\/p>\n\n<p>Les d\u00e9clencheurs environnementaux et sanitaires qui augmentent le risque d&rsquo;asthme comprennent:<\/p>\n\n<ul class=\"wp-block-list\"><li>Infections respiratoires, y compris le rhume ou la grippe<\/li><li>Irritants dans l&rsquo;air<\/li><li>La pollution de l&rsquo;air<\/li><li>Fum\u00e9e de tabac<\/li><li>Asthme induit par l&rsquo;exercice<\/li><li>Air froid<\/li><li>M\u00e9dicaments, y compris les b\u00eatabloquants et les anti-inflammatoires non st\u00e9ro\u00efdiens<\/li><li>Stress<\/li><li>Conservateurs d&rsquo;aliments et de boissons<\/li><li>R\u00e9actions allergiques, y compris les acariens, les squames et le pollen<\/li><li>Reflux d&rsquo;acide<\/li><li>Rhume des foins<\/li><\/ul>\n\n<div class=\"wp-block-image\"><figure class=\"aligncenter size-large is-resized\"><img decoding=\"async\" src=\"https:\/\/nebula.org\/blog\/wp-content\/uploads\/2021\/02\/asthma-5.png\" alt=\"D&#xE9;clencheurs de l'asthme\" class=\"wp-image-13815\" width=\"490\" height=\"414\" srcset=\"https:\/\/nebula.org\/blog\/wp-content\/uploads\/2021\/02\/asthma-5.png 410w, https:\/\/nebula.org\/blog\/wp-content\/uploads\/2021\/02\/asthma-5-300x254.png 300w\" sizes=\"(max-width: 490px) 100vw, 490px\" \/><figcaption>De nombreux facteurs environnementaux d\u00e9clenchent l&rsquo;asthme.<a href=\"https:\/\/commons.wikimedia.org\/wiki\/File:Asthma_triggers.PNG\"> Wikip\u00e9dia<\/a> . CC-<a href=\"https:\/\/creativecommons.org\/licenses\/by-sa\/3.0\/deed.en\"> Attribution-Share Alike 3.0 Unported<\/a> .<\/figcaption><\/figure><\/div>\n\n<p>D&rsquo;autres maladies, telles que<a href=\"https:\/\/nebula.org\/blog\/fr\/genetique-de-egpa-lyons-2019\/\"> Granulomatose \u00e9osinophile avec polyang\u00e9ite<\/a> , sont associ\u00e9s au syst\u00e8me immunitaire et jouent un r\u00f4le de pr\u00e9curseurs de la maladie.<\/p>\n\n<h2 class=\"wp-block-heading\" id=\"h-diagnosis-part-5-of-is-asthma-genetic\"><strong>Diagnostic (Partie 5 de L&rsquo;asthme est-il g\u00e9n\u00e9tique?)<\/strong><\/h2>\n\n<p>Le diagnostic est souvent facile \u00e0 faire avec une histoire des principaux sympt\u00f4mes.<\/p>\n\n<p>Selon<a href=\"https:\/\/www.mayoclinic.org\/diseases-conditions\/asthma\/diagnosis-treatment\/drc-20369660\"> Clinique Mayo<\/a> , le diagnostic est facilit\u00e9 par des tests de la fonction pulmonaire pour tester la quantit\u00e9 d&rsquo;air entrant et sortant lorsque vous respirez. <\/p>\n\n<p>Un test de spirom\u00e9trie mesure le volume total d&rsquo;air inhal\u00e9 et expir\u00e9 et le volume expir\u00e9 en une seconde lors d&rsquo;une expiration forc\u00e9e (une mesure de la vitesse \u00e0 laquelle vous pouvez expirer). Le rapport de ces deux mesures est utilis\u00e9 pour indiquer la constriction des voies a\u00e9riennes.<\/p>\n\n<p>La valeur PEF (d\u00e9bit expiratoire de pointe) est \u00e9galement utilis\u00e9e pour le diagnostic et la surveillance du traitement et est une mesure de la force avec laquelle vous pouvez expirer. Cette valeur diminue g\u00e9n\u00e9ralement avant m\u00eame une crise d&rsquo;asthme. Il est mesur\u00e9 avec un \u00abd\u00e9bitm\u00e8tre de pointe\u00bb, qui est disponible dans une vari\u00e9t\u00e9 de conceptions adapt\u00e9es \u00e0 l&rsquo;\u00e2ge.<\/p>\n\n<p>Ces tests sont souvent effectu\u00e9s avant et apr\u00e8s la prise d&rsquo;un m\u00e9dicament pour ouvrir les voies respiratoires appel\u00e9 bronchodilatateur. Si votre fonction pulmonaire s&rsquo;am\u00e9liore avec l&rsquo;utilisation d&rsquo;un bronchodilatateur, il est probable que vous souffriez d&rsquo;asthme.<\/p>\n\n<p>Les autres tests qui aident \u00e0 diagnostiquer la maladie sont:<\/p>\n\n<ul class=\"wp-block-list\"><li><strong>D\u00e9fi m\u00e9thacholine:<\/strong> La m\u00e9thacholine est un d\u00e9clencheur connu de l&rsquo;asthme. Lorsqu&rsquo;il est inhal\u00e9, vos voies respiratoires se r\u00e9tr\u00e9cissent l\u00e9g\u00e8rement. Si vous r\u00e9agissez \u00e0 la m\u00e9thacholine, vous souffrez probablement d&rsquo;asthme. <\/li><li><strong>Tests d&rsquo;imagerie:<\/strong> Une radiographie pulmonaire peut aider \u00e0 identifier toute anomalie structurelle ou maladie (telle qu&rsquo;une infection) qui peut causer ou aggraver des probl\u00e8mes respiratoires.<\/li><li><strong>Test d&rsquo;allergie:<\/strong> Les tests d&rsquo;allergie peuvent \u00eatre effectu\u00e9s par un test cutan\u00e9 ou un test sanguin. <\/li><li><strong>Test d&rsquo;oxyde nitrique:<\/strong> Lorsque vos voies respiratoires sont enflamm\u00e9es, vous pouvez avoir des niveaux d&rsquo;oxyde nitrique plus \u00e9lev\u00e9s que la normale. Ce test n&rsquo;est pas largement disponible.<\/li><li><strong>\u00c9osinophiles d&rsquo;expectoration:<\/strong> Ce test recherche certains globules blancs (\u00e9osinophiles) dans le m\u00e9lange de salive et de mucus (expectorations) que vous \u00e9vacuez pendant la toux. <\/li><li><strong>Test provocateur pour l&rsquo;effort et l&rsquo;asthme induit par le froid:<\/strong> Dans ces tests, votre m\u00e9decin mesure votre obstruction des voies respiratoires avant et apr\u00e8s une activit\u00e9 physique vigoureuse ou apr\u00e8s avoir pris plusieurs respirations d&rsquo;air froid.<\/li><\/ul>\n\n<p>D\u00e9terminer la gravit\u00e9 de l&rsquo;\u00e9tat d&rsquo;un patient aide les professionnels de la sant\u00e9 \u00e0 recommander un traitement. La gravit\u00e9 est class\u00e9e en fonction des sympt\u00f4mes comme l\u00e9g\u00e8re intermittente (sympt\u00f4mes l\u00e9gers jusqu&rsquo;\u00e0 deux jours par semaine et jusqu&rsquo;\u00e0 deux nuits par mois), l\u00e9g\u00e8re persistante (sympt\u00f4mes plus de deux fois par semaine, mais pas plus d&rsquo;une fois par jour), mod\u00e9r\u00e9e persistante (sympt\u00f4mes une fois par jour et plus d&rsquo;une nuit par semaine) ou s\u00e9v\u00e8re et persistante (sympt\u00f4mes tout au long de la journ\u00e9e presque tous les jours et fr\u00e9quemment la nuit).<\/p>\n\n<h2 class=\"wp-block-heading\" id=\"h-treatment-part-6-of-is-asthma-genetic\"><strong>Traitement (Partie 6 de L&rsquo;asthme est-il g\u00e9n\u00e9tique?)<\/strong><\/h2>\n\n<p>Dans la plupart des cas, les m\u00e9dicaments contre l&rsquo;asthme se pr\u00e9sentent sous la forme d&rsquo;un inhalateur ou d&rsquo;un n\u00e9buliseur, qui d\u00e9livre le m\u00e9dicament directement dans les poumons. D&rsquo;autres traitements de l&rsquo;asthme sont sous forme de pilule. La<a href=\"https:\/\/www.aafa.org\/asthma-treatment\/\"> Fondation am\u00e9ricaine pour l&rsquo;asthme et les allergies<\/a> fournit des informations sur la sant\u00e9 et des plans d&rsquo;action contre l&rsquo;asthme sur leur site Web.<\/p>\n\n<p>Il existe deux types d&rsquo;inhalateurs pour traiter l&rsquo;asthme: l&rsquo;inhalateur doseur (MDI) et l&rsquo;inhalateur \u00e0 poudre s\u00e8che (DPI). Les MDI d\u00e9livrent un a\u00e9rosol tandis que les DPI d\u00e9livrent de la poudre s\u00e8che. <\/p>\n\n<div class=\"wp-block-image\"><figure class=\"aligncenter size-large\"><img decoding=\"async\" width=\"624\" height=\"400\" src=\"https:\/\/nebula.org\/blog\/wp-content\/uploads\/2021\/02\/asthma-6.png\" alt=\"Un patient utilisant un inhalateur \" class=\"wp-image-13822\" srcset=\"https:\/\/nebula.org\/blog\/wp-content\/uploads\/2021\/02\/asthma-6.png 624w, https:\/\/nebula.org\/blog\/wp-content\/uploads\/2021\/02\/asthma-6-300x192.png 300w\" sizes=\"(max-width: 624px) 100vw, 624px\" \/><figcaption>Un inhalateur aide \u00e0 administrer des m\u00e9dicaments contre l&rsquo;asthme directement dans les poumons.<a href=\"https:\/\/commons.wikimedia.org\/wiki\/File:An_Asthma_patient_taking_medication_using_an_inhaler.png\"> Wikip\u00e9dia<\/a> . CC-<a href=\"https:\/\/creativecommons.org\/licenses\/by-sa\/4.0\/deed.en\"> Attribution-Share Alike 4.0 International<\/a> . <\/figcaption><\/figure><\/div>\n\n<p>Un n\u00e9buliseur transforme le liquide en un brouillard que vous inhalez \u00e0 travers un tube. Il est le plus souvent recommand\u00e9 aux patients qui ont des difficult\u00e9s \u00e0 utiliser les inhalateurs. <\/p>\n\n<p>Les options pour un plan de traitement \u00e0 long terme comprennent:<\/p>\n\n<ul class=\"wp-block-list\"><li>Corticost\u00e9ro\u00efdes inhal\u00e9s pour pr\u00e9venir et r\u00e9duire le gonflement des voies respiratoires et r\u00e9duire le mucus dans les poumons. Ce sont les m\u00e9dicaments de contr\u00f4le \u00e0 long terme les plus efficaces disponibles. <\/li><li>Les b\u00eata-agonistes inhal\u00e9s \u00e0 action prolong\u00e9e ouvrent les voies respiratoires en relaxant les muscles lisses autour des voies respiratoires.<\/li><li>Une association de corticost\u00e9ro\u00efdes inhal\u00e9s et de b\u00eata-agonistes inhal\u00e9s \u00e0 action prolong\u00e9e<\/li><li>Les produits biologiques (injections ou infusions administr\u00e9es toutes les quelques semaines) ciblent une cellule ou une prot\u00e9ine de votre corps pour pr\u00e9venir l&rsquo;inflammation des voies respiratoires. Ils peuvent \u00eatre des traitements tr\u00e8s co\u00fbteux et ne sont g\u00e9n\u00e9ralement prescrits que lorsque les autres traitements \u00e9chouent.<\/li><li>Les modificateurs de leucotri\u00e8ne sont pris sous forme de pilule ou de liquide. Ce type de m\u00e9dicament r\u00e9duit le gonflement des voies respiratoires et d\u00e9tend les muscles lisses.<\/li><li>Le cromolyn sodique est un m\u00e9dicament non st\u00e9ro\u00efdien inhal\u00e9. Il emp\u00eache les voies respiratoires de gonfler lorsqu&rsquo;elles entrent en contact avec un d\u00e9clencheur d&rsquo;asthme.<\/li><li>La th\u00e9ophylline se pr\u00e9sente sous forme de comprim\u00e9, capsule, solution et sirop \u00e0 prendre par voie orale. Ce m\u00e9dicament aide \u00e0 ouvrir les voies respiratoires en relaxant les muscles lisses.<\/li><li>Les corticost\u00e9ro\u00efdes oraux sont pris sous forme de comprim\u00e9s ou de liquides. <\/li><\/ul>\n\n<p>Un m\u00e9dicament de secours rapide est disponible lorsqu&rsquo;un soulagement imm\u00e9diat est n\u00e9cessaire. Ces m\u00e9dicaments agissent rapidement pour d\u00e9tendre les muscles tendus autour de vos voies respiratoires et permettre aux voies respiratoires de s&rsquo;ouvrir. <\/p>\n\n<ul class=\"wp-block-list\"><li>Les b\u00eata-agonistes \u00e0 courte dur\u00e9e d&rsquo;action sont inhal\u00e9s. Ils sont le premier choix pour un soulagement rapide des sympt\u00f4mes de l&rsquo;asthme.<\/li><li>Les antagonistes muscariniques \u00e0 longue dur\u00e9e d&rsquo;action (LAMA) ou les anticholinergiques sont inhal\u00e9s mais agissent plus lentement que les b\u00eata-agonistes \u00e0 courte dur\u00e9e d&rsquo;action. <\/li><li>Une combinaison de b\u00eata-agonistes \u00e0 courte dur\u00e9e d&rsquo;action et d&rsquo;antagonistes muscariniques \u00e0 longue dur\u00e9e d&rsquo;action (LAMA). <\/li><\/ul>\n\n<p>L&rsquo;asthme est une maladie chronique contr\u00f4lable, mais non curable. Le traitement d\u00e9pend de la fr\u00e9quence et de la gravit\u00e9 des sympt\u00f4mes. De plus, le traitement peut changer si les sympt\u00f4mes changent. Alors que les m\u00e9dicaments sont utiles pour r\u00e9duire les sympt\u00f4mes, les patients ont tendance \u00e0 obtenir le meilleur traitement lorsqu&rsquo;ils prennent des m\u00e9dicaments et \u00e9vitent les d\u00e9clencheurs.<\/p>\n\n<p>Liez tous les articles \u00e0 l&rsquo;article du pilier en bas: Si vous avez aim\u00e9 cet article, vous devriez consulter nos autres articles dans le<a target=\"_blank\" href=\"https:\/\/nebula.org\/blog\/fr\/recherche-genetique-deblocage-bibliotheque-nebuleuse\/\" rel=\"noreferrer noopener\"> Biblioth\u00e8que de recherche sur la n\u00e9buleuse<\/a> !<\/p>\n","protected":false},"excerpt":{"rendered":"<p>Rapport ADN de Nebula Genomics pour l&rsquo;asthme L&rsquo;asthme est-il g\u00e9n\u00e9tique? Nous avons cr\u00e9\u00e9 un rapport ADN bas\u00e9 sur une \u00e9tude qui a tent\u00e9 de r\u00e9pondre \u00e0 cette question. Ci-dessous vous pouvez voir un exemple de rapport ADN. Pour obtenir votre &hellip;<\/p>\n<p class=\"read-more\"> <a class=\"ast-button\" href=\"https:\/\/nebula.org\/blog\/fr\/est-asthme-genetique\/\"> <span class=\"screen-reader-text\">Asthme (Johansson, 2019) &#8211; L&rsquo;asthme est-il g\u00e9n\u00e9tique?<\/span> Lire la suite \u00bb<\/a><\/p>\n","protected":false},"author":12,"featured_media":5205,"comment_status":"closed","ping_status":"closed","sticky":false,"template":"","format":"standard","meta":{"om_disable_all_campaigns":false,"site-sidebar-layout":"default","site-content-layout":"default","ast-global-header-display":"","ast-banner-title-visibility":"","ast-main-header-display":"","ast-hfb-above-header-display":"","ast-hfb-below-header-display":"","ast-hfb-mobile-header-display":"","site-post-title":"","ast-breadcrumbs-content":"","ast-featured-img":"","footer-sml-layout":"","theme-transparent-header-meta":"default","adv-header-id-meta":"","stick-header-meta":"default","header-above-stick-meta":"","header-main-stick-meta":"","header-below-stick-meta":"","_FSMCFIC_featured_image_caption":"","_FSMCFIC_featured_image_nocaption":"","_FSMCFIC_featured_image_hide":"","footnotes":""},"categories":[4984],"tags":[],"class_list":["post-9701","post","type-post","status-publish","format-standard","has-post-thumbnail","hentry","category-rapports"],"yoast_head":"<!-- This site is optimized with the Yoast SEO plugin v20.13 - https:\/\/yoast.com\/wordpress\/plugins\/seo\/ -->\n<title>L&#039;asthme est-il g\u00e9n\u00e9tique? | D\u00e9codez votre ADN et d\u00e9couvrez vos risques!<\/title>\n<meta name=\"description\" content=\"L&#039;asthme est-il g\u00e9n\u00e9tique? Cette \u00e9tude a d\u00e9couvert 41 nouvelles variantes g\u00e9n\u00e9tiques associ\u00e9es \u00e0 l&#039;asthme, au rhume des foins, \u00e0 l&#039;ecz\u00e9ma ou \u00e0 une combinaison des trois.\" \/>\n<meta name=\"robots\" content=\"index, follow, max-snippet:-1, max-image-preview:large, max-video-preview:-1\" \/>\n<link rel=\"canonical\" href=\"https:\/\/nebula.org\/blog\/fr\/est-asthme-genetique\/\" \/>\n<meta property=\"og:locale\" content=\"fr_FR\" \/>\n<meta property=\"og:type\" content=\"article\" \/>\n<meta property=\"og:title\" content=\"L&#039;asthme est-il g\u00e9n\u00e9tique? | D\u00e9codez votre ADN et d\u00e9couvrez vos risques!\" \/>\n<meta property=\"og:description\" content=\"L&#039;asthme est-il g\u00e9n\u00e9tique? Cette \u00e9tude a d\u00e9couvert 41 nouvelles variantes g\u00e9n\u00e9tiques associ\u00e9es \u00e0 l&#039;asthme, au rhume des foins, \u00e0 l&#039;ecz\u00e9ma ou \u00e0 une combinaison des trois.\" \/>\n<meta property=\"og:url\" content=\"https:\/\/nebula.org\/blog\/fr\/est-asthme-genetique\/\" \/>\n<meta property=\"og:site_name\" content=\"Nebula Genomics Blog\" \/>\n<meta property=\"article:publisher\" content=\"https:\/\/facebook.com\/nebulagenomics\" \/>\n<meta property=\"article:published_time\" content=\"2021-01-06T04:57:49+00:00\" \/>\n<meta property=\"article:modified_time\" content=\"2021-02-21T03:32:25+00:00\" \/>\n<meta property=\"og:image\" content=\"https:\/\/nebula.org\/blog\/wp-content\/uploads\/2020\/01\/robina-weermeijer-Pw9aFhc92P8-unsplash-scaled.jpg\" \/>\n\t<meta property=\"og:image:width\" content=\"924\" \/>\n\t<meta property=\"og:image:height\" content=\"520\" \/>\n\t<meta property=\"og:image:type\" content=\"image\/jpeg\" \/>\n<meta name=\"author\" content=\"Garrett Dunlap, B.S.\" \/>\n<meta name=\"twitter:card\" content=\"summary_large_image\" \/>\n<meta name=\"twitter:creator\" content=\"@nebulagenomics\" \/>\n<meta name=\"twitter:site\" content=\"@nebulagenomics\" \/>\n<meta name=\"twitter:label1\" content=\"\u00c9crit par\" \/>\n\t<meta name=\"twitter:data1\" content=\"Garrett Dunlap, B.S.\" \/>\n\t<meta name=\"twitter:label2\" content=\"Dur\u00e9e de lecture estim\u00e9e\" \/>\n\t<meta name=\"twitter:data2\" content=\"11 minutes\" \/>\n<script type=\"application\/ld+json\" class=\"yoast-schema-graph\">{\"@context\":\"https:\/\/schema.org\",\"@graph\":[{\"@type\":\"Article\",\"@id\":\"https:\/\/nebula.org\/blog\/fr\/est-asthme-genetique\/#article\",\"isPartOf\":{\"@id\":\"https:\/\/nebula.org\/blog\/fr\/est-asthme-genetique\/\"},\"author\":{\"name\":\"Garrett Dunlap, B.S.\",\"@id\":\"https:\/\/nebula.org\/blog\/fr\/#\/schema\/person\/b7bd0a490f115d1d931c33eed922af4e\"},\"headline\":\"Asthme (Johansson, 2019) &#8211; L&rsquo;asthme est-il g\u00e9n\u00e9tique?\",\"datePublished\":\"2021-01-06T04:57:49+00:00\",\"dateModified\":\"2021-02-21T03:32:25+00:00\",\"mainEntityOfPage\":{\"@id\":\"https:\/\/nebula.org\/blog\/fr\/est-asthme-genetique\/\"},\"wordCount\":2439,\"publisher\":{\"@id\":\"https:\/\/nebula.org\/blog\/fr\/#organization\"},\"articleSection\":[\"Rapports\"],\"inLanguage\":\"fr-FR\"},{\"@type\":\"WebPage\",\"@id\":\"https:\/\/nebula.org\/blog\/fr\/est-asthme-genetique\/\",\"url\":\"https:\/\/nebula.org\/blog\/fr\/est-asthme-genetique\/\",\"name\":\"L'asthme est-il g\u00e9n\u00e9tique? | D\u00e9codez votre ADN et d\u00e9couvrez vos risques!\",\"isPartOf\":{\"@id\":\"https:\/\/nebula.org\/blog\/fr\/#website\"},\"datePublished\":\"2021-01-06T04:57:49+00:00\",\"dateModified\":\"2021-02-21T03:32:25+00:00\",\"description\":\"L'asthme est-il g\u00e9n\u00e9tique? Cette \u00e9tude a d\u00e9couvert 41 nouvelles variantes g\u00e9n\u00e9tiques associ\u00e9es \u00e0 l'asthme, au rhume des foins, \u00e0 l'ecz\u00e9ma ou \u00e0 une combinaison des trois.\",\"breadcrumb\":{\"@id\":\"https:\/\/nebula.org\/blog\/fr\/est-asthme-genetique\/#breadcrumb\"},\"inLanguage\":\"fr-FR\",\"potentialAction\":[{\"@type\":\"ReadAction\",\"target\":[\"https:\/\/nebula.org\/blog\/fr\/est-asthme-genetique\/\"]}]},{\"@type\":\"BreadcrumbList\",\"@id\":\"https:\/\/nebula.org\/blog\/fr\/est-asthme-genetique\/#breadcrumb\",\"itemListElement\":[{\"@type\":\"ListItem\",\"position\":1,\"name\":\"Home\",\"item\":\"https:\/\/nebula.org\/blog\/fr\/\"},{\"@type\":\"ListItem\",\"position\":2,\"name\":\"Asthme (Johansson, 2019) &#8211; L&rsquo;asthme est-il g\u00e9n\u00e9tique?\"}]},{\"@type\":\"WebSite\",\"@id\":\"https:\/\/nebula.org\/blog\/fr\/#website\",\"url\":\"https:\/\/nebula.org\/blog\/fr\/\",\"name\":\"Nebula Genomics Blog\",\"description\":\"\",\"publisher\":{\"@id\":\"https:\/\/nebula.org\/blog\/fr\/#organization\"},\"potentialAction\":[{\"@type\":\"SearchAction\",\"target\":{\"@type\":\"EntryPoint\",\"urlTemplate\":\"https:\/\/nebula.org\/blog\/fr\/?s={search_term_string}\"},\"query-input\":\"required name=search_term_string\"}],\"inLanguage\":\"fr-FR\"},{\"@type\":\"Organization\",\"@id\":\"https:\/\/nebula.org\/blog\/fr\/#organization\",\"name\":\"Nebula Genomics\",\"url\":\"https:\/\/nebula.org\/blog\/fr\/\",\"logo\":{\"@type\":\"ImageObject\",\"inLanguage\":\"fr-FR\",\"@id\":\"https:\/\/nebula.org\/blog\/fr\/#\/schema\/logo\/image\/\",\"url\":\"\",\"contentUrl\":\"\",\"caption\":\"Nebula Genomics\"},\"image\":{\"@id\":\"https:\/\/nebula.org\/blog\/fr\/#\/schema\/logo\/image\/\"},\"sameAs\":[\"https:\/\/facebook.com\/nebulagenomics\",\"https:\/\/twitter.com\/nebulagenomics\",\"https:\/\/www.instagram.com\/nebulagenomics\/\",\"https:\/\/www.linkedin.com\/company\/nebula-genomics\/\",\"https:\/\/en.wikipedia.org\/wiki\/Nebula_Genomics\"]},{\"@type\":\"Person\",\"@id\":\"https:\/\/nebula.org\/blog\/fr\/#\/schema\/person\/b7bd0a490f115d1d931c33eed922af4e\",\"name\":\"Garrett Dunlap, B.S.\",\"image\":{\"@type\":\"ImageObject\",\"inLanguage\":\"fr-FR\",\"@id\":\"https:\/\/nebula.org\/blog\/fr\/#\/schema\/person\/image\/\",\"url\":\"https:\/\/secure.gravatar.com\/avatar\/32fb6e0dbc7e0bac908b0f23ea6ed5ec?s=96&d=mm&r=g\",\"contentUrl\":\"https:\/\/secure.gravatar.com\/avatar\/32fb6e0dbc7e0bac908b0f23ea6ed5ec?s=96&d=mm&r=g\",\"caption\":\"Garrett Dunlap, B.S.\"},\"description\":\"Garrett Dunlap earned a B.S. in Biology from Case Western Reserve University with a minor in Political Science. He earned an M.S. and is currently a Ph.D. Candidate in the Biological and Biomedical Sciences (BBS) Ph.D. program at Harvard University.\u00a0He has experience in science policy as an intern at the Science and Innovation Network where he assisted in the science diplomacy functions of the British Consulate-General and as a research associate at TScan Therapeutics. He is also interested in science communication and writing. You can read more about Garrett's experience and publications on LinkedIn and ORCID.\",\"sameAs\":[\"https:\/\/nebula.org\/whole-genome-sequencing\/\"],\"url\":\"https:\/\/nebula.org\/blog\/fr\/author\/garrett-dunlap\/\"}]}<\/script>\n<!-- \/ Yoast SEO plugin. -->","yoast_head_json":{"title":"L'asthme est-il g\u00e9n\u00e9tique? | D\u00e9codez votre ADN et d\u00e9couvrez vos risques!","description":"L'asthme est-il g\u00e9n\u00e9tique? Cette \u00e9tude a d\u00e9couvert 41 nouvelles variantes g\u00e9n\u00e9tiques associ\u00e9es \u00e0 l'asthme, au rhume des foins, \u00e0 l'ecz\u00e9ma ou \u00e0 une combinaison des trois.","robots":{"index":"index","follow":"follow","max-snippet":"max-snippet:-1","max-image-preview":"max-image-preview:large","max-video-preview":"max-video-preview:-1"},"canonical":"https:\/\/nebula.org\/blog\/fr\/est-asthme-genetique\/","og_locale":"fr_FR","og_type":"article","og_title":"L'asthme est-il g\u00e9n\u00e9tique? | D\u00e9codez votre ADN et d\u00e9couvrez vos risques!","og_description":"L'asthme est-il g\u00e9n\u00e9tique? Cette \u00e9tude a d\u00e9couvert 41 nouvelles variantes g\u00e9n\u00e9tiques associ\u00e9es \u00e0 l'asthme, au rhume des foins, \u00e0 l'ecz\u00e9ma ou \u00e0 une combinaison des trois.","og_url":"https:\/\/nebula.org\/blog\/fr\/est-asthme-genetique\/","og_site_name":"Nebula Genomics Blog","article_publisher":"https:\/\/facebook.com\/nebulagenomics","article_published_time":"2021-01-06T04:57:49+00:00","article_modified_time":"2021-02-21T03:32:25+00:00","og_image":[{"width":924,"height":520,"url":"https:\/\/nebula.org\/blog\/wp-content\/uploads\/2020\/01\/robina-weermeijer-Pw9aFhc92P8-unsplash-scaled.jpg","type":"image\/jpeg"}],"author":"Garrett Dunlap, B.S.","twitter_card":"summary_large_image","twitter_creator":"@nebulagenomics","twitter_site":"@nebulagenomics","twitter_misc":{"\u00c9crit par":"Garrett Dunlap, B.S.","Dur\u00e9e de lecture estim\u00e9e":"11 minutes"},"schema":{"@context":"https:\/\/schema.org","@graph":[{"@type":"Article","@id":"https:\/\/nebula.org\/blog\/fr\/est-asthme-genetique\/#article","isPartOf":{"@id":"https:\/\/nebula.org\/blog\/fr\/est-asthme-genetique\/"},"author":{"name":"Garrett Dunlap, B.S.","@id":"https:\/\/nebula.org\/blog\/fr\/#\/schema\/person\/b7bd0a490f115d1d931c33eed922af4e"},"headline":"Asthme (Johansson, 2019) &#8211; L&rsquo;asthme est-il g\u00e9n\u00e9tique?","datePublished":"2021-01-06T04:57:49+00:00","dateModified":"2021-02-21T03:32:25+00:00","mainEntityOfPage":{"@id":"https:\/\/nebula.org\/blog\/fr\/est-asthme-genetique\/"},"wordCount":2439,"publisher":{"@id":"https:\/\/nebula.org\/blog\/fr\/#organization"},"articleSection":["Rapports"],"inLanguage":"fr-FR"},{"@type":"WebPage","@id":"https:\/\/nebula.org\/blog\/fr\/est-asthme-genetique\/","url":"https:\/\/nebula.org\/blog\/fr\/est-asthme-genetique\/","name":"L'asthme est-il g\u00e9n\u00e9tique? | D\u00e9codez votre ADN et d\u00e9couvrez vos risques!","isPartOf":{"@id":"https:\/\/nebula.org\/blog\/fr\/#website"},"datePublished":"2021-01-06T04:57:49+00:00","dateModified":"2021-02-21T03:32:25+00:00","description":"L'asthme est-il g\u00e9n\u00e9tique? Cette \u00e9tude a d\u00e9couvert 41 nouvelles variantes g\u00e9n\u00e9tiques associ\u00e9es \u00e0 l'asthme, au rhume des foins, \u00e0 l'ecz\u00e9ma ou \u00e0 une combinaison des trois.","breadcrumb":{"@id":"https:\/\/nebula.org\/blog\/fr\/est-asthme-genetique\/#breadcrumb"},"inLanguage":"fr-FR","potentialAction":[{"@type":"ReadAction","target":["https:\/\/nebula.org\/blog\/fr\/est-asthme-genetique\/"]}]},{"@type":"BreadcrumbList","@id":"https:\/\/nebula.org\/blog\/fr\/est-asthme-genetique\/#breadcrumb","itemListElement":[{"@type":"ListItem","position":1,"name":"Home","item":"https:\/\/nebula.org\/blog\/fr\/"},{"@type":"ListItem","position":2,"name":"Asthme (Johansson, 2019) &#8211; L&rsquo;asthme est-il g\u00e9n\u00e9tique?"}]},{"@type":"WebSite","@id":"https:\/\/nebula.org\/blog\/fr\/#website","url":"https:\/\/nebula.org\/blog\/fr\/","name":"Nebula Genomics Blog","description":"","publisher":{"@id":"https:\/\/nebula.org\/blog\/fr\/#organization"},"potentialAction":[{"@type":"SearchAction","target":{"@type":"EntryPoint","urlTemplate":"https:\/\/nebula.org\/blog\/fr\/?s={search_term_string}"},"query-input":"required name=search_term_string"}],"inLanguage":"fr-FR"},{"@type":"Organization","@id":"https:\/\/nebula.org\/blog\/fr\/#organization","name":"Nebula Genomics","url":"https:\/\/nebula.org\/blog\/fr\/","logo":{"@type":"ImageObject","inLanguage":"fr-FR","@id":"https:\/\/nebula.org\/blog\/fr\/#\/schema\/logo\/image\/","url":"","contentUrl":"","caption":"Nebula Genomics"},"image":{"@id":"https:\/\/nebula.org\/blog\/fr\/#\/schema\/logo\/image\/"},"sameAs":["https:\/\/facebook.com\/nebulagenomics","https:\/\/twitter.com\/nebulagenomics","https:\/\/www.instagram.com\/nebulagenomics\/","https:\/\/www.linkedin.com\/company\/nebula-genomics\/","https:\/\/en.wikipedia.org\/wiki\/Nebula_Genomics"]},{"@type":"Person","@id":"https:\/\/nebula.org\/blog\/fr\/#\/schema\/person\/b7bd0a490f115d1d931c33eed922af4e","name":"Garrett Dunlap, B.S.","image":{"@type":"ImageObject","inLanguage":"fr-FR","@id":"https:\/\/nebula.org\/blog\/fr\/#\/schema\/person\/image\/","url":"https:\/\/secure.gravatar.com\/avatar\/32fb6e0dbc7e0bac908b0f23ea6ed5ec?s=96&d=mm&r=g","contentUrl":"https:\/\/secure.gravatar.com\/avatar\/32fb6e0dbc7e0bac908b0f23ea6ed5ec?s=96&d=mm&r=g","caption":"Garrett Dunlap, B.S."},"description":"Garrett Dunlap earned a B.S. in Biology from Case Western Reserve University with a minor in Political Science. He earned an M.S. and is currently a Ph.D. Candidate in the Biological and Biomedical Sciences (BBS) Ph.D. program at Harvard University.\u00a0He has experience in science policy as an intern at the Science and Innovation Network where he assisted in the science diplomacy functions of the British Consulate-General and as a research associate at TScan Therapeutics. He is also interested in science communication and writing. You can read more about Garrett's experience and publications on LinkedIn and ORCID.","sameAs":["https:\/\/nebula.org\/whole-genome-sequencing\/"],"url":"https:\/\/nebula.org\/blog\/fr\/author\/garrett-dunlap\/"}]}},"_links":{"self":[{"href":"https:\/\/nebula.org\/blog\/fr\/wp-json\/wp\/v2\/posts\/9701","targetHints":{"allow":["GET"]}}],"collection":[{"href":"https:\/\/nebula.org\/blog\/fr\/wp-json\/wp\/v2\/posts"}],"about":[{"href":"https:\/\/nebula.org\/blog\/fr\/wp-json\/wp\/v2\/types\/post"}],"author":[{"embeddable":true,"href":"https:\/\/nebula.org\/blog\/fr\/wp-json\/wp\/v2\/users\/12"}],"replies":[{"embeddable":true,"href":"https:\/\/nebula.org\/blog\/fr\/wp-json\/wp\/v2\/comments?post=9701"}],"version-history":[{"count":0,"href":"https:\/\/nebula.org\/blog\/fr\/wp-json\/wp\/v2\/posts\/9701\/revisions"}],"wp:featuredmedia":[{"embeddable":true,"href":"https:\/\/nebula.org\/blog\/fr\/wp-json\/wp\/v2\/media\/5205"}],"wp:attachment":[{"href":"https:\/\/nebula.org\/blog\/fr\/wp-json\/wp\/v2\/media?parent=9701"}],"wp:term":[{"taxonomy":"category","embeddable":true,"href":"https:\/\/nebula.org\/blog\/fr\/wp-json\/wp\/v2\/categories?post=9701"},{"taxonomy":"post_tag","embeddable":true,"href":"https:\/\/nebula.org\/blog\/fr\/wp-json\/wp\/v2\/tags?post=9701"}],"curies":[{"name":"wp","href":"https:\/\/api.w.org\/{rel}","templated":true}]}}