{"id":9719,"date":"2021-01-05T23:58:04","date_gmt":"2021-01-06T04:58:04","guid":{"rendered":"https:\/\/nebula.org\/blog\/est-bipolaire-genetique\/"},"modified":"2022-05-19T11:21:15","modified_gmt":"2022-05-19T15:21:15","slug":"est-trouble-bipolaire-genetique","status":"publish","type":"post","link":"https:\/\/nebula.org\/blog\/fr\/est-trouble-bipolaire-genetique\/","title":{"rendered":"Bipolaire (Mullins, 2021) &#8211; Le trouble bipolaire est-il g\u00e9n\u00e9tique ?"},"content":{"rendered":"\n<div class=\"wp-block-yoast-seo-table-of-contents yoast-table-of-contents\"><h2>Table des mati\u00e8res<\/h2><ul><li><a href=\"#h-nebula-genomics-dna-report-for-bipolar-disorder\" data-level=\"2\">Rapport ADN de Nebula Genomics pour le trouble bipolaire<\/a><\/li><li><a href=\"#h-what-is-bipolar-disorder\" data-level=\"2\">Qu&rsquo;est-ce que le trouble bipolaire?<\/a><\/li><li><a href=\"#h-is-bipolar-disorder-a-genetic-disorder\" data-level=\"2\">Le trouble bipolaire est-il une maladie g\u00e9n\u00e9tique ?<\/a><\/li><li><a href=\"#h-current-research-on-genetic-bipolar-disorder-updated-may-2021\" data-level=\"2\">Recherche actuelle sur le trouble bipolaire g\u00e9n\u00e9tique [Updated May 2021]<\/a><\/li><li><a href=\"#h-forms\" data-level=\"2\">Formes<\/a><\/li><li><a href=\"#h-epidemiology\" data-level=\"2\">\u00c9pid\u00e9miologie<\/a><\/li><li><a href=\"#h-characteristics-and-symptoms\" data-level=\"2\">Caract\u00e9ristiques et sympt\u00f4mes<\/a><\/li><li><a href=\"#h-causes\" data-level=\"2\">Les causes<\/a><ul><li><a href=\"#h-non-genetic-risk-factors\" data-level=\"3\">Facteurs de risque non g\u00e9n\u00e9tiques<\/a><\/li><li><a href=\"#h-environmental-factors\" data-level=\"3\">Facteurs environnementaux<\/a><\/li><\/ul><\/li><li><a href=\"#h-diagnosis\" data-level=\"2\">Diagnostic<\/a><\/li><li><a href=\"#h-treating-genetic-and-non-genetic-bipolar-disorder\" data-level=\"2\">Traiter le trouble bipolaire g\u00e9n\u00e9tique et non g\u00e9n\u00e9tique<\/a><ul><li><a href=\"#h-medications-and-programs\" data-level=\"3\">M\u00e9dicaments et programmes<\/a><\/li><li><a href=\"#h-psychotherapy\" data-level=\"3\">Psychoth\u00e9rapie<\/a><\/li><\/ul><\/li><\/ul><\/div>\n\n<h2 class=\"wp-block-heading\" id=\"h-nebula-genomics-dna-report-for-bipolar-disorder\"><strong>Rapport ADN de Nebula Genomics pour le trouble bipolaire<\/strong><\/h2>\n\n<p>Le trouble bipolaire est-il g\u00e9n\u00e9tique? Nous avons cr\u00e9\u00e9 un rapport ADN bas\u00e9 sur une \u00e9tude qui a tent\u00e9 de r\u00e9pondre \u00e0 cette question. Ci-dessous vous pouvez voir un exemple de rapport ADN. Pour obtenir votre rapport ADN personnalis\u00e9, achetez notre<a href=\"https:\/\/nebula.org\/whole-genome-sequencing\/\"> S\u00e9quen\u00e7age du g\u00e9nome entier<\/a> !<\/p>\n\n<div class=\"wp-block-image\"><figure class=\"aligncenter size-large\"><img decoding=\"async\" width=\"792\" height=\"676\" src=\"https:\/\/nebula.org\/blog\/wp-content\/uploads\/2022\/05\/bipolar-disorder-sample-report.png\" alt=\"Un exemple de rapport sur le trouble bipolaire de Nebula Genomics\" class=\"wp-image-30538\" srcset=\"https:\/\/nebula.org\/blog\/wp-content\/uploads\/2022\/05\/bipolar-disorder-sample-report.png 792w, https:\/\/nebula.org\/blog\/wp-content\/uploads\/2022\/05\/bipolar-disorder-sample-report-300x256.png 300w, https:\/\/nebula.org\/blog\/wp-content\/uploads\/2022\/05\/bipolar-disorder-sample-report-768x656.png 768w\" sizes=\"(max-width: 792px) 100vw, 792px\" \/><\/figure><\/div>\n\n<div class=\"wp-block-image\"><figure class=\"aligncenter size-large\"><img decoding=\"async\" width=\"780\" height=\"277\" src=\"https:\/\/nebula.org\/blog\/wp-content\/uploads\/2022\/05\/bipolar-disorder-sample-variants.png\" alt=\"Un exemple de rapport sur les variantes g&#xE9;n&#xE9;tiques du trouble bipolaire de Nebula Genomics\" class=\"wp-image-30546\" srcset=\"https:\/\/nebula.org\/blog\/wp-content\/uploads\/2022\/05\/bipolar-disorder-sample-variants.png 780w, https:\/\/nebula.org\/blog\/wp-content\/uploads\/2022\/05\/bipolar-disorder-sample-variants-300x107.png 300w, https:\/\/nebula.org\/blog\/wp-content\/uploads\/2022\/05\/bipolar-disorder-sample-variants-768x273.png 768w\" sizes=\"(max-width: 780px) 100vw, 780px\" \/><\/figure><\/div>\n\n<p>Pour en savoir plus sur la fa\u00e7on dont Nebula Genomics signale les variantes g\u00e9n\u00e9tiques dans le tableau ci-dessus, consultez le <a>didacticiel de la biblioth\u00e8que de recherche Nebula<\/a> .<\/p>\n\n<div class=\"wp-block-buttons aligncenter is-layout-flex wp-block-buttons-is-layout-flex\">\n<div class=\"wp-block-button\"><a class=\"wp-block-button__link has-vivid-cyan-blue-background-color has-background\" href=\"https:\/\/nebula.org\/whole-genome-sequencing\/\"><strong>S\u00e9quencez votre g\u00e9nome et acc\u00e9dez \u00e0 plus de 200 rapports ADN!<\/strong><\/a><\/div>\n<\/div>\n\n<div style=\"height:20px\" aria-hidden=\"true\" class=\"wp-block-spacer\"><\/div>\n\n<figure class=\"wp-block-table aligncenter\"><table class=\"has-subtle-pale-pink-background-color has-background\"><tbody><tr><td><strong>Ces informations ont \u00e9t\u00e9 mises \u00e0 jour pour refl\u00e9ter les recherches scientifiques r\u00e9centes en avril 2021.<\/strong><\/td><\/tr><\/tbody><\/table><\/figure>\n\n<h2 class=\"wp-block-heading\" id=\"h-what-is-bipolar-disorder\"><strong>Qu&rsquo;est-ce que le trouble bipolaire?<\/strong><\/h2>\n\n<p>Le trouble bipolaire est le nom court \u00e9tabli pour le trouble affectif bipolaire (BAS). C&rsquo;est une maladie mentale qui appartient aux troubles de l&rsquo;humeur (troubles affectifs). Les noms pr\u00e9c\u00e9dents pour cette condition \u00e9taient la maladie maniaco-d\u00e9pressive ou la maniaco-d\u00e9pression.<\/p>\n\n<p>Le trouble se manifeste par des sautes d&rsquo;humeur extr\u00eames, bipolaires et des niveaux d&rsquo;activit\u00e9 oppos\u00e9s. Ces fluctuations se produisent par phases et s&rsquo;\u00e9tendent bien au-del\u00e0 des niveaux normaux. Les personnes atteintes oscillent entre la d\u00e9pression et la manie sans pouvoir contr\u00f4ler volontairement ces changements. Les sympt\u00f4mes deviennent g\u00e9n\u00e9ralement apparents progressivement. <\/p>\n\n<p>Les \u00e9pisodes d\u00e9pressifs se caract\u00e9risent par une humeur d\u00e9pressive, une \u00e9nergie et une diminution de la motivation sup\u00e9rieures \u00e0 la moyenne. Un \u00e9pisode maniaque est caract\u00e9ris\u00e9 par une augmentation de la pulsion et de l&rsquo;agitation, souvent accompagn\u00e9es d&rsquo;une humeur insuffisamment exub\u00e9rante ou irritable. Dans le processus, la capacit\u00e9 d&rsquo;examiner la r\u00e9alit\u00e9 est parfois gravement alt\u00e9r\u00e9e.<\/p>\n\n<p>Selon l&rsquo;\u00e9volution de la maladie, il peut y avoir des p\u00e9riodes plus ou moins longues entre les \u00e9pisodes aigus d&rsquo;humeur au cours desquels la personne atteinte ne pr\u00e9sente aucun sympt\u00f4me. La condition se produit dans une grande vari\u00e9t\u00e9 de degr\u00e9s de gravit\u00e9. Les individus peuvent sembler avoir une <a href=\"https:\/\/nebula.org\/blog\/fr\/genetique-de-personnalite-lo-2017\/\">personnalit\u00e9<\/a> charismatique pendant l&rsquo;\u00e9pisode maniaque. Cependant, les cons\u00e9quences sociales n\u00e9gatives possibles du trouble pour l&rsquo;individu peuvent \u00eatre tr\u00e8s graves.<\/p>\n\n<h2 class=\"wp-block-heading\" id=\"h-is-bipolar-disorder-a-genetic-disorder\"><strong>Le trouble bipolaire est-il une maladie g\u00e9n\u00e9tique ?<\/strong><\/h2>\n\n<p>Une revue d&rsquo;\u00e9tudes sur des jumeaux fraternels et identiques publi\u00e9e en <a href=\"https:\/\/doi.org\/10.1016\/S0140-6736(13)60855-7\">2013<\/a> sugg\u00e8re que le trouble peut fonctionner dans les familles, et l&rsquo;h\u00e9ritabilit\u00e9 d&rsquo;un risque accru de trouble bipolaire est estim\u00e9e \u00e0 plus de 80%. Le risque de d\u00e9velopper <a href=\"https:\/\/vistapineshealth.com\/services\/bipolar-disorder\/when-it-develops\/\" target=\"_blank\" rel=\"noreferrer noopener\">un trouble bipolaire<\/a> est presque <a href=\"https:\/\/doi.org\/10.1016%2Fj.neuroscience.2009.03.080\">dix fois plus \u00e9lev\u00e9<\/a> lorsqu&rsquo;un membre de la famille au premier degr\u00e9 est atteint que dans la population g\u00e9n\u00e9rale. Cette preuve sugg\u00e8re que la r\u00e9ponse \u00e0 la question \u00ab est bipolaire h\u00e9r\u00e9ditaire ? est positif.<\/p>\n\n<p>Une revue de <a href=\"https:\/\/www.sciencedirect.com\/science\/article\/abs\/pii\/S0959438814002372?via%3Dihub\">2015<\/a> a sugg\u00e9r\u00e9 qu&rsquo;\u00e0 ce jour, un grand nombre d&rsquo;alt\u00e9rations g\u00e9n\u00e9tiques avaient \u00e9t\u00e9 identifi\u00e9es en relation avec la maladie. Cependant, chaque composante g\u00e9n\u00e9tique ne contribue que tr\u00e8s peu \u00e0 un facteur de risque accru. Cela signifie que de nombreuses petites variantes g\u00e9n\u00e9tiques prises ensemble influencent probablement une plus grande pr\u00e9disposition \u00e0 la maladie, mais aucun g\u00e8ne unique ne peut \u00eatre identifi\u00e9 comme une cause. <\/p>\n\n<p>Des \u00e9tudes d&rsquo;associations \u00e0 l&rsquo;\u00e9chelle du g\u00e9nome men\u00e9es en <a href=\"https:\/\/doi.org\/10.1016%2FS0140-6736%2813%2960855-7\">2013<\/a> et <a href=\"https:\/\/doi.org\/10.2147%2Ftacg.s39297\">2014<\/a> ont montr\u00e9 que plusieurs polymorphismes mononucl\u00e9otidiques (SNP) communs sont associ\u00e9s \u00e0 la maladie, y compris des variantes dans les g\u00e8nes CACNA1C, ODZ4 et NCAN. Aucune de ces associations n&rsquo;a pu confirmer un effet causal important, aidant \u00e0 \u00e9tablir la croyance que le risque de maladie d&rsquo;une personne r\u00e9sulte d&rsquo;une combinaison de facteurs g\u00e9n\u00e9tiques et environnementaux. <\/p>\n\n<p>Parmi ces g\u00e8nes, CACNA1C est la variante la plus \u00e9tudi\u00e9e en relation avec le trouble. Il code pour la sous-unit\u00e9 d&rsquo;un canal calcique d\u00e9pendant de la tension qui m\u00e9die l&rsquo;afflux d&rsquo;ions calcium lors de la polarisation de la membrane. Des mutations dans le g\u00e8ne ont \u00e9t\u00e9 associ\u00e9es \u00e0 une perturbation de la connectivit\u00e9 c\u00e9r\u00e9brale chez les patients atteints de trouble bipolaire et ont \u00e9galement \u00e9t\u00e9 li\u00e9es \u00e0 la <a href=\"https:\/\/doi.org\/10.1038%2Fnature13595\">schizophr\u00e9nie<\/a> . <\/p>\n\n<p>Plus r\u00e9cemment, dans<a href=\"https:\/\/pubmed.ncbi.nlm.nih.gov\/26365518\/\"> 2016<\/a> , deux polymorphismes suppl\u00e9mentaires dans TPH2 \u00e9taient \u00e9galement associ\u00e9s \u00e0 la condition. <\/p>\n\n<p>D&rsquo;autres \u00e9tudes d&rsquo;association \u00e0 l&rsquo;\u00e9chelle du g\u00e9nome sont en cours pour rechercher davantage de liens entre des g\u00e8nes sp\u00e9cifiques et le trouble bipolaire. <\/p>\n\n<h2 class=\"wp-block-heading\" id=\"h-current-research-on-genetic-bipolar-disorder-updated-may-2021\"><strong>Recherche actuelle sur le trouble bipolaire g\u00e9n\u00e9tique [Updated May 2021]<\/strong><\/h2>\n\n<p>Il existe suffisamment d&rsquo;\u00e9tudes \u00e9valu\u00e9es par des pairs pour appuyer une r\u00e9ponse positive \u00e0 la question \u00ab\u00a0Le trouble bipolaire est-il h\u00e9r\u00e9ditaire\u00a0?\u00a0\u00bb De nombreuses \u00e9tudes sont en cours en ce moment pour trouver des options de traitement favorables. Ces \u00e9tudes sont ouvertes \u00e0 la participation du public. Cette liste de <a href=\"https:\/\/www.clinicaltrials.gov\/ct2\/results?term=bipolar&amp;recr=Open&amp;rslt=&amp;type=&amp;cond=&amp;intr=&amp;outc=&amp;lead=&amp;spons=&amp;id=&amp;state1=&amp;cntry1=&amp;state2=&amp;cntry2=&amp;state3=&amp;cntry3=&amp;locn=&amp;gndr=&amp;fund=0&amp;rcv_s=&amp;rcv_e=&amp;lup_s=&amp;lup_e=\">ClinicalTrials.org<\/a> est un bon d\u00e9but. <\/p>\n\n<p>L&rsquo;Institut national de la sant\u00e9 mentale des National Institutes of Health <a href=\"https:\/\/www.nimh.nih.gov\/research\/research-conducted-at-nimh\/join-a-study\/trials\/adult-studies\/investigating-the-genetics-of-bipolar-disorder-in-those-affected-and-their-family-members\">\u00e9tudie la g\u00e9n\u00e9tique du trouble bipolaire chez les personnes touch\u00e9es et les membres de leur famille<\/a> . Les chercheurs tentent de trouver des g\u00e8nes qui peuvent augmenter les chances d&rsquo;une personne de d\u00e9velopper la maladie. <\/p>\n\n<p>Cette \u00e9tude de 2017 fait r\u00e9f\u00e9rence au <a href=\"https:\/\/pubmed.ncbi.nlm.nih.gov\/28864122\/\">trouble bipolaire \u00e0 cycle rapide et aux marqueurs biologiques qui lui sont associ\u00e9s<\/a> . Outre la g\u00e9n\u00e9tique, il essayait de trouver d&rsquo;autres causes de pr\u00e9disposition. <\/p>\n\n<p>Selon un article de recherche de 2020, non seulement la maladie est g\u00e9n\u00e9tique, mais elle <a href=\"https:\/\/www.nature.com\/articles\/nrneurol.2009.71\">partage \u00e9galement plus de la moiti\u00e9 de ses d\u00e9terminants avec la schizophr\u00e9nie<\/a> , comme mentionn\u00e9 pr\u00e9c\u00e9demment. En outre, le Stanley Neuropathology Consortium a men\u00e9 des recherches pour trouver <a href=\"https:\/\/www.nature.com\/articles\/4000696\">des alt\u00e9rations sp\u00e9cifiques \u00e0 la maladie dans les prot\u00e9ines c\u00e9r\u00e9brales du cortex frontal dans la schizophr\u00e9nie, le trouble bipolaire et le trouble d\u00e9pressif majeur<\/a> .<\/p>\n\n<p>Vous pourriez \u00eatre int\u00e9ress\u00e9 \u00e0 lire cet article sur <a href=\"https:\/\/www.sciencedirect.com\/science\/article\/abs\/pii\/S0165032720332766\">les impacts de la COVID-19 sur la sant\u00e9 mentale et le mode de vie sur le trouble bipolaire<\/a> . <\/p>\n\n<h2 class=\"wp-block-heading\" id=\"h-forms\"><strong>Formes<\/strong><\/h2>\n\n<p>Il existe trois types de trouble bipolaire. Bien qu&rsquo;ils se caract\u00e9risent tous par des variations drastiques d&rsquo;humeur positive et n\u00e9gative, ils se distinguent par la gravit\u00e9 de la maladie. <\/p>\n\n<p><em>Trouble bipolaire I\u00a0:<\/em> le patient conna\u00eet des \u00e9pisodes maniaques pendant au moins sept jours ou des \u00e9pisodes qui perturbent tellement sa vie qu&rsquo;il a besoin de soins hospitaliers imm\u00e9diats. Des \u00e9pisodes d\u00e9pressifs surviennent g\u00e9n\u00e9ralement \u00e9galement, durant au moins deux semaines. Avoir des sympt\u00f4mes d\u00e9pressifs et des sympt\u00f4mes maniaques en m\u00eame temps est \u00e9galement possible.<\/p>\n\n<p><em>Trouble bipolaire II\u00a0:<\/em> le patient subit une s\u00e9quence d&rsquo;\u00e9pisodes d\u00e9pressifs et d&rsquo;\u00e9pisodes hypomaniaques, mais pas dans la mesure des \u00e9pisodes maniaques du trouble bipolaire\u00a0I.<\/p>\n\n<p><em>Trouble cyclothymique :<\/em> le patient a des p\u00e9riodes de sympt\u00f4mes hypomaniaques ainsi que des p\u00e9riodes de sympt\u00f4mes d\u00e9pressifs, et elles doivent durer au moins deux ans. Cependant, les sympt\u00f4mes ne r\u00e9pondent pas aux exigences diagnostiques d&rsquo;un \u00e9pisode hypomaniaque et d&rsquo;un \u00e9pisode d\u00e9pressif.<\/p>\n\n<p><em>Autres troubles bipolaires et apparent\u00e9s sp\u00e9cifi\u00e9s et non sp\u00e9cifi\u00e9s\u00a0:<\/em> le patient pr\u00e9sente des sympt\u00f4mes bipolaires qui ne rentrent pas dans les autres cat\u00e9gories.<\/p>\n\n<div class=\"wp-block-image\"><figure class=\"aligncenter size-large\"><img decoding=\"async\" width=\"481\" height=\"600\" src=\"https:\/\/nebula.org\/blog\/wp-content\/uploads\/2021\/04\/bipolar-mood-shifts.png\" alt=\"Une repr&#xE9;sentation graphique des changements d'humeur\" class=\"wp-image-20047\" srcset=\"https:\/\/nebula.org\/blog\/wp-content\/uploads\/2021\/04\/bipolar-mood-shifts.png 481w, https:\/\/nebula.org\/blog\/wp-content\/uploads\/2021\/04\/bipolar-mood-shifts-241x300.png 241w\" sizes=\"(max-width: 481px) 100vw, 481px\" \/><figcaption>Changements d&rsquo;humeur bipolaires. <a href=\"https:\/\/commons.wikimedia.org\/wiki\/File:Bipolar_mood_shifts.png\">Osmose<\/a> . Attribution-Share Alike 4.0 International.<\/figcaption><\/figure><\/div>\n\n<h2 class=\"wp-block-heading\" id=\"h-epidemiology\"><strong>\u00c9pid\u00e9miologie<\/strong><\/h2>\n\n<p>Sur la base des donn\u00e9es d&rsquo;entretiens diagnostiques de la <a href=\"https:\/\/www.nimh.nih.gov\/health\/statistics\/bipolar-disorder.shtml\">National Comorbidity Survey Replication (NCS-R)<\/a> , environ 2,8\u00a0% des adultes am\u00e9ricains souffraient de trouble bipolaire entre 2001 et 2003. La pr\u00e9valence \u00e9tait presque identique entre les hommes et les femmes. <\/p>\n\n<p>En 2017, la <a href=\"https:\/\/www.ncbi.nlm.nih.gov\/pmc\/articles\/PMC6227754\/\">Global Burden of Diseases Study (GBD) a<\/a> estim\u00e9 \u00e0 4,5 millions de nouveaux cas aux \u00c9tats-Unis et \u00e0 45,5 nouveaux cas dans le monde. Les troubles bipolaires ont une incidence annuelle de <a href=\"https:\/\/www.mayoclinicproceedings.org\/article\/S0025-6196(17)30544-X\/fulltext\">3 \u00e0 10 cas pour 100 000 habitants<\/a> . <\/p>\n\n<p>Le trouble bipolaire chez les enfants n&rsquo;est souvent pas diagnostiqu\u00e9 en raison de sa similitude avec d&rsquo;autres conditions, telles que le <a href=\"https:\/\/nebula.org\/blog\/fr\/est-adhd-genetique\/\">TDAH<\/a> .<\/p>\n\n<h2 class=\"wp-block-heading\" id=\"h-characteristics-and-symptoms\"><strong>Caract\u00e9ristiques et sympt\u00f4mes<\/strong><\/h2>\n\n<p>Les sympt\u00f4mes et la gravit\u00e9 du trouble bipolaire diff\u00e8rent selon les individus. Les patients souffrent souvent de<a href=\"https:\/\/www.nami.org\/About-Mental-Illness\/Mental-Health-Conditions\/Bipolar-Disorder\"> \u00e9pisodes de manie et de d\u00e9pression<\/a> . Cependant, parfois, les gens restent des ann\u00e9es sans sympt\u00f4mes. D&rsquo;un autre c\u00f4t\u00e9, un patient peut apparemment ressentir les deux sympt\u00f4mes simultan\u00e9ment ou en succession rapide. <\/p>\n\n<p>Manie ou hypomanie : une humeur \u00e9lev\u00e9e caract\u00e9rise la manie. L&rsquo;hypomanie est une forme plus douce de cet effet. Bien que l&rsquo;\u00e9l\u00e9vation initiale de l&rsquo;humeur puisse sembler bonne, les patients peuvent constater qu&rsquo;ils deviennent rapidement plus irritables, leur comportement plus impr\u00e9visible et leur jugement plus alt\u00e9r\u00e9. <\/p>\n\n<p>Une conduite imprudente est souvent associ\u00e9e \u00e0 un \u00e9pisode maniaque. Pour \u00eatre diagnostiqu\u00e9e, une personne doit avoir v\u00e9cu au moins un \u00e9pisode maniaque. <\/p>\n\n<p>D\u00e9pression\u00a0: chez les patients atteints de la maladie, l&rsquo;\u00e9tat d\u00e9pressif est souvent tr\u00e8s d\u00e9bilitant et peut \u00eatre class\u00e9 comme une <a href=\"https:\/\/nebula.org\/blog\/fr\/est-maladie-mentale-genetique\/\">d\u00e9pression<\/a> bipolaire majeure. Le sommeil est g\u00e9n\u00e9ralement affect\u00e9 (dormir trop ou pas assez). Ils peuvent devenir obs\u00e9d\u00e9s par des sentiments associ\u00e9s \u00e0 la d\u00e9pression clinique, notamment des sentiments de perte, d&rsquo;\u00e9chec personnel, de culpabilit\u00e9 ou d&rsquo;impuissance. <\/p>\n\n<p>Des \u00e9v\u00e9nements de la vie comme un d\u00e9c\u00e8s dans la famille peuvent aggraver ces sympt\u00f4mes. Pour \u00eatre diagnostiqu\u00e9s, les \u00e9pisodes d\u00e9pressifs majeurs doivent durer chaque jour pendant au moins deux semaines.<\/p>\n\n<p>Des sentiments de suicide peuvent survenir dans les \u00e9pisodes maniaques ou d\u00e9pressifs de cette affection. Il est important que si vous vous sentez suicidaire, vous contactez imm\u00e9diatement le 911 ou une ligne d&rsquo;assistance nationale. <\/p>\n\n<p>Les sympt\u00f4mes peuvent \u00e9galement inclure <a href=\"https:\/\/blog.nebula.org\/is-psychosis-genetic\/\">une psychose<\/a> , comme des d\u00e9lires ou des hallucinations. <\/p>\n\n<p>Plusieurs conditions ont tendance \u00e0 coexister avec le trouble bipolaire. Ces autres troubles de sant\u00e9 mentale peuvent exacerber les sympt\u00f4mes bipolaires et conduire souvent \u00e0 un diagnostic erron\u00e9.<\/p>\n\n<ul class=\"wp-block-list\"><li>Psychose. Parfois, les personnes qui ont des \u00e9pisodes graves de manie ou de d\u00e9pression ont \u00e9galement des sympt\u00f4mes psychotiques, tels que des hallucinations ou des d\u00e9lires. Ces sympt\u00f4mes correspondent g\u00e9n\u00e9ralement \u00e0 l&rsquo;humeur extr\u00eame de la personne. <\/li><li><a href=\"https:\/\/nebula.org\/blog\/fr\/est-anxiete-genetique\/\">Troubles anxieux<\/a><\/li><li>Trouble d\u00e9ficitaire de l&rsquo;attention\/hyperactivit\u00e9 (TDAH) <\/li><li>Abus de drogues ou d&rsquo;alcool<\/li><li><a href=\"https:\/\/nebula.org\/blog\/fr\/anorexie-mentale-watson-2019\/\">Troubles de l&rsquo;alimentation<\/a><\/li><\/ul>\n\n<div class=\"wp-block-image\"><figure class=\"aligncenter size-large\"><img decoding=\"async\" width=\"540\" height=\"600\" src=\"https:\/\/nebula.org\/blog\/wp-content\/uploads\/2021\/04\/mental-illness-representation.png\" alt=\"Une repr&#xE9;sentation picturale des maladies mentales\" class=\"wp-image-20055\" srcset=\"https:\/\/nebula.org\/blog\/wp-content\/uploads\/2021\/04\/mental-illness-representation.png 540w, https:\/\/nebula.org\/blog\/wp-content\/uploads\/2021\/04\/mental-illness-representation-270x300.png 270w\" sizes=\"(max-width: 540px) 100vw, 540px\" \/><figcaption>Les sympt\u00f4mes du trouble bipolaire sont similaires \u00e0 ceux d&rsquo;autres maladies mentales. <a href=\"https:\/\/commons.wikimedia.org\/wiki\/File:Mental_Disorder_Silhouette.png\">Paget Michael Creelman<\/a> . Attribution-Share Alike 4.0 International.<\/figcaption><\/figure><\/div>\n\n<h2 class=\"wp-block-heading\" id=\"h-causes\"><strong>Les causes<\/strong><\/h2>\n\n<p>La recherche sugg\u00e8re qu&rsquo;une combinaison de facteurs g\u00e9n\u00e9tiques et de d\u00e9clencheurs environnementaux, comme un \u00e9v\u00e9nement stressant, joue finalement un r\u00f4le dans l&rsquo;apparition du trouble bipolaire.<\/p>\n\n<h3 class=\"wp-block-heading\" id=\"h-non-genetic-risk-factors\">Facteurs de risque non g\u00e9n\u00e9tiques<\/h3>\n\n<p id=\"h-brain-physiology\"><strong>Physiologie c\u00e9r\u00e9brale<\/strong><\/p>\n\n<p>\u00c0 l&rsquo;aide de la <a href=\"https:\/\/pubmed.ncbi.nlm.nih.gov\/24626773\/\">neuroimagerie<\/a> , les changements dans le cerveau d&rsquo;une personne atteinte de trouble bipolaire comprennent une diminution du volume de mati\u00e8re grise dans le cortex pr\u00e9frontal et temporal, l&rsquo;hippocampe (fonctions de la m\u00e9moire) et l&rsquo;amygdale (r\u00e9ponses \u00e9motionnelles). En outre, une diminution du volume et de la fonction de la substance blanche, qui relie les r\u00e9gions pr\u00e9frontales et sous-corticales (telles que l&rsquo;amygdale et l&rsquo;hippocampe), est observ\u00e9e. <\/p>\n\n<div class=\"wp-block-image\"><figure class=\"aligncenter size-large\"><img decoding=\"async\" width=\"624\" height=\"543\" src=\"https:\/\/nebula.org\/blog\/wp-content\/uploads\/2021\/04\/parts-of-the-brain-affected-by-bipolar-disorder.png\" alt=\"Diverses sections du cerveau touch&#xE9;es par le trouble bipolaire\" class=\"wp-image-20063\" srcset=\"https:\/\/nebula.org\/blog\/wp-content\/uploads\/2021\/04\/parts-of-the-brain-affected-by-bipolar-disorder.png 624w, https:\/\/nebula.org\/blog\/wp-content\/uploads\/2021\/04\/parts-of-the-brain-affected-by-bipolar-disorder-300x261.png 300w\" sizes=\"(max-width: 624px) 100vw, 624px\" \/><figcaption>Le trouble bipolaire affecte plusieurs zones du cerveau. <a href=\"https:\/\/doi.org\/10.3389\/fpsyt.2014.00098\">Maletic V, Raison C.<\/a> Attribution 4.0 International. <\/figcaption><\/figure><\/div>\n\n<p id=\"h-brain-chemistry\"><strong>Chimie du cerveau<\/strong><\/p>\n\n<p>Les troubles de la transduction du signal neurochimique affectent principalement quatre des neurotransmetteurs les plus importants : les trois monoamines &#8211; nor\u00e9pin\u00e9phrine, dopamine et s\u00e9rotonine &#8211; et surtout le glutamate. Des variations suppl\u00e9mentaires au sein des neurones dans les messagers secondaires jouent un r\u00f4le crucial et sont des composants n\u00e9cessaires des th\u00e9ories du d\u00e9veloppement et de la progression du trouble bipolaire.<\/p>\n\n<h3 class=\"wp-block-heading\" id=\"h-environmental-factors\">Facteurs environnementaux<\/h3>\n\n<p>Les influences environnementales et les traits de personnalit\u00e9 jouent \u00e9galement un r\u00f4le d\u00e9terminant. On pense que des \u00e9v\u00e9nements critiques de la vie, tels qu&rsquo;un traumatisme ou un stress psychosocial, d\u00e9clenchent la maladie, bien que les m\u00e9canismes individuels ne soient pas compris. <\/p>\n\n<p>L&rsquo;affaiblissement de l&rsquo;estime de soi, un rythme jour \/ nuit irr\u00e9gulier ou l&rsquo;abus d&rsquo;alcool et d&rsquo;autres drogues sont \u00e9galement consid\u00e9r\u00e9s comme des facteurs d\u00e9clenchants. <\/p>\n\n<h2 class=\"wp-block-heading\" id=\"h-diagnosis\"><strong>Diagnostic<\/strong><\/h2>\n\n<p>Cette condition est g\u00e9n\u00e9ralement diagnostiqu\u00e9e \u00e0 la fin de l&rsquo;adolescence ou au d\u00e9but de l&rsquo;\u00e2ge adulte. <\/p>\n\n<p>Selon l&rsquo; <a href=\"https:\/\/www.nimh.nih.gov\/health\/publications\/bipolar-disorder\/index.shtml#pub4\">Institut national de la sant\u00e9 mentale<\/a> , la maladie est diagnostiqu\u00e9e par\u00a0:<\/p>\n\n<ul class=\"wp-block-list\"><li>Effectuer un examen physique complet, y compris les ant\u00e9c\u00e9dents familiaux et les ant\u00e9c\u00e9dents m\u00e9dicaux examin\u00e9s par un m\u00e9decin<\/li><li>Commander des tests m\u00e9dicaux pour exclure d&rsquo;autres maladies<\/li><li>R\u00e9f\u00e9rez la personne pour une \u00e9valuation par un psychiatre. Le professionnel de la sant\u00e9 mentale peut utiliser les crit\u00e8res du trouble bipolaire et des troubles apparent\u00e9s du Manuel diagnostique et statistique des troubles mentaux (DSM-5), publi\u00e9 par l&rsquo;American Psychiatric Association, pour confirmer le diagnostic.<\/li><\/ul>\n\n<p>Certaines personnes ont un trouble bipolaire pendant des ann\u00e9es avant qu&rsquo;il ne soit diagnostiqu\u00e9. Cela peut \u00eatre d\u00fb au fait que:<\/p>\n\n<ul class=\"wp-block-list\"><li>La condition a des sympt\u00f4mes en commun avec plusieurs autres troubles de sant\u00e9 mentale et peut \u00eatre facilement mal diagnostiqu\u00e9e<\/li><li>La famille et les amis peuvent remarquer les sympt\u00f4mes mais ne pas se rendre compte que les sympt\u00f4mes font partie d&rsquo;un probl\u00e8me plus important<\/li><li>Les personnes atteintes de ce trouble ont souvent d&rsquo;autres probl\u00e8mes de sant\u00e9, ce qui peut rendre difficile le diagnostic du trouble bipolaire<\/li><\/ul>\n\n<h2 class=\"wp-block-heading\" id=\"h-treating-genetic-and-non-genetic-bipolar-disorder\"><strong>Traiter le trouble bipolaire g\u00e9n\u00e9tique et non g\u00e9n\u00e9tique<\/strong><\/h2>\n\n<p>Bien que les sympt\u00f4mes puissent varier avec le temps, le trouble n\u00e9cessite g\u00e9n\u00e9ralement un traitement \u00e0 vie cibl\u00e9 sur les sympt\u00f4mes m\u00e9diateurs. Suivre un plan de traitement prescrit peut aider les gens \u00e0 g\u00e9rer leurs sympt\u00f4mes et \u00e0 am\u00e9liorer leur qualit\u00e9 de vie.<\/p>\n\n<p>Selon<a href=\"https:\/\/www.mayoclinic.org\/diseases-conditions\/bipolar-disorder\/diagnosis-treatment\/drc-20355961\"> Clinique Mayo<\/a> , le traitement du trouble bipolaire peut inclure:<\/p>\n\n<h3 class=\"wp-block-heading\" id=\"h-medications-and-programs\">M\u00e9dicaments et programmes<\/h3>\n\n<p><em>M\u00e9dicaments.<\/em> Il s&rsquo;agit souvent du premier traitement prescrit et peuvent inclure des stabilisateurs de l&rsquo;humeur, des antipsychotiques, des antid\u00e9presseurs, des antid\u00e9presseurs-antipsychotiques ou des anxiolytiques. Malheureusement, beaucoup de ces m\u00e9dicaments induisent des effets secondaires. Trouver le m\u00e9dicament appropri\u00e9 pour une personne atteinte de trouble bipolaire qui est \u00e0 la fois efficace et s\u00fbr prend du temps et est souvent un processus d&rsquo;essais et d&rsquo;erreurs <\/p>\n\n<p><em><em>Traitement continu.<\/em> <\/em>Cette condition n\u00e9cessite un traitement \u00e0 vie \u00e0 long terme avec des m\u00e9dicaments, m\u00eame pendant les p\u00e9riodes o\u00f9 vous vous sentez mieux. Si un patient saute un traitement r\u00e9gulier, il peut risquer une rechute de ses sympt\u00f4mes. Cela peut provoquer des changements d&rsquo;humeur mineurs qui se transformeront en d\u00e9pression ou en \u00e9pisode maniaque \u00e0 part enti\u00e8re,<\/p>\n\n<p><em>Programmes de traitement de jour.<\/em> Programmes de soutien et de conseil, y compris la th\u00e9rapie par la parole<\/p>\n\n<p><em>Traitement de la toxicomanie<\/em><\/p>\n\n<p><em>Hospitalisation.<\/em> Votre m\u00e9decin peut recommander une hospitalisation si vous vous comportez dangereusement, si vous vous sentez suicidaire ou si vous vous d\u00e9tachez de la r\u00e9alit\u00e9 (psychotique)<\/p>\n\n<h3 class=\"wp-block-heading\" id=\"h-psychotherapy\">Psychoth\u00e9rapie<\/h3>\n\n<p>La psychoth\u00e9rapie est une partie vitale du traitement. Elle peut \u00eatre men\u00e9e individuellement ou dans un groupe de soutien ou un groupe familial. Les options de psychoth\u00e9rapie comprennent la th\u00e9rapie par le rythme interpersonnel et social (IPSRT), la th\u00e9rapie cognitivo-comportementale (TCC), la psycho\u00e9ducation ou la th\u00e9rapie ax\u00e9e sur la famille. <\/p>\n\n<p>Le traitement du trouble bipolaire peut \u00e9galement inclure une th\u00e9rapie \u00e9lectroconvulsive (ECT) pour certains patients. Dans cette approche, des courants \u00e9lectriques traversent le cerveau, d\u00e9clenchant intentionnellement une br\u00e8ve crise. La proc\u00e9dure semble provoquer des changements dans la chimie du cerveau qui peuvent att\u00e9nuer les sympt\u00f4mes. L&rsquo;ECT est parfois recommand\u00e9e \u00e0 certains patients qui trouvent que les m\u00e9dicaments sont inefficaces ou ne peuvent pas prendre les antid\u00e9presseurs traditionnels. <\/p>\n\n<p>Il est important de noter que cet article est \u00e0 des fins \u00e9ducatives et ne doit pas se substituer \u00e0 un avis m\u00e9dical. <\/p>\n\n<p>Avez-vous appr\u00e9ci\u00e9 cet article? Vous pouvez consulter plus d&rsquo;articles dans la <a href=\"https:\/\/nebula.org\/blog\/fr\/recherche-genetique-deblocage-bibliotheque-nebuleuse\/\">biblioth\u00e8que de recherche Nebula<\/a> , y compris des informations suppl\u00e9mentaires sur d&rsquo;autres conditions de comportement comme <a href=\"https:\/\/nebula.org\/blog\/fr\/genetique-des-tourettes-syndrome-yu-2019\/\">Tourettes<\/a> . <\/p>\n\n<p>Vous pouvez \u00e9galement \u00eatre int\u00e9ress\u00e9 par les revues de m\u00e9dicaments pour les antid\u00e9presseurs comme <a href=\"https:\/\/nebula.org\/blog\/fr\/revue-lexapro\/\">Lexapro<\/a> et <a href=\"https:\/\/nebula.org\/blog\/fr\/revue-zoloft\/\">Zoloft<\/a> . <\/p>\n\n<p class=\"has-medium-font-size\">17 mai 2022<br\/><\/p>\n","protected":false},"excerpt":{"rendered":"<p>Rapport ADN de Nebula Genomics pour le trouble bipolaire Le trouble bipolaire est-il g\u00e9n\u00e9tique? Nous avons cr\u00e9\u00e9 un rapport ADN bas\u00e9 sur une \u00e9tude qui a tent\u00e9 de r\u00e9pondre \u00e0 cette question. Ci-dessous vous pouvez voir un exemple de rapport &hellip;<\/p>\n<p class=\"read-more\"> <a class=\"ast-button\" href=\"https:\/\/nebula.org\/blog\/fr\/est-trouble-bipolaire-genetique\/\"> <span class=\"screen-reader-text\">Bipolaire (Mullins, 2021) &#8211; Le trouble bipolaire est-il g\u00e9n\u00e9tique ?<\/span> Lire la suite \u00bb<\/a><\/p>\n","protected":false},"author":12,"featured_media":5240,"comment_status":"closed","ping_status":"closed","sticky":false,"template":"","format":"standard","meta":{"om_disable_all_campaigns":false,"site-sidebar-layout":"default","site-content-layout":"default","ast-global-header-display":"","ast-banner-title-visibility":"","ast-main-header-display":"","ast-hfb-above-header-display":"","ast-hfb-below-header-display":"","ast-hfb-mobile-header-display":"","site-post-title":"","ast-breadcrumbs-content":"","ast-featured-img":"","footer-sml-layout":"","theme-transparent-header-meta":"default","adv-header-id-meta":"","stick-header-meta":"default","header-above-stick-meta":"","header-main-stick-meta":"","header-below-stick-meta":"","_FSMCFIC_featured_image_caption":"","_FSMCFIC_featured_image_nocaption":"","_FSMCFIC_featured_image_hide":"","footnotes":""},"categories":[4984],"tags":[],"class_list":["post-9719","post","type-post","status-publish","format-standard","has-post-thumbnail","hentry","category-rapports"],"yoast_head":"<!-- This site is optimized with the Yoast SEO plugin v20.13 - https:\/\/yoast.com\/wordpress\/plugins\/seo\/ -->\n<title>Le trouble bipolaire est-il g\u00e9n\u00e9tique ? | D\u00e9codez votre ADN et renseignez-vous sur les risques !<\/title>\n<meta name=\"description\" content=\"Le trouble bipolaire est-il g\u00e9n\u00e9tique? Le trouble bipolaire (ou maladie maniaco-d\u00e9pressive) est li\u00e9 \u00e0 plusieurs variantes g\u00e9n\u00e9tiques, dont certaines sont dans le g\u00e8ne ADCY2.\" \/>\n<meta name=\"robots\" content=\"index, follow, max-snippet:-1, max-image-preview:large, max-video-preview:-1\" \/>\n<link rel=\"canonical\" href=\"https:\/\/nebula.org\/blog\/fr\/est-trouble-bipolaire-genetique\/\" \/>\n<meta property=\"og:locale\" content=\"fr_FR\" \/>\n<meta property=\"og:type\" content=\"article\" \/>\n<meta property=\"og:title\" content=\"Le trouble bipolaire est-il g\u00e9n\u00e9tique ? | D\u00e9codez votre ADN et renseignez-vous sur les risques !\" \/>\n<meta property=\"og:description\" content=\"Le trouble bipolaire est-il g\u00e9n\u00e9tique? Le trouble bipolaire (ou maladie maniaco-d\u00e9pressive) est li\u00e9 \u00e0 plusieurs variantes g\u00e9n\u00e9tiques, dont certaines sont dans le g\u00e8ne ADCY2.\" \/>\n<meta property=\"og:url\" content=\"https:\/\/nebula.org\/blog\/fr\/est-trouble-bipolaire-genetique\/\" \/>\n<meta property=\"og:site_name\" content=\"Nebula Genomics Blog\" \/>\n<meta property=\"article:publisher\" content=\"https:\/\/facebook.com\/nebulagenomics\" \/>\n<meta property=\"article:published_time\" content=\"2021-01-06T04:58:04+00:00\" \/>\n<meta property=\"article:modified_time\" content=\"2022-05-19T15:21:15+00:00\" \/>\n<meta property=\"og:image\" content=\"https:\/\/nebula.org\/blog\/wp-content\/uploads\/2020\/01\/tayla-jeffs-R3IgY_ccOIY-unsplash-scaled.jpg\" \/>\n\t<meta property=\"og:image:width\" content=\"693\" \/>\n\t<meta property=\"og:image:height\" content=\"924\" \/>\n\t<meta property=\"og:image:type\" content=\"image\/jpeg\" \/>\n<meta name=\"author\" content=\"Garrett Dunlap, B.S.\" \/>\n<meta name=\"twitter:card\" content=\"summary_large_image\" \/>\n<meta name=\"twitter:creator\" content=\"@nebulagenomics\" \/>\n<meta name=\"twitter:site\" content=\"@nebulagenomics\" \/>\n<meta name=\"twitter:label1\" content=\"\u00c9crit par\" \/>\n\t<meta name=\"twitter:data1\" content=\"Garrett Dunlap, B.S.\" \/>\n\t<meta name=\"twitter:label2\" content=\"Dur\u00e9e de lecture estim\u00e9e\" \/>\n\t<meta name=\"twitter:data2\" content=\"14 minutes\" \/>\n<script type=\"application\/ld+json\" class=\"yoast-schema-graph\">{\"@context\":\"https:\/\/schema.org\",\"@graph\":[{\"@type\":\"Article\",\"@id\":\"https:\/\/nebula.org\/blog\/fr\/est-trouble-bipolaire-genetique\/#article\",\"isPartOf\":{\"@id\":\"https:\/\/nebula.org\/blog\/fr\/est-trouble-bipolaire-genetique\/\"},\"author\":{\"name\":\"Garrett Dunlap, B.S.\",\"@id\":\"https:\/\/nebula.org\/blog\/fr\/#\/schema\/person\/b7bd0a490f115d1d931c33eed922af4e\"},\"headline\":\"Bipolaire (Mullins, 2021) &#8211; Le trouble bipolaire est-il g\u00e9n\u00e9tique ?\",\"datePublished\":\"2021-01-06T04:58:04+00:00\",\"dateModified\":\"2022-05-19T15:21:15+00:00\",\"mainEntityOfPage\":{\"@id\":\"https:\/\/nebula.org\/blog\/fr\/est-trouble-bipolaire-genetique\/\"},\"wordCount\":2802,\"publisher\":{\"@id\":\"https:\/\/nebula.org\/blog\/fr\/#organization\"},\"articleSection\":[\"Rapports\"],\"inLanguage\":\"fr-FR\",\"accessibilityFeature\":[\"tableOfContents\"]},{\"@type\":\"WebPage\",\"@id\":\"https:\/\/nebula.org\/blog\/fr\/est-trouble-bipolaire-genetique\/\",\"url\":\"https:\/\/nebula.org\/blog\/fr\/est-trouble-bipolaire-genetique\/\",\"name\":\"Le trouble bipolaire est-il g\u00e9n\u00e9tique ? | D\u00e9codez votre ADN et renseignez-vous sur les risques !\",\"isPartOf\":{\"@id\":\"https:\/\/nebula.org\/blog\/fr\/#website\"},\"datePublished\":\"2021-01-06T04:58:04+00:00\",\"dateModified\":\"2022-05-19T15:21:15+00:00\",\"description\":\"Le trouble bipolaire est-il g\u00e9n\u00e9tique? Le trouble bipolaire (ou maladie maniaco-d\u00e9pressive) est li\u00e9 \u00e0 plusieurs variantes g\u00e9n\u00e9tiques, dont certaines sont dans le g\u00e8ne ADCY2.\",\"breadcrumb\":{\"@id\":\"https:\/\/nebula.org\/blog\/fr\/est-trouble-bipolaire-genetique\/#breadcrumb\"},\"inLanguage\":\"fr-FR\",\"potentialAction\":[{\"@type\":\"ReadAction\",\"target\":[\"https:\/\/nebula.org\/blog\/fr\/est-trouble-bipolaire-genetique\/\"]}]},{\"@type\":\"BreadcrumbList\",\"@id\":\"https:\/\/nebula.org\/blog\/fr\/est-trouble-bipolaire-genetique\/#breadcrumb\",\"itemListElement\":[{\"@type\":\"ListItem\",\"position\":1,\"name\":\"Home\",\"item\":\"https:\/\/nebula.org\/blog\/fr\/\"},{\"@type\":\"ListItem\",\"position\":2,\"name\":\"Bipolaire (Mullins, 2021) &#8211; Le trouble bipolaire est-il g\u00e9n\u00e9tique ?\"}]},{\"@type\":\"WebSite\",\"@id\":\"https:\/\/nebula.org\/blog\/fr\/#website\",\"url\":\"https:\/\/nebula.org\/blog\/fr\/\",\"name\":\"Nebula Genomics Blog\",\"description\":\"\",\"publisher\":{\"@id\":\"https:\/\/nebula.org\/blog\/fr\/#organization\"},\"potentialAction\":[{\"@type\":\"SearchAction\",\"target\":{\"@type\":\"EntryPoint\",\"urlTemplate\":\"https:\/\/nebula.org\/blog\/fr\/?s={search_term_string}\"},\"query-input\":\"required name=search_term_string\"}],\"inLanguage\":\"fr-FR\"},{\"@type\":\"Organization\",\"@id\":\"https:\/\/nebula.org\/blog\/fr\/#organization\",\"name\":\"Nebula Genomics\",\"url\":\"https:\/\/nebula.org\/blog\/fr\/\",\"logo\":{\"@type\":\"ImageObject\",\"inLanguage\":\"fr-FR\",\"@id\":\"https:\/\/nebula.org\/blog\/fr\/#\/schema\/logo\/image\/\",\"url\":\"\",\"contentUrl\":\"\",\"caption\":\"Nebula Genomics\"},\"image\":{\"@id\":\"https:\/\/nebula.org\/blog\/fr\/#\/schema\/logo\/image\/\"},\"sameAs\":[\"https:\/\/facebook.com\/nebulagenomics\",\"https:\/\/twitter.com\/nebulagenomics\",\"https:\/\/www.instagram.com\/nebulagenomics\/\",\"https:\/\/www.linkedin.com\/company\/nebula-genomics\/\",\"https:\/\/en.wikipedia.org\/wiki\/Nebula_Genomics\"]},{\"@type\":\"Person\",\"@id\":\"https:\/\/nebula.org\/blog\/fr\/#\/schema\/person\/b7bd0a490f115d1d931c33eed922af4e\",\"name\":\"Garrett Dunlap, B.S.\",\"image\":{\"@type\":\"ImageObject\",\"inLanguage\":\"fr-FR\",\"@id\":\"https:\/\/nebula.org\/blog\/fr\/#\/schema\/person\/image\/\",\"url\":\"https:\/\/secure.gravatar.com\/avatar\/32fb6e0dbc7e0bac908b0f23ea6ed5ec?s=96&d=mm&r=g\",\"contentUrl\":\"https:\/\/secure.gravatar.com\/avatar\/32fb6e0dbc7e0bac908b0f23ea6ed5ec?s=96&d=mm&r=g\",\"caption\":\"Garrett Dunlap, B.S.\"},\"description\":\"Garrett Dunlap earned a B.S. in Biology from Case Western Reserve University with a minor in Political Science. He earned an M.S. and is currently a Ph.D. Candidate in the Biological and Biomedical Sciences (BBS) Ph.D. program at Harvard University.\u00a0He has experience in science policy as an intern at the Science and Innovation Network where he assisted in the science diplomacy functions of the British Consulate-General and as a research associate at TScan Therapeutics. He is also interested in science communication and writing. You can read more about Garrett's experience and publications on LinkedIn and ORCID.\",\"sameAs\":[\"https:\/\/nebula.org\/whole-genome-sequencing\/\"],\"url\":\"https:\/\/nebula.org\/blog\/fr\/author\/garrett-dunlap\/\"}]}<\/script>\n<!-- \/ Yoast SEO plugin. -->","yoast_head_json":{"title":"Le trouble bipolaire est-il g\u00e9n\u00e9tique ? | D\u00e9codez votre ADN et renseignez-vous sur les risques !","description":"Le trouble bipolaire est-il g\u00e9n\u00e9tique? Le trouble bipolaire (ou maladie maniaco-d\u00e9pressive) est li\u00e9 \u00e0 plusieurs variantes g\u00e9n\u00e9tiques, dont certaines sont dans le g\u00e8ne ADCY2.","robots":{"index":"index","follow":"follow","max-snippet":"max-snippet:-1","max-image-preview":"max-image-preview:large","max-video-preview":"max-video-preview:-1"},"canonical":"https:\/\/nebula.org\/blog\/fr\/est-trouble-bipolaire-genetique\/","og_locale":"fr_FR","og_type":"article","og_title":"Le trouble bipolaire est-il g\u00e9n\u00e9tique ? | D\u00e9codez votre ADN et renseignez-vous sur les risques !","og_description":"Le trouble bipolaire est-il g\u00e9n\u00e9tique? Le trouble bipolaire (ou maladie maniaco-d\u00e9pressive) est li\u00e9 \u00e0 plusieurs variantes g\u00e9n\u00e9tiques, dont certaines sont dans le g\u00e8ne ADCY2.","og_url":"https:\/\/nebula.org\/blog\/fr\/est-trouble-bipolaire-genetique\/","og_site_name":"Nebula Genomics Blog","article_publisher":"https:\/\/facebook.com\/nebulagenomics","article_published_time":"2021-01-06T04:58:04+00:00","article_modified_time":"2022-05-19T15:21:15+00:00","og_image":[{"width":693,"height":924,"url":"https:\/\/nebula.org\/blog\/wp-content\/uploads\/2020\/01\/tayla-jeffs-R3IgY_ccOIY-unsplash-scaled.jpg","type":"image\/jpeg"}],"author":"Garrett Dunlap, B.S.","twitter_card":"summary_large_image","twitter_creator":"@nebulagenomics","twitter_site":"@nebulagenomics","twitter_misc":{"\u00c9crit par":"Garrett Dunlap, B.S.","Dur\u00e9e de lecture estim\u00e9e":"14 minutes"},"schema":{"@context":"https:\/\/schema.org","@graph":[{"@type":"Article","@id":"https:\/\/nebula.org\/blog\/fr\/est-trouble-bipolaire-genetique\/#article","isPartOf":{"@id":"https:\/\/nebula.org\/blog\/fr\/est-trouble-bipolaire-genetique\/"},"author":{"name":"Garrett Dunlap, B.S.","@id":"https:\/\/nebula.org\/blog\/fr\/#\/schema\/person\/b7bd0a490f115d1d931c33eed922af4e"},"headline":"Bipolaire (Mullins, 2021) &#8211; Le trouble bipolaire est-il g\u00e9n\u00e9tique ?","datePublished":"2021-01-06T04:58:04+00:00","dateModified":"2022-05-19T15:21:15+00:00","mainEntityOfPage":{"@id":"https:\/\/nebula.org\/blog\/fr\/est-trouble-bipolaire-genetique\/"},"wordCount":2802,"publisher":{"@id":"https:\/\/nebula.org\/blog\/fr\/#organization"},"articleSection":["Rapports"],"inLanguage":"fr-FR","accessibilityFeature":["tableOfContents"]},{"@type":"WebPage","@id":"https:\/\/nebula.org\/blog\/fr\/est-trouble-bipolaire-genetique\/","url":"https:\/\/nebula.org\/blog\/fr\/est-trouble-bipolaire-genetique\/","name":"Le trouble bipolaire est-il g\u00e9n\u00e9tique ? | D\u00e9codez votre ADN et renseignez-vous sur les risques !","isPartOf":{"@id":"https:\/\/nebula.org\/blog\/fr\/#website"},"datePublished":"2021-01-06T04:58:04+00:00","dateModified":"2022-05-19T15:21:15+00:00","description":"Le trouble bipolaire est-il g\u00e9n\u00e9tique? Le trouble bipolaire (ou maladie maniaco-d\u00e9pressive) est li\u00e9 \u00e0 plusieurs variantes g\u00e9n\u00e9tiques, dont certaines sont dans le g\u00e8ne ADCY2.","breadcrumb":{"@id":"https:\/\/nebula.org\/blog\/fr\/est-trouble-bipolaire-genetique\/#breadcrumb"},"inLanguage":"fr-FR","potentialAction":[{"@type":"ReadAction","target":["https:\/\/nebula.org\/blog\/fr\/est-trouble-bipolaire-genetique\/"]}]},{"@type":"BreadcrumbList","@id":"https:\/\/nebula.org\/blog\/fr\/est-trouble-bipolaire-genetique\/#breadcrumb","itemListElement":[{"@type":"ListItem","position":1,"name":"Home","item":"https:\/\/nebula.org\/blog\/fr\/"},{"@type":"ListItem","position":2,"name":"Bipolaire (Mullins, 2021) &#8211; Le trouble bipolaire est-il g\u00e9n\u00e9tique ?"}]},{"@type":"WebSite","@id":"https:\/\/nebula.org\/blog\/fr\/#website","url":"https:\/\/nebula.org\/blog\/fr\/","name":"Nebula Genomics Blog","description":"","publisher":{"@id":"https:\/\/nebula.org\/blog\/fr\/#organization"},"potentialAction":[{"@type":"SearchAction","target":{"@type":"EntryPoint","urlTemplate":"https:\/\/nebula.org\/blog\/fr\/?s={search_term_string}"},"query-input":"required name=search_term_string"}],"inLanguage":"fr-FR"},{"@type":"Organization","@id":"https:\/\/nebula.org\/blog\/fr\/#organization","name":"Nebula Genomics","url":"https:\/\/nebula.org\/blog\/fr\/","logo":{"@type":"ImageObject","inLanguage":"fr-FR","@id":"https:\/\/nebula.org\/blog\/fr\/#\/schema\/logo\/image\/","url":"","contentUrl":"","caption":"Nebula Genomics"},"image":{"@id":"https:\/\/nebula.org\/blog\/fr\/#\/schema\/logo\/image\/"},"sameAs":["https:\/\/facebook.com\/nebulagenomics","https:\/\/twitter.com\/nebulagenomics","https:\/\/www.instagram.com\/nebulagenomics\/","https:\/\/www.linkedin.com\/company\/nebula-genomics\/","https:\/\/en.wikipedia.org\/wiki\/Nebula_Genomics"]},{"@type":"Person","@id":"https:\/\/nebula.org\/blog\/fr\/#\/schema\/person\/b7bd0a490f115d1d931c33eed922af4e","name":"Garrett Dunlap, B.S.","image":{"@type":"ImageObject","inLanguage":"fr-FR","@id":"https:\/\/nebula.org\/blog\/fr\/#\/schema\/person\/image\/","url":"https:\/\/secure.gravatar.com\/avatar\/32fb6e0dbc7e0bac908b0f23ea6ed5ec?s=96&d=mm&r=g","contentUrl":"https:\/\/secure.gravatar.com\/avatar\/32fb6e0dbc7e0bac908b0f23ea6ed5ec?s=96&d=mm&r=g","caption":"Garrett Dunlap, B.S."},"description":"Garrett Dunlap earned a B.S. in Biology from Case Western Reserve University with a minor in Political Science. He earned an M.S. and is currently a Ph.D. Candidate in the Biological and Biomedical Sciences (BBS) Ph.D. program at Harvard University.\u00a0He has experience in science policy as an intern at the Science and Innovation Network where he assisted in the science diplomacy functions of the British Consulate-General and as a research associate at TScan Therapeutics. He is also interested in science communication and writing. You can read more about Garrett's experience and publications on LinkedIn and ORCID.","sameAs":["https:\/\/nebula.org\/whole-genome-sequencing\/"],"url":"https:\/\/nebula.org\/blog\/fr\/author\/garrett-dunlap\/"}]}},"_links":{"self":[{"href":"https:\/\/nebula.org\/blog\/fr\/wp-json\/wp\/v2\/posts\/9719","targetHints":{"allow":["GET"]}}],"collection":[{"href":"https:\/\/nebula.org\/blog\/fr\/wp-json\/wp\/v2\/posts"}],"about":[{"href":"https:\/\/nebula.org\/blog\/fr\/wp-json\/wp\/v2\/types\/post"}],"author":[{"embeddable":true,"href":"https:\/\/nebula.org\/blog\/fr\/wp-json\/wp\/v2\/users\/12"}],"replies":[{"embeddable":true,"href":"https:\/\/nebula.org\/blog\/fr\/wp-json\/wp\/v2\/comments?post=9719"}],"version-history":[{"count":0,"href":"https:\/\/nebula.org\/blog\/fr\/wp-json\/wp\/v2\/posts\/9719\/revisions"}],"wp:featuredmedia":[{"embeddable":true,"href":"https:\/\/nebula.org\/blog\/fr\/wp-json\/wp\/v2\/media\/5240"}],"wp:attachment":[{"href":"https:\/\/nebula.org\/blog\/fr\/wp-json\/wp\/v2\/media?parent=9719"}],"wp:term":[{"taxonomy":"category","embeddable":true,"href":"https:\/\/nebula.org\/blog\/fr\/wp-json\/wp\/v2\/categories?post=9719"},{"taxonomy":"post_tag","embeddable":true,"href":"https:\/\/nebula.org\/blog\/fr\/wp-json\/wp\/v2\/tags?post=9719"}],"curies":[{"name":"wp","href":"https:\/\/api.w.org\/{rel}","templated":true}]}}