{"id":9958,"date":"2021-01-06T00:03:30","date_gmt":"2021-01-06T05:03:30","guid":{"rendered":"https:\/\/nebula.org\/blog\/genetique-de-schizophrenie-niarchou-2020\/"},"modified":"2021-02-20T20:48:07","modified_gmt":"2021-02-21T01:48:07","slug":"genetique-de-schizophrenie-niarchou-2020","status":"publish","type":"post","link":"https:\/\/nebula.org\/blog\/fr\/genetique-de-schizophrenie-niarchou-2020\/","title":{"rendered":"R\u00e9gime alimentaire et schizophr\u00e9nie (Niarchou, 2020)"},"content":{"rendered":"\n<p><strong>TITRE DE L&rsquo;\u00c9TUDE:<\/strong><a rel=\"noreferrer noopener\" href=\"https:\/\/www.nature.com\/articles\/s41398-020-0688-y\" target=\"_blank\"> \u00c9tude d&rsquo;association \u00e0 l&rsquo;\u00e9chelle du g\u00e9nome de l&rsquo;apport alimentaire dans l&rsquo;\u00e9tude de la biobanque britannique et ses associations avec la schizophr\u00e9nie et d&rsquo;autres traits<\/a><\/p>\n\n<p><strong>SOMMAIRE:<\/strong> Identification de 63 variantes g\u00e9n\u00e9tiques associ\u00e9es \u00e0 une alimentation \u00e0 base de plantes et de poissons.<\/p>\n\n<p><strong>APER\u00c7U:<\/strong> La schizophr\u00e9nie est un trouble c\u00e9r\u00e9bral chronique qui affecte la fa\u00e7on dont une personne pense, se sent et se comporte. Elle affecte environ 1% de la population. Alors que le d\u00e9veloppement de la schizophr\u00e9nie est motiv\u00e9 par la g\u00e9n\u00e9tique, on pense \u00e9galement que des facteurs environnementaux, tels que l&rsquo;alimentation, jouent \u00e9galement un r\u00f4le, car la prise de poids et l&rsquo;ob\u00e9sit\u00e9 sont courantes chez les patients schizophr\u00e8nes. Par cons\u00e9quent, pour d\u00e9terminer la base g\u00e9n\u00e9tique du r\u00e9gime alimentaire et s&rsquo;il existe un lien entre le r\u00e9gime alimentaire et le risque de schizophr\u00e9nie, les chercheurs ont examin\u00e9 les g\u00e9nomes de plus de 335 000 personnes d&rsquo;ascendance europ\u00e9enne. L&rsquo;\u00e9tude a identifi\u00e9 63 variantes g\u00e9n\u00e9tiques associ\u00e9es \u00e0 une alimentation riche en poissons et l\u00e9gumes. Fait int\u00e9ressant, les chercheurs ont d\u00e9couvert que les facteurs g\u00e9n\u00e9tiques contribuant \u00e0 une alimentation riche en poisson et en l\u00e9gumes contribuaient \u00e9galement au risque de d\u00e9velopper une schizophr\u00e9nie. Ce r\u00e9sultat inattendu met en \u00e9vidence que la relation entre l&rsquo;alimentation et la schizophr\u00e9nie est tr\u00e8s complexe.<\/p>\n\n<p><strong>LE SAVIEZ-VOUS?<\/strong> Contrairement \u00e0 la plupart des autres troubles c\u00e9r\u00e9braux, la schizophr\u00e9nie appara\u00eet g\u00e9n\u00e9ralement lorsqu&rsquo;une personne est dans la vingtaine ou au d\u00e9but de la vingtaine. <a rel=\"noreferrer noopener\" href=\"https:\/\/psychcentral.com\/blog\/schizophrenia-usually-strikes-first-in-young-adults\/\" target=\"_blank\">[SOURCE]<\/a><\/p>\n\n<p><strong>EXEMPLE DE R\u00c9SULTATS:<\/strong> En savoir plus sur<a href=\"https:\/\/nebula.org\/blog\/fr\/recherche-genetique-deblocage-bibliotheque-nebuleuse\/\"> Biblioth\u00e8que de recherche sur la n\u00e9buleuse<\/a> . <\/p>\n\n<figure class=\"wp-block-image size-large\"><a href=\"https:\/\/nebula.org\/whole-genome-sequencing\/\"><img decoding=\"async\" width=\"1024\" height=\"375\" src=\"https:\/\/nebula.org\/blog\/wp-content\/uploads\/2020\/01\/Nebula-personalized-results-genomics-1024x375.png\" alt=\"R&#xE9;sultats des &#xE9;chantillons de r&#xE9;gime et de schizophr&#xE9;nie\" class=\"wp-image-5150\" srcset=\"https:\/\/nebula.org\/blog\/wp-content\/uploads\/2020\/01\/Nebula-personalized-results-genomics-1024x375.png 1024w, https:\/\/nebula.org\/blog\/wp-content\/uploads\/2020\/01\/Nebula-personalized-results-genomics-300x110.png 300w, https:\/\/nebula.org\/blog\/wp-content\/uploads\/2020\/01\/Nebula-personalized-results-genomics-768x281.png 768w, https:\/\/nebula.org\/blog\/wp-content\/uploads\/2020\/01\/Nebula-personalized-results-genomics-1536x562.png 1536w, https:\/\/nebula.org\/blog\/wp-content\/uploads\/2020\/01\/Nebula-personalized-results-genomics.png 924w\" sizes=\"(max-width: 1024px) 100vw, 1024px\" \/><\/a><\/figure>\n\n<p><\/p>\n\n<p><strong>VARIANTES ANALYS\u00c9ES:<\/strong> rs946711, rs56094641, rs35287743, rs1370063, rs36095784, rs9650622, rs1248825, rs6690619, rs4953150, rs7969719, rs380743, rs56367474, rs10986983, rs12682352, rs6699744, rs61656398, rs16891727, rs1217105, rs11859365, rs2425026, rs2413052, rs11706682, rs6756149, rs10510554, rs9362897, rs7752448, rs6857, rs1410054, rs913455, rs4458235, rs45501495, rs364926, rs12906493, rs10741616, rs17049185, rs2463652, rs34634095, rs613597, rs2915859, rs1946265, rs12826749, rs7737940, rs13082002, rs3117318, rs3800314, rs4278546, rs80264330, rs16959955, rs1897495, rs200110162, rs12700239, rs2498381, rs9955276, rs13160801, rs62132802, rs10180461, rs7978702, rs56374431, rs1345777, rs6870152, rs17818263, rs2320925, rs779429062<\/p>\n\n<p><strong>RESSOURCES ADDITIONNELLES:<\/strong><br\/><a rel=\"noreferrer noopener\" href=\"https:\/\/www.psychiatry.org\/patients-families\/schizophrenia\/what-is-schizophrenia\" target=\"_blank\">Schizophr\u00e9nie<\/a><br\/><a rel=\"noreferrer noopener\" href=\"https:\/\/www.health.harvard.edu\/blog\/nutritional-psychiatry-your-brain-on-food-201511168626\" target=\"_blank\">Votre cerveau sur la nourriture<\/a><\/p>\n\n<p><strong>MISE \u00c0 JOUR HEBDOMADAIRE:<\/strong> 2 mars 2020<\/p>\n","protected":false},"excerpt":{"rendered":"<p>TITRE DE L&rsquo;\u00c9TUDE: \u00c9tude d&rsquo;association \u00e0 l&rsquo;\u00e9chelle du g\u00e9nome de l&rsquo;apport alimentaire dans l&rsquo;\u00e9tude de la biobanque britannique et ses associations avec la schizophr\u00e9nie et d&rsquo;autres traits SOMMAIRE: Identification de 63 variantes g\u00e9n\u00e9tiques associ\u00e9es \u00e0 une alimentation \u00e0 base de &hellip;<\/p>\n<p class=\"read-more\"> <a class=\"ast-button\" href=\"https:\/\/nebula.org\/blog\/fr\/genetique-de-schizophrenie-niarchou-2020\/\"> <span class=\"screen-reader-text\">R\u00e9gime alimentaire et schizophr\u00e9nie (Niarchou, 2020)<\/span> Lire la suite \u00bb<\/a><\/p>\n","protected":false},"author":12,"featured_media":5850,"comment_status":"closed","ping_status":"closed","sticky":false,"template":"","format":"standard","meta":{"om_disable_all_campaigns":false,"site-sidebar-layout":"default","site-content-layout":"default","ast-global-header-display":"","ast-banner-title-visibility":"","ast-main-header-display":"","ast-hfb-above-header-display":"","ast-hfb-below-header-display":"","ast-hfb-mobile-header-display":"","site-post-title":"","ast-breadcrumbs-content":"","ast-featured-img":"","footer-sml-layout":"","theme-transparent-header-meta":"default","adv-header-id-meta":"","stick-header-meta":"default","header-above-stick-meta":"","header-main-stick-meta":"","header-below-stick-meta":"","_FSMCFIC_featured_image_caption":"","_FSMCFIC_featured_image_nocaption":"","_FSMCFIC_featured_image_hide":"","footnotes":""},"categories":[4984],"tags":[],"class_list":["post-9958","post","type-post","status-publish","format-standard","has-post-thumbnail","hentry","category-rapports"],"yoast_head":"<!-- This site is optimized with the Yoast SEO plugin v20.13 - https:\/\/yoast.com\/wordpress\/plugins\/seo\/ -->\n<title>La g\u00e9n\u00e9tique du lien entre alimentation et schizophr\u00e9nie (Niarchou, 2020)<\/title>\n<meta name=\"description\" content=\"T\u00e9l\u00e9chargez vos donn\u00e9es ADN, explorez les variantes g\u00e9n\u00e9tiques li\u00e9es au lien entre l&#039;alimentation et la schizophr\u00e9nie (Niarchou, 2020), et d\u00e9couvrez votre score polyg\u00e9nique.\" \/>\n<meta name=\"robots\" content=\"index, follow, max-snippet:-1, max-image-preview:large, max-video-preview:-1\" \/>\n<link rel=\"canonical\" href=\"https:\/\/nebula.org\/blog\/fr\/genetique-de-schizophrenie-niarchou-2020\/\" \/>\n<meta property=\"og:locale\" content=\"fr_FR\" \/>\n<meta property=\"og:type\" content=\"article\" \/>\n<meta property=\"og:title\" content=\"La g\u00e9n\u00e9tique du lien entre alimentation et schizophr\u00e9nie (Niarchou, 2020)\" \/>\n<meta property=\"og:description\" content=\"T\u00e9l\u00e9chargez vos donn\u00e9es ADN, explorez les variantes g\u00e9n\u00e9tiques li\u00e9es au lien entre l&#039;alimentation et la schizophr\u00e9nie (Niarchou, 2020), et d\u00e9couvrez votre score polyg\u00e9nique.\" \/>\n<meta property=\"og:url\" content=\"https:\/\/nebula.org\/blog\/fr\/genetique-de-schizophrenie-niarchou-2020\/\" \/>\n<meta property=\"og:site_name\" content=\"Nebula Genomics Blog\" \/>\n<meta property=\"article:publisher\" content=\"https:\/\/facebook.com\/nebulagenomics\" \/>\n<meta property=\"article:published_time\" content=\"2021-01-06T05:03:30+00:00\" \/>\n<meta property=\"article:modified_time\" content=\"2021-02-21T01:48:07+00:00\" \/>\n<meta property=\"og:image\" content=\"https:\/\/nebula.org\/blog\/wp-content\/uploads\/2020\/03\/ja-ma-gOUx23DNks-unsplash-scaled.jpg\" \/>\n\t<meta property=\"og:image:width\" content=\"924\" \/>\n\t<meta property=\"og:image:height\" content=\"616\" \/>\n\t<meta property=\"og:image:type\" content=\"image\/jpeg\" \/>\n<meta name=\"author\" content=\"Garrett Dunlap, B.S.\" \/>\n<meta name=\"twitter:card\" content=\"summary_large_image\" \/>\n<meta name=\"twitter:creator\" content=\"@nebulagenomics\" \/>\n<meta name=\"twitter:site\" content=\"@nebulagenomics\" \/>\n<meta name=\"twitter:label1\" content=\"\u00c9crit par\" \/>\n\t<meta name=\"twitter:data1\" content=\"Garrett Dunlap, B.S.\" \/>\n\t<meta name=\"twitter:label2\" content=\"Dur\u00e9e de lecture estim\u00e9e\" \/>\n\t<meta name=\"twitter:data2\" content=\"2 minutes\" \/>\n<script type=\"application\/ld+json\" class=\"yoast-schema-graph\">{\"@context\":\"https:\/\/schema.org\",\"@graph\":[{\"@type\":\"Article\",\"@id\":\"https:\/\/nebula.org\/blog\/fr\/genetique-de-schizophrenie-niarchou-2020\/#article\",\"isPartOf\":{\"@id\":\"https:\/\/nebula.org\/blog\/fr\/genetique-de-schizophrenie-niarchou-2020\/\"},\"author\":{\"name\":\"Garrett Dunlap, B.S.\",\"@id\":\"https:\/\/nebula.org\/blog\/fr\/#\/schema\/person\/b7bd0a490f115d1d931c33eed922af4e\"},\"headline\":\"R\u00e9gime alimentaire et schizophr\u00e9nie (Niarchou, 2020)\",\"datePublished\":\"2021-01-06T05:03:30+00:00\",\"dateModified\":\"2021-02-21T01:48:07+00:00\",\"mainEntityOfPage\":{\"@id\":\"https:\/\/nebula.org\/blog\/fr\/genetique-de-schizophrenie-niarchou-2020\/\"},\"wordCount\":387,\"publisher\":{\"@id\":\"https:\/\/nebula.org\/blog\/fr\/#organization\"},\"articleSection\":[\"Rapports\"],\"inLanguage\":\"fr-FR\"},{\"@type\":\"WebPage\",\"@id\":\"https:\/\/nebula.org\/blog\/fr\/genetique-de-schizophrenie-niarchou-2020\/\",\"url\":\"https:\/\/nebula.org\/blog\/fr\/genetique-de-schizophrenie-niarchou-2020\/\",\"name\":\"La g\u00e9n\u00e9tique du lien entre alimentation et schizophr\u00e9nie (Niarchou, 2020)\",\"isPartOf\":{\"@id\":\"https:\/\/nebula.org\/blog\/fr\/#website\"},\"datePublished\":\"2021-01-06T05:03:30+00:00\",\"dateModified\":\"2021-02-21T01:48:07+00:00\",\"description\":\"T\u00e9l\u00e9chargez vos donn\u00e9es ADN, explorez les variantes g\u00e9n\u00e9tiques li\u00e9es au lien entre l'alimentation et la schizophr\u00e9nie (Niarchou, 2020), et d\u00e9couvrez votre score polyg\u00e9nique.\",\"breadcrumb\":{\"@id\":\"https:\/\/nebula.org\/blog\/fr\/genetique-de-schizophrenie-niarchou-2020\/#breadcrumb\"},\"inLanguage\":\"fr-FR\",\"potentialAction\":[{\"@type\":\"ReadAction\",\"target\":[\"https:\/\/nebula.org\/blog\/fr\/genetique-de-schizophrenie-niarchou-2020\/\"]}]},{\"@type\":\"BreadcrumbList\",\"@id\":\"https:\/\/nebula.org\/blog\/fr\/genetique-de-schizophrenie-niarchou-2020\/#breadcrumb\",\"itemListElement\":[{\"@type\":\"ListItem\",\"position\":1,\"name\":\"Home\",\"item\":\"https:\/\/nebula.org\/blog\/fr\/\"},{\"@type\":\"ListItem\",\"position\":2,\"name\":\"R\u00e9gime alimentaire et schizophr\u00e9nie (Niarchou, 2020)\"}]},{\"@type\":\"WebSite\",\"@id\":\"https:\/\/nebula.org\/blog\/fr\/#website\",\"url\":\"https:\/\/nebula.org\/blog\/fr\/\",\"name\":\"Nebula Genomics Blog\",\"description\":\"\",\"publisher\":{\"@id\":\"https:\/\/nebula.org\/blog\/fr\/#organization\"},\"potentialAction\":[{\"@type\":\"SearchAction\",\"target\":{\"@type\":\"EntryPoint\",\"urlTemplate\":\"https:\/\/nebula.org\/blog\/fr\/?s={search_term_string}\"},\"query-input\":\"required name=search_term_string\"}],\"inLanguage\":\"fr-FR\"},{\"@type\":\"Organization\",\"@id\":\"https:\/\/nebula.org\/blog\/fr\/#organization\",\"name\":\"Nebula Genomics\",\"url\":\"https:\/\/nebula.org\/blog\/fr\/\",\"logo\":{\"@type\":\"ImageObject\",\"inLanguage\":\"fr-FR\",\"@id\":\"https:\/\/nebula.org\/blog\/fr\/#\/schema\/logo\/image\/\",\"url\":\"\",\"contentUrl\":\"\",\"caption\":\"Nebula Genomics\"},\"image\":{\"@id\":\"https:\/\/nebula.org\/blog\/fr\/#\/schema\/logo\/image\/\"},\"sameAs\":[\"https:\/\/facebook.com\/nebulagenomics\",\"https:\/\/twitter.com\/nebulagenomics\",\"https:\/\/www.instagram.com\/nebulagenomics\/\",\"https:\/\/www.linkedin.com\/company\/nebula-genomics\/\",\"https:\/\/en.wikipedia.org\/wiki\/Nebula_Genomics\"]},{\"@type\":\"Person\",\"@id\":\"https:\/\/nebula.org\/blog\/fr\/#\/schema\/person\/b7bd0a490f115d1d931c33eed922af4e\",\"name\":\"Garrett Dunlap, B.S.\",\"image\":{\"@type\":\"ImageObject\",\"inLanguage\":\"fr-FR\",\"@id\":\"https:\/\/nebula.org\/blog\/fr\/#\/schema\/person\/image\/\",\"url\":\"https:\/\/secure.gravatar.com\/avatar\/32fb6e0dbc7e0bac908b0f23ea6ed5ec?s=96&d=mm&r=g\",\"contentUrl\":\"https:\/\/secure.gravatar.com\/avatar\/32fb6e0dbc7e0bac908b0f23ea6ed5ec?s=96&d=mm&r=g\",\"caption\":\"Garrett Dunlap, B.S.\"},\"description\":\"Garrett Dunlap earned a B.S. in Biology from Case Western Reserve University with a minor in Political Science. He earned an M.S. and is currently a Ph.D. Candidate in the Biological and Biomedical Sciences (BBS) Ph.D. program at Harvard University.\u00a0He has experience in science policy as an intern at the Science and Innovation Network where he assisted in the science diplomacy functions of the British Consulate-General and as a research associate at TScan Therapeutics. He is also interested in science communication and writing. You can read more about Garrett's experience and publications on LinkedIn and ORCID.\",\"sameAs\":[\"https:\/\/nebula.org\/whole-genome-sequencing\/\"],\"url\":\"https:\/\/nebula.org\/blog\/fr\/author\/garrett-dunlap\/\"}]}<\/script>\n<!-- \/ Yoast SEO plugin. -->","yoast_head_json":{"title":"La g\u00e9n\u00e9tique du lien entre alimentation et schizophr\u00e9nie (Niarchou, 2020)","description":"T\u00e9l\u00e9chargez vos donn\u00e9es ADN, explorez les variantes g\u00e9n\u00e9tiques li\u00e9es au lien entre l'alimentation et la schizophr\u00e9nie (Niarchou, 2020), et d\u00e9couvrez votre score polyg\u00e9nique.","robots":{"index":"index","follow":"follow","max-snippet":"max-snippet:-1","max-image-preview":"max-image-preview:large","max-video-preview":"max-video-preview:-1"},"canonical":"https:\/\/nebula.org\/blog\/fr\/genetique-de-schizophrenie-niarchou-2020\/","og_locale":"fr_FR","og_type":"article","og_title":"La g\u00e9n\u00e9tique du lien entre alimentation et schizophr\u00e9nie (Niarchou, 2020)","og_description":"T\u00e9l\u00e9chargez vos donn\u00e9es ADN, explorez les variantes g\u00e9n\u00e9tiques li\u00e9es au lien entre l'alimentation et la schizophr\u00e9nie (Niarchou, 2020), et d\u00e9couvrez votre score polyg\u00e9nique.","og_url":"https:\/\/nebula.org\/blog\/fr\/genetique-de-schizophrenie-niarchou-2020\/","og_site_name":"Nebula Genomics Blog","article_publisher":"https:\/\/facebook.com\/nebulagenomics","article_published_time":"2021-01-06T05:03:30+00:00","article_modified_time":"2021-02-21T01:48:07+00:00","og_image":[{"width":924,"height":616,"url":"https:\/\/nebula.org\/blog\/wp-content\/uploads\/2020\/03\/ja-ma-gOUx23DNks-unsplash-scaled.jpg","type":"image\/jpeg"}],"author":"Garrett Dunlap, B.S.","twitter_card":"summary_large_image","twitter_creator":"@nebulagenomics","twitter_site":"@nebulagenomics","twitter_misc":{"\u00c9crit par":"Garrett Dunlap, B.S.","Dur\u00e9e de lecture estim\u00e9e":"2 minutes"},"schema":{"@context":"https:\/\/schema.org","@graph":[{"@type":"Article","@id":"https:\/\/nebula.org\/blog\/fr\/genetique-de-schizophrenie-niarchou-2020\/#article","isPartOf":{"@id":"https:\/\/nebula.org\/blog\/fr\/genetique-de-schizophrenie-niarchou-2020\/"},"author":{"name":"Garrett Dunlap, B.S.","@id":"https:\/\/nebula.org\/blog\/fr\/#\/schema\/person\/b7bd0a490f115d1d931c33eed922af4e"},"headline":"R\u00e9gime alimentaire et schizophr\u00e9nie (Niarchou, 2020)","datePublished":"2021-01-06T05:03:30+00:00","dateModified":"2021-02-21T01:48:07+00:00","mainEntityOfPage":{"@id":"https:\/\/nebula.org\/blog\/fr\/genetique-de-schizophrenie-niarchou-2020\/"},"wordCount":387,"publisher":{"@id":"https:\/\/nebula.org\/blog\/fr\/#organization"},"articleSection":["Rapports"],"inLanguage":"fr-FR"},{"@type":"WebPage","@id":"https:\/\/nebula.org\/blog\/fr\/genetique-de-schizophrenie-niarchou-2020\/","url":"https:\/\/nebula.org\/blog\/fr\/genetique-de-schizophrenie-niarchou-2020\/","name":"La g\u00e9n\u00e9tique du lien entre alimentation et schizophr\u00e9nie (Niarchou, 2020)","isPartOf":{"@id":"https:\/\/nebula.org\/blog\/fr\/#website"},"datePublished":"2021-01-06T05:03:30+00:00","dateModified":"2021-02-21T01:48:07+00:00","description":"T\u00e9l\u00e9chargez vos donn\u00e9es ADN, explorez les variantes g\u00e9n\u00e9tiques li\u00e9es au lien entre l'alimentation et la schizophr\u00e9nie (Niarchou, 2020), et d\u00e9couvrez votre score polyg\u00e9nique.","breadcrumb":{"@id":"https:\/\/nebula.org\/blog\/fr\/genetique-de-schizophrenie-niarchou-2020\/#breadcrumb"},"inLanguage":"fr-FR","potentialAction":[{"@type":"ReadAction","target":["https:\/\/nebula.org\/blog\/fr\/genetique-de-schizophrenie-niarchou-2020\/"]}]},{"@type":"BreadcrumbList","@id":"https:\/\/nebula.org\/blog\/fr\/genetique-de-schizophrenie-niarchou-2020\/#breadcrumb","itemListElement":[{"@type":"ListItem","position":1,"name":"Home","item":"https:\/\/nebula.org\/blog\/fr\/"},{"@type":"ListItem","position":2,"name":"R\u00e9gime alimentaire et schizophr\u00e9nie (Niarchou, 2020)"}]},{"@type":"WebSite","@id":"https:\/\/nebula.org\/blog\/fr\/#website","url":"https:\/\/nebula.org\/blog\/fr\/","name":"Nebula Genomics Blog","description":"","publisher":{"@id":"https:\/\/nebula.org\/blog\/fr\/#organization"},"potentialAction":[{"@type":"SearchAction","target":{"@type":"EntryPoint","urlTemplate":"https:\/\/nebula.org\/blog\/fr\/?s={search_term_string}"},"query-input":"required name=search_term_string"}],"inLanguage":"fr-FR"},{"@type":"Organization","@id":"https:\/\/nebula.org\/blog\/fr\/#organization","name":"Nebula Genomics","url":"https:\/\/nebula.org\/blog\/fr\/","logo":{"@type":"ImageObject","inLanguage":"fr-FR","@id":"https:\/\/nebula.org\/blog\/fr\/#\/schema\/logo\/image\/","url":"","contentUrl":"","caption":"Nebula Genomics"},"image":{"@id":"https:\/\/nebula.org\/blog\/fr\/#\/schema\/logo\/image\/"},"sameAs":["https:\/\/facebook.com\/nebulagenomics","https:\/\/twitter.com\/nebulagenomics","https:\/\/www.instagram.com\/nebulagenomics\/","https:\/\/www.linkedin.com\/company\/nebula-genomics\/","https:\/\/en.wikipedia.org\/wiki\/Nebula_Genomics"]},{"@type":"Person","@id":"https:\/\/nebula.org\/blog\/fr\/#\/schema\/person\/b7bd0a490f115d1d931c33eed922af4e","name":"Garrett Dunlap, B.S.","image":{"@type":"ImageObject","inLanguage":"fr-FR","@id":"https:\/\/nebula.org\/blog\/fr\/#\/schema\/person\/image\/","url":"https:\/\/secure.gravatar.com\/avatar\/32fb6e0dbc7e0bac908b0f23ea6ed5ec?s=96&d=mm&r=g","contentUrl":"https:\/\/secure.gravatar.com\/avatar\/32fb6e0dbc7e0bac908b0f23ea6ed5ec?s=96&d=mm&r=g","caption":"Garrett Dunlap, B.S."},"description":"Garrett Dunlap earned a B.S. in Biology from Case Western Reserve University with a minor in Political Science. He earned an M.S. and is currently a Ph.D. Candidate in the Biological and Biomedical Sciences (BBS) Ph.D. program at Harvard University.\u00a0He has experience in science policy as an intern at the Science and Innovation Network where he assisted in the science diplomacy functions of the British Consulate-General and as a research associate at TScan Therapeutics. He is also interested in science communication and writing. You can read more about Garrett's experience and publications on LinkedIn and ORCID.","sameAs":["https:\/\/nebula.org\/whole-genome-sequencing\/"],"url":"https:\/\/nebula.org\/blog\/fr\/author\/garrett-dunlap\/"}]}},"_links":{"self":[{"href":"https:\/\/nebula.org\/blog\/fr\/wp-json\/wp\/v2\/posts\/9958","targetHints":{"allow":["GET"]}}],"collection":[{"href":"https:\/\/nebula.org\/blog\/fr\/wp-json\/wp\/v2\/posts"}],"about":[{"href":"https:\/\/nebula.org\/blog\/fr\/wp-json\/wp\/v2\/types\/post"}],"author":[{"embeddable":true,"href":"https:\/\/nebula.org\/blog\/fr\/wp-json\/wp\/v2\/users\/12"}],"replies":[{"embeddable":true,"href":"https:\/\/nebula.org\/blog\/fr\/wp-json\/wp\/v2\/comments?post=9958"}],"version-history":[{"count":0,"href":"https:\/\/nebula.org\/blog\/fr\/wp-json\/wp\/v2\/posts\/9958\/revisions"}],"wp:featuredmedia":[{"embeddable":true,"href":"https:\/\/nebula.org\/blog\/fr\/wp-json\/wp\/v2\/media\/5850"}],"wp:attachment":[{"href":"https:\/\/nebula.org\/blog\/fr\/wp-json\/wp\/v2\/media?parent=9958"}],"wp:term":[{"taxonomy":"category","embeddable":true,"href":"https:\/\/nebula.org\/blog\/fr\/wp-json\/wp\/v2\/categories?post=9958"},{"taxonomy":"post_tag","embeddable":true,"href":"https:\/\/nebula.org\/blog\/fr\/wp-json\/wp\/v2\/tags?post=9958"}],"curies":[{"name":"wp","href":"https:\/\/api.w.org\/{rel}","templated":true}]}}