{"id":12653,"date":"2021-01-31T13:17:55","date_gmt":"2021-01-31T18:17:55","guid":{"rendered":"https:\/\/nebula.org\/blog\/is-als-genetico\/"},"modified":"2021-02-20T22:47:31","modified_gmt":"2021-02-21T03:47:31","slug":"is-als-genetico","status":"publish","type":"post","link":"https:\/\/nebula.org\/blog\/pt-br\/is-als-genetico\/","title":{"rendered":"Esclerose lateral amiotr\u00f3fica (Nicolas, 2019) &#8211; ALS \u00e9 gen\u00e9tica?"},"content":{"rendered":"\n<h2 class=\"wp-block-heading\" id=\"h-nebula-genomics-dna-report-for-als\"><strong>Relat\u00f3rio de DNA da Nebula Genomics para ALS<\/strong><\/h2>\n\n<p>ALS \u00e9 gen\u00e9tico? Criamos um relat\u00f3rio de DNA com base em um estudo que tentou responder a essa pergunta. Abaixo voc\u00ea pode ver um relat\u00f3rio de amostra de DNA. Para obter seu relat\u00f3rio de DNA personalizado, adquira nosso<a href=\"https:\/\/nebula.org\/whole-genome-sequencing\/\"> Sequenciamento do genoma completo<\/a> !<\/p>\n\n<div class=\"wp-block-image\"><figure class=\"aligncenter size-large is-resized\"><img decoding=\"async\" src=\"https:\/\/nebula.org\/blog\/wp-content\/uploads\/2020\/12\/Nicolas-1.png\" alt=\"Um relat&#xF3;rio de amostra sobre ALS da Nebula Genomics\" class=\"wp-image-12661\" width=\"577\" height=\"707\" srcset=\"https:\/\/nebula.org\/blog\/wp-content\/uploads\/2020\/12\/Nicolas-1.png 577w, https:\/\/nebula.org\/blog\/wp-content\/uploads\/2020\/12\/Nicolas-1-245x300.png 245w, https:\/\/nebula.org\/blog\/wp-content\/uploads\/2020\/12\/Nicolas-1-10x12.png 10w\" sizes=\"(max-width: 577px) 100vw, 577px\" \/><\/figure><\/div>\n\n<div class=\"wp-block-image\"><figure class=\"aligncenter size-large is-resized\"><img decoding=\"async\" src=\"https:\/\/nebula.org\/blog\/wp-content\/uploads\/2020\/12\/Nicolas-2.png\" alt=\"Um relat&#xF3;rio de amostra das variantes gen&#xE9;ticas de ALS da Nebula Genomics\" class=\"wp-image-12662\" width=\"581\" height=\"444\" srcset=\"https:\/\/nebula.org\/blog\/wp-content\/uploads\/2020\/12\/Nicolas-2.png 581w, https:\/\/nebula.org\/blog\/wp-content\/uploads\/2020\/12\/Nicolas-2-300x229.png 300w, https:\/\/nebula.org\/blog\/wp-content\/uploads\/2020\/12\/Nicolas-2-16x12.png 16w\" sizes=\"(max-width: 581px) 100vw, 581px\" \/><\/figure><\/div>\n\n<div class=\"wp-block-buttons aligncenter is-layout-flex wp-block-buttons-is-layout-flex\">\n<div class=\"wp-block-button\"><a class=\"wp-block-button__link has-vivid-cyan-blue-background-color has-background\" href=\"https:\/\/nebula.org\/whole-genome-sequencing\/\"><strong>Sequencie seu genoma e acesse mais de 200 relat\u00f3rios de DNA!<\/strong><\/a><\/div>\n<\/div>\n\n<div style=\"height:20px\" aria-hidden=\"true\" class=\"wp-block-spacer\"><\/div>\n\n<h2 class=\"wp-block-heading\" id=\"h-additional-information\"><strong>informa\u00e7\u00e3o adicional<\/strong><\/h2>\n\n<h2 class=\"wp-block-heading\" id=\"h-what-is-als-part-1-of-is-als-genetic\"><strong>O que \u00e9 ALS? (Parte 1 de O ALS \u00e9 gen\u00e9tico?) <\/strong><\/h2>\n\n<p><a href=\"https:\/\/www.cdc.gov\/dotw\/als\/index.html\">Esclerose lateral amiotr\u00f3fica (ALS)<\/a> pertence ao grupo das doen\u00e7as do neur\u00f4nio motor e \u00e9 uma doen\u00e7a degenerativa rara do sistema nervoso motor. Afeta adversamente os nervos e os neur\u00f4nios motores. Portanto, qualquer atividade que requeira o uso de m\u00fasculos volunt\u00e1rios, como caminhar, falar ou mastigar, enfraquece gradualmente com o tempo nesta doen\u00e7a. Isso leva \u00e0 limita\u00e7\u00e3o progressiva das atividades de vida di\u00e1ria. Embora n\u00e3o haja cura para a ALS, a rapidez com que a doen\u00e7a progride pode ser retardada.<\/p>\n\n<p>Outros nomes para a doen\u00e7a s\u00e3o s\u00edndrome de Lou Gehrig ou doen\u00e7a de Charcot. Este \u00faltimo foi o descritor da condi\u00e7\u00e3o, Jean-Martin Charcot.<a href=\"https:\/\/www.biography.com\/athlete\/lou-gehrig\"> Lou Gehrig<\/a> era um jogador de beisebol do New York Yankees e teve que se aposentar ap\u00f3s ser diagnosticado com ALS. O destino de Gehrig tornou a doen\u00e7a rara conhecida por um grande p\u00fablico pela primeira vez. O famoso Desafio do Balde de Gelo de 2014 foi fundamental para arrecadar fundos para a pesquisa de ALS (fonte de informa\u00e7\u00e3o: Associa\u00e7\u00e3o ALS:<a href=\"https:\/\/www.als.org\/stories-news\/ice-bucket-challenge-dramatically-accelerated-fight-against-als\"> Desafio do balde de gelo<\/a> )<\/p>\n\n<div class=\"wp-block-image\"><figure class=\"aligncenter size-large is-resized\"><img decoding=\"async\" src=\"https:\/\/nebula.org\/blog\/wp-content\/uploads\/2020\/12\/Nicolas-3.png\" alt=\"Um participante do desafio de balde de gelo. \" class=\"wp-image-12663\" width=\"479\" height=\"723\" srcset=\"https:\/\/nebula.org\/blog\/wp-content\/uploads\/2020\/12\/Nicolas-3.png 477w, https:\/\/nebula.org\/blog\/wp-content\/uploads\/2020\/12\/Nicolas-3-199x300.png 199w, https:\/\/nebula.org\/blog\/wp-content\/uploads\/2020\/12\/Nicolas-3-8x12.png 8w\" sizes=\"(max-width: 479px) 100vw, 479px\" \/><figcaption>Voc\u00ea sabia que o desafio do balde de gelo de 2014 visava aumentar a conscientiza\u00e7\u00e3o em rela\u00e7\u00e3o \u00e0 ELA?<a href=\"https:\/\/en.wikipedia.org\/wiki\/Ice_Bucket_Challenge#\/media\/File:Doing_the_ALS_Ice_Bucket_Challenge_(14927191426).jpg\"> Slgckgc<\/a> .<a href=\"https:\/\/creativecommons.org\/licenses\/by\/2.0\"> CC BY 2.0<\/a> .<\/figcaption><\/figure><\/div>\n\n<p>Pesquisas sobre as causas e tratamentos potenciais para a doen\u00e7a est\u00e3o em andamento. Organiza\u00e7\u00f5es nacionais como<a href=\"https:\/\/www.als.net\/als-research\/\"> ALS Therapy Development Institute (TDI)<\/a> , a<a href=\"https:\/\/www.als.org\/research\/research-we-fund\/funded-grants\"> Associa\u00e7\u00e3o ALS<\/a> , e as<a href=\"https:\/\/www.cdc.gov\/als\/ALSResearchNotificationClinicalTrialsStudies.html\"> Centros para Controle e Preven\u00e7\u00e3o de Doen\u00e7as (CDC)<\/a> todos financiaram projetos nesta \u00e1rea em 2020.<\/p>\n\n<h2 class=\"wp-block-heading\" id=\"h-epidemiology-part-2-of-is-als-genetic\"><strong>Epidemiologia (Parte 2 de O ALS \u00e9 gen\u00e9tico?)<\/strong><\/h2>\n\n<p>A partir de 2014, o<a href=\"https:\/\/www.cdc.gov\/als\/WhatisAmyotrophiclateralsclerosis.html#:~:text=Although%20no%20one%20knows%20for,cases%20in%20the%20United%20States.\"> CDC<\/a> relatou 16.000 casos de ALS nos Estados Unidos. Um registro exato sobre suas estat\u00edsticas muito recentes n\u00e3o \u00e9 muito conhecido. Nos EUA, cerca de 5-7<a href=\"https:\/\/www.als.org\/navigating-als\/resources\/fyi-epidemiology-als-and-suspected-clusters\"> casos existem<\/a> para cada popula\u00e7\u00e3o de 1.00.000. \u00c9 na faixa et\u00e1ria de 55 a 75 anos que a doen\u00e7a \u00e9 finalmente diagnosticada. No entanto, \u00e9 importante notar que a condi\u00e7\u00e3o raramente afeta pacientes mais jovens entre 25 e 35 anos de idade. Tamb\u00e9m \u00e9 mais comum em homens do que em mulheres (a propor\u00e7\u00e3o de g\u00eanero \u00e9 de cerca de 1,5: 1).<\/p>\n\n<h2 class=\"wp-block-heading\" id=\"h-forms-part-3-of-is-als-genetic\"><strong>Formul\u00e1rios (Parte 3 de ALS \u00e9 gen\u00e9tico?)<\/strong><\/h2>\n\n<p>Principalmente, existem tr\u00eas principais<a href=\"https:\/\/stanfordhealthcare.org\/medical-conditions\/brain-and-nerves\/amyotrophic-lateral-sclerosis\/types.html\"> formul\u00e1rios<\/a> de ALS. <\/p>\n\n<p><em>ALS espor\u00e1dico<\/em> : Este tipo ocorre aleatoriamente sem qualquer causa prov\u00e1vel. A maioria (90 a 95%) dos casos de ALS s\u00e3o espor\u00e1dicos. Suspeita-se que um<a href=\"https:\/\/en.wikipedia.org\/wiki\/Amyotrophic_lateral_sclerosis#cite_note-Wingo2011-17\"> combina\u00e7\u00e3o<\/a> de fatores gen\u00e9ticos e ambientais s\u00e3o respons\u00e1veis.<\/p>\n\n<p><em>Familiar<\/em> : Nos EUA, a forma familiar da doen\u00e7a \u00e9 observada em uma minoria dos casos (5 a 10%), em que as pessoas herdam ALS de um membro da fam\u00edlia. A maioria dos casos \u00e9 herdada em um padr\u00e3o autoss\u00f4mico dominante, o que significa que uma c\u00f3pia do gene alterado em cada c\u00e9lula \u00e9 suficiente para causar o dist\u00farbio.<\/p>\n\n<p><em>Guamense<\/em> : Foi observada uma forma guam\u00e3 da doen\u00e7a na popula\u00e7\u00e3o de Guam, onde a causa \u00e9 o consumo de falsa palmeira sagu, Cycas micronesia.<\/p>\n\n<h2 class=\"wp-block-heading\" id=\"h-pathophysiology-of-als-part-4-of-is-als-genetic\"><strong>Fisiopatologia da ELA (Parte 4 de ELA \u00e9 gen\u00e9tica?)<\/strong><\/h2>\n\n<p>Na ELA, os neur\u00f4nios motores superiores e inferiores do c\u00e9rebro e da medula espinhal s\u00e3o afetados. Os neur\u00f4nios motores superiores ocupam o c\u00e9rebro, enquanto os neur\u00f4nios motores inferiores est\u00e3o na medula espinhal. De acordo com o site da ALS Pathways, geralmente se espalha a partir de um ponto focal, interrompendo todos os neur\u00f4nios motores do corpo e, por fim, causando a morte de neur\u00f4nios motores. E v\u00e1rios fatores s\u00e3o respons\u00e1veis por esse tipo de doen\u00e7a neurodegenerativa. Outras formas podem afetar apenas os neur\u00f4nios motores superiores (esclerose lateral prim\u00e1ria, PLS) ou os neur\u00f4nios motores inferiores (atrofia muscular progressiva, PMA).<\/p>\n\n<p>A degenera\u00e7\u00e3o dos neur\u00f4nios motores superiores leva ao aumento do t\u00f4nus muscular ou paralisia esp\u00e1stica. Enquanto o dano do neur\u00f4nio motor inferior leva a um aumento da fraqueza muscular. Isso interfere no bom funcionamento da atividade di\u00e1ria.<\/p>\n\n<div class=\"wp-block-image\"><figure class=\"aligncenter size-large is-resized\"><img decoding=\"async\" src=\"https:\/\/nebula.org\/blog\/wp-content\/uploads\/2020\/12\/Nicolas-4.png\" alt=\"Neur&#xF4;nios superiores e inferiores conforme se relacionam com ALS\" class=\"wp-image-12664\" width=\"624\" height=\"632\" srcset=\"https:\/\/nebula.org\/blog\/wp-content\/uploads\/2020\/12\/Nicolas-4.png 624w, https:\/\/nebula.org\/blog\/wp-content\/uploads\/2020\/12\/Nicolas-4-296x300.png 296w, https:\/\/nebula.org\/blog\/wp-content\/uploads\/2020\/12\/Nicolas-4-12x12.png 12w\" sizes=\"(max-width: 624px) 100vw, 624px\" \/><figcaption>Uma ilustra\u00e7\u00e3o dos neur\u00f4nios motores superiores e inferiores: os principais componentes afetados pela ELA. Fonte da imagem:<a href=\"https:\/\/en.wikipedia.org\/wiki\/Amyotrophic_lateral_sclerosis#\/media\/File:UMN_vs_LMN.png\"> Rcchang16, Wikimedia Commons<\/a> ,<a href=\"https:\/\/creativecommons.org\/licenses\/by-sa\/4.0\"> CC BY-SA 4.0<\/a> .<\/figcaption><\/figure><\/div>\n\n<h2 class=\"wp-block-heading\" id=\"h-causes-part-5-of-is-als-genetic\"><strong>Causas (Parte 5 de ALS \u00e9 gen\u00e9tico?)<\/strong><\/h2>\n\n<p>Na ALS, os genes s\u00e3o suspeitos de desempenhar um papel no risco de desenvolver a doen\u00e7a. Os estudos ap\u00f3iam fortemente os fatores gen\u00e9ticos ligados \u00e0 ELA. No entanto, estudos que sugerem o papel de alguns dos fatores ambientais n\u00e3o s\u00e3o muito consistentes. Na maioria dos casos, a causa exata n\u00e3o \u00e9 conhecida. Mas no resto da pequena coorte (5-10%), fatores gen\u00e9ticos podem explicar a condi\u00e7\u00e3o. Outros fatores como hist\u00f3ria familiar, g\u00eanero, geografia, etc. tamb\u00e9m podem ter associa\u00e7\u00f5es com ALS.<\/p>\n\n<h3 class=\"wp-block-heading\" id=\"h-is-als-genetic\">ALS \u00e9 gen\u00e9tico?<\/h3>\n\n<p>V\u00e1rias variantes gen\u00e9ticas est\u00e3o intimamente ligadas \u00e0 ALS. Muta\u00e7\u00f5es gen\u00e9ticas espec\u00edficas associadas \u00e0 doen\u00e7a levam ao ac\u00famulo patol\u00f3gico ou degrada\u00e7\u00e3o prematura de prote\u00ednas mal dobradas que, em \u00faltima inst\u00e2ncia, desencadeia a neurodegenera\u00e7\u00e3o.<\/p>\n\n<h4 class=\"wp-block-heading\" id=\"h-major-genetic-components-in-als\">Principais componentes gen\u00e9ticos em ALS<\/h4>\n\n<p>O gene SOD1 codifica uma enzima conhecida como super\u00f3xido dismutase. Esta enzima desempenha um papel importante no mecanismo de anti-defesa. As variantes mal dobradas das prote\u00ednas SOD1 levam \u00e0 progress\u00e3o.<\/p>\n\n<p>Este gene codifica a TDP-43, uma prote\u00edna que regula a express\u00e3o g\u00eanica. O TDP-43 \u00e9 crucial para v\u00e1rios est\u00e1gios do processamento de RNA. Algumas muta\u00e7\u00f5es gen\u00e9ticas dominantes em TARDBP resultam em TDP-43 defeituoso, causando neurodegenera\u00e7\u00e3o. Conseq\u00fcentemente, mudan\u00e7as na distribui\u00e7\u00e3o e fun\u00e7\u00f5es desta prote\u00edna t\u00eam uma forte associa\u00e7\u00e3o com ALS.<\/p>\n\n<p>O gene FUS expressa a prote\u00edna FUS, que \u00e9 um tipo de prote\u00edna de liga\u00e7\u00e3o ao RNA. Algumas de suas fun\u00e7\u00f5es s\u00e3o semelhantes \u00e0s da prote\u00edna TDP-43. Portanto, a prote\u00edna FUS monitora v\u00e1rios processos no metabolismo do RNA. Na ELA, variantes patog\u00eanicas desse gene \u00e0s vezes causam dobramento e distribui\u00e7\u00e3o inadequada da prote\u00edna FUS, interferindo assim na fisiologia celular normal.<\/p>\n\n<p>C9ORF72: Embora o papel exato desse gene ainda n\u00e3o esteja claro, poucos relatos indicaram seu envolvimento no transporte de prote\u00ednas, especialmente na forma de atividade endoss\u00f4mica e autofagia. E uma express\u00e3o diminu\u00edda de C9ORF72 pode estar associada a doen\u00e7as, como observado em alguns estudos com animais. No entanto, essa regula\u00e7\u00e3o baixa por si s\u00f3 n\u00e3o resulta em ALS, mas, na verdade, funciona em um<a href=\"https:\/\/www.frontiersin.org\/articles\/10.3389\/fnins.2017.00442\/full\"> complexo<\/a> de algumas outras prote\u00ednas.<\/p>\n\n<h4 class=\"wp-block-heading\">Componentes gen\u00e9ticos menores de ALS<\/h4>\n\n<p>Alguns outros modificadores gen\u00e9ticos em ALS s\u00e3o ATXN1, ATXN2, UNC13A. Muta\u00e7\u00f5es nesses genes provavelmente fazem as pessoas<a href=\"https:\/\/www.frontiersin.org\/articles\/10.3389\/fnins.2019.01310\/full#h4\"> suscet\u00edvel<\/a> para a desordem. Mas eles n\u00e3o se correlacionam fortemente com esta doen\u00e7a.<\/p>\n\n<h2 class=\"wp-block-heading\" id=\"h-non-genetic-component-of-als-part-7-of-is-als-genetic\"><strong>Componente n\u00e3o gen\u00e9tico de ALS (Parte 7 de ALS \u00e9 gen\u00e9tico?)<\/strong><\/h2>\n\n<h3 class=\"wp-block-heading\" id=\"h-occupational-risk-factor\">Fator de risco ocupacional<\/h3>\n\n<p>Um n\u00famero de<a href=\"https:\/\/www.tandfonline.com\/doi\/full\/10.1080\/17482960902721634\"> relat\u00f3rios<\/a> ter<a href=\"https:\/\/journals.sagepub.com\/doi\/10.2466\/pms.104.4.1251-1254?url_ver=Z39.88-2003&amp;rfr_id=ori%3Arid%3Acrossref.org&amp;rfr_dat=cr_pub++0pubmed&amp;\"> proposto<\/a> que os atletas profissionais s\u00e3o mais propensos a desenvolver ALS. E isso pode ser devido principalmente a ferimentos graves na cabe\u00e7a ou atividades f\u00edsicas intensas.<\/p>\n\n<p>Outros exemplos de<a href=\"https:\/\/www.ncbi.nlm.nih.gov\/pmc\/articles\/PMC2737014\/\"> exposi\u00e7\u00e3o no local de trabalho<\/a> s\u00e3o casos em que as pessoas s\u00e3o expostas a campos magn\u00e9ticos ou trabalho f\u00edsico extenuante. No entanto, esses estudos s\u00e3o baseados em associa\u00e7\u00e3o, n\u00e3o s\u00e3o consistentes e com etiologia desconhecida. <\/p>\n\n<h3 class=\"wp-block-heading\" id=\"h-toxic-chemicals\">Qu\u00edmicos t\u00f3xicos<\/h3>\n\n<p>Os resultados de um<a href=\"https:\/\/pubmed.ncbi.nlm.nih.gov\/27159543\/\"> estude<\/a> da Universidade de Michigan em Ann Arbor (maio de 2016) confirmou a suspeita de longa data de que a exposi\u00e7\u00e3o a toxinas ambientais pode aumentar o risco de desenvolver ALS. Neste estudo, os pesquisadores observaram uma associa\u00e7\u00e3o significativa entre o dist\u00farbio e a presen\u00e7a de hidrocarbonetos clorados, bifenilos policlorados e bifenilos polibromados. <\/p>\n\n<h3 class=\"wp-block-heading\" id=\"h-beta-methylamino-l-alanine-bmaa\">Beta metilamino L-alanina (BMAA)<\/h3>\n\n<p>O BMAA \u00e9 uma neurotoxina associada \u00e0 ALS. Uma popula\u00e7\u00e3o ind\u00edgena que vive em Guam corre um risco elevado de contrair a doen\u00e7a. A dieta dessa popula\u00e7\u00e3o \u00e9 rica em BMAA. Geralmente, as cianobact\u00e9rias na \u00e1gua das ilhas do Pac\u00edfico produzem BMAA. E dado que o povo de Guam depende de frutos do mar, isso pode colocar a popula\u00e7\u00e3o em um n\u00edvel superior<a href=\"https:\/\/alsnewstoday.com\/news-posts\/2019\/09\/20\/study-suggests-mechanism-als-caused-by-toxic-bmaa-compound-algae\/\"> risco<\/a> . <\/p>\n\n<h3 class=\"wp-block-heading\" id=\"h-microbiome\">Microbiome<\/h3>\n\n<p>O microbioma intestinal frequentemente<a href=\"https:\/\/www.neurodegenerationresearch.eu\/survey\/the-gut-microbiome-in-neurodegenerative-disease\/#:~:text=Pioneering%20research%20has%20revealed%20that,IBD%20and%20MS%20mouse%20models.\"> influ\u00eancias<\/a> o resultado da doen\u00e7a, conforme relatado em estudos com animais. Microbioma intestinal<a href=\"https:\/\/www.sciencedaily.com\/releases\/2019\/07\/190722111923.htm\"> estudos<\/a> em ratos demonstraram que existe uma liga\u00e7\u00e3o importante entre algumas das cepas bacterianas e ALS. Al\u00e9m disso, neste estudo, uma cepa de Akkermansia muciniphila tende a retardar o progresso da doen\u00e7a em camundongos. Outro<a href=\"https:\/\/www.nature.com\/articles\/s41586-020-2288-7\"> Estudo de 2020<\/a> em ratos relatou que as comunidades microbianas intestinais influenciam o resultado da sobreviv\u00eancia. Isso foi especialmente observado, porque os camundongos suscet\u00edveis a ALS, apesar de terem origens gen\u00e9ticas semelhantes, mostraram diferen\u00e7as significativas na expectativa de vida. Os padr\u00f5es de diversidade das comunidades microbianas eram significativamente diferentes &#8211; um dos fatores que podem ter contribu\u00eddo para as diferen\u00e7as no tempo de sobreviv\u00eancia desses ratos.<\/p>\n\n<h2 class=\"wp-block-heading\" id=\"h-symptoms-part-8-of-is-als-genetic\"><strong>Sintomas (Parte 8 de ALS \u00e9 gen\u00e9tico?)<\/strong><\/h2>\n\n<p>Os sintomas caracter\u00edsticos da ELA s\u00e3o o comprometimento funcional do movimento muscular nas extremidades superiores e inferiores, nos m\u00fasculos bulbar e nos m\u00fasculos do tronco.<\/p>\n\n<div class=\"wp-block-image\"><figure class=\"aligncenter size-large\"><img decoding=\"async\" width=\"592\" height=\"720\" src=\"https:\/\/nebula.org\/blog\/wp-content\/uploads\/2020\/12\/Nicolas-5.png\" alt=\"Mecanismos que podem estar relacionados ao ALS\" class=\"wp-image-12665\" srcset=\"https:\/\/nebula.org\/blog\/wp-content\/uploads\/2020\/12\/Nicolas-5.png 592w, https:\/\/nebula.org\/blog\/wp-content\/uploads\/2020\/12\/Nicolas-5-247x300.png 247w, https:\/\/nebula.org\/blog\/wp-content\/uploads\/2020\/12\/Nicolas-5-10x12.png 10w\" sizes=\"(max-width: 592px) 100vw, 592px\" \/><figcaption>V\u00e1rios mecanismos podem ser associados ao ALS. Fonte da imagem: <a href=\"https:\/\/dmm.biologists.org\/content\/10\/5\/537\">van Damme et al. 2017. Wikimedia Commons<\/a>,<a href=\"https:\/\/creativecommons.org\/licenses\/by\/3.0\/deed.en\"> CC-BY-3.0<\/a> .<\/figcaption><\/figure><\/div>\n\n<p>De acordo com<a href=\"https:\/\/www.ninds.nih.gov\/Disorders\/Patient-Caregiver-Education\/Fact-Sheets\/Amyotrophic-Lateral-Sclerosis-ALS-Fact-Sheet#Symptoms\"> Instituto Nacional de Doen\u00e7as Neurol\u00f3gicas e Derrame<\/a> , os sintomas se acumulam gradualmente. Alguns dos primeiros sintomas de ALS incluem:<\/p>\n\n<ul class=\"wp-block-list\"><li>Fascicula\u00e7\u00f5es (contra\u00e7\u00f5es musculares) no bra\u00e7o, perna, ombro ou l\u00edngua<\/li><li>C\u00e3ibras musculares<\/li><li>M\u00fasculos tensos e r\u00edgidos (espasticidade)<\/li><li>Fraqueza muscular afetando um bra\u00e7o, perna, pesco\u00e7o ou diafragma<\/li><li>Fala arrastada e nasalada<\/li><li>Dificuldade em mastigar ou engolir<\/li><\/ul>\n\n<p>Dependendo dos primeiros sintomas observados, a condi\u00e7\u00e3o pode ser subdividida em subcategorias. Quando os sintomas come\u00e7am nos bra\u00e7os ou pernas, \u00e9 conhecido como ALS de \u201cin\u00edcio nos membros\u201d. Se as primeiras indica\u00e7\u00f5es forem problemas de fala ou degluti\u00e7\u00e3o, \u00e9 denominado ALS de \u201cin\u00edcio bulbar\u201d.<\/p>\n\n<p>ALS progride de forma diferente em indiv\u00edduos diferentes. No entanto, em todos os casos, a fraqueza muscular e a atrofia se espalham para outras partes do corpo at\u00e9 que o funcionamento se torne dif\u00edcil. Pessoas com est\u00e1gios avan\u00e7ados da doen\u00e7a eventualmente n\u00e3o ser\u00e3o capazes de ficar de p\u00e9, andar ou usar seus membros e pode tornar-se dif\u00edcil engolir, falar e respirar.<\/p>\n\n<p>Na maioria dos casos, as pessoas com ALS mant\u00eam sua capacidade de realizar processos mentais superiores, como racioc\u00ednio, mem\u00f3ria, compreens\u00e3o e solu\u00e7\u00e3o de problemas.<\/p>\n\n<p>O tempo m\u00e9dio de sobreviv\u00eancia do paciente \u00e9 de cerca de tr\u00eas a cinco anos desde o in\u00edcio da doen\u00e7a, no entanto,<a href=\"https:\/\/www.ncbi.nlm.nih.gov\/pmc\/articles\/PMC3515205\/\"> 10-20 por cento<\/a> dos pacientes podem sobreviver por um per\u00edodo mais longo.<\/p>\n\n<h2 class=\"wp-block-heading\" id=\"h-diagnosis-part-9-of-is-als-genetic\"><strong>Diagn\u00f3stico (Parte 9 de ALS \u00e9 gen\u00e9tico?)<\/strong><\/h2>\n\n<p>Principalmente, os sintomas variam de uma pessoa para outra. Portanto, um m\u00e9dico far\u00e1 um exame completo usando<a href=\"https:\/\/stanfordhealthcare.org\/medical-conditions\/brain-and-nerves\/amyotrophic-lateral-sclerosis\/diagnosis.html\"> testes m\u00faltiplos<\/a> . No momento, n\u00e3o h\u00e1 cl\u00ednica<a href=\"http:\/\/web.alsa.org\/site\/PageServer?pagename=ALSA_Genetics_Testing#:~:text=test%20diagnose%20ALS%3F-,A.,nerve%20and%20muscle%20function%20tests.\"> teste gen\u00e9tico<\/a> para ALS.<\/p>\n\n<p><em><em>Exame f\u00edsico:<\/em> Na maioria dos casos, o aumento da fraqueza muscular, atrofia muscular ou at\u00e9 mesmo contra\u00e7\u00f5es musculares levam os pacientes ao m\u00e9dico pela primeira vez. Deve-se notar que apenas as contra\u00e7\u00f5es musculares quase sempre representam fascicula\u00e7\u00f5es benignas. No in\u00edcio, os sintomas podem aparecer em qualquer parte do corpo. Durante o exame, o aparecimento simult\u00e2neo de sinais de paralisia fl\u00e1cida e esp\u00e1stica refor\u00e7a a suspeita do diagn\u00f3stico de ELA.<\/em><\/p>\n\n<p><em>Eletromiografia:<\/em> Um exame eletromiogr\u00e1fico e eletroneurogr\u00e1fico \u00e9 indispens\u00e1vel para o diagn\u00f3stico. A eletromiografia analisa a atividade el\u00e9trica nos m\u00fasculos. Crit\u00e9rios padronizados internacionalmente foram desenvolvidos para fazer o diagn\u00f3stico (crit\u00e9rios El Escorial). De acordo com esses crit\u00e9rios, o diagn\u00f3stico requer o exame da degenera\u00e7\u00e3o nos neur\u00f4nios motores superiores e inferiores, sua evolu\u00e7\u00e3o e tamb\u00e9m a aus\u00eancia de qualquer outra doen\u00e7a neurodegenerativa.<\/p>\n\n<div class=\"wp-block-image\"><figure class=\"aligncenter size-large\"><img decoding=\"async\" width=\"624\" height=\"417\" src=\"https:\/\/nebula.org\/blog\/wp-content\/uploads\/2020\/12\/Nicolas-6.png\" alt=\"Um teste de eletromiografia\" class=\"wp-image-12666\" srcset=\"https:\/\/nebula.org\/blog\/wp-content\/uploads\/2020\/12\/Nicolas-6.png 624w, https:\/\/nebula.org\/blog\/wp-content\/uploads\/2020\/12\/Nicolas-6-300x200.png 300w, https:\/\/nebula.org\/blog\/wp-content\/uploads\/2020\/12\/Nicolas-6-16x12.png 16w\" sizes=\"(max-width: 624px) 100vw, 624px\" \/><figcaption>Uma eletromiografia analisa a atividade el\u00e9trica nos m\u00fasculos e \u00e9 uma abordagem chave para o diagn\u00f3stico de EM. Paul Anthony Stewart. Attribution-Share Alike 4.0 International.<\/figcaption><\/figure><\/div>\n\n<p><em>Pun\u00e7\u00e3o lombar:<\/em> O m\u00e9dico retira um pequeno volume de l\u00edquido cefalorraquidiano e procura a presen\u00e7a de doen\u00e7as inflamat\u00f3rias ou c\u00e9lulas anormais. Este teste \u00e9 importante apenas em casos com sintomas incomuns. <\/p>\n\n<p><em>Bi\u00f3psia:<\/em> Geralmente, o cirurgi\u00e3o remove uma parte do m\u00fasculo do bra\u00e7o ou da coxa. O cirurgi\u00e3o ent\u00e3o procura qualquer dano usando colora\u00e7\u00e3o e microscopia.<\/p>\n\n<h2 class=\"wp-block-heading\" id=\"h-treatment-part-10-of-is-als-genetic\"><strong>Tratamento (Parte 10 de O ALS \u00e9 gen\u00e9tico?)<\/strong><\/h2>\n\n<p>Normalmente, o tratamento compreende uma combina\u00e7\u00e3o de terapia medicamentosa e terapia orientada para os sintomas. A terapia sintom\u00e1tica visa ajudar a evitar complica\u00e7\u00f5es de fraqueza muscular e melhorar a qualidade de vida do paciente. Em modelos animais e c\u00e9lulas-tronco humanas,<a href=\"https:\/\/medicalxpress.com\/news\/2019-05-potential-drug-als-ftd.html\"> gen\u00e9tico<\/a><a href=\"https:\/\/www.genengnews.com\/news\/als-researchers-discover-new-biomarker-and-drug-target\/\"> estudos<\/a> identificaram potenciais alvos de medicamentos, o que poderia ser um passo em frente no desenvolvimento da terapia medicamentosa.<\/p>\n\n<p>\u00c0s vezes, as pessoas podem querer se submeter a testes gen\u00e9ticos, especialmente em casos com hist\u00f3rico familiar de ELA. Ent\u00e3o, nesses casos, o conselheiro gen\u00e9tico pode ajudar a avaliar n\u00e3o apenas o hist\u00f3rico familiar, mas tamb\u00e9m o hist\u00f3rico m\u00e9dico e quaisquer outros riscos potenciais. Para ALS familiar, um resultado de teste positivo \u00e9 geralmente observado em<a href=\"https:\/\/www.als.org\/understanding-als\/who-gets-als\/genetic-testing\"> 60-70 por cento<\/a> dos casos.<\/p>\n\n<h3 class=\"wp-block-heading\" id=\"h-neuroprotective-therapy\">Terapia neuroprotetora<\/h3>\n\n<p>Riluzol \u00e9 o medicamento comum na terapia neuroprotetora. Esta droga inibe a destrui\u00e7\u00e3o das c\u00e9lulas nervosas motoras, bloqueando a libera\u00e7\u00e3o do neurotransmissor glutamato dos neur\u00f4nios.<\/p>\n\n<p>A administra\u00e7\u00e3o de riluzol supostamente prolonga a sobrevida em cerca de tr\u00eas meses e prolonga os est\u00e1gios iniciais da ELA. No entanto, deve-se notar que a progress\u00e3o da doen\u00e7a n\u00e3o pode ser totalmente interrompida pelo riluzol.<\/p>\n\n<p>Em 2017, a Food and Drug Administration dos EUA concedeu a aprova\u00e7\u00e3o de mais um medicamento, o Edaravone. Isso retarda o desenvolvimento do ALS de forma indicativa. <\/p>\n\n<h3 class=\"wp-block-heading\" id=\"h-symptom-therapy\">Terapia de sintomas<\/h3>\n\n<p>Os seguintes sintomas s\u00e3o frequentemente tratados com terapias apropriadas:<\/p>\n\n<ul class=\"wp-block-list\"><li>C\u00e3ibras musculares<\/li><li>Disfagia<\/li><li>Saliva\u00e7\u00e3o<\/li><li>Dist\u00farbio da fala e comunica\u00e7\u00e3o<\/li><li>Riso patol\u00f3gico e choro<\/li><li>Dist\u00farbios respirat\u00f3rios<\/li><li>Depress\u00e3o, dist\u00farbios do sono e ansiedade<\/li><\/ul>\n\n<h3 class=\"wp-block-heading\" id=\"h-recent-news-2020\">Not\u00edcias recentes (2020)<\/h3>\n\n<p>Pesquisadores do Trinity College Dublin iniciaram o<a href=\"https:\/\/www.eurekalert.org\/pub_releases\/2020-09\/tcd-tcr090220.php\"> Ensaio cl\u00ednico de fase 1 de terapia gen\u00e9tica<\/a> no Clinical Research Facility, St. James Hospital Dublin (em 1 de setembro de 2020). Esta terapia baseada em genes tem como alvo o gene C9ORF72. A empresa farmac\u00eautica americana Biogen patrocinou este ensaio cl\u00ednico.<\/p>\n\n<p>Gostou deste artigo? Certifique-se de verificar as outras postagens no<a href=\"https:\/\/nebula.org\/blog\/pt-br\/nebula-library-unlocking-genetic-research\/\"> Nebula Research Library<\/a> !<\/p>\n","protected":false},"excerpt":{"rendered":"<p>Relat\u00f3rio de DNA da Nebula Genomics para ALS ALS \u00e9 gen\u00e9tico? Criamos um relat\u00f3rio de DNA com base em um estudo que tentou responder a essa pergunta. Abaixo voc\u00ea pode ver um relat\u00f3rio de amostra de DNA. Para obter seu &hellip;<\/p>\n<p class=\"read-more\"> <a class=\"ast-button\" href=\"https:\/\/nebula.org\/blog\/pt-br\/is-als-genetico\/\"> <span class=\"screen-reader-text\">Esclerose lateral amiotr\u00f3fica (Nicolas, 2019) &#8211; ALS \u00e9 gen\u00e9tica?<\/span> Leia mais \u00bb<\/a><\/p>\n","protected":false},"author":12,"featured_media":12660,"comment_status":"closed","ping_status":"closed","sticky":false,"template":"","format":"standard","meta":{"om_disable_all_campaigns":false,"site-sidebar-layout":"default","site-content-layout":"default","ast-global-header-display":"","ast-banner-title-visibility":"","ast-main-header-display":"","ast-hfb-above-header-display":"","ast-hfb-below-header-display":"","ast-hfb-mobile-header-display":"","site-post-title":"","ast-breadcrumbs-content":"","ast-featured-img":"","footer-sml-layout":"","theme-transparent-header-meta":"default","adv-header-id-meta":"","stick-header-meta":"default","header-above-stick-meta":"","header-main-stick-meta":"","header-below-stick-meta":"","_FSMCFIC_featured_image_caption":"","_FSMCFIC_featured_image_nocaption":"","_FSMCFIC_featured_image_hide":"","footnotes":""},"categories":[4999],"tags":[],"class_list":["post-12653","post","type-post","status-publish","format-standard","has-post-thumbnail","hentry","category-reports-pt-br"],"yoast_head":"<!-- This site is optimized with the Yoast SEO plugin v20.13 - https:\/\/yoast.com\/wordpress\/plugins\/seo\/ -->\n<title>ALS \u00e9 gen\u00e9tico? | Decodifique seu DNA e aprenda sobre seus riscos!<\/title>\n<meta name=\"description\" content=\"ALS \u00e9 gen\u00e9tico? Carregue seus dados de DNA, explore as variantes gen\u00e9ticas ligadas ao ALS (Nicolas, 2019) e descubra sua pontua\u00e7\u00e3o polig\u00eanica.\" \/>\n<meta name=\"robots\" content=\"index, follow, max-snippet:-1, max-image-preview:large, max-video-preview:-1\" \/>\n<link rel=\"canonical\" href=\"https:\/\/nebula.org\/blog\/pt-br\/is-als-genetico\/\" \/>\n<meta property=\"og:locale\" content=\"pt_BR\" \/>\n<meta property=\"og:type\" content=\"article\" \/>\n<meta property=\"og:title\" content=\"ALS \u00e9 gen\u00e9tico? | Decodifique seu DNA e aprenda sobre seus riscos!\" \/>\n<meta property=\"og:description\" content=\"ALS \u00e9 gen\u00e9tico? Carregue seus dados de DNA, explore as variantes gen\u00e9ticas ligadas ao ALS (Nicolas, 2019) e descubra sua pontua\u00e7\u00e3o polig\u00eanica.\" \/>\n<meta property=\"og:url\" content=\"https:\/\/nebula.org\/blog\/pt-br\/is-als-genetico\/\" \/>\n<meta property=\"og:site_name\" content=\"Nebula Genomics Blog\" \/>\n<meta property=\"article:publisher\" content=\"https:\/\/facebook.com\/nebulagenomics\" \/>\n<meta property=\"article:published_time\" content=\"2021-01-31T18:17:55+00:00\" \/>\n<meta property=\"article:modified_time\" content=\"2021-02-21T03:47:31+00:00\" \/>\n<meta property=\"og:image\" content=\"https:\/\/nebula.org\/blog\/wp-content\/uploads\/2019\/12\/robina-weermeijer-so1L3jsdD3Y-unsplash-scaled.jpg\" \/>\n\t<meta property=\"og:image:width\" content=\"924\" \/>\n\t<meta property=\"og:image:height\" content=\"520\" \/>\n\t<meta property=\"og:image:type\" content=\"image\/jpeg\" \/>\n<meta name=\"author\" content=\"Garrett Dunlap, B.S.\" \/>\n<meta name=\"twitter:card\" content=\"summary_large_image\" \/>\n<meta name=\"twitter:creator\" content=\"@nebulagenomics\" \/>\n<meta name=\"twitter:site\" content=\"@nebulagenomics\" \/>\n<meta name=\"twitter:label1\" content=\"Escrito por\" \/>\n\t<meta name=\"twitter:data1\" content=\"Garrett Dunlap, B.S.\" \/>\n\t<meta name=\"twitter:label2\" content=\"Est. tempo de leitura\" \/>\n\t<meta name=\"twitter:data2\" content=\"12 minutos\" \/>\n<script type=\"application\/ld+json\" class=\"yoast-schema-graph\">{\"@context\":\"https:\/\/schema.org\",\"@graph\":[{\"@type\":\"Article\",\"@id\":\"https:\/\/nebula.org\/blog\/pt-br\/is-als-genetico\/#article\",\"isPartOf\":{\"@id\":\"https:\/\/nebula.org\/blog\/pt-br\/is-als-genetico\/\"},\"author\":{\"name\":\"Garrett Dunlap, B.S.\",\"@id\":\"https:\/\/nebula.org\/blog\/pt-br\/#\/schema\/person\/b7bd0a490f115d1d931c33eed922af4e\"},\"headline\":\"Esclerose lateral amiotr\u00f3fica (Nicolas, 2019) &#8211; ALS \u00e9 gen\u00e9tica?\",\"datePublished\":\"2021-01-31T18:17:55+00:00\",\"dateModified\":\"2021-02-21T03:47:31+00:00\",\"mainEntityOfPage\":{\"@id\":\"https:\/\/nebula.org\/blog\/pt-br\/is-als-genetico\/\"},\"wordCount\":2512,\"publisher\":{\"@id\":\"https:\/\/nebula.org\/blog\/pt-br\/#organization\"},\"articleSection\":[\"Reports\"],\"inLanguage\":\"pt-BR\"},{\"@type\":\"WebPage\",\"@id\":\"https:\/\/nebula.org\/blog\/pt-br\/is-als-genetico\/\",\"url\":\"https:\/\/nebula.org\/blog\/pt-br\/is-als-genetico\/\",\"name\":\"ALS \u00e9 gen\u00e9tico? | Decodifique seu DNA e aprenda sobre seus riscos!\",\"isPartOf\":{\"@id\":\"https:\/\/nebula.org\/blog\/pt-br\/#website\"},\"datePublished\":\"2021-01-31T18:17:55+00:00\",\"dateModified\":\"2021-02-21T03:47:31+00:00\",\"description\":\"ALS \u00e9 gen\u00e9tico? Carregue seus dados de DNA, explore as variantes gen\u00e9ticas ligadas ao ALS (Nicolas, 2019) e descubra sua pontua\u00e7\u00e3o polig\u00eanica.\",\"breadcrumb\":{\"@id\":\"https:\/\/nebula.org\/blog\/pt-br\/is-als-genetico\/#breadcrumb\"},\"inLanguage\":\"pt-BR\",\"potentialAction\":[{\"@type\":\"ReadAction\",\"target\":[\"https:\/\/nebula.org\/blog\/pt-br\/is-als-genetico\/\"]}]},{\"@type\":\"BreadcrumbList\",\"@id\":\"https:\/\/nebula.org\/blog\/pt-br\/is-als-genetico\/#breadcrumb\",\"itemListElement\":[{\"@type\":\"ListItem\",\"position\":1,\"name\":\"Home\",\"item\":\"https:\/\/nebula.org\/blog\/pt-br\/\"},{\"@type\":\"ListItem\",\"position\":2,\"name\":\"Esclerose lateral amiotr\u00f3fica (Nicolas, 2019) &#8211; ALS \u00e9 gen\u00e9tica?\"}]},{\"@type\":\"WebSite\",\"@id\":\"https:\/\/nebula.org\/blog\/pt-br\/#website\",\"url\":\"https:\/\/nebula.org\/blog\/pt-br\/\",\"name\":\"Nebula Genomics Blog\",\"description\":\"\",\"publisher\":{\"@id\":\"https:\/\/nebula.org\/blog\/pt-br\/#organization\"},\"potentialAction\":[{\"@type\":\"SearchAction\",\"target\":{\"@type\":\"EntryPoint\",\"urlTemplate\":\"https:\/\/nebula.org\/blog\/pt-br\/?s={search_term_string}\"},\"query-input\":\"required name=search_term_string\"}],\"inLanguage\":\"pt-BR\"},{\"@type\":\"Organization\",\"@id\":\"https:\/\/nebula.org\/blog\/pt-br\/#organization\",\"name\":\"Nebula Genomics\",\"url\":\"https:\/\/nebula.org\/blog\/pt-br\/\",\"logo\":{\"@type\":\"ImageObject\",\"inLanguage\":\"pt-BR\",\"@id\":\"https:\/\/nebula.org\/blog\/pt-br\/#\/schema\/logo\/image\/\",\"url\":\"\",\"contentUrl\":\"\",\"caption\":\"Nebula Genomics\"},\"image\":{\"@id\":\"https:\/\/nebula.org\/blog\/pt-br\/#\/schema\/logo\/image\/\"},\"sameAs\":[\"https:\/\/facebook.com\/nebulagenomics\",\"https:\/\/twitter.com\/nebulagenomics\",\"https:\/\/www.instagram.com\/nebulagenomics\/\",\"https:\/\/www.linkedin.com\/company\/nebula-genomics\/\",\"https:\/\/en.wikipedia.org\/wiki\/Nebula_Genomics\"]},{\"@type\":\"Person\",\"@id\":\"https:\/\/nebula.org\/blog\/pt-br\/#\/schema\/person\/b7bd0a490f115d1d931c33eed922af4e\",\"name\":\"Garrett Dunlap, B.S.\",\"image\":{\"@type\":\"ImageObject\",\"inLanguage\":\"pt-BR\",\"@id\":\"https:\/\/nebula.org\/blog\/pt-br\/#\/schema\/person\/image\/\",\"url\":\"https:\/\/secure.gravatar.com\/avatar\/32fb6e0dbc7e0bac908b0f23ea6ed5ec?s=96&d=mm&r=g\",\"contentUrl\":\"https:\/\/secure.gravatar.com\/avatar\/32fb6e0dbc7e0bac908b0f23ea6ed5ec?s=96&d=mm&r=g\",\"caption\":\"Garrett Dunlap, B.S.\"},\"description\":\"Garrett Dunlap earned a B.S. in Biology from Case Western Reserve University with a minor in Political Science. He earned an M.S. and is currently a Ph.D. Candidate in the Biological and Biomedical Sciences (BBS) Ph.D. program at Harvard University.\u00a0He has experience in science policy as an intern at the Science and Innovation Network where he assisted in the science diplomacy functions of the British Consulate-General and as a research associate at TScan Therapeutics. He is also interested in science communication and writing. You can read more about Garrett's experience and publications on LinkedIn and ORCID.\",\"sameAs\":[\"https:\/\/nebula.org\/whole-genome-sequencing\/\"],\"url\":\"https:\/\/nebula.org\/blog\/pt-br\/author\/garrett-dunlap\/\"}]}<\/script>\n<!-- \/ Yoast SEO plugin. -->","yoast_head_json":{"title":"ALS \u00e9 gen\u00e9tico? | Decodifique seu DNA e aprenda sobre seus riscos!","description":"ALS \u00e9 gen\u00e9tico? Carregue seus dados de DNA, explore as variantes gen\u00e9ticas ligadas ao ALS (Nicolas, 2019) e descubra sua pontua\u00e7\u00e3o polig\u00eanica.","robots":{"index":"index","follow":"follow","max-snippet":"max-snippet:-1","max-image-preview":"max-image-preview:large","max-video-preview":"max-video-preview:-1"},"canonical":"https:\/\/nebula.org\/blog\/pt-br\/is-als-genetico\/","og_locale":"pt_BR","og_type":"article","og_title":"ALS \u00e9 gen\u00e9tico? | Decodifique seu DNA e aprenda sobre seus riscos!","og_description":"ALS \u00e9 gen\u00e9tico? Carregue seus dados de DNA, explore as variantes gen\u00e9ticas ligadas ao ALS (Nicolas, 2019) e descubra sua pontua\u00e7\u00e3o polig\u00eanica.","og_url":"https:\/\/nebula.org\/blog\/pt-br\/is-als-genetico\/","og_site_name":"Nebula Genomics Blog","article_publisher":"https:\/\/facebook.com\/nebulagenomics","article_published_time":"2021-01-31T18:17:55+00:00","article_modified_time":"2021-02-21T03:47:31+00:00","og_image":[{"width":924,"height":520,"url":"https:\/\/nebula.org\/blog\/wp-content\/uploads\/2019\/12\/robina-weermeijer-so1L3jsdD3Y-unsplash-scaled.jpg","type":"image\/jpeg"}],"author":"Garrett Dunlap, B.S.","twitter_card":"summary_large_image","twitter_creator":"@nebulagenomics","twitter_site":"@nebulagenomics","twitter_misc":{"Escrito por":"Garrett Dunlap, B.S.","Est. tempo de leitura":"12 minutos"},"schema":{"@context":"https:\/\/schema.org","@graph":[{"@type":"Article","@id":"https:\/\/nebula.org\/blog\/pt-br\/is-als-genetico\/#article","isPartOf":{"@id":"https:\/\/nebula.org\/blog\/pt-br\/is-als-genetico\/"},"author":{"name":"Garrett Dunlap, B.S.","@id":"https:\/\/nebula.org\/blog\/pt-br\/#\/schema\/person\/b7bd0a490f115d1d931c33eed922af4e"},"headline":"Esclerose lateral amiotr\u00f3fica (Nicolas, 2019) &#8211; ALS \u00e9 gen\u00e9tica?","datePublished":"2021-01-31T18:17:55+00:00","dateModified":"2021-02-21T03:47:31+00:00","mainEntityOfPage":{"@id":"https:\/\/nebula.org\/blog\/pt-br\/is-als-genetico\/"},"wordCount":2512,"publisher":{"@id":"https:\/\/nebula.org\/blog\/pt-br\/#organization"},"articleSection":["Reports"],"inLanguage":"pt-BR"},{"@type":"WebPage","@id":"https:\/\/nebula.org\/blog\/pt-br\/is-als-genetico\/","url":"https:\/\/nebula.org\/blog\/pt-br\/is-als-genetico\/","name":"ALS \u00e9 gen\u00e9tico? | Decodifique seu DNA e aprenda sobre seus riscos!","isPartOf":{"@id":"https:\/\/nebula.org\/blog\/pt-br\/#website"},"datePublished":"2021-01-31T18:17:55+00:00","dateModified":"2021-02-21T03:47:31+00:00","description":"ALS \u00e9 gen\u00e9tico? Carregue seus dados de DNA, explore as variantes gen\u00e9ticas ligadas ao ALS (Nicolas, 2019) e descubra sua pontua\u00e7\u00e3o polig\u00eanica.","breadcrumb":{"@id":"https:\/\/nebula.org\/blog\/pt-br\/is-als-genetico\/#breadcrumb"},"inLanguage":"pt-BR","potentialAction":[{"@type":"ReadAction","target":["https:\/\/nebula.org\/blog\/pt-br\/is-als-genetico\/"]}]},{"@type":"BreadcrumbList","@id":"https:\/\/nebula.org\/blog\/pt-br\/is-als-genetico\/#breadcrumb","itemListElement":[{"@type":"ListItem","position":1,"name":"Home","item":"https:\/\/nebula.org\/blog\/pt-br\/"},{"@type":"ListItem","position":2,"name":"Esclerose lateral amiotr\u00f3fica (Nicolas, 2019) &#8211; ALS \u00e9 gen\u00e9tica?"}]},{"@type":"WebSite","@id":"https:\/\/nebula.org\/blog\/pt-br\/#website","url":"https:\/\/nebula.org\/blog\/pt-br\/","name":"Nebula Genomics Blog","description":"","publisher":{"@id":"https:\/\/nebula.org\/blog\/pt-br\/#organization"},"potentialAction":[{"@type":"SearchAction","target":{"@type":"EntryPoint","urlTemplate":"https:\/\/nebula.org\/blog\/pt-br\/?s={search_term_string}"},"query-input":"required name=search_term_string"}],"inLanguage":"pt-BR"},{"@type":"Organization","@id":"https:\/\/nebula.org\/blog\/pt-br\/#organization","name":"Nebula Genomics","url":"https:\/\/nebula.org\/blog\/pt-br\/","logo":{"@type":"ImageObject","inLanguage":"pt-BR","@id":"https:\/\/nebula.org\/blog\/pt-br\/#\/schema\/logo\/image\/","url":"","contentUrl":"","caption":"Nebula Genomics"},"image":{"@id":"https:\/\/nebula.org\/blog\/pt-br\/#\/schema\/logo\/image\/"},"sameAs":["https:\/\/facebook.com\/nebulagenomics","https:\/\/twitter.com\/nebulagenomics","https:\/\/www.instagram.com\/nebulagenomics\/","https:\/\/www.linkedin.com\/company\/nebula-genomics\/","https:\/\/en.wikipedia.org\/wiki\/Nebula_Genomics"]},{"@type":"Person","@id":"https:\/\/nebula.org\/blog\/pt-br\/#\/schema\/person\/b7bd0a490f115d1d931c33eed922af4e","name":"Garrett Dunlap, B.S.","image":{"@type":"ImageObject","inLanguage":"pt-BR","@id":"https:\/\/nebula.org\/blog\/pt-br\/#\/schema\/person\/image\/","url":"https:\/\/secure.gravatar.com\/avatar\/32fb6e0dbc7e0bac908b0f23ea6ed5ec?s=96&d=mm&r=g","contentUrl":"https:\/\/secure.gravatar.com\/avatar\/32fb6e0dbc7e0bac908b0f23ea6ed5ec?s=96&d=mm&r=g","caption":"Garrett Dunlap, B.S."},"description":"Garrett Dunlap earned a B.S. in Biology from Case Western Reserve University with a minor in Political Science. He earned an M.S. and is currently a Ph.D. Candidate in the Biological and Biomedical Sciences (BBS) Ph.D. program at Harvard University.\u00a0He has experience in science policy as an intern at the Science and Innovation Network where he assisted in the science diplomacy functions of the British Consulate-General and as a research associate at TScan Therapeutics. He is also interested in science communication and writing. You can read more about Garrett's experience and publications on LinkedIn and ORCID.","sameAs":["https:\/\/nebula.org\/whole-genome-sequencing\/"],"url":"https:\/\/nebula.org\/blog\/pt-br\/author\/garrett-dunlap\/"}]}},"_links":{"self":[{"href":"https:\/\/nebula.org\/blog\/pt-br\/wp-json\/wp\/v2\/posts\/12653","targetHints":{"allow":["GET"]}}],"collection":[{"href":"https:\/\/nebula.org\/blog\/pt-br\/wp-json\/wp\/v2\/posts"}],"about":[{"href":"https:\/\/nebula.org\/blog\/pt-br\/wp-json\/wp\/v2\/types\/post"}],"author":[{"embeddable":true,"href":"https:\/\/nebula.org\/blog\/pt-br\/wp-json\/wp\/v2\/users\/12"}],"replies":[{"embeddable":true,"href":"https:\/\/nebula.org\/blog\/pt-br\/wp-json\/wp\/v2\/comments?post=12653"}],"version-history":[{"count":0,"href":"https:\/\/nebula.org\/blog\/pt-br\/wp-json\/wp\/v2\/posts\/12653\/revisions"}],"wp:featuredmedia":[{"embeddable":true,"href":"https:\/\/nebula.org\/blog\/pt-br\/wp-json\/wp\/v2\/media\/12660"}],"wp:attachment":[{"href":"https:\/\/nebula.org\/blog\/pt-br\/wp-json\/wp\/v2\/media?parent=12653"}],"wp:term":[{"taxonomy":"category","embeddable":true,"href":"https:\/\/nebula.org\/blog\/pt-br\/wp-json\/wp\/v2\/categories?post=12653"},{"taxonomy":"post_tag","embeddable":true,"href":"https:\/\/nebula.org\/blog\/pt-br\/wp-json\/wp\/v2\/tags?post=12653"}],"curies":[{"name":"wp","href":"https:\/\/api.w.org\/{rel}","templated":true}]}}