{"id":12745,"date":"2021-01-31T13:18:46","date_gmt":"2021-01-31T18:18:46","guid":{"rendered":"https:\/\/nebula.org\/blog\/genetica-melanoma-landi-2020\/"},"modified":"2021-02-20T20:20:15","modified_gmt":"2021-02-21T01:20:15","slug":"genetica-melanoma-landi-2020","status":"publish","type":"post","link":"https:\/\/nebula.org\/blog\/pt-br\/genetica-melanoma-landi-2020\/","title":{"rendered":"Melanoma (Landi, 2020)"},"content":{"rendered":"\n<p><strong>T\u00cdTULO DO ESTUDO:<\/strong><a href=\"https:\/\/www.nature.com\/articles\/s41588-020-0611-8\"> Meta-an\u00e1lises de associa\u00e7\u00e3o de todo o genoma combinando m\u00faltiplos fen\u00f3tipos de risco fornecem insights sobre a arquitetura gen\u00e9tica da suscetibilidade ao melanoma cut\u00e2neo<\/a><\/p>\n\n<p><strong>RESUMO:<\/strong> Identifica\u00e7\u00e3o de 54 regi\u00f5es gen\u00f4micas associadas ao risco de melanoma. <\/p>\n\n<p><strong>VIS\u00c3O GERAL:<\/strong> O melanoma \u00e9 o tipo mais grave de c\u00e2ncer de pele. Este estudo comparou ~ 36.000 pacientes com melanoma com ~ 375.000 indiv\u00edduos saud\u00e1veis de ascend\u00eancia europeia e identificou 68 variantes gen\u00e9ticas em 54 regi\u00f5es gen\u00f4micas diferentes. O estudo tamb\u00e9m encontrou associa\u00e7\u00f5es entre o risco de c\u00e2ncer e a cor da pele mais clara, bem como um maior n\u00famero de manchas no corpo. Uma das regi\u00f5es associadas ao melanoma e \u00e0s toupeiras est\u00e1 perto do gene PARP1, um gene de reparo de DNA que ajuda a controlar o gene causador do melanoma MITF. Outra variante foi associada \u00e0 regi\u00e3o HLA, o que sugere um papel da imunidade no desenvolvimento do c\u00e2ncer de pele. Outros genes estavam envolvidos na manuten\u00e7\u00e3o do tel\u00f4mero. As regi\u00f5es gen\u00f4micas descobertas neste estudo explicam coletivamente ~ 8,5% da herdabilidade de risco desta condi\u00e7\u00e3o. <\/p>\n\n<p><strong>VOC\u00ca SABIA?<\/strong> Existem muitos sinais de alerta para determinar se uma mancha \u00e9 apenas uma toupeira ou realmente \u00e9 um melanoma. A verifica\u00e7\u00e3o mais f\u00e1cil \u00e9 chamada de teste \u201cPatinho Feio\u201d &#8211; se uma toupeira parecer diferente das outras verrugas em seu corpo, como o patinho feio parecia diferente de seus irm\u00e3os, vale a pena dar uma olhada! Os melanomas geralmente s\u00e3o assim\u00e9tricos, t\u00eam bordas incomuns, t\u00eam cores diferentes, s\u00e3o grandes em di\u00e2metro ou mudam com o tempo. <a href=\"https:\/\/www.skincancer.org\/skin-cancer-information\/melanoma\/melanoma-warning-signs-and-images\/#uglyduckling\" target=\"_blank\" rel=\"noreferrer noopener\">[SOURCE]<\/a><\/p>\n\n<p><strong>RESULTADOS DE AMOSTRA:<\/strong> Saiba mais sobre o<a href=\"https:\/\/nebula.org\/blog\/pt-br\/nebula-library-unlocking-genetic-research\/\"> Nebula Research Library<\/a> . <\/p>\n\n<figure class=\"wp-block-image size-large\"><a href=\"https:\/\/nebula.org\/whole-genome-sequencing\/\"><img decoding=\"async\" width=\"1024\" height=\"375\" src=\"https:\/\/nebula.org\/blog\/wp-content\/uploads\/2020\/01\/Nebula-personalized-results-genomics-1024x375.png\" alt=\"resultados de amostra de melanoma\" class=\"wp-image-1066\" srcset=\"https:\/\/nebula.org\/blog\/wp-content\/uploads\/2020\/01\/Nebula-personalized-results-genomics-1024x375.png 1024w, https:\/\/nebula.org\/blog\/wp-content\/uploads\/2020\/01\/Nebula-personalized-results-genomics-300x110.png 300w, https:\/\/nebula.org\/blog\/wp-content\/uploads\/2020\/01\/Nebula-personalized-results-genomics-768x281.png 768w, https:\/\/nebula.org\/blog\/wp-content\/uploads\/2020\/01\/Nebula-personalized-results-genomics-1536x562.png 1536w, https:\/\/nebula.org\/blog\/wp-content\/uploads\/2020\/01\/Nebula-personalized-results-genomics.png 924w\" sizes=\"(max-width: 1024px) 100vw, 1024px\" \/><\/a><\/figure>\n\n<p><strong>VARIANTES ASSOCIADAS AO ESTUDO:<\/strong> rs1805007, rs6059655, rs1126809, rs408825, rs16891982, rs7902587, rs871024, rs132941, rs1801516, rs117132860, rs4354713, rs1339759, rs6914598, rs10739220, rs2695237, rs13178866, rs32578, rs4731207, rs76798800, rs1800440, rs8444, rs4420522, rs149617956, rs143190905, rs72834823, rs10960710, rs12913832, rs1278768, rs117648907, rs3950296, rs10859996, rs78378222, rs12984831, rs113469387, rs4237963, rs7941496, rs5766565, rs2967383, rs1056927, rs6908626, rs6994183, rs12473635, rs12215602, rs79966207, rs7778378, rs670318, rs2369633, rs28986343, rs12539524, rs3780269, rs10931936, rs12290699, rs13263376, rs12523094<\/p>\n\n<p><strong>RECURSOS ADICIONAIS:<\/strong><br\/><a rel=\"noreferrer noopener\" href=\"https:\/\/www.youtube.com\/watch?v=hXYd0WRhzN4\" target=\"_blank\">ABCDE&#8217;s para detec\u00e7\u00e3o de melanoma (v\u00eddeo)<\/a><br\/><a rel=\"noreferrer noopener\" href=\"https:\/\/www.yahoo.com\/lifestyle\/the-abcs-of-melanoma-2-161230703.html\" target=\"_blank\">De onde vem o melanoma, como detect\u00e1-lo e como evit\u00e1-lo (V\u00eddeo)<\/a><\/p>\n\n<p><strong>ATUALIZA\u00c7\u00c3O SEMANAL:<\/strong> 12 de maio de 2020<\/p>\n\n<p><br\/><\/p>\n","protected":false},"excerpt":{"rendered":"<p>T\u00cdTULO DO ESTUDO: Meta-an\u00e1lises de associa\u00e7\u00e3o de todo o genoma combinando m\u00faltiplos fen\u00f3tipos de risco fornecem insights sobre a arquitetura gen\u00e9tica da suscetibilidade ao melanoma cut\u00e2neo RESUMO: Identifica\u00e7\u00e3o de 54 regi\u00f5es gen\u00f4micas associadas ao risco de melanoma. VIS\u00c3O GERAL: O &hellip;<\/p>\n<p class=\"read-more\"> <a class=\"ast-button\" href=\"https:\/\/nebula.org\/blog\/pt-br\/genetica-melanoma-landi-2020\/\"> <span class=\"screen-reader-text\">Melanoma (Landi, 2020)<\/span> Leia mais \u00bb<\/a><\/p>\n","protected":false},"author":12,"featured_media":12753,"comment_status":"closed","ping_status":"closed","sticky":false,"template":"","format":"standard","meta":{"om_disable_all_campaigns":false,"site-sidebar-layout":"default","site-content-layout":"default","ast-global-header-display":"","ast-banner-title-visibility":"","ast-main-header-display":"","ast-hfb-above-header-display":"","ast-hfb-below-header-display":"","ast-hfb-mobile-header-display":"","site-post-title":"","ast-breadcrumbs-content":"","ast-featured-img":"","footer-sml-layout":"","theme-transparent-header-meta":"default","adv-header-id-meta":"","stick-header-meta":"default","header-above-stick-meta":"","header-main-stick-meta":"","header-below-stick-meta":"","_FSMCFIC_featured_image_caption":"","_FSMCFIC_featured_image_nocaption":"","_FSMCFIC_featured_image_hide":"","footnotes":""},"categories":[4999],"tags":[],"class_list":["post-12745","post","type-post","status-publish","format-standard","has-post-thumbnail","hentry","category-reports-pt-br"],"yoast_head":"<!-- This site is optimized with the Yoast SEO plugin v20.13 - https:\/\/yoast.com\/wordpress\/plugins\/seo\/ -->\n<title>A gen\u00e9tica do risco para o desenvolvimento de melanoma (Landi, 2020)<\/title>\n<meta name=\"description\" content=\"Fa\u00e7a upload de seus dados de DNA, explore as variantes gen\u00e9ticas ligadas a um risco aumentado de melanoma (Landi, 2020) e descubra sua pontua\u00e7\u00e3o polig\u00eanica.\" \/>\n<meta name=\"robots\" content=\"index, follow, max-snippet:-1, max-image-preview:large, max-video-preview:-1\" \/>\n<link rel=\"canonical\" href=\"https:\/\/nebula.org\/blog\/pt-br\/genetica-melanoma-landi-2020\/\" \/>\n<meta property=\"og:locale\" content=\"pt_BR\" \/>\n<meta property=\"og:type\" content=\"article\" \/>\n<meta property=\"og:title\" content=\"A gen\u00e9tica do risco para o desenvolvimento de melanoma (Landi, 2020)\" \/>\n<meta property=\"og:description\" content=\"Fa\u00e7a upload de seus dados de DNA, explore as variantes gen\u00e9ticas ligadas a um risco aumentado de melanoma (Landi, 2020) e descubra sua pontua\u00e7\u00e3o polig\u00eanica.\" \/>\n<meta property=\"og:url\" content=\"https:\/\/nebula.org\/blog\/pt-br\/genetica-melanoma-landi-2020\/\" \/>\n<meta property=\"og:site_name\" content=\"Nebula Genomics Blog\" \/>\n<meta property=\"article:publisher\" content=\"https:\/\/facebook.com\/nebulagenomics\" \/>\n<meta property=\"article:published_time\" content=\"2021-01-31T18:18:46+00:00\" \/>\n<meta property=\"article:modified_time\" content=\"2021-02-21T01:20:15+00:00\" \/>\n<meta property=\"og:image\" content=\"https:\/\/nebula.org\/blog\/wp-content\/uploads\/2020\/05\/hanna-postova-vUuThOgxETY-unsplash-scaled.jpg\" \/>\n\t<meta property=\"og:image:width\" content=\"616\" \/>\n\t<meta property=\"og:image:height\" content=\"924\" \/>\n\t<meta property=\"og:image:type\" content=\"image\/jpeg\" \/>\n<meta name=\"author\" content=\"Garrett Dunlap, B.S.\" \/>\n<meta name=\"twitter:card\" content=\"summary_large_image\" \/>\n<meta name=\"twitter:creator\" content=\"@nebulagenomics\" \/>\n<meta name=\"twitter:site\" content=\"@nebulagenomics\" \/>\n<meta name=\"twitter:label1\" content=\"Escrito por\" \/>\n\t<meta name=\"twitter:data1\" content=\"Garrett Dunlap, B.S.\" \/>\n\t<meta name=\"twitter:label2\" content=\"Est. tempo de leitura\" \/>\n\t<meta name=\"twitter:data2\" content=\"2 minutos\" \/>\n<script type=\"application\/ld+json\" class=\"yoast-schema-graph\">{\"@context\":\"https:\/\/schema.org\",\"@graph\":[{\"@type\":\"Article\",\"@id\":\"https:\/\/nebula.org\/blog\/pt-br\/genetica-melanoma-landi-2020\/#article\",\"isPartOf\":{\"@id\":\"https:\/\/nebula.org\/blog\/pt-br\/genetica-melanoma-landi-2020\/\"},\"author\":{\"name\":\"Garrett Dunlap, B.S.\",\"@id\":\"https:\/\/nebula.org\/blog\/pt-br\/#\/schema\/person\/b7bd0a490f115d1d931c33eed922af4e\"},\"headline\":\"Melanoma (Landi, 2020)\",\"datePublished\":\"2021-01-31T18:18:46+00:00\",\"dateModified\":\"2021-02-21T01:20:15+00:00\",\"mainEntityOfPage\":{\"@id\":\"https:\/\/nebula.org\/blog\/pt-br\/genetica-melanoma-landi-2020\/\"},\"wordCount\":381,\"publisher\":{\"@id\":\"https:\/\/nebula.org\/blog\/pt-br\/#organization\"},\"articleSection\":[\"Reports\"],\"inLanguage\":\"pt-BR\"},{\"@type\":\"WebPage\",\"@id\":\"https:\/\/nebula.org\/blog\/pt-br\/genetica-melanoma-landi-2020\/\",\"url\":\"https:\/\/nebula.org\/blog\/pt-br\/genetica-melanoma-landi-2020\/\",\"name\":\"A gen\u00e9tica do risco para o desenvolvimento de melanoma (Landi, 2020)\",\"isPartOf\":{\"@id\":\"https:\/\/nebula.org\/blog\/pt-br\/#website\"},\"datePublished\":\"2021-01-31T18:18:46+00:00\",\"dateModified\":\"2021-02-21T01:20:15+00:00\",\"description\":\"Fa\u00e7a upload de seus dados de DNA, explore as variantes gen\u00e9ticas ligadas a um risco aumentado de melanoma (Landi, 2020) e descubra sua pontua\u00e7\u00e3o polig\u00eanica.\",\"breadcrumb\":{\"@id\":\"https:\/\/nebula.org\/blog\/pt-br\/genetica-melanoma-landi-2020\/#breadcrumb\"},\"inLanguage\":\"pt-BR\",\"potentialAction\":[{\"@type\":\"ReadAction\",\"target\":[\"https:\/\/nebula.org\/blog\/pt-br\/genetica-melanoma-landi-2020\/\"]}]},{\"@type\":\"BreadcrumbList\",\"@id\":\"https:\/\/nebula.org\/blog\/pt-br\/genetica-melanoma-landi-2020\/#breadcrumb\",\"itemListElement\":[{\"@type\":\"ListItem\",\"position\":1,\"name\":\"Home\",\"item\":\"https:\/\/nebula.org\/blog\/pt-br\/\"},{\"@type\":\"ListItem\",\"position\":2,\"name\":\"Melanoma (Landi, 2020)\"}]},{\"@type\":\"WebSite\",\"@id\":\"https:\/\/nebula.org\/blog\/pt-br\/#website\",\"url\":\"https:\/\/nebula.org\/blog\/pt-br\/\",\"name\":\"Nebula Genomics Blog\",\"description\":\"\",\"publisher\":{\"@id\":\"https:\/\/nebula.org\/blog\/pt-br\/#organization\"},\"potentialAction\":[{\"@type\":\"SearchAction\",\"target\":{\"@type\":\"EntryPoint\",\"urlTemplate\":\"https:\/\/nebula.org\/blog\/pt-br\/?s={search_term_string}\"},\"query-input\":\"required name=search_term_string\"}],\"inLanguage\":\"pt-BR\"},{\"@type\":\"Organization\",\"@id\":\"https:\/\/nebula.org\/blog\/pt-br\/#organization\",\"name\":\"Nebula Genomics\",\"url\":\"https:\/\/nebula.org\/blog\/pt-br\/\",\"logo\":{\"@type\":\"ImageObject\",\"inLanguage\":\"pt-BR\",\"@id\":\"https:\/\/nebula.org\/blog\/pt-br\/#\/schema\/logo\/image\/\",\"url\":\"\",\"contentUrl\":\"\",\"caption\":\"Nebula Genomics\"},\"image\":{\"@id\":\"https:\/\/nebula.org\/blog\/pt-br\/#\/schema\/logo\/image\/\"},\"sameAs\":[\"https:\/\/facebook.com\/nebulagenomics\",\"https:\/\/twitter.com\/nebulagenomics\",\"https:\/\/www.instagram.com\/nebulagenomics\/\",\"https:\/\/www.linkedin.com\/company\/nebula-genomics\/\",\"https:\/\/en.wikipedia.org\/wiki\/Nebula_Genomics\"]},{\"@type\":\"Person\",\"@id\":\"https:\/\/nebula.org\/blog\/pt-br\/#\/schema\/person\/b7bd0a490f115d1d931c33eed922af4e\",\"name\":\"Garrett Dunlap, B.S.\",\"image\":{\"@type\":\"ImageObject\",\"inLanguage\":\"pt-BR\",\"@id\":\"https:\/\/nebula.org\/blog\/pt-br\/#\/schema\/person\/image\/\",\"url\":\"https:\/\/secure.gravatar.com\/avatar\/32fb6e0dbc7e0bac908b0f23ea6ed5ec?s=96&d=mm&r=g\",\"contentUrl\":\"https:\/\/secure.gravatar.com\/avatar\/32fb6e0dbc7e0bac908b0f23ea6ed5ec?s=96&d=mm&r=g\",\"caption\":\"Garrett Dunlap, B.S.\"},\"description\":\"Garrett Dunlap earned a B.S. in Biology from Case Western Reserve University with a minor in Political Science. He earned an M.S. and is currently a Ph.D. Candidate in the Biological and Biomedical Sciences (BBS) Ph.D. program at Harvard University.\u00a0He has experience in science policy as an intern at the Science and Innovation Network where he assisted in the science diplomacy functions of the British Consulate-General and as a research associate at TScan Therapeutics. He is also interested in science communication and writing. You can read more about Garrett's experience and publications on LinkedIn and ORCID.\",\"sameAs\":[\"https:\/\/nebula.org\/whole-genome-sequencing\/\"],\"url\":\"https:\/\/nebula.org\/blog\/pt-br\/author\/garrett-dunlap\/\"}]}<\/script>\n<!-- \/ Yoast SEO plugin. -->","yoast_head_json":{"title":"A gen\u00e9tica do risco para o desenvolvimento de melanoma (Landi, 2020)","description":"Fa\u00e7a upload de seus dados de DNA, explore as variantes gen\u00e9ticas ligadas a um risco aumentado de melanoma (Landi, 2020) e descubra sua pontua\u00e7\u00e3o polig\u00eanica.","robots":{"index":"index","follow":"follow","max-snippet":"max-snippet:-1","max-image-preview":"max-image-preview:large","max-video-preview":"max-video-preview:-1"},"canonical":"https:\/\/nebula.org\/blog\/pt-br\/genetica-melanoma-landi-2020\/","og_locale":"pt_BR","og_type":"article","og_title":"A gen\u00e9tica do risco para o desenvolvimento de melanoma (Landi, 2020)","og_description":"Fa\u00e7a upload de seus dados de DNA, explore as variantes gen\u00e9ticas ligadas a um risco aumentado de melanoma (Landi, 2020) e descubra sua pontua\u00e7\u00e3o polig\u00eanica.","og_url":"https:\/\/nebula.org\/blog\/pt-br\/genetica-melanoma-landi-2020\/","og_site_name":"Nebula Genomics Blog","article_publisher":"https:\/\/facebook.com\/nebulagenomics","article_published_time":"2021-01-31T18:18:46+00:00","article_modified_time":"2021-02-21T01:20:15+00:00","og_image":[{"width":616,"height":924,"url":"https:\/\/nebula.org\/blog\/wp-content\/uploads\/2020\/05\/hanna-postova-vUuThOgxETY-unsplash-scaled.jpg","type":"image\/jpeg"}],"author":"Garrett Dunlap, B.S.","twitter_card":"summary_large_image","twitter_creator":"@nebulagenomics","twitter_site":"@nebulagenomics","twitter_misc":{"Escrito por":"Garrett Dunlap, B.S.","Est. tempo de leitura":"2 minutos"},"schema":{"@context":"https:\/\/schema.org","@graph":[{"@type":"Article","@id":"https:\/\/nebula.org\/blog\/pt-br\/genetica-melanoma-landi-2020\/#article","isPartOf":{"@id":"https:\/\/nebula.org\/blog\/pt-br\/genetica-melanoma-landi-2020\/"},"author":{"name":"Garrett Dunlap, B.S.","@id":"https:\/\/nebula.org\/blog\/pt-br\/#\/schema\/person\/b7bd0a490f115d1d931c33eed922af4e"},"headline":"Melanoma (Landi, 2020)","datePublished":"2021-01-31T18:18:46+00:00","dateModified":"2021-02-21T01:20:15+00:00","mainEntityOfPage":{"@id":"https:\/\/nebula.org\/blog\/pt-br\/genetica-melanoma-landi-2020\/"},"wordCount":381,"publisher":{"@id":"https:\/\/nebula.org\/blog\/pt-br\/#organization"},"articleSection":["Reports"],"inLanguage":"pt-BR"},{"@type":"WebPage","@id":"https:\/\/nebula.org\/blog\/pt-br\/genetica-melanoma-landi-2020\/","url":"https:\/\/nebula.org\/blog\/pt-br\/genetica-melanoma-landi-2020\/","name":"A gen\u00e9tica do risco para o desenvolvimento de melanoma (Landi, 2020)","isPartOf":{"@id":"https:\/\/nebula.org\/blog\/pt-br\/#website"},"datePublished":"2021-01-31T18:18:46+00:00","dateModified":"2021-02-21T01:20:15+00:00","description":"Fa\u00e7a upload de seus dados de DNA, explore as variantes gen\u00e9ticas ligadas a um risco aumentado de melanoma (Landi, 2020) e descubra sua pontua\u00e7\u00e3o polig\u00eanica.","breadcrumb":{"@id":"https:\/\/nebula.org\/blog\/pt-br\/genetica-melanoma-landi-2020\/#breadcrumb"},"inLanguage":"pt-BR","potentialAction":[{"@type":"ReadAction","target":["https:\/\/nebula.org\/blog\/pt-br\/genetica-melanoma-landi-2020\/"]}]},{"@type":"BreadcrumbList","@id":"https:\/\/nebula.org\/blog\/pt-br\/genetica-melanoma-landi-2020\/#breadcrumb","itemListElement":[{"@type":"ListItem","position":1,"name":"Home","item":"https:\/\/nebula.org\/blog\/pt-br\/"},{"@type":"ListItem","position":2,"name":"Melanoma (Landi, 2020)"}]},{"@type":"WebSite","@id":"https:\/\/nebula.org\/blog\/pt-br\/#website","url":"https:\/\/nebula.org\/blog\/pt-br\/","name":"Nebula Genomics Blog","description":"","publisher":{"@id":"https:\/\/nebula.org\/blog\/pt-br\/#organization"},"potentialAction":[{"@type":"SearchAction","target":{"@type":"EntryPoint","urlTemplate":"https:\/\/nebula.org\/blog\/pt-br\/?s={search_term_string}"},"query-input":"required name=search_term_string"}],"inLanguage":"pt-BR"},{"@type":"Organization","@id":"https:\/\/nebula.org\/blog\/pt-br\/#organization","name":"Nebula Genomics","url":"https:\/\/nebula.org\/blog\/pt-br\/","logo":{"@type":"ImageObject","inLanguage":"pt-BR","@id":"https:\/\/nebula.org\/blog\/pt-br\/#\/schema\/logo\/image\/","url":"","contentUrl":"","caption":"Nebula Genomics"},"image":{"@id":"https:\/\/nebula.org\/blog\/pt-br\/#\/schema\/logo\/image\/"},"sameAs":["https:\/\/facebook.com\/nebulagenomics","https:\/\/twitter.com\/nebulagenomics","https:\/\/www.instagram.com\/nebulagenomics\/","https:\/\/www.linkedin.com\/company\/nebula-genomics\/","https:\/\/en.wikipedia.org\/wiki\/Nebula_Genomics"]},{"@type":"Person","@id":"https:\/\/nebula.org\/blog\/pt-br\/#\/schema\/person\/b7bd0a490f115d1d931c33eed922af4e","name":"Garrett Dunlap, B.S.","image":{"@type":"ImageObject","inLanguage":"pt-BR","@id":"https:\/\/nebula.org\/blog\/pt-br\/#\/schema\/person\/image\/","url":"https:\/\/secure.gravatar.com\/avatar\/32fb6e0dbc7e0bac908b0f23ea6ed5ec?s=96&d=mm&r=g","contentUrl":"https:\/\/secure.gravatar.com\/avatar\/32fb6e0dbc7e0bac908b0f23ea6ed5ec?s=96&d=mm&r=g","caption":"Garrett Dunlap, B.S."},"description":"Garrett Dunlap earned a B.S. in Biology from Case Western Reserve University with a minor in Political Science. He earned an M.S. and is currently a Ph.D. Candidate in the Biological and Biomedical Sciences (BBS) Ph.D. program at Harvard University.\u00a0He has experience in science policy as an intern at the Science and Innovation Network where he assisted in the science diplomacy functions of the British Consulate-General and as a research associate at TScan Therapeutics. He is also interested in science communication and writing. You can read more about Garrett's experience and publications on LinkedIn and ORCID.","sameAs":["https:\/\/nebula.org\/whole-genome-sequencing\/"],"url":"https:\/\/nebula.org\/blog\/pt-br\/author\/garrett-dunlap\/"}]}},"_links":{"self":[{"href":"https:\/\/nebula.org\/blog\/pt-br\/wp-json\/wp\/v2\/posts\/12745","targetHints":{"allow":["GET"]}}],"collection":[{"href":"https:\/\/nebula.org\/blog\/pt-br\/wp-json\/wp\/v2\/posts"}],"about":[{"href":"https:\/\/nebula.org\/blog\/pt-br\/wp-json\/wp\/v2\/types\/post"}],"author":[{"embeddable":true,"href":"https:\/\/nebula.org\/blog\/pt-br\/wp-json\/wp\/v2\/users\/12"}],"replies":[{"embeddable":true,"href":"https:\/\/nebula.org\/blog\/pt-br\/wp-json\/wp\/v2\/comments?post=12745"}],"version-history":[{"count":0,"href":"https:\/\/nebula.org\/blog\/pt-br\/wp-json\/wp\/v2\/posts\/12745\/revisions"}],"wp:featuredmedia":[{"embeddable":true,"href":"https:\/\/nebula.org\/blog\/pt-br\/wp-json\/wp\/v2\/media\/12753"}],"wp:attachment":[{"href":"https:\/\/nebula.org\/blog\/pt-br\/wp-json\/wp\/v2\/media?parent=12745"}],"wp:term":[{"taxonomy":"category","embeddable":true,"href":"https:\/\/nebula.org\/blog\/pt-br\/wp-json\/wp\/v2\/categories?post=12745"},{"taxonomy":"post_tag","embeddable":true,"href":"https:\/\/nebula.org\/blog\/pt-br\/wp-json\/wp\/v2\/tags?post=12745"}],"curies":[{"name":"wp","href":"https:\/\/api.w.org\/{rel}","templated":true}]}}