{"id":12784,"date":"2021-01-31T13:19:17","date_gmt":"2021-01-31T18:19:17","guid":{"rendered":"https:\/\/nebula.org\/blog\/genetica-de-lvesv-pirruccello-2020\/"},"modified":"2021-02-20T20:21:52","modified_gmt":"2021-02-21T01:21:52","slug":"genetica-de-lvesv-pirruccello-2020","status":"publish","type":"post","link":"https:\/\/nebula.org\/blog\/pt-br\/genetica-de-lvesv-pirruccello-2020\/","title":{"rendered":"Volume sist\u00f3lico final do ventr\u00edculo esquerdo (Pirruccello, 2020)"},"content":{"rendered":"\n<p><strong>T\u00cdTULO DO ESTUDO:<\/strong><a href=\"https:\/\/www.nature.com\/articles\/s41467-020-15823-7\"> An\u00e1lise de imagens de resson\u00e2ncia magn\u00e9tica card\u00edaca em 36.000 indiv\u00edduos produz insights gen\u00e9ticos sobre cardiomiopatia dilatada<\/a><\/p>\n\n<p><strong>RESUMO:<\/strong> Identifica\u00e7\u00e3o de 28 variantes gen\u00e9ticas associadas ao volume sist\u00f3lico final do ventr\u00edculo esquerdo (LVESV).<\/p>\n\n<p><strong>VIS\u00c3O GERAL:<\/strong> O cora\u00e7\u00e3o humano \u00e9 um m\u00fasculo que bombeia sangue por todo o corpo. \u00c9 composto por 4 c\u00e2maras: 2 \u00e1trios (esquerdo e direito) e 2 ventr\u00edculos (esquerdo e direito). O sangue que foi enriquecido com oxig\u00eanio nos pulm\u00f5es entra no \u00e1trio esquerdo e flui para o ventr\u00edculo esquerdo, de onde \u00e9 bombeado para todas as outras partes do corpo. O volume sist\u00f3lico final do ventr\u00edculo esquerdo (LVESV) \u00e9 o volume de sangue que permanece no ventr\u00edculo esquerdo no final de uma bomba. O LVESV m\u00e9dio \u00e9 de 41mL para mulheres e 58mL para homens e pode ser usado como uma medida da sa\u00fade card\u00edaca. Este estudo de associa\u00e7\u00e3o do genoma examinou os genomas de 36.000 indiv\u00edduos de ascend\u00eancia europeia para compreender melhor a base gen\u00e9tica do LVESV. O estudo identificou 28 regi\u00f5es gen\u00f4micas associadas a LVESV ajustadas para \u00e1rea de superf\u00edcie corporal. O estudo tamb\u00e9m descobriu que uma alta pontua\u00e7\u00e3o polig\u00eanica para a LVESV ajustada \u00e0 superf\u00edcie corporal estava fortemente correlacionada com o risco de cardiomiopatia dilatada. Essa condi\u00e7\u00e3o descreve um m\u00fasculo card\u00edaco que est\u00e1 muito alongado e fino e n\u00e3o consegue bombear com efici\u00eancia.<\/p>\n\n<p><strong>VOC\u00ca SABIA?<\/strong> A express\u00e3o \u201crir \u00e9 o melhor rem\u00e9dio\u201d tem alguma verdade. O riso pode ser ben\u00e9fico para a sa\u00fade do cora\u00e7\u00e3o, permitindo que as art\u00e9rias relaxem e se tornem mais flex\u00edveis, facilitando o fluxo sangu\u00edneo. <a href=\"https:\/\/www.health.harvard.edu\/blog\/laugh-and-be-thankful-its-good-for-the-heart-20101124839\" target=\"_blank\" rel=\"noreferrer noopener\">[SOURCE]<\/a><\/p>\n\n<p><strong>RESULTADOS DE AMOSTRA:<\/strong> Saiba mais sobre o<a href=\"https:\/\/nebula.org\/blog\/pt-br\/nebula-library-unlocking-genetic-research\/\"> Nebula Research Library<\/a> . <\/p>\n\n<figure class=\"wp-block-image size-large\"><a href=\"https:\/\/nebula.org\/whole-genome-sequencing\/\"><img decoding=\"async\" width=\"1024\" height=\"375\" src=\"http:\/\/nebula.org\/blog\/wp-content\/uploads\/2020\/01\/Nebula-personalized-results-genomics-1024x375.png\" alt=\"resultados da amostra do volume sist&#xF3;lico final do ventr&#xED;culo esquerdo\" class=\"wp-image-1066\" srcset=\"https:\/\/nebula.org\/blog\/wp-content\/uploads\/2020\/01\/Nebula-personalized-results-genomics-1024x375.png 1024w, https:\/\/nebula.org\/blog\/wp-content\/uploads\/2020\/01\/Nebula-personalized-results-genomics-300x110.png 300w, https:\/\/nebula.org\/blog\/wp-content\/uploads\/2020\/01\/Nebula-personalized-results-genomics-768x281.png 768w, https:\/\/nebula.org\/blog\/wp-content\/uploads\/2020\/01\/Nebula-personalized-results-genomics-1536x562.png 1536w, https:\/\/nebula.org\/blog\/wp-content\/uploads\/2020\/01\/Nebula-personalized-results-genomics.png 924w\" sizes=\"(max-width: 1024px) 100vw, 1024px\" \/><\/a><\/figure>\n\n<p><strong>VARIANTES ASSOCIADOS A LVESV:<\/strong> rs72840788, rs945425, rs2562845, rs73028849, rs5760061, rs3176326, rs10421891, rs12452367, rs34373805, rs8063213, rs79502300, rs1962104, rs11023059, rs189569984, rs9892651, rs1499813, rs2302455, rs11748963, rs10871753, rs116904997, rs190093681, rs709208, rs2886037, rs242562<\/p>\n\n<p><strong>RECURSOS ADICIONAIS:<\/strong><br\/><a rel=\"noreferrer noopener\" href=\"https:\/\/www.youtube.com\/watch?v=X9ZZ6tcxArI\" target=\"_blank\">O cora\u00e7\u00e3o (V\u00eddeo)<\/a><br\/><a rel=\"noreferrer noopener\" href=\"https:\/\/www.heart.org\/en\/health-topics\/congenital-heart-defects\/about-congenital-heart-defects\/how-the-healthy-heart-works\" target=\"_blank\">Como funciona o cora\u00e7\u00e3o<\/a><\/p>\n\n<p><strong>VOC\u00ca TAMB\u00c9M PODE ESTAR INTERESSADO EM:<br\/><\/strong><a href=\"https:\/\/nebula.org\/blog\/pt-br\/genetica-of-lvef-pirruccello-2020\/\"> Fra\u00e7\u00e3o de eje\u00e7\u00e3o do ventr\u00edculo esquerdo (Pirruccello, 2020)<br\/><\/a><a href=\"https:\/\/nebula.org\/blog\/pt-br\/genetica-of-lvedv-pirruccello-2020\/\"> Volume diast\u00f3lico final do ventr\u00edculo esquerdo (Pirruccello, 2020)<\/a><br\/><a href=\"https:\/\/nebula.org\/blog\/pt-br\/genetica-do-volume-sistolico-pirruccello-2020\/\">Volume de curso (Pirruccello, 2020)<\/a><br\/><a href=\"https:\/\/nebula.org\/blog\/genetics-of-heart-failure-shah-2020\/\">Insufici\u00eancia card\u00edaca (Shah, 2020)<\/a><\/p>\n\n<p><strong>ATUALIZA\u00c7\u00c3O SEMANAL:<\/strong> 19 de maio de 2020<\/p>\n\n<p><br\/><\/p>\n","protected":false},"excerpt":{"rendered":"<p>T\u00cdTULO DO ESTUDO: An\u00e1lise de imagens de resson\u00e2ncia magn\u00e9tica card\u00edaca em 36.000 indiv\u00edduos produz insights gen\u00e9ticos sobre cardiomiopatia dilatada RESUMO: Identifica\u00e7\u00e3o de 28 variantes gen\u00e9ticas associadas ao volume sist\u00f3lico final do ventr\u00edculo esquerdo (LVESV). VIS\u00c3O GERAL: O cora\u00e7\u00e3o humano \u00e9 &hellip;<\/p>\n<p class=\"read-more\"> <a class=\"ast-button\" href=\"https:\/\/nebula.org\/blog\/pt-br\/genetica-de-lvesv-pirruccello-2020\/\"> <span class=\"screen-reader-text\">Volume sist\u00f3lico final do ventr\u00edculo esquerdo (Pirruccello, 2020)<\/span> Leia mais \u00bb<\/a><\/p>\n","protected":false},"author":12,"featured_media":12788,"comment_status":"closed","ping_status":"open","sticky":false,"template":"","format":"standard","meta":{"om_disable_all_campaigns":false,"site-sidebar-layout":"default","site-content-layout":"default","ast-global-header-display":"","ast-banner-title-visibility":"","ast-main-header-display":"","ast-hfb-above-header-display":"","ast-hfb-below-header-display":"","ast-hfb-mobile-header-display":"","site-post-title":"","ast-breadcrumbs-content":"","ast-featured-img":"","footer-sml-layout":"","theme-transparent-header-meta":"default","adv-header-id-meta":"","stick-header-meta":"","header-above-stick-meta":"","header-main-stick-meta":"","header-below-stick-meta":"","_FSMCFIC_featured_image_caption":"","_FSMCFIC_featured_image_nocaption":"","_FSMCFIC_featured_image_hide":"","footnotes":""},"categories":[4999],"tags":[],"class_list":["post-12784","post","type-post","status-publish","format-standard","has-post-thumbnail","hentry","category-reports-pt-br"],"yoast_head":"<!-- This site is optimized with the Yoast SEO plugin v20.13 - https:\/\/yoast.com\/wordpress\/plugins\/seo\/ -->\n<title>A gen\u00e9tica do volume sist\u00f3lico final do ventr\u00edculo esquerdo (Pirruccello, 2020)<\/title>\n<meta name=\"description\" content=\"Carregue seus dados de DNA, explore as variantes gen\u00e9ticas ligadas ao volume sist\u00f3lico final do ventr\u00edculo esquerdo (Pirruccello, 2020) e descubra sua pontua\u00e7\u00e3o polig\u00eanica.\" \/>\n<meta name=\"robots\" content=\"index, follow, max-snippet:-1, max-image-preview:large, max-video-preview:-1\" \/>\n<link rel=\"canonical\" href=\"https:\/\/nebula.org\/blog\/pt-br\/genetica-de-lvesv-pirruccello-2020\/\" \/>\n<meta property=\"og:locale\" content=\"pt_BR\" \/>\n<meta property=\"og:type\" content=\"article\" \/>\n<meta property=\"og:title\" content=\"A gen\u00e9tica do volume sist\u00f3lico final do ventr\u00edculo esquerdo (Pirruccello, 2020)\" \/>\n<meta property=\"og:description\" content=\"Carregue seus dados de DNA, explore as variantes gen\u00e9ticas ligadas ao volume sist\u00f3lico final do ventr\u00edculo esquerdo (Pirruccello, 2020) e descubra sua pontua\u00e7\u00e3o polig\u00eanica.\" \/>\n<meta property=\"og:url\" content=\"https:\/\/nebula.org\/blog\/pt-br\/genetica-de-lvesv-pirruccello-2020\/\" \/>\n<meta property=\"og:site_name\" content=\"Nebula Genomics Blog\" \/>\n<meta property=\"article:publisher\" content=\"https:\/\/facebook.com\/nebulagenomics\" \/>\n<meta property=\"article:published_time\" content=\"2021-01-31T18:19:17+00:00\" \/>\n<meta property=\"article:modified_time\" content=\"2021-02-21T01:21:52+00:00\" \/>\n<meta property=\"og:image\" content=\"https:\/\/nebula.org\/blog\/wp-content\/uploads\/2020\/05\/robina-weermeijer-Tmkwl7EjVtE-unsplash-scaled.jpg\" \/>\n\t<meta property=\"og:image:width\" content=\"616\" \/>\n\t<meta property=\"og:image:height\" content=\"924\" \/>\n\t<meta property=\"og:image:type\" content=\"image\/jpeg\" \/>\n<meta name=\"author\" content=\"Garrett Dunlap, B.S.\" \/>\n<meta name=\"twitter:card\" content=\"summary_large_image\" \/>\n<meta name=\"twitter:creator\" content=\"@nebulagenomics\" \/>\n<meta name=\"twitter:site\" content=\"@nebulagenomics\" \/>\n<meta name=\"twitter:label1\" content=\"Escrito por\" \/>\n\t<meta name=\"twitter:data1\" content=\"Garrett Dunlap, B.S.\" \/>\n\t<meta name=\"twitter:label2\" content=\"Est. tempo de leitura\" \/>\n\t<meta name=\"twitter:data2\" content=\"2 minutos\" \/>\n<script type=\"application\/ld+json\" class=\"yoast-schema-graph\">{\"@context\":\"https:\/\/schema.org\",\"@graph\":[{\"@type\":\"Article\",\"@id\":\"https:\/\/nebula.org\/blog\/pt-br\/genetica-de-lvesv-pirruccello-2020\/#article\",\"isPartOf\":{\"@id\":\"https:\/\/nebula.org\/blog\/pt-br\/genetica-de-lvesv-pirruccello-2020\/\"},\"author\":{\"name\":\"Garrett Dunlap, B.S.\",\"@id\":\"https:\/\/nebula.org\/blog\/pt-br\/#\/schema\/person\/b7bd0a490f115d1d931c33eed922af4e\"},\"headline\":\"Volume sist\u00f3lico final do ventr\u00edculo esquerdo (Pirruccello, 2020)\",\"datePublished\":\"2021-01-31T18:19:17+00:00\",\"dateModified\":\"2021-02-21T01:21:52+00:00\",\"mainEntityOfPage\":{\"@id\":\"https:\/\/nebula.org\/blog\/pt-br\/genetica-de-lvesv-pirruccello-2020\/\"},\"wordCount\":393,\"publisher\":{\"@id\":\"https:\/\/nebula.org\/blog\/pt-br\/#organization\"},\"articleSection\":[\"Reports\"],\"inLanguage\":\"pt-BR\"},{\"@type\":\"WebPage\",\"@id\":\"https:\/\/nebula.org\/blog\/pt-br\/genetica-de-lvesv-pirruccello-2020\/\",\"url\":\"https:\/\/nebula.org\/blog\/pt-br\/genetica-de-lvesv-pirruccello-2020\/\",\"name\":\"A gen\u00e9tica do volume sist\u00f3lico final do ventr\u00edculo esquerdo (Pirruccello, 2020)\",\"isPartOf\":{\"@id\":\"https:\/\/nebula.org\/blog\/pt-br\/#website\"},\"datePublished\":\"2021-01-31T18:19:17+00:00\",\"dateModified\":\"2021-02-21T01:21:52+00:00\",\"description\":\"Carregue seus dados de DNA, explore as variantes gen\u00e9ticas ligadas ao volume sist\u00f3lico final do ventr\u00edculo esquerdo (Pirruccello, 2020) e descubra sua pontua\u00e7\u00e3o polig\u00eanica.\",\"breadcrumb\":{\"@id\":\"https:\/\/nebula.org\/blog\/pt-br\/genetica-de-lvesv-pirruccello-2020\/#breadcrumb\"},\"inLanguage\":\"pt-BR\",\"potentialAction\":[{\"@type\":\"ReadAction\",\"target\":[\"https:\/\/nebula.org\/blog\/pt-br\/genetica-de-lvesv-pirruccello-2020\/\"]}]},{\"@type\":\"BreadcrumbList\",\"@id\":\"https:\/\/nebula.org\/blog\/pt-br\/genetica-de-lvesv-pirruccello-2020\/#breadcrumb\",\"itemListElement\":[{\"@type\":\"ListItem\",\"position\":1,\"name\":\"Home\",\"item\":\"https:\/\/nebula.org\/blog\/pt-br\/\"},{\"@type\":\"ListItem\",\"position\":2,\"name\":\"Volume sist\u00f3lico final do ventr\u00edculo esquerdo (Pirruccello, 2020)\"}]},{\"@type\":\"WebSite\",\"@id\":\"https:\/\/nebula.org\/blog\/pt-br\/#website\",\"url\":\"https:\/\/nebula.org\/blog\/pt-br\/\",\"name\":\"Nebula Genomics Blog\",\"description\":\"\",\"publisher\":{\"@id\":\"https:\/\/nebula.org\/blog\/pt-br\/#organization\"},\"potentialAction\":[{\"@type\":\"SearchAction\",\"target\":{\"@type\":\"EntryPoint\",\"urlTemplate\":\"https:\/\/nebula.org\/blog\/pt-br\/?s={search_term_string}\"},\"query-input\":\"required name=search_term_string\"}],\"inLanguage\":\"pt-BR\"},{\"@type\":\"Organization\",\"@id\":\"https:\/\/nebula.org\/blog\/pt-br\/#organization\",\"name\":\"Nebula Genomics\",\"url\":\"https:\/\/nebula.org\/blog\/pt-br\/\",\"logo\":{\"@type\":\"ImageObject\",\"inLanguage\":\"pt-BR\",\"@id\":\"https:\/\/nebula.org\/blog\/pt-br\/#\/schema\/logo\/image\/\",\"url\":\"\",\"contentUrl\":\"\",\"caption\":\"Nebula Genomics\"},\"image\":{\"@id\":\"https:\/\/nebula.org\/blog\/pt-br\/#\/schema\/logo\/image\/\"},\"sameAs\":[\"https:\/\/facebook.com\/nebulagenomics\",\"https:\/\/twitter.com\/nebulagenomics\",\"https:\/\/www.instagram.com\/nebulagenomics\/\",\"https:\/\/www.linkedin.com\/company\/nebula-genomics\/\",\"https:\/\/en.wikipedia.org\/wiki\/Nebula_Genomics\"]},{\"@type\":\"Person\",\"@id\":\"https:\/\/nebula.org\/blog\/pt-br\/#\/schema\/person\/b7bd0a490f115d1d931c33eed922af4e\",\"name\":\"Garrett Dunlap, B.S.\",\"image\":{\"@type\":\"ImageObject\",\"inLanguage\":\"pt-BR\",\"@id\":\"https:\/\/nebula.org\/blog\/pt-br\/#\/schema\/person\/image\/\",\"url\":\"https:\/\/secure.gravatar.com\/avatar\/32fb6e0dbc7e0bac908b0f23ea6ed5ec?s=96&d=mm&r=g\",\"contentUrl\":\"https:\/\/secure.gravatar.com\/avatar\/32fb6e0dbc7e0bac908b0f23ea6ed5ec?s=96&d=mm&r=g\",\"caption\":\"Garrett Dunlap, B.S.\"},\"description\":\"Garrett Dunlap earned a B.S. in Biology from Case Western Reserve University with a minor in Political Science. He earned an M.S. and is currently a Ph.D. Candidate in the Biological and Biomedical Sciences (BBS) Ph.D. program at Harvard University.\u00a0He has experience in science policy as an intern at the Science and Innovation Network where he assisted in the science diplomacy functions of the British Consulate-General and as a research associate at TScan Therapeutics. He is also interested in science communication and writing. You can read more about Garrett's experience and publications on LinkedIn and ORCID.\",\"sameAs\":[\"https:\/\/nebula.org\/whole-genome-sequencing\/\"],\"url\":\"https:\/\/nebula.org\/blog\/pt-br\/author\/garrett-dunlap\/\"}]}<\/script>\n<!-- \/ Yoast SEO plugin. -->","yoast_head_json":{"title":"A gen\u00e9tica do volume sist\u00f3lico final do ventr\u00edculo esquerdo (Pirruccello, 2020)","description":"Carregue seus dados de DNA, explore as variantes gen\u00e9ticas ligadas ao volume sist\u00f3lico final do ventr\u00edculo esquerdo (Pirruccello, 2020) e descubra sua pontua\u00e7\u00e3o polig\u00eanica.","robots":{"index":"index","follow":"follow","max-snippet":"max-snippet:-1","max-image-preview":"max-image-preview:large","max-video-preview":"max-video-preview:-1"},"canonical":"https:\/\/nebula.org\/blog\/pt-br\/genetica-de-lvesv-pirruccello-2020\/","og_locale":"pt_BR","og_type":"article","og_title":"A gen\u00e9tica do volume sist\u00f3lico final do ventr\u00edculo esquerdo (Pirruccello, 2020)","og_description":"Carregue seus dados de DNA, explore as variantes gen\u00e9ticas ligadas ao volume sist\u00f3lico final do ventr\u00edculo esquerdo (Pirruccello, 2020) e descubra sua pontua\u00e7\u00e3o polig\u00eanica.","og_url":"https:\/\/nebula.org\/blog\/pt-br\/genetica-de-lvesv-pirruccello-2020\/","og_site_name":"Nebula Genomics Blog","article_publisher":"https:\/\/facebook.com\/nebulagenomics","article_published_time":"2021-01-31T18:19:17+00:00","article_modified_time":"2021-02-21T01:21:52+00:00","og_image":[{"width":616,"height":924,"url":"https:\/\/nebula.org\/blog\/wp-content\/uploads\/2020\/05\/robina-weermeijer-Tmkwl7EjVtE-unsplash-scaled.jpg","type":"image\/jpeg"}],"author":"Garrett Dunlap, B.S.","twitter_card":"summary_large_image","twitter_creator":"@nebulagenomics","twitter_site":"@nebulagenomics","twitter_misc":{"Escrito por":"Garrett Dunlap, B.S.","Est. tempo de leitura":"2 minutos"},"schema":{"@context":"https:\/\/schema.org","@graph":[{"@type":"Article","@id":"https:\/\/nebula.org\/blog\/pt-br\/genetica-de-lvesv-pirruccello-2020\/#article","isPartOf":{"@id":"https:\/\/nebula.org\/blog\/pt-br\/genetica-de-lvesv-pirruccello-2020\/"},"author":{"name":"Garrett Dunlap, B.S.","@id":"https:\/\/nebula.org\/blog\/pt-br\/#\/schema\/person\/b7bd0a490f115d1d931c33eed922af4e"},"headline":"Volume sist\u00f3lico final do ventr\u00edculo esquerdo (Pirruccello, 2020)","datePublished":"2021-01-31T18:19:17+00:00","dateModified":"2021-02-21T01:21:52+00:00","mainEntityOfPage":{"@id":"https:\/\/nebula.org\/blog\/pt-br\/genetica-de-lvesv-pirruccello-2020\/"},"wordCount":393,"publisher":{"@id":"https:\/\/nebula.org\/blog\/pt-br\/#organization"},"articleSection":["Reports"],"inLanguage":"pt-BR"},{"@type":"WebPage","@id":"https:\/\/nebula.org\/blog\/pt-br\/genetica-de-lvesv-pirruccello-2020\/","url":"https:\/\/nebula.org\/blog\/pt-br\/genetica-de-lvesv-pirruccello-2020\/","name":"A gen\u00e9tica do volume sist\u00f3lico final do ventr\u00edculo esquerdo (Pirruccello, 2020)","isPartOf":{"@id":"https:\/\/nebula.org\/blog\/pt-br\/#website"},"datePublished":"2021-01-31T18:19:17+00:00","dateModified":"2021-02-21T01:21:52+00:00","description":"Carregue seus dados de DNA, explore as variantes gen\u00e9ticas ligadas ao volume sist\u00f3lico final do ventr\u00edculo esquerdo (Pirruccello, 2020) e descubra sua pontua\u00e7\u00e3o polig\u00eanica.","breadcrumb":{"@id":"https:\/\/nebula.org\/blog\/pt-br\/genetica-de-lvesv-pirruccello-2020\/#breadcrumb"},"inLanguage":"pt-BR","potentialAction":[{"@type":"ReadAction","target":["https:\/\/nebula.org\/blog\/pt-br\/genetica-de-lvesv-pirruccello-2020\/"]}]},{"@type":"BreadcrumbList","@id":"https:\/\/nebula.org\/blog\/pt-br\/genetica-de-lvesv-pirruccello-2020\/#breadcrumb","itemListElement":[{"@type":"ListItem","position":1,"name":"Home","item":"https:\/\/nebula.org\/blog\/pt-br\/"},{"@type":"ListItem","position":2,"name":"Volume sist\u00f3lico final do ventr\u00edculo esquerdo (Pirruccello, 2020)"}]},{"@type":"WebSite","@id":"https:\/\/nebula.org\/blog\/pt-br\/#website","url":"https:\/\/nebula.org\/blog\/pt-br\/","name":"Nebula Genomics Blog","description":"","publisher":{"@id":"https:\/\/nebula.org\/blog\/pt-br\/#organization"},"potentialAction":[{"@type":"SearchAction","target":{"@type":"EntryPoint","urlTemplate":"https:\/\/nebula.org\/blog\/pt-br\/?s={search_term_string}"},"query-input":"required name=search_term_string"}],"inLanguage":"pt-BR"},{"@type":"Organization","@id":"https:\/\/nebula.org\/blog\/pt-br\/#organization","name":"Nebula Genomics","url":"https:\/\/nebula.org\/blog\/pt-br\/","logo":{"@type":"ImageObject","inLanguage":"pt-BR","@id":"https:\/\/nebula.org\/blog\/pt-br\/#\/schema\/logo\/image\/","url":"","contentUrl":"","caption":"Nebula Genomics"},"image":{"@id":"https:\/\/nebula.org\/blog\/pt-br\/#\/schema\/logo\/image\/"},"sameAs":["https:\/\/facebook.com\/nebulagenomics","https:\/\/twitter.com\/nebulagenomics","https:\/\/www.instagram.com\/nebulagenomics\/","https:\/\/www.linkedin.com\/company\/nebula-genomics\/","https:\/\/en.wikipedia.org\/wiki\/Nebula_Genomics"]},{"@type":"Person","@id":"https:\/\/nebula.org\/blog\/pt-br\/#\/schema\/person\/b7bd0a490f115d1d931c33eed922af4e","name":"Garrett Dunlap, B.S.","image":{"@type":"ImageObject","inLanguage":"pt-BR","@id":"https:\/\/nebula.org\/blog\/pt-br\/#\/schema\/person\/image\/","url":"https:\/\/secure.gravatar.com\/avatar\/32fb6e0dbc7e0bac908b0f23ea6ed5ec?s=96&d=mm&r=g","contentUrl":"https:\/\/secure.gravatar.com\/avatar\/32fb6e0dbc7e0bac908b0f23ea6ed5ec?s=96&d=mm&r=g","caption":"Garrett Dunlap, B.S."},"description":"Garrett Dunlap earned a B.S. in Biology from Case Western Reserve University with a minor in Political Science. He earned an M.S. and is currently a Ph.D. Candidate in the Biological and Biomedical Sciences (BBS) Ph.D. program at Harvard University.\u00a0He has experience in science policy as an intern at the Science and Innovation Network where he assisted in the science diplomacy functions of the British Consulate-General and as a research associate at TScan Therapeutics. He is also interested in science communication and writing. You can read more about Garrett's experience and publications on LinkedIn and ORCID.","sameAs":["https:\/\/nebula.org\/whole-genome-sequencing\/"],"url":"https:\/\/nebula.org\/blog\/pt-br\/author\/garrett-dunlap\/"}]}},"_links":{"self":[{"href":"https:\/\/nebula.org\/blog\/pt-br\/wp-json\/wp\/v2\/posts\/12784","targetHints":{"allow":["GET"]}}],"collection":[{"href":"https:\/\/nebula.org\/blog\/pt-br\/wp-json\/wp\/v2\/posts"}],"about":[{"href":"https:\/\/nebula.org\/blog\/pt-br\/wp-json\/wp\/v2\/types\/post"}],"author":[{"embeddable":true,"href":"https:\/\/nebula.org\/blog\/pt-br\/wp-json\/wp\/v2\/users\/12"}],"replies":[{"embeddable":true,"href":"https:\/\/nebula.org\/blog\/pt-br\/wp-json\/wp\/v2\/comments?post=12784"}],"version-history":[{"count":0,"href":"https:\/\/nebula.org\/blog\/pt-br\/wp-json\/wp\/v2\/posts\/12784\/revisions"}],"wp:featuredmedia":[{"embeddable":true,"href":"https:\/\/nebula.org\/blog\/pt-br\/wp-json\/wp\/v2\/media\/12788"}],"wp:attachment":[{"href":"https:\/\/nebula.org\/blog\/pt-br\/wp-json\/wp\/v2\/media?parent=12784"}],"wp:term":[{"taxonomy":"category","embeddable":true,"href":"https:\/\/nebula.org\/blog\/pt-br\/wp-json\/wp\/v2\/categories?post=12784"},{"taxonomy":"post_tag","embeddable":true,"href":"https:\/\/nebula.org\/blog\/pt-br\/wp-json\/wp\/v2\/tags?post=12784"}],"curies":[{"name":"wp","href":"https:\/\/api.w.org\/{rel}","templated":true}]}}