{"id":12822,"date":"2021-01-31T13:19:38","date_gmt":"2021-01-31T18:19:38","guid":{"rendered":"https:\/\/nebula.org\/blog\/sindrome-genetica-de-tourettes-yu-2019\/"},"modified":"2021-02-20T20:34:55","modified_gmt":"2021-02-21T01:34:55","slug":"sindrome-genetica-de-tourettes-yu-2019","status":"publish","type":"post","link":"https:\/\/nebula.org\/blog\/pt-br\/sindrome-genetica-de-tourettes-yu-2019\/","title":{"rendered":"S\u00edndrome de Tourette (Yu, 2019)"},"content":{"rendered":"\n<p><strong>T\u00cdTULO DO ESTUDO:<\/strong><a href=\"https:\/\/ajp.psychiatryonline.org\/doi\/10.1176\/appi.ajp.2018.18070857\"> Interrogando os determinantes gen\u00e9ticos da s\u00edndrome de Tourette e outros transtornos de tique por meio de estudos de associa\u00e7\u00e3o de todo o genoma<\/a><\/p>\n\n<p><strong>RESUMO:<\/strong> Descoberta de m\u00faltiplas variantes gen\u00e9ticas associadas \u00e0 S\u00edndrome de Tourette.<\/p>\n\n<p><strong>VIS\u00c3O GERAL:<\/strong> A s\u00edndrome de Tourette \u00e9 um dist\u00farbio do sistema nervoso caracterizado por movimentos ou sons incontrol\u00e1veis, conhecidos como tiques. Afeta cerca de 1 em cada 150 pessoas, em graus variados. A s\u00edndrome de Tourette \u00e9 conhecida por ser altamente heredit\u00e1ria, com at\u00e9 80% do risco de doen\u00e7a ser herdado dos pais. Este estudo de associa\u00e7\u00e3o de todo o genoma procurou identificar variantes gen\u00e9ticas associadas \u00e0 s\u00edndrome de Tourette, examinando mais de 20.000 indiv\u00edduos de ascend\u00eancia europeia. Uma das principais variantes est\u00e1 localizada no gene FLT3, que codifica uma prote\u00edna receptora que se acredita desempenhar um papel nas fun\u00e7\u00f5es do sistema imunol\u00f3gico. Os autores tamb\u00e9m relatam 9 outras variantes gen\u00e9ticas que est\u00e3o significativamente associadas \u00e0 s\u00edndrome de Tourette.<\/p>\n\n<p><strong>VOC\u00ca SABIA?<\/strong> A s\u00edndrome de Tourette \u00e9 geralmente diagnosticada no in\u00edcio da vida. Embora seja uma condi\u00e7\u00e3o cr\u00f4nica, muitos indiv\u00edduos afetados apresentam um pico nos sintomas na adolesc\u00eancia, seguido por uma melhora gradual at\u00e9 a idade adulta. <a href=\"https:\/\/www.ninds.nih.gov\/Disorders\/Patient-Caregiver-Education\/Fact-Sheets\/Tourette-Syndrome-Fact-Sheet\" target=\"_blank\" rel=\"noreferrer noopener\">[SOURCE]<\/a><\/p>\n\n<p><strong>RESULTADOS DE AMOSTRA:<\/strong> Saiba mais sobre o<a href=\"https:\/\/nebula.org\/blog\/pt-br\/nebula-library-unlocking-genetic-research\/\"> Nebula Research Library<\/a> . <\/p>\n\n<figure class=\"wp-block-image size-large\"><a href=\"https:\/\/nebula.org\/whole-genome-sequencing\/\"><img decoding=\"async\" width=\"1024\" height=\"375\" src=\"https:\/\/nebula.org\/blog\/wp-content\/uploads\/2020\/01\/Nebula-personalized-results-genomics-1024x375.png\" alt=\"resultados de amostras de s&#xED;ndrome de Tourette\" class=\"wp-image-12669\" srcset=\"https:\/\/nebula.org\/blog\/wp-content\/uploads\/2020\/01\/Nebula-personalized-results-genomics-1024x375.png 1024w, https:\/\/nebula.org\/blog\/wp-content\/uploads\/2020\/01\/Nebula-personalized-results-genomics-300x110.png 300w, https:\/\/nebula.org\/blog\/wp-content\/uploads\/2020\/01\/Nebula-personalized-results-genomics-768x281.png 768w, https:\/\/nebula.org\/blog\/wp-content\/uploads\/2020\/01\/Nebula-personalized-results-genomics-1536x562.png 1536w, https:\/\/nebula.org\/blog\/wp-content\/uploads\/2020\/01\/Nebula-personalized-results-genomics.png 924w\" sizes=\"(max-width: 1024px) 100vw, 1024px\" \/><\/a><\/figure>\n\n<p><strong>VARIANTES ASSOCIADAS A TOURETTE:<\/strong> rs2504235, rs191044310, rs13407215, rs2708146, rs1906252, rs12459560, rs117648881, rs6670211, rs72853320, rs73205493<\/p>\n\n<p><strong>RECURSOS ADICIONAIS:<\/strong><br\/><a rel=\"noreferrer noopener\" href=\"https:\/\/www.youtube.com\/watch?v=fvz82E4YqMc\" target=\"_blank\">S\u00edndrome de Tourette: o que causa tiques nas pessoas? (V\u00eddeo)<\/a><br\/><a rel=\"noreferrer noopener\" href=\"https:\/\/tourette.org\/about-tourette\/overview\/what-is-tourette\/\" target=\"_blank\">O que \u00e9 Tourette?<\/a><\/p>\n\n<p><strong>VOC\u00ca TAMB\u00c9M PODE ESTAR INTERESSADO EM:<br\/><\/strong><a href=\"https:\/\/nebula.org\/blog\/pt-br\/genetica-de-tremores-muller-2016\/\"> Tremores (M\u00fcller, 2016)<\/a><br\/><a href=\"https:\/\/nebula.org\/blog\/genetics-of-epilepsy-ilaec-2014\/\">Epilepsia (ILAEC, 2014)<\/a><\/p>\n\n<p><strong>ATUALIZA\u00c7\u00c3O SEMANAL:<\/strong> 11 de julho de 2020<\/p>\n\n<p><br\/><\/p>\n","protected":false},"excerpt":{"rendered":"<p>T\u00cdTULO DO ESTUDO: Interrogando os determinantes gen\u00e9ticos da s\u00edndrome de Tourette e outros transtornos de tique por meio de estudos de associa\u00e7\u00e3o de todo o genoma RESUMO: Descoberta de m\u00faltiplas variantes gen\u00e9ticas associadas \u00e0 S\u00edndrome de Tourette. VIS\u00c3O GERAL: A &hellip;<\/p>\n<p class=\"read-more\"> <a class=\"ast-button\" href=\"https:\/\/nebula.org\/blog\/pt-br\/sindrome-genetica-de-tourettes-yu-2019\/\"> <span class=\"screen-reader-text\">S\u00edndrome de Tourette (Yu, 2019)<\/span> Leia mais \u00bb<\/a><\/p>\n","protected":false},"author":12,"featured_media":12826,"comment_status":"closed","ping_status":"closed","sticky":false,"template":"","format":"standard","meta":{"om_disable_all_campaigns":false,"site-sidebar-layout":"default","site-content-layout":"default","ast-global-header-display":"","ast-banner-title-visibility":"","ast-main-header-display":"","ast-hfb-above-header-display":"","ast-hfb-below-header-display":"","ast-hfb-mobile-header-display":"","site-post-title":"","ast-breadcrumbs-content":"","ast-featured-img":"","footer-sml-layout":"","theme-transparent-header-meta":"default","adv-header-id-meta":"","stick-header-meta":"default","header-above-stick-meta":"","header-main-stick-meta":"","header-below-stick-meta":"","_FSMCFIC_featured_image_caption":"","_FSMCFIC_featured_image_nocaption":"","_FSMCFIC_featured_image_hide":"","footnotes":""},"categories":[4999],"tags":[],"class_list":["post-12822","post","type-post","status-publish","format-standard","has-post-thumbnail","hentry","category-reports-pt-br"],"yoast_head":"<!-- This site is optimized with the Yoast SEO plugin v20.13 - https:\/\/yoast.com\/wordpress\/plugins\/seo\/ -->\n<title>A gen\u00e9tica da s\u00edndrome de Tourette (Yu, 2019)<\/title>\n<meta name=\"description\" content=\"Carregue seus dados de DNA, explore as variantes gen\u00e9ticas ligadas \u00e0 s\u00edndrome de Tourette (Yu, 2019) e descubra sua pontua\u00e7\u00e3o polig\u00eanica.\" \/>\n<meta name=\"robots\" content=\"index, follow, max-snippet:-1, max-image-preview:large, max-video-preview:-1\" \/>\n<link rel=\"canonical\" href=\"https:\/\/nebula.org\/blog\/pt-br\/sindrome-genetica-de-tourettes-yu-2019\/\" \/>\n<meta property=\"og:locale\" content=\"pt_BR\" \/>\n<meta property=\"og:type\" content=\"article\" \/>\n<meta property=\"og:title\" content=\"A gen\u00e9tica da s\u00edndrome de Tourette (Yu, 2019)\" \/>\n<meta property=\"og:description\" content=\"Carregue seus dados de DNA, explore as variantes gen\u00e9ticas ligadas \u00e0 s\u00edndrome de Tourette (Yu, 2019) e descubra sua pontua\u00e7\u00e3o polig\u00eanica.\" \/>\n<meta property=\"og:url\" content=\"https:\/\/nebula.org\/blog\/pt-br\/sindrome-genetica-de-tourettes-yu-2019\/\" \/>\n<meta property=\"og:site_name\" content=\"Nebula Genomics Blog\" \/>\n<meta property=\"article:publisher\" content=\"https:\/\/facebook.com\/nebulagenomics\" \/>\n<meta property=\"article:published_time\" content=\"2021-01-31T18:19:38+00:00\" \/>\n<meta property=\"article:modified_time\" content=\"2021-02-21T01:34:55+00:00\" \/>\n<meta property=\"og:image\" content=\"https:\/\/nebula.org\/blog\/wp-content\/uploads\/2020\/07\/andrew-neel-JBfdCFeRDeQ-unsplash-scaled.jpg\" \/>\n\t<meta property=\"og:image:width\" content=\"924\" \/>\n\t<meta property=\"og:image:height\" content=\"616\" \/>\n\t<meta property=\"og:image:type\" content=\"image\/jpeg\" \/>\n<meta name=\"author\" content=\"Garrett Dunlap, B.S.\" \/>\n<meta name=\"twitter:card\" content=\"summary_large_image\" \/>\n<meta name=\"twitter:creator\" content=\"@nebulagenomics\" \/>\n<meta name=\"twitter:site\" content=\"@nebulagenomics\" \/>\n<meta name=\"twitter:label1\" content=\"Escrito por\" \/>\n\t<meta name=\"twitter:data1\" content=\"Garrett Dunlap, B.S.\" \/>\n\t<meta name=\"twitter:label2\" content=\"Est. tempo de leitura\" \/>\n\t<meta name=\"twitter:data2\" content=\"1 minuto\" \/>\n<script type=\"application\/ld+json\" class=\"yoast-schema-graph\">{\"@context\":\"https:\/\/schema.org\",\"@graph\":[{\"@type\":\"Article\",\"@id\":\"https:\/\/nebula.org\/blog\/pt-br\/sindrome-genetica-de-tourettes-yu-2019\/#article\",\"isPartOf\":{\"@id\":\"https:\/\/nebula.org\/blog\/pt-br\/sindrome-genetica-de-tourettes-yu-2019\/\"},\"author\":{\"name\":\"Garrett Dunlap, B.S.\",\"@id\":\"https:\/\/nebula.org\/blog\/pt-br\/#\/schema\/person\/b7bd0a490f115d1d931c33eed922af4e\"},\"headline\":\"S\u00edndrome de Tourette (Yu, 2019)\",\"datePublished\":\"2021-01-31T18:19:38+00:00\",\"dateModified\":\"2021-02-21T01:34:55+00:00\",\"mainEntityOfPage\":{\"@id\":\"https:\/\/nebula.org\/blog\/pt-br\/sindrome-genetica-de-tourettes-yu-2019\/\"},\"wordCount\":279,\"publisher\":{\"@id\":\"https:\/\/nebula.org\/blog\/pt-br\/#organization\"},\"articleSection\":[\"Reports\"],\"inLanguage\":\"pt-BR\"},{\"@type\":\"WebPage\",\"@id\":\"https:\/\/nebula.org\/blog\/pt-br\/sindrome-genetica-de-tourettes-yu-2019\/\",\"url\":\"https:\/\/nebula.org\/blog\/pt-br\/sindrome-genetica-de-tourettes-yu-2019\/\",\"name\":\"A gen\u00e9tica da s\u00edndrome de Tourette (Yu, 2019)\",\"isPartOf\":{\"@id\":\"https:\/\/nebula.org\/blog\/pt-br\/#website\"},\"datePublished\":\"2021-01-31T18:19:38+00:00\",\"dateModified\":\"2021-02-21T01:34:55+00:00\",\"description\":\"Carregue seus dados de DNA, explore as variantes gen\u00e9ticas ligadas \u00e0 s\u00edndrome de Tourette (Yu, 2019) e descubra sua pontua\u00e7\u00e3o polig\u00eanica.\",\"breadcrumb\":{\"@id\":\"https:\/\/nebula.org\/blog\/pt-br\/sindrome-genetica-de-tourettes-yu-2019\/#breadcrumb\"},\"inLanguage\":\"pt-BR\",\"potentialAction\":[{\"@type\":\"ReadAction\",\"target\":[\"https:\/\/nebula.org\/blog\/pt-br\/sindrome-genetica-de-tourettes-yu-2019\/\"]}]},{\"@type\":\"BreadcrumbList\",\"@id\":\"https:\/\/nebula.org\/blog\/pt-br\/sindrome-genetica-de-tourettes-yu-2019\/#breadcrumb\",\"itemListElement\":[{\"@type\":\"ListItem\",\"position\":1,\"name\":\"Home\",\"item\":\"https:\/\/nebula.org\/blog\/pt-br\/\"},{\"@type\":\"ListItem\",\"position\":2,\"name\":\"S\u00edndrome de Tourette (Yu, 2019)\"}]},{\"@type\":\"WebSite\",\"@id\":\"https:\/\/nebula.org\/blog\/pt-br\/#website\",\"url\":\"https:\/\/nebula.org\/blog\/pt-br\/\",\"name\":\"Nebula Genomics Blog\",\"description\":\"\",\"publisher\":{\"@id\":\"https:\/\/nebula.org\/blog\/pt-br\/#organization\"},\"potentialAction\":[{\"@type\":\"SearchAction\",\"target\":{\"@type\":\"EntryPoint\",\"urlTemplate\":\"https:\/\/nebula.org\/blog\/pt-br\/?s={search_term_string}\"},\"query-input\":\"required name=search_term_string\"}],\"inLanguage\":\"pt-BR\"},{\"@type\":\"Organization\",\"@id\":\"https:\/\/nebula.org\/blog\/pt-br\/#organization\",\"name\":\"Nebula Genomics\",\"url\":\"https:\/\/nebula.org\/blog\/pt-br\/\",\"logo\":{\"@type\":\"ImageObject\",\"inLanguage\":\"pt-BR\",\"@id\":\"https:\/\/nebula.org\/blog\/pt-br\/#\/schema\/logo\/image\/\",\"url\":\"\",\"contentUrl\":\"\",\"caption\":\"Nebula Genomics\"},\"image\":{\"@id\":\"https:\/\/nebula.org\/blog\/pt-br\/#\/schema\/logo\/image\/\"},\"sameAs\":[\"https:\/\/facebook.com\/nebulagenomics\",\"https:\/\/twitter.com\/nebulagenomics\",\"https:\/\/www.instagram.com\/nebulagenomics\/\",\"https:\/\/www.linkedin.com\/company\/nebula-genomics\/\",\"https:\/\/en.wikipedia.org\/wiki\/Nebula_Genomics\"]},{\"@type\":\"Person\",\"@id\":\"https:\/\/nebula.org\/blog\/pt-br\/#\/schema\/person\/b7bd0a490f115d1d931c33eed922af4e\",\"name\":\"Garrett Dunlap, B.S.\",\"image\":{\"@type\":\"ImageObject\",\"inLanguage\":\"pt-BR\",\"@id\":\"https:\/\/nebula.org\/blog\/pt-br\/#\/schema\/person\/image\/\",\"url\":\"https:\/\/secure.gravatar.com\/avatar\/32fb6e0dbc7e0bac908b0f23ea6ed5ec?s=96&d=mm&r=g\",\"contentUrl\":\"https:\/\/secure.gravatar.com\/avatar\/32fb6e0dbc7e0bac908b0f23ea6ed5ec?s=96&d=mm&r=g\",\"caption\":\"Garrett Dunlap, B.S.\"},\"description\":\"Garrett Dunlap earned a B.S. in Biology from Case Western Reserve University with a minor in Political Science. He earned an M.S. and is currently a Ph.D. Candidate in the Biological and Biomedical Sciences (BBS) Ph.D. program at Harvard University.\u00a0He has experience in science policy as an intern at the Science and Innovation Network where he assisted in the science diplomacy functions of the British Consulate-General and as a research associate at TScan Therapeutics. He is also interested in science communication and writing. You can read more about Garrett's experience and publications on LinkedIn and ORCID.\",\"sameAs\":[\"https:\/\/nebula.org\/whole-genome-sequencing\/\"],\"url\":\"https:\/\/nebula.org\/blog\/pt-br\/author\/garrett-dunlap\/\"}]}<\/script>\n<!-- \/ Yoast SEO plugin. -->","yoast_head_json":{"title":"A gen\u00e9tica da s\u00edndrome de Tourette (Yu, 2019)","description":"Carregue seus dados de DNA, explore as variantes gen\u00e9ticas ligadas \u00e0 s\u00edndrome de Tourette (Yu, 2019) e descubra sua pontua\u00e7\u00e3o polig\u00eanica.","robots":{"index":"index","follow":"follow","max-snippet":"max-snippet:-1","max-image-preview":"max-image-preview:large","max-video-preview":"max-video-preview:-1"},"canonical":"https:\/\/nebula.org\/blog\/pt-br\/sindrome-genetica-de-tourettes-yu-2019\/","og_locale":"pt_BR","og_type":"article","og_title":"A gen\u00e9tica da s\u00edndrome de Tourette (Yu, 2019)","og_description":"Carregue seus dados de DNA, explore as variantes gen\u00e9ticas ligadas \u00e0 s\u00edndrome de Tourette (Yu, 2019) e descubra sua pontua\u00e7\u00e3o polig\u00eanica.","og_url":"https:\/\/nebula.org\/blog\/pt-br\/sindrome-genetica-de-tourettes-yu-2019\/","og_site_name":"Nebula Genomics Blog","article_publisher":"https:\/\/facebook.com\/nebulagenomics","article_published_time":"2021-01-31T18:19:38+00:00","article_modified_time":"2021-02-21T01:34:55+00:00","og_image":[{"width":924,"height":616,"url":"https:\/\/nebula.org\/blog\/wp-content\/uploads\/2020\/07\/andrew-neel-JBfdCFeRDeQ-unsplash-scaled.jpg","type":"image\/jpeg"}],"author":"Garrett Dunlap, B.S.","twitter_card":"summary_large_image","twitter_creator":"@nebulagenomics","twitter_site":"@nebulagenomics","twitter_misc":{"Escrito por":"Garrett Dunlap, B.S.","Est. tempo de leitura":"1 minuto"},"schema":{"@context":"https:\/\/schema.org","@graph":[{"@type":"Article","@id":"https:\/\/nebula.org\/blog\/pt-br\/sindrome-genetica-de-tourettes-yu-2019\/#article","isPartOf":{"@id":"https:\/\/nebula.org\/blog\/pt-br\/sindrome-genetica-de-tourettes-yu-2019\/"},"author":{"name":"Garrett Dunlap, B.S.","@id":"https:\/\/nebula.org\/blog\/pt-br\/#\/schema\/person\/b7bd0a490f115d1d931c33eed922af4e"},"headline":"S\u00edndrome de Tourette (Yu, 2019)","datePublished":"2021-01-31T18:19:38+00:00","dateModified":"2021-02-21T01:34:55+00:00","mainEntityOfPage":{"@id":"https:\/\/nebula.org\/blog\/pt-br\/sindrome-genetica-de-tourettes-yu-2019\/"},"wordCount":279,"publisher":{"@id":"https:\/\/nebula.org\/blog\/pt-br\/#organization"},"articleSection":["Reports"],"inLanguage":"pt-BR"},{"@type":"WebPage","@id":"https:\/\/nebula.org\/blog\/pt-br\/sindrome-genetica-de-tourettes-yu-2019\/","url":"https:\/\/nebula.org\/blog\/pt-br\/sindrome-genetica-de-tourettes-yu-2019\/","name":"A gen\u00e9tica da s\u00edndrome de Tourette (Yu, 2019)","isPartOf":{"@id":"https:\/\/nebula.org\/blog\/pt-br\/#website"},"datePublished":"2021-01-31T18:19:38+00:00","dateModified":"2021-02-21T01:34:55+00:00","description":"Carregue seus dados de DNA, explore as variantes gen\u00e9ticas ligadas \u00e0 s\u00edndrome de Tourette (Yu, 2019) e descubra sua pontua\u00e7\u00e3o polig\u00eanica.","breadcrumb":{"@id":"https:\/\/nebula.org\/blog\/pt-br\/sindrome-genetica-de-tourettes-yu-2019\/#breadcrumb"},"inLanguage":"pt-BR","potentialAction":[{"@type":"ReadAction","target":["https:\/\/nebula.org\/blog\/pt-br\/sindrome-genetica-de-tourettes-yu-2019\/"]}]},{"@type":"BreadcrumbList","@id":"https:\/\/nebula.org\/blog\/pt-br\/sindrome-genetica-de-tourettes-yu-2019\/#breadcrumb","itemListElement":[{"@type":"ListItem","position":1,"name":"Home","item":"https:\/\/nebula.org\/blog\/pt-br\/"},{"@type":"ListItem","position":2,"name":"S\u00edndrome de Tourette (Yu, 2019)"}]},{"@type":"WebSite","@id":"https:\/\/nebula.org\/blog\/pt-br\/#website","url":"https:\/\/nebula.org\/blog\/pt-br\/","name":"Nebula Genomics Blog","description":"","publisher":{"@id":"https:\/\/nebula.org\/blog\/pt-br\/#organization"},"potentialAction":[{"@type":"SearchAction","target":{"@type":"EntryPoint","urlTemplate":"https:\/\/nebula.org\/blog\/pt-br\/?s={search_term_string}"},"query-input":"required name=search_term_string"}],"inLanguage":"pt-BR"},{"@type":"Organization","@id":"https:\/\/nebula.org\/blog\/pt-br\/#organization","name":"Nebula Genomics","url":"https:\/\/nebula.org\/blog\/pt-br\/","logo":{"@type":"ImageObject","inLanguage":"pt-BR","@id":"https:\/\/nebula.org\/blog\/pt-br\/#\/schema\/logo\/image\/","url":"","contentUrl":"","caption":"Nebula Genomics"},"image":{"@id":"https:\/\/nebula.org\/blog\/pt-br\/#\/schema\/logo\/image\/"},"sameAs":["https:\/\/facebook.com\/nebulagenomics","https:\/\/twitter.com\/nebulagenomics","https:\/\/www.instagram.com\/nebulagenomics\/","https:\/\/www.linkedin.com\/company\/nebula-genomics\/","https:\/\/en.wikipedia.org\/wiki\/Nebula_Genomics"]},{"@type":"Person","@id":"https:\/\/nebula.org\/blog\/pt-br\/#\/schema\/person\/b7bd0a490f115d1d931c33eed922af4e","name":"Garrett Dunlap, B.S.","image":{"@type":"ImageObject","inLanguage":"pt-BR","@id":"https:\/\/nebula.org\/blog\/pt-br\/#\/schema\/person\/image\/","url":"https:\/\/secure.gravatar.com\/avatar\/32fb6e0dbc7e0bac908b0f23ea6ed5ec?s=96&d=mm&r=g","contentUrl":"https:\/\/secure.gravatar.com\/avatar\/32fb6e0dbc7e0bac908b0f23ea6ed5ec?s=96&d=mm&r=g","caption":"Garrett Dunlap, B.S."},"description":"Garrett Dunlap earned a B.S. in Biology from Case Western Reserve University with a minor in Political Science. He earned an M.S. and is currently a Ph.D. Candidate in the Biological and Biomedical Sciences (BBS) Ph.D. program at Harvard University.\u00a0He has experience in science policy as an intern at the Science and Innovation Network where he assisted in the science diplomacy functions of the British Consulate-General and as a research associate at TScan Therapeutics. He is also interested in science communication and writing. You can read more about Garrett's experience and publications on LinkedIn and ORCID.","sameAs":["https:\/\/nebula.org\/whole-genome-sequencing\/"],"url":"https:\/\/nebula.org\/blog\/pt-br\/author\/garrett-dunlap\/"}]}},"_links":{"self":[{"href":"https:\/\/nebula.org\/blog\/pt-br\/wp-json\/wp\/v2\/posts\/12822","targetHints":{"allow":["GET"]}}],"collection":[{"href":"https:\/\/nebula.org\/blog\/pt-br\/wp-json\/wp\/v2\/posts"}],"about":[{"href":"https:\/\/nebula.org\/blog\/pt-br\/wp-json\/wp\/v2\/types\/post"}],"author":[{"embeddable":true,"href":"https:\/\/nebula.org\/blog\/pt-br\/wp-json\/wp\/v2\/users\/12"}],"replies":[{"embeddable":true,"href":"https:\/\/nebula.org\/blog\/pt-br\/wp-json\/wp\/v2\/comments?post=12822"}],"version-history":[{"count":0,"href":"https:\/\/nebula.org\/blog\/pt-br\/wp-json\/wp\/v2\/posts\/12822\/revisions"}],"wp:featuredmedia":[{"embeddable":true,"href":"https:\/\/nebula.org\/blog\/pt-br\/wp-json\/wp\/v2\/media\/12826"}],"wp:attachment":[{"href":"https:\/\/nebula.org\/blog\/pt-br\/wp-json\/wp\/v2\/media?parent=12822"}],"wp:term":[{"taxonomy":"category","embeddable":true,"href":"https:\/\/nebula.org\/blog\/pt-br\/wp-json\/wp\/v2\/categories?post=12822"},{"taxonomy":"post_tag","embeddable":true,"href":"https:\/\/nebula.org\/blog\/pt-br\/wp-json\/wp\/v2\/tags?post=12822"}],"curies":[{"name":"wp","href":"https:\/\/api.w.org\/{rel}","templated":true}]}}