{"id":13044,"date":"2021-01-31T17:16:37","date_gmt":"2021-01-31T22:16:37","guid":{"rendered":"https:\/\/nebula.org\/blog\/genetica-do-indice-de-massa-corporal-couto-alves-2019\/"},"modified":"2021-02-20T21:00:42","modified_gmt":"2021-02-21T02:00:42","slug":"genetica-do-indice-de-massa-corporal-couto-alves-2019","status":"publish","type":"post","link":"https:\/\/nebula.org\/blog\/pt-br\/genetica-do-indice-de-massa-corporal-couto-alves-2019\/","title":{"rendered":"\u00cdndice de massa corporal (Couto Alves, 2019)"},"content":{"rendered":"\n<p><strong>T\u00cdTULO DO ESTUDO:<\/strong><a href=\"https:\/\/advances.sciencemag.org\/content\/5\/9\/eaaw3095\"> GWAS em caracter\u00edsticas de crescimento longitudinal revela diferentes fatores gen\u00e9ticos que influenciam o IMC de beb\u00eas, crian\u00e7as e adultos<\/a><\/p>\n\n<p><strong>RESUMO:<\/strong> Identifica\u00e7\u00e3o de 4 novas variantes gen\u00e9ticas que se correlacionam com o crescimento infantil e o IMC.<\/p>\n\n<p><strong>DESCRI\u00c7\u00c3O:<\/strong> A obesidade continua sendo uma das maiores epidemias do s\u00e9culo 21. O \u00edndice de massa corporal (IMC), um c\u00e1lculo baseado na altura e no peso de uma pessoa, \u00e9 a medida mais comum de obesidade. No in\u00edcio da vida, o IMC flutua em tr\u00eas per\u00edodos diferentes: um pico ap\u00f3s o nascimento, um decl\u00ednio at\u00e9 a idade de 5 a 6 anos e um aumento at\u00e9 a idade adulta. As medi\u00e7\u00f5es de IMC de adolescentes eram anteriormente conhecidas por influenciar os n\u00edveis de IMC de adultos, mas pouca contribui\u00e7\u00e3o gen\u00e9tica foi identificada. Este estudo examinou os dados gen\u00e9ticos e medi\u00e7\u00f5es de IMC de mais de 22.000 crian\u00e7as de ascend\u00eancia europeia. Tr\u00eas variantes associadas ao IMC elevado de crian\u00e7as pequenas foram descobertas. Essas variantes tamb\u00e9m est\u00e3o associadas ao IMC de adultos, sugerindo que os mesmos fatores gen\u00e9ticos podem influenciar ambos. Essas variantes explicam cerca de 30% da herdabilidade do IMC. Este estudo tamb\u00e9m identificou uma nova variante correlacionada com o aumento do IMC logo ap\u00f3s o nascimento, mas esta variante n\u00e3o est\u00e1 associada com o IMC elevado mais tarde na vida.<\/p>\n\n<p><strong>VOC\u00ca SABIA?<\/strong> Na verdade, pular o caf\u00e9 da manh\u00e3 est\u00e1 associado ao aumento do peso corporal. Procure fazer uma refei\u00e7\u00e3o saud\u00e1vel com frutas e gr\u00e3os inteiros antes de sair pela porta. [<a href=\"https:\/\/www.winchesterhospital.org\/health-library\/article?id=10067\"> FONTE<\/a> ]<\/p>\n\n<p><strong>RESULTADOS DE AMOSTRA:<\/strong> Saiba mais sobre o<a href=\"https:\/\/nebula.org\/blog\/pt-br\/nebula-library-unlocking-genetic-research\/\"> Nebula Research Library<\/a> .<\/p>\n\n<figure class=\"wp-block-image\"><a href=\"https:\/\/nebula.org\/free-dna-upload-analysis\/\"><img decoding=\"async\" src=\"http:\/\/nebula.org\/blog\/wp-content\/uploads\/2020\/01\/Nebula-personalized-results-genomics-1024x375.png\" alt=\"Esta imagem tem um atributo alt vazio; o nome do arquivo &#xE9; Nebula-customized-results-genomics-1024x375.png\"\/><\/a><\/figure>\n\n<p><\/p>\n\n<p><strong>VARIANTES ASSOCIADAS AO IMC:<\/strong> rs9436303, rs10938397<\/p>\n\n<p><strong>RECURSOS ADICIONAIS:<\/strong><br\/><a rel=\"noreferrer noopener\" href=\"https:\/\/www.youtube.com\/watch?v=0JMhoCIiQcM\" target=\"_blank\">\u00cdndice de massa corporal (v\u00eddeo)<\/a><br\/><a rel=\"noreferrer noopener\" href=\"https:\/\/www.nhlbi.nih.gov\/health\/educational\/lose_wt\/BMI\/bmicalc.htm\" target=\"_blank\">Calculadora de IMC<\/a><\/p>\n\n<p><strong>ATUALIZA\u00c7\u00c3O SEMANAL:<\/strong> 20 de setembro de 2019<\/p>\n\n<p><br\/><\/p>\n\n<p><br\/><\/p>\n","protected":false},"excerpt":{"rendered":"<p>T\u00cdTULO DO ESTUDO: GWAS em caracter\u00edsticas de crescimento longitudinal revela diferentes fatores gen\u00e9ticos que influenciam o IMC de beb\u00eas, crian\u00e7as e adultos RESUMO: Identifica\u00e7\u00e3o de 4 novas variantes gen\u00e9ticas que se correlacionam com o crescimento infantil e o IMC. DESCRI\u00c7\u00c3O: &hellip;<\/p>\n<p class=\"read-more\"> <a class=\"ast-button\" href=\"https:\/\/nebula.org\/blog\/pt-br\/genetica-do-indice-de-massa-corporal-couto-alves-2019\/\"> <span class=\"screen-reader-text\">\u00cdndice de massa corporal (Couto Alves, 2019)<\/span> Leia mais \u00bb<\/a><\/p>\n","protected":false},"author":12,"featured_media":13048,"comment_status":"closed","ping_status":"closed","sticky":false,"template":"","format":"standard","meta":{"om_disable_all_campaigns":false,"site-sidebar-layout":"default","site-content-layout":"default","ast-global-header-display":"","ast-banner-title-visibility":"","ast-main-header-display":"","ast-hfb-above-header-display":"","ast-hfb-below-header-display":"","ast-hfb-mobile-header-display":"","site-post-title":"","ast-breadcrumbs-content":"","ast-featured-img":"","footer-sml-layout":"","theme-transparent-header-meta":"default","adv-header-id-meta":"","stick-header-meta":"","header-above-stick-meta":"","header-main-stick-meta":"","header-below-stick-meta":"","_FSMCFIC_featured_image_caption":"","_FSMCFIC_featured_image_nocaption":"","_FSMCFIC_featured_image_hide":"","footnotes":""},"categories":[4999],"tags":[],"class_list":["post-13044","post","type-post","status-publish","format-standard","has-post-thumbnail","hentry","category-reports-pt-br"],"yoast_head":"<!-- This site is optimized with the Yoast SEO plugin v20.13 - https:\/\/yoast.com\/wordpress\/plugins\/seo\/ -->\n<title>A gen\u00e9tica do \u00edndice de massa corporal (Couto Alves, 2019)<\/title>\n<meta name=\"description\" content=\"Carregue seus dados de DNA para explorar variantes gen\u00e9ticas ligadas ao \u00edndice de massa corporal (Couto Alves, 2019) e descubra sua pontua\u00e7\u00e3o polig\u00eanica.\" \/>\n<meta name=\"robots\" content=\"index, follow, max-snippet:-1, max-image-preview:large, max-video-preview:-1\" \/>\n<link rel=\"canonical\" href=\"https:\/\/nebula.org\/blog\/pt-br\/genetica-do-indice-de-massa-corporal-couto-alves-2019\/\" \/>\n<meta property=\"og:locale\" content=\"pt_BR\" \/>\n<meta property=\"og:type\" content=\"article\" \/>\n<meta property=\"og:title\" content=\"A gen\u00e9tica do \u00edndice de massa corporal (Couto Alves, 2019)\" \/>\n<meta property=\"og:description\" content=\"Carregue seus dados de DNA para explorar variantes gen\u00e9ticas ligadas ao \u00edndice de massa corporal (Couto Alves, 2019) e descubra sua pontua\u00e7\u00e3o polig\u00eanica.\" \/>\n<meta property=\"og:url\" content=\"https:\/\/nebula.org\/blog\/pt-br\/genetica-do-indice-de-massa-corporal-couto-alves-2019\/\" \/>\n<meta property=\"og:site_name\" content=\"Nebula Genomics Blog\" \/>\n<meta property=\"article:publisher\" content=\"https:\/\/facebook.com\/nebulagenomics\" \/>\n<meta property=\"article:published_time\" content=\"2021-01-31T22:16:37+00:00\" \/>\n<meta property=\"article:modified_time\" content=\"2021-02-21T02:00:42+00:00\" \/>\n<meta property=\"og:image\" content=\"https:\/\/nebula.org\/blog\/wp-content\/uploads\/2020\/01\/christopher-williams-Q8x7gLr8bxg-unsplash-scaled.jpg\" \/>\n\t<meta property=\"og:image:width\" content=\"924\" \/>\n\t<meta property=\"og:image:height\" content=\"571\" \/>\n\t<meta property=\"og:image:type\" content=\"image\/jpeg\" \/>\n<meta name=\"author\" content=\"Garrett Dunlap, B.S.\" \/>\n<meta name=\"twitter:card\" content=\"summary_large_image\" \/>\n<meta name=\"twitter:creator\" content=\"@nebulagenomics\" \/>\n<meta name=\"twitter:site\" content=\"@nebulagenomics\" \/>\n<meta name=\"twitter:label1\" content=\"Escrito por\" \/>\n\t<meta name=\"twitter:data1\" content=\"Garrett Dunlap, B.S.\" \/>\n\t<meta name=\"twitter:label2\" content=\"Est. tempo de leitura\" \/>\n\t<meta name=\"twitter:data2\" content=\"2 minutos\" \/>\n<script type=\"application\/ld+json\" class=\"yoast-schema-graph\">{\"@context\":\"https:\/\/schema.org\",\"@graph\":[{\"@type\":\"Article\",\"@id\":\"https:\/\/nebula.org\/blog\/pt-br\/genetica-do-indice-de-massa-corporal-couto-alves-2019\/#article\",\"isPartOf\":{\"@id\":\"https:\/\/nebula.org\/blog\/pt-br\/genetica-do-indice-de-massa-corporal-couto-alves-2019\/\"},\"author\":{\"name\":\"Garrett Dunlap, B.S.\",\"@id\":\"https:\/\/nebula.org\/blog\/pt-br\/#\/schema\/person\/b7bd0a490f115d1d931c33eed922af4e\"},\"headline\":\"\u00cdndice de massa corporal (Couto Alves, 2019)\",\"datePublished\":\"2021-01-31T22:16:37+00:00\",\"dateModified\":\"2021-02-21T02:00:42+00:00\",\"mainEntityOfPage\":{\"@id\":\"https:\/\/nebula.org\/blog\/pt-br\/genetica-do-indice-de-massa-corporal-couto-alves-2019\/\"},\"wordCount\":317,\"publisher\":{\"@id\":\"https:\/\/nebula.org\/blog\/pt-br\/#organization\"},\"articleSection\":[\"Reports\"],\"inLanguage\":\"pt-BR\"},{\"@type\":\"WebPage\",\"@id\":\"https:\/\/nebula.org\/blog\/pt-br\/genetica-do-indice-de-massa-corporal-couto-alves-2019\/\",\"url\":\"https:\/\/nebula.org\/blog\/pt-br\/genetica-do-indice-de-massa-corporal-couto-alves-2019\/\",\"name\":\"A gen\u00e9tica do \u00edndice de massa corporal (Couto Alves, 2019)\",\"isPartOf\":{\"@id\":\"https:\/\/nebula.org\/blog\/pt-br\/#website\"},\"datePublished\":\"2021-01-31T22:16:37+00:00\",\"dateModified\":\"2021-02-21T02:00:42+00:00\",\"description\":\"Carregue seus dados de DNA para explorar variantes gen\u00e9ticas ligadas ao \u00edndice de massa corporal (Couto Alves, 2019) e descubra sua pontua\u00e7\u00e3o polig\u00eanica.\",\"breadcrumb\":{\"@id\":\"https:\/\/nebula.org\/blog\/pt-br\/genetica-do-indice-de-massa-corporal-couto-alves-2019\/#breadcrumb\"},\"inLanguage\":\"pt-BR\",\"potentialAction\":[{\"@type\":\"ReadAction\",\"target\":[\"https:\/\/nebula.org\/blog\/pt-br\/genetica-do-indice-de-massa-corporal-couto-alves-2019\/\"]}]},{\"@type\":\"BreadcrumbList\",\"@id\":\"https:\/\/nebula.org\/blog\/pt-br\/genetica-do-indice-de-massa-corporal-couto-alves-2019\/#breadcrumb\",\"itemListElement\":[{\"@type\":\"ListItem\",\"position\":1,\"name\":\"Home\",\"item\":\"https:\/\/nebula.org\/blog\/pt-br\/\"},{\"@type\":\"ListItem\",\"position\":2,\"name\":\"\u00cdndice de massa corporal (Couto Alves, 2019)\"}]},{\"@type\":\"WebSite\",\"@id\":\"https:\/\/nebula.org\/blog\/pt-br\/#website\",\"url\":\"https:\/\/nebula.org\/blog\/pt-br\/\",\"name\":\"Nebula Genomics Blog\",\"description\":\"\",\"publisher\":{\"@id\":\"https:\/\/nebula.org\/blog\/pt-br\/#organization\"},\"potentialAction\":[{\"@type\":\"SearchAction\",\"target\":{\"@type\":\"EntryPoint\",\"urlTemplate\":\"https:\/\/nebula.org\/blog\/pt-br\/?s={search_term_string}\"},\"query-input\":\"required name=search_term_string\"}],\"inLanguage\":\"pt-BR\"},{\"@type\":\"Organization\",\"@id\":\"https:\/\/nebula.org\/blog\/pt-br\/#organization\",\"name\":\"Nebula Genomics\",\"url\":\"https:\/\/nebula.org\/blog\/pt-br\/\",\"logo\":{\"@type\":\"ImageObject\",\"inLanguage\":\"pt-BR\",\"@id\":\"https:\/\/nebula.org\/blog\/pt-br\/#\/schema\/logo\/image\/\",\"url\":\"\",\"contentUrl\":\"\",\"caption\":\"Nebula Genomics\"},\"image\":{\"@id\":\"https:\/\/nebula.org\/blog\/pt-br\/#\/schema\/logo\/image\/\"},\"sameAs\":[\"https:\/\/facebook.com\/nebulagenomics\",\"https:\/\/twitter.com\/nebulagenomics\",\"https:\/\/www.instagram.com\/nebulagenomics\/\",\"https:\/\/www.linkedin.com\/company\/nebula-genomics\/\",\"https:\/\/en.wikipedia.org\/wiki\/Nebula_Genomics\"]},{\"@type\":\"Person\",\"@id\":\"https:\/\/nebula.org\/blog\/pt-br\/#\/schema\/person\/b7bd0a490f115d1d931c33eed922af4e\",\"name\":\"Garrett Dunlap, B.S.\",\"image\":{\"@type\":\"ImageObject\",\"inLanguage\":\"pt-BR\",\"@id\":\"https:\/\/nebula.org\/blog\/pt-br\/#\/schema\/person\/image\/\",\"url\":\"https:\/\/secure.gravatar.com\/avatar\/32fb6e0dbc7e0bac908b0f23ea6ed5ec?s=96&d=mm&r=g\",\"contentUrl\":\"https:\/\/secure.gravatar.com\/avatar\/32fb6e0dbc7e0bac908b0f23ea6ed5ec?s=96&d=mm&r=g\",\"caption\":\"Garrett Dunlap, B.S.\"},\"description\":\"Garrett Dunlap earned a B.S. in Biology from Case Western Reserve University with a minor in Political Science. He earned an M.S. and is currently a Ph.D. Candidate in the Biological and Biomedical Sciences (BBS) Ph.D. program at Harvard University.\u00a0He has experience in science policy as an intern at the Science and Innovation Network where he assisted in the science diplomacy functions of the British Consulate-General and as a research associate at TScan Therapeutics. He is also interested in science communication and writing. You can read more about Garrett's experience and publications on LinkedIn and ORCID.\",\"sameAs\":[\"https:\/\/nebula.org\/whole-genome-sequencing\/\"],\"url\":\"https:\/\/nebula.org\/blog\/pt-br\/author\/garrett-dunlap\/\"}]}<\/script>\n<!-- \/ Yoast SEO plugin. -->","yoast_head_json":{"title":"A gen\u00e9tica do \u00edndice de massa corporal (Couto Alves, 2019)","description":"Carregue seus dados de DNA para explorar variantes gen\u00e9ticas ligadas ao \u00edndice de massa corporal (Couto Alves, 2019) e descubra sua pontua\u00e7\u00e3o polig\u00eanica.","robots":{"index":"index","follow":"follow","max-snippet":"max-snippet:-1","max-image-preview":"max-image-preview:large","max-video-preview":"max-video-preview:-1"},"canonical":"https:\/\/nebula.org\/blog\/pt-br\/genetica-do-indice-de-massa-corporal-couto-alves-2019\/","og_locale":"pt_BR","og_type":"article","og_title":"A gen\u00e9tica do \u00edndice de massa corporal (Couto Alves, 2019)","og_description":"Carregue seus dados de DNA para explorar variantes gen\u00e9ticas ligadas ao \u00edndice de massa corporal (Couto Alves, 2019) e descubra sua pontua\u00e7\u00e3o polig\u00eanica.","og_url":"https:\/\/nebula.org\/blog\/pt-br\/genetica-do-indice-de-massa-corporal-couto-alves-2019\/","og_site_name":"Nebula Genomics Blog","article_publisher":"https:\/\/facebook.com\/nebulagenomics","article_published_time":"2021-01-31T22:16:37+00:00","article_modified_time":"2021-02-21T02:00:42+00:00","og_image":[{"width":924,"height":571,"url":"https:\/\/nebula.org\/blog\/wp-content\/uploads\/2020\/01\/christopher-williams-Q8x7gLr8bxg-unsplash-scaled.jpg","type":"image\/jpeg"}],"author":"Garrett Dunlap, B.S.","twitter_card":"summary_large_image","twitter_creator":"@nebulagenomics","twitter_site":"@nebulagenomics","twitter_misc":{"Escrito por":"Garrett Dunlap, B.S.","Est. tempo de leitura":"2 minutos"},"schema":{"@context":"https:\/\/schema.org","@graph":[{"@type":"Article","@id":"https:\/\/nebula.org\/blog\/pt-br\/genetica-do-indice-de-massa-corporal-couto-alves-2019\/#article","isPartOf":{"@id":"https:\/\/nebula.org\/blog\/pt-br\/genetica-do-indice-de-massa-corporal-couto-alves-2019\/"},"author":{"name":"Garrett Dunlap, B.S.","@id":"https:\/\/nebula.org\/blog\/pt-br\/#\/schema\/person\/b7bd0a490f115d1d931c33eed922af4e"},"headline":"\u00cdndice de massa corporal (Couto Alves, 2019)","datePublished":"2021-01-31T22:16:37+00:00","dateModified":"2021-02-21T02:00:42+00:00","mainEntityOfPage":{"@id":"https:\/\/nebula.org\/blog\/pt-br\/genetica-do-indice-de-massa-corporal-couto-alves-2019\/"},"wordCount":317,"publisher":{"@id":"https:\/\/nebula.org\/blog\/pt-br\/#organization"},"articleSection":["Reports"],"inLanguage":"pt-BR"},{"@type":"WebPage","@id":"https:\/\/nebula.org\/blog\/pt-br\/genetica-do-indice-de-massa-corporal-couto-alves-2019\/","url":"https:\/\/nebula.org\/blog\/pt-br\/genetica-do-indice-de-massa-corporal-couto-alves-2019\/","name":"A gen\u00e9tica do \u00edndice de massa corporal (Couto Alves, 2019)","isPartOf":{"@id":"https:\/\/nebula.org\/blog\/pt-br\/#website"},"datePublished":"2021-01-31T22:16:37+00:00","dateModified":"2021-02-21T02:00:42+00:00","description":"Carregue seus dados de DNA para explorar variantes gen\u00e9ticas ligadas ao \u00edndice de massa corporal (Couto Alves, 2019) e descubra sua pontua\u00e7\u00e3o polig\u00eanica.","breadcrumb":{"@id":"https:\/\/nebula.org\/blog\/pt-br\/genetica-do-indice-de-massa-corporal-couto-alves-2019\/#breadcrumb"},"inLanguage":"pt-BR","potentialAction":[{"@type":"ReadAction","target":["https:\/\/nebula.org\/blog\/pt-br\/genetica-do-indice-de-massa-corporal-couto-alves-2019\/"]}]},{"@type":"BreadcrumbList","@id":"https:\/\/nebula.org\/blog\/pt-br\/genetica-do-indice-de-massa-corporal-couto-alves-2019\/#breadcrumb","itemListElement":[{"@type":"ListItem","position":1,"name":"Home","item":"https:\/\/nebula.org\/blog\/pt-br\/"},{"@type":"ListItem","position":2,"name":"\u00cdndice de massa corporal (Couto Alves, 2019)"}]},{"@type":"WebSite","@id":"https:\/\/nebula.org\/blog\/pt-br\/#website","url":"https:\/\/nebula.org\/blog\/pt-br\/","name":"Nebula Genomics Blog","description":"","publisher":{"@id":"https:\/\/nebula.org\/blog\/pt-br\/#organization"},"potentialAction":[{"@type":"SearchAction","target":{"@type":"EntryPoint","urlTemplate":"https:\/\/nebula.org\/blog\/pt-br\/?s={search_term_string}"},"query-input":"required name=search_term_string"}],"inLanguage":"pt-BR"},{"@type":"Organization","@id":"https:\/\/nebula.org\/blog\/pt-br\/#organization","name":"Nebula Genomics","url":"https:\/\/nebula.org\/blog\/pt-br\/","logo":{"@type":"ImageObject","inLanguage":"pt-BR","@id":"https:\/\/nebula.org\/blog\/pt-br\/#\/schema\/logo\/image\/","url":"","contentUrl":"","caption":"Nebula Genomics"},"image":{"@id":"https:\/\/nebula.org\/blog\/pt-br\/#\/schema\/logo\/image\/"},"sameAs":["https:\/\/facebook.com\/nebulagenomics","https:\/\/twitter.com\/nebulagenomics","https:\/\/www.instagram.com\/nebulagenomics\/","https:\/\/www.linkedin.com\/company\/nebula-genomics\/","https:\/\/en.wikipedia.org\/wiki\/Nebula_Genomics"]},{"@type":"Person","@id":"https:\/\/nebula.org\/blog\/pt-br\/#\/schema\/person\/b7bd0a490f115d1d931c33eed922af4e","name":"Garrett Dunlap, B.S.","image":{"@type":"ImageObject","inLanguage":"pt-BR","@id":"https:\/\/nebula.org\/blog\/pt-br\/#\/schema\/person\/image\/","url":"https:\/\/secure.gravatar.com\/avatar\/32fb6e0dbc7e0bac908b0f23ea6ed5ec?s=96&d=mm&r=g","contentUrl":"https:\/\/secure.gravatar.com\/avatar\/32fb6e0dbc7e0bac908b0f23ea6ed5ec?s=96&d=mm&r=g","caption":"Garrett Dunlap, B.S."},"description":"Garrett Dunlap earned a B.S. in Biology from Case Western Reserve University with a minor in Political Science. He earned an M.S. and is currently a Ph.D. Candidate in the Biological and Biomedical Sciences (BBS) Ph.D. program at Harvard University.\u00a0He has experience in science policy as an intern at the Science and Innovation Network where he assisted in the science diplomacy functions of the British Consulate-General and as a research associate at TScan Therapeutics. He is also interested in science communication and writing. You can read more about Garrett's experience and publications on LinkedIn and ORCID.","sameAs":["https:\/\/nebula.org\/whole-genome-sequencing\/"],"url":"https:\/\/nebula.org\/blog\/pt-br\/author\/garrett-dunlap\/"}]}},"_links":{"self":[{"href":"https:\/\/nebula.org\/blog\/pt-br\/wp-json\/wp\/v2\/posts\/13044","targetHints":{"allow":["GET"]}}],"collection":[{"href":"https:\/\/nebula.org\/blog\/pt-br\/wp-json\/wp\/v2\/posts"}],"about":[{"href":"https:\/\/nebula.org\/blog\/pt-br\/wp-json\/wp\/v2\/types\/post"}],"author":[{"embeddable":true,"href":"https:\/\/nebula.org\/blog\/pt-br\/wp-json\/wp\/v2\/users\/12"}],"replies":[{"embeddable":true,"href":"https:\/\/nebula.org\/blog\/pt-br\/wp-json\/wp\/v2\/comments?post=13044"}],"version-history":[{"count":0,"href":"https:\/\/nebula.org\/blog\/pt-br\/wp-json\/wp\/v2\/posts\/13044\/revisions"}],"wp:featuredmedia":[{"embeddable":true,"href":"https:\/\/nebula.org\/blog\/pt-br\/wp-json\/wp\/v2\/media\/13048"}],"wp:attachment":[{"href":"https:\/\/nebula.org\/blog\/pt-br\/wp-json\/wp\/v2\/media?parent=13044"}],"wp:term":[{"taxonomy":"category","embeddable":true,"href":"https:\/\/nebula.org\/blog\/pt-br\/wp-json\/wp\/v2\/categories?post=13044"},{"taxonomy":"post_tag","embeddable":true,"href":"https:\/\/nebula.org\/blog\/pt-br\/wp-json\/wp\/v2\/tags?post=13044"}],"curies":[{"name":"wp","href":"https:\/\/api.w.org\/{rel}","templated":true}]}}