{"id":13124,"date":"2021-01-31T17:17:11","date_gmt":"2021-01-31T22:17:11","guid":{"rendered":"https:\/\/nebula.org\/blog\/genetica-da-doenca-celiaca-dubois-2010\/"},"modified":"2021-02-20T20:45:29","modified_gmt":"2021-02-21T01:45:29","slug":"genetica-da-doenca-celiaca-dubois-2010","status":"publish","type":"post","link":"https:\/\/nebula.org\/blog\/pt-br\/genetica-da-doenca-celiaca-dubois-2010\/","title":{"rendered":"Doen\u00e7a cel\u00edaca (Dubois, 2010)"},"content":{"rendered":"\n<p><strong>T\u00cdTULO DO ESTUDO:<\/strong><a rel=\"noreferrer noopener\" href=\"https:\/\/www.nature.com\/articles\/ng.543\" target=\"_blank\"> M\u00faltiplas variantes comuns para doen\u00e7a cel\u00edaca influenciando a express\u00e3o do gene imunol\u00f3gico<\/a><\/p>\n\n<p><strong>RESUMO:<\/strong> Descoberta de 13 novas regi\u00f5es gen\u00f4micas associadas \u00e0 doen\u00e7a cel\u00edaca.<\/p>\n\n<p><strong>VIS\u00c3O GERAL:<\/strong> A doen\u00e7a cel\u00edaca \u00e9 caracterizada pela incapacidade de comer gl\u00faten, uma prote\u00edna encontrada no trigo e em alguns outros tipos de gr\u00e3os. O dist\u00farbio \u00e9 uma doen\u00e7a auto-imune, na qual o pr\u00f3prio sistema imunol\u00f3gico do corpo ataca os intestinos na presen\u00e7a de gl\u00faten. Como resultado, isso pode causar dor, diarreia e outros problemas digestivos. Este estudo de todo o genoma examinou mais de 25.000 indiv\u00edduos de ascend\u00eancia europeia para melhor sob os fundamentos gen\u00e9ticos da suscetibilidade \u00e0 doen\u00e7a cel\u00edaca. Os pesquisadores identificaram 13 novos loci gen\u00e9ticos potencialmente ligados ao risco da doen\u00e7a. Muitas das variantes est\u00e3o pr\u00f3ximas de genes que desempenham um papel no sistema imunol\u00f3gico, especialmente na fun\u00e7\u00e3o das c\u00e9lulas T, que normalmente matam c\u00e9lulas infectadas por v\u00edrus ou cancerosas.<\/p>\n\n<p><strong>VOC\u00ca SABIA?<\/strong> Embora uma dieta sem gl\u00faten possa parecer dif\u00edcil de aderir, h\u00e1 muitos alimentos que s\u00e3o naturalmente sem gl\u00faten. Por exemplo, gr\u00e3os como quinua, aveia e milho n\u00e3o cont\u00eam gl\u00faten. Outros alimentos comuns sem gl\u00faten s\u00e3o soja, arroz e batata! <a rel=\"noreferrer noopener\" href=\"https:\/\/celiac.org\/gluten-free-living\/gluten-free-foods\/\" target=\"_blank\">[SOURCE]<\/a><\/p>\n\n<p><strong>RESULTADOS DE AMOSTRA:<\/strong> Saiba mais sobre o<a href=\"https:\/\/nebula.org\/blog\/pt-br\/nebula-library-unlocking-genetic-research\/\"> Nebula Research Library<\/a> . <\/p>\n\n<figure class=\"wp-block-image size-large\"><a href=\"https:\/\/nebula.org\/whole-genome-sequencing\/\"><img decoding=\"async\" width=\"1024\" height=\"375\" src=\"https:\/\/nebula.org\/blog\/wp-content\/uploads\/2020\/01\/Nebula-personalized-results-genomics-1024x375.png\" alt=\"Resultados de amostra de doen&#xE7;a cel&#xED;aca\" class=\"wp-image-12669\" srcset=\"https:\/\/nebula.org\/blog\/wp-content\/uploads\/2020\/01\/Nebula-personalized-results-genomics-1024x375.png 1024w, https:\/\/nebula.org\/blog\/wp-content\/uploads\/2020\/01\/Nebula-personalized-results-genomics-300x110.png 300w, https:\/\/nebula.org\/blog\/wp-content\/uploads\/2020\/01\/Nebula-personalized-results-genomics-768x281.png 768w, https:\/\/nebula.org\/blog\/wp-content\/uploads\/2020\/01\/Nebula-personalized-results-genomics-1536x562.png 1536w, https:\/\/nebula.org\/blog\/wp-content\/uploads\/2020\/01\/Nebula-personalized-results-genomics.png 924w\" sizes=\"(max-width: 1024px) 100vw, 1024px\" \/><\/a><\/figure>\n\n<p><\/p>\n\n<p><strong>VARIANTES ASSOCIADOS \u00c0 DOEN\u00c7A CEL\u00cdACA:<\/strong> rs2187668, rs1464510, rs17810546, rs13151961, rs653178, rs2327832, rs2816316, rs13098911, rs11221332, rs917997, rs1738074, rs802734, rs13003464, rs13010713, rs10903122, rs1893217, rs10806425, rs1250552, rs4819388, rs13314993, rs3748816, rs9792269, rs296547, rs4675374, rs17035378, rs11712165, rs12928822<\/p>\n\n<p><strong>RECURSOS ADICIONAIS:<\/strong><br\/><a rel=\"noreferrer noopener\" href=\"https:\/\/www.youtube.com\/watch?v=0d3FjMgYSzY\" target=\"_blank\">Gl\u00faten e doen\u00e7a cel\u00edaca (v\u00eddeo)<\/a><\/p>\n\n<p><strong>ATUALIZA\u00c7\u00c3O SEMANAL:<\/strong> 15 de fevereiro de 2020<\/p>\n","protected":false},"excerpt":{"rendered":"<p>T\u00cdTULO DO ESTUDO: M\u00faltiplas variantes comuns para doen\u00e7a cel\u00edaca influenciando a express\u00e3o do gene imunol\u00f3gico RESUMO: Descoberta de 13 novas regi\u00f5es gen\u00f4micas associadas \u00e0 doen\u00e7a cel\u00edaca. VIS\u00c3O GERAL: A doen\u00e7a cel\u00edaca \u00e9 caracterizada pela incapacidade de comer gl\u00faten, uma prote\u00edna &hellip;<\/p>\n<p class=\"read-more\"> <a class=\"ast-button\" href=\"https:\/\/nebula.org\/blog\/pt-br\/genetica-da-doenca-celiaca-dubois-2010\/\"> <span class=\"screen-reader-text\">Doen\u00e7a cel\u00edaca (Dubois, 2010)<\/span> Leia mais \u00bb<\/a><\/p>\n","protected":false},"author":12,"featured_media":13127,"comment_status":"closed","ping_status":"closed","sticky":false,"template":"","format":"standard","meta":{"om_disable_all_campaigns":false,"site-sidebar-layout":"default","site-content-layout":"default","ast-global-header-display":"","ast-banner-title-visibility":"","ast-main-header-display":"","ast-hfb-above-header-display":"","ast-hfb-below-header-display":"","ast-hfb-mobile-header-display":"","site-post-title":"","ast-breadcrumbs-content":"","ast-featured-img":"","footer-sml-layout":"","theme-transparent-header-meta":"default","adv-header-id-meta":"","stick-header-meta":"default","header-above-stick-meta":"","header-main-stick-meta":"","header-below-stick-meta":"","_FSMCFIC_featured_image_caption":"","_FSMCFIC_featured_image_nocaption":"","_FSMCFIC_featured_image_hide":"","footnotes":""},"categories":[4999],"tags":[],"class_list":["post-13124","post","type-post","status-publish","format-standard","has-post-thumbnail","hentry","category-reports-pt-br"],"yoast_head":"<!-- This site is optimized with the Yoast SEO plugin v20.13 - https:\/\/yoast.com\/wordpress\/plugins\/seo\/ -->\n<title>A gen\u00e9tica da doen\u00e7a cel\u00edaca (Dubois, 2010)<\/title>\n<meta name=\"description\" content=\"Carregue seus dados de DNA, explore as variantes gen\u00e9ticas ligadas \u00e0 suscetibilidade \u00e0 doen\u00e7a cel\u00edaca (Dubois, 2010) e descubra sua pontua\u00e7\u00e3o polig\u00eanica.\" \/>\n<meta name=\"robots\" content=\"index, follow, max-snippet:-1, max-image-preview:large, max-video-preview:-1\" \/>\n<link rel=\"canonical\" href=\"https:\/\/nebula.org\/blog\/pt-br\/genetica-da-doenca-celiaca-dubois-2010\/\" \/>\n<meta property=\"og:locale\" content=\"pt_BR\" \/>\n<meta property=\"og:type\" content=\"article\" \/>\n<meta property=\"og:title\" content=\"A gen\u00e9tica da doen\u00e7a cel\u00edaca (Dubois, 2010)\" \/>\n<meta property=\"og:description\" content=\"Carregue seus dados de DNA, explore as variantes gen\u00e9ticas ligadas \u00e0 suscetibilidade \u00e0 doen\u00e7a cel\u00edaca (Dubois, 2010) e descubra sua pontua\u00e7\u00e3o polig\u00eanica.\" \/>\n<meta property=\"og:url\" content=\"https:\/\/nebula.org\/blog\/pt-br\/genetica-da-doenca-celiaca-dubois-2010\/\" \/>\n<meta property=\"og:site_name\" content=\"Nebula Genomics Blog\" \/>\n<meta property=\"article:publisher\" content=\"https:\/\/facebook.com\/nebulagenomics\" \/>\n<meta property=\"article:published_time\" content=\"2021-01-31T22:17:11+00:00\" \/>\n<meta property=\"article:modified_time\" content=\"2021-02-21T01:45:29+00:00\" \/>\n<meta property=\"og:image\" content=\"https:\/\/nebula.org\/blog\/wp-content\/uploads\/2020\/02\/anna-pelzer-IGfIGP5ONV0-unsplash-scaled.jpg\" \/>\n\t<meta property=\"og:image:width\" content=\"2560\" \/>\n\t<meta property=\"og:image:height\" content=\"1707\" \/>\n\t<meta property=\"og:image:type\" content=\"image\/jpeg\" \/>\n<meta name=\"author\" content=\"Garrett Dunlap, B.S.\" \/>\n<meta name=\"twitter:card\" content=\"summary_large_image\" \/>\n<meta name=\"twitter:creator\" content=\"@nebulagenomics\" \/>\n<meta name=\"twitter:site\" content=\"@nebulagenomics\" \/>\n<meta name=\"twitter:label1\" content=\"Escrito por\" \/>\n\t<meta name=\"twitter:data1\" content=\"Garrett Dunlap, B.S.\" \/>\n\t<meta name=\"twitter:label2\" content=\"Est. tempo de leitura\" \/>\n\t<meta name=\"twitter:data2\" content=\"1 minuto\" \/>\n<script type=\"application\/ld+json\" class=\"yoast-schema-graph\">{\"@context\":\"https:\/\/schema.org\",\"@graph\":[{\"@type\":\"Article\",\"@id\":\"https:\/\/nebula.org\/blog\/pt-br\/genetica-da-doenca-celiaca-dubois-2010\/#article\",\"isPartOf\":{\"@id\":\"https:\/\/nebula.org\/blog\/pt-br\/genetica-da-doenca-celiaca-dubois-2010\/\"},\"author\":{\"name\":\"Garrett Dunlap, B.S.\",\"@id\":\"https:\/\/nebula.org\/blog\/pt-br\/#\/schema\/person\/b7bd0a490f115d1d931c33eed922af4e\"},\"headline\":\"Doen\u00e7a cel\u00edaca (Dubois, 2010)\",\"datePublished\":\"2021-01-31T22:17:11+00:00\",\"dateModified\":\"2021-02-21T01:45:29+00:00\",\"mainEntityOfPage\":{\"@id\":\"https:\/\/nebula.org\/blog\/pt-br\/genetica-da-doenca-celiaca-dubois-2010\/\"},\"wordCount\":295,\"publisher\":{\"@id\":\"https:\/\/nebula.org\/blog\/pt-br\/#organization\"},\"articleSection\":[\"Reports\"],\"inLanguage\":\"pt-BR\"},{\"@type\":\"WebPage\",\"@id\":\"https:\/\/nebula.org\/blog\/pt-br\/genetica-da-doenca-celiaca-dubois-2010\/\",\"url\":\"https:\/\/nebula.org\/blog\/pt-br\/genetica-da-doenca-celiaca-dubois-2010\/\",\"name\":\"A gen\u00e9tica da doen\u00e7a cel\u00edaca (Dubois, 2010)\",\"isPartOf\":{\"@id\":\"https:\/\/nebula.org\/blog\/pt-br\/#website\"},\"datePublished\":\"2021-01-31T22:17:11+00:00\",\"dateModified\":\"2021-02-21T01:45:29+00:00\",\"description\":\"Carregue seus dados de DNA, explore as variantes gen\u00e9ticas ligadas \u00e0 suscetibilidade \u00e0 doen\u00e7a cel\u00edaca (Dubois, 2010) e descubra sua pontua\u00e7\u00e3o polig\u00eanica.\",\"breadcrumb\":{\"@id\":\"https:\/\/nebula.org\/blog\/pt-br\/genetica-da-doenca-celiaca-dubois-2010\/#breadcrumb\"},\"inLanguage\":\"pt-BR\",\"potentialAction\":[{\"@type\":\"ReadAction\",\"target\":[\"https:\/\/nebula.org\/blog\/pt-br\/genetica-da-doenca-celiaca-dubois-2010\/\"]}]},{\"@type\":\"BreadcrumbList\",\"@id\":\"https:\/\/nebula.org\/blog\/pt-br\/genetica-da-doenca-celiaca-dubois-2010\/#breadcrumb\",\"itemListElement\":[{\"@type\":\"ListItem\",\"position\":1,\"name\":\"Home\",\"item\":\"https:\/\/nebula.org\/blog\/pt-br\/\"},{\"@type\":\"ListItem\",\"position\":2,\"name\":\"Doen\u00e7a cel\u00edaca (Dubois, 2010)\"}]},{\"@type\":\"WebSite\",\"@id\":\"https:\/\/nebula.org\/blog\/pt-br\/#website\",\"url\":\"https:\/\/nebula.org\/blog\/pt-br\/\",\"name\":\"Nebula Genomics Blog\",\"description\":\"\",\"publisher\":{\"@id\":\"https:\/\/nebula.org\/blog\/pt-br\/#organization\"},\"potentialAction\":[{\"@type\":\"SearchAction\",\"target\":{\"@type\":\"EntryPoint\",\"urlTemplate\":\"https:\/\/nebula.org\/blog\/pt-br\/?s={search_term_string}\"},\"query-input\":\"required name=search_term_string\"}],\"inLanguage\":\"pt-BR\"},{\"@type\":\"Organization\",\"@id\":\"https:\/\/nebula.org\/blog\/pt-br\/#organization\",\"name\":\"Nebula Genomics\",\"url\":\"https:\/\/nebula.org\/blog\/pt-br\/\",\"logo\":{\"@type\":\"ImageObject\",\"inLanguage\":\"pt-BR\",\"@id\":\"https:\/\/nebula.org\/blog\/pt-br\/#\/schema\/logo\/image\/\",\"url\":\"\",\"contentUrl\":\"\",\"caption\":\"Nebula Genomics\"},\"image\":{\"@id\":\"https:\/\/nebula.org\/blog\/pt-br\/#\/schema\/logo\/image\/\"},\"sameAs\":[\"https:\/\/facebook.com\/nebulagenomics\",\"https:\/\/twitter.com\/nebulagenomics\",\"https:\/\/www.instagram.com\/nebulagenomics\/\",\"https:\/\/www.linkedin.com\/company\/nebula-genomics\/\",\"https:\/\/en.wikipedia.org\/wiki\/Nebula_Genomics\"]},{\"@type\":\"Person\",\"@id\":\"https:\/\/nebula.org\/blog\/pt-br\/#\/schema\/person\/b7bd0a490f115d1d931c33eed922af4e\",\"name\":\"Garrett Dunlap, B.S.\",\"image\":{\"@type\":\"ImageObject\",\"inLanguage\":\"pt-BR\",\"@id\":\"https:\/\/nebula.org\/blog\/pt-br\/#\/schema\/person\/image\/\",\"url\":\"https:\/\/secure.gravatar.com\/avatar\/32fb6e0dbc7e0bac908b0f23ea6ed5ec?s=96&d=mm&r=g\",\"contentUrl\":\"https:\/\/secure.gravatar.com\/avatar\/32fb6e0dbc7e0bac908b0f23ea6ed5ec?s=96&d=mm&r=g\",\"caption\":\"Garrett Dunlap, B.S.\"},\"description\":\"Garrett Dunlap earned a B.S. in Biology from Case Western Reserve University with a minor in Political Science. He earned an M.S. and is currently a Ph.D. Candidate in the Biological and Biomedical Sciences (BBS) Ph.D. program at Harvard University.\u00a0He has experience in science policy as an intern at the Science and Innovation Network where he assisted in the science diplomacy functions of the British Consulate-General and as a research associate at TScan Therapeutics. He is also interested in science communication and writing. You can read more about Garrett's experience and publications on LinkedIn and ORCID.\",\"sameAs\":[\"https:\/\/nebula.org\/whole-genome-sequencing\/\"],\"url\":\"https:\/\/nebula.org\/blog\/pt-br\/author\/garrett-dunlap\/\"}]}<\/script>\n<!-- \/ Yoast SEO plugin. -->","yoast_head_json":{"title":"A gen\u00e9tica da doen\u00e7a cel\u00edaca (Dubois, 2010)","description":"Carregue seus dados de DNA, explore as variantes gen\u00e9ticas ligadas \u00e0 suscetibilidade \u00e0 doen\u00e7a cel\u00edaca (Dubois, 2010) e descubra sua pontua\u00e7\u00e3o polig\u00eanica.","robots":{"index":"index","follow":"follow","max-snippet":"max-snippet:-1","max-image-preview":"max-image-preview:large","max-video-preview":"max-video-preview:-1"},"canonical":"https:\/\/nebula.org\/blog\/pt-br\/genetica-da-doenca-celiaca-dubois-2010\/","og_locale":"pt_BR","og_type":"article","og_title":"A gen\u00e9tica da doen\u00e7a cel\u00edaca (Dubois, 2010)","og_description":"Carregue seus dados de DNA, explore as variantes gen\u00e9ticas ligadas \u00e0 suscetibilidade \u00e0 doen\u00e7a cel\u00edaca (Dubois, 2010) e descubra sua pontua\u00e7\u00e3o polig\u00eanica.","og_url":"https:\/\/nebula.org\/blog\/pt-br\/genetica-da-doenca-celiaca-dubois-2010\/","og_site_name":"Nebula Genomics Blog","article_publisher":"https:\/\/facebook.com\/nebulagenomics","article_published_time":"2021-01-31T22:17:11+00:00","article_modified_time":"2021-02-21T01:45:29+00:00","og_image":[{"width":2560,"height":1707,"url":"https:\/\/nebula.org\/blog\/wp-content\/uploads\/2020\/02\/anna-pelzer-IGfIGP5ONV0-unsplash-scaled.jpg","type":"image\/jpeg"}],"author":"Garrett Dunlap, B.S.","twitter_card":"summary_large_image","twitter_creator":"@nebulagenomics","twitter_site":"@nebulagenomics","twitter_misc":{"Escrito por":"Garrett Dunlap, B.S.","Est. tempo de leitura":"1 minuto"},"schema":{"@context":"https:\/\/schema.org","@graph":[{"@type":"Article","@id":"https:\/\/nebula.org\/blog\/pt-br\/genetica-da-doenca-celiaca-dubois-2010\/#article","isPartOf":{"@id":"https:\/\/nebula.org\/blog\/pt-br\/genetica-da-doenca-celiaca-dubois-2010\/"},"author":{"name":"Garrett Dunlap, B.S.","@id":"https:\/\/nebula.org\/blog\/pt-br\/#\/schema\/person\/b7bd0a490f115d1d931c33eed922af4e"},"headline":"Doen\u00e7a cel\u00edaca (Dubois, 2010)","datePublished":"2021-01-31T22:17:11+00:00","dateModified":"2021-02-21T01:45:29+00:00","mainEntityOfPage":{"@id":"https:\/\/nebula.org\/blog\/pt-br\/genetica-da-doenca-celiaca-dubois-2010\/"},"wordCount":295,"publisher":{"@id":"https:\/\/nebula.org\/blog\/pt-br\/#organization"},"articleSection":["Reports"],"inLanguage":"pt-BR"},{"@type":"WebPage","@id":"https:\/\/nebula.org\/blog\/pt-br\/genetica-da-doenca-celiaca-dubois-2010\/","url":"https:\/\/nebula.org\/blog\/pt-br\/genetica-da-doenca-celiaca-dubois-2010\/","name":"A gen\u00e9tica da doen\u00e7a cel\u00edaca (Dubois, 2010)","isPartOf":{"@id":"https:\/\/nebula.org\/blog\/pt-br\/#website"},"datePublished":"2021-01-31T22:17:11+00:00","dateModified":"2021-02-21T01:45:29+00:00","description":"Carregue seus dados de DNA, explore as variantes gen\u00e9ticas ligadas \u00e0 suscetibilidade \u00e0 doen\u00e7a cel\u00edaca (Dubois, 2010) e descubra sua pontua\u00e7\u00e3o polig\u00eanica.","breadcrumb":{"@id":"https:\/\/nebula.org\/blog\/pt-br\/genetica-da-doenca-celiaca-dubois-2010\/#breadcrumb"},"inLanguage":"pt-BR","potentialAction":[{"@type":"ReadAction","target":["https:\/\/nebula.org\/blog\/pt-br\/genetica-da-doenca-celiaca-dubois-2010\/"]}]},{"@type":"BreadcrumbList","@id":"https:\/\/nebula.org\/blog\/pt-br\/genetica-da-doenca-celiaca-dubois-2010\/#breadcrumb","itemListElement":[{"@type":"ListItem","position":1,"name":"Home","item":"https:\/\/nebula.org\/blog\/pt-br\/"},{"@type":"ListItem","position":2,"name":"Doen\u00e7a cel\u00edaca (Dubois, 2010)"}]},{"@type":"WebSite","@id":"https:\/\/nebula.org\/blog\/pt-br\/#website","url":"https:\/\/nebula.org\/blog\/pt-br\/","name":"Nebula Genomics Blog","description":"","publisher":{"@id":"https:\/\/nebula.org\/blog\/pt-br\/#organization"},"potentialAction":[{"@type":"SearchAction","target":{"@type":"EntryPoint","urlTemplate":"https:\/\/nebula.org\/blog\/pt-br\/?s={search_term_string}"},"query-input":"required name=search_term_string"}],"inLanguage":"pt-BR"},{"@type":"Organization","@id":"https:\/\/nebula.org\/blog\/pt-br\/#organization","name":"Nebula Genomics","url":"https:\/\/nebula.org\/blog\/pt-br\/","logo":{"@type":"ImageObject","inLanguage":"pt-BR","@id":"https:\/\/nebula.org\/blog\/pt-br\/#\/schema\/logo\/image\/","url":"","contentUrl":"","caption":"Nebula Genomics"},"image":{"@id":"https:\/\/nebula.org\/blog\/pt-br\/#\/schema\/logo\/image\/"},"sameAs":["https:\/\/facebook.com\/nebulagenomics","https:\/\/twitter.com\/nebulagenomics","https:\/\/www.instagram.com\/nebulagenomics\/","https:\/\/www.linkedin.com\/company\/nebula-genomics\/","https:\/\/en.wikipedia.org\/wiki\/Nebula_Genomics"]},{"@type":"Person","@id":"https:\/\/nebula.org\/blog\/pt-br\/#\/schema\/person\/b7bd0a490f115d1d931c33eed922af4e","name":"Garrett Dunlap, B.S.","image":{"@type":"ImageObject","inLanguage":"pt-BR","@id":"https:\/\/nebula.org\/blog\/pt-br\/#\/schema\/person\/image\/","url":"https:\/\/secure.gravatar.com\/avatar\/32fb6e0dbc7e0bac908b0f23ea6ed5ec?s=96&d=mm&r=g","contentUrl":"https:\/\/secure.gravatar.com\/avatar\/32fb6e0dbc7e0bac908b0f23ea6ed5ec?s=96&d=mm&r=g","caption":"Garrett Dunlap, B.S."},"description":"Garrett Dunlap earned a B.S. in Biology from Case Western Reserve University with a minor in Political Science. He earned an M.S. and is currently a Ph.D. Candidate in the Biological and Biomedical Sciences (BBS) Ph.D. program at Harvard University.\u00a0He has experience in science policy as an intern at the Science and Innovation Network where he assisted in the science diplomacy functions of the British Consulate-General and as a research associate at TScan Therapeutics. He is also interested in science communication and writing. You can read more about Garrett's experience and publications on LinkedIn and ORCID.","sameAs":["https:\/\/nebula.org\/whole-genome-sequencing\/"],"url":"https:\/\/nebula.org\/blog\/pt-br\/author\/garrett-dunlap\/"}]}},"_links":{"self":[{"href":"https:\/\/nebula.org\/blog\/pt-br\/wp-json\/wp\/v2\/posts\/13124","targetHints":{"allow":["GET"]}}],"collection":[{"href":"https:\/\/nebula.org\/blog\/pt-br\/wp-json\/wp\/v2\/posts"}],"about":[{"href":"https:\/\/nebula.org\/blog\/pt-br\/wp-json\/wp\/v2\/types\/post"}],"author":[{"embeddable":true,"href":"https:\/\/nebula.org\/blog\/pt-br\/wp-json\/wp\/v2\/users\/12"}],"replies":[{"embeddable":true,"href":"https:\/\/nebula.org\/blog\/pt-br\/wp-json\/wp\/v2\/comments?post=13124"}],"version-history":[{"count":0,"href":"https:\/\/nebula.org\/blog\/pt-br\/wp-json\/wp\/v2\/posts\/13124\/revisions"}],"wp:featuredmedia":[{"embeddable":true,"href":"https:\/\/nebula.org\/blog\/pt-br\/wp-json\/wp\/v2\/media\/13127"}],"wp:attachment":[{"href":"https:\/\/nebula.org\/blog\/pt-br\/wp-json\/wp\/v2\/media?parent=13124"}],"wp:term":[{"taxonomy":"category","embeddable":true,"href":"https:\/\/nebula.org\/blog\/pt-br\/wp-json\/wp\/v2\/categories?post=13124"},{"taxonomy":"post_tag","embeddable":true,"href":"https:\/\/nebula.org\/blog\/pt-br\/wp-json\/wp\/v2\/tags?post=13124"}],"curies":[{"name":"wp","href":"https:\/\/api.w.org\/{rel}","templated":true}]}}