{"id":13214,"date":"2021-01-31T22:13:53","date_gmt":"2021-02-01T03:13:53","guid":{"rendered":"https:\/\/nebula.org\/blog\/genetica-da-insonia-hammerschlag-2017\/"},"modified":"2021-02-20T20:53:54","modified_gmt":"2021-02-21T01:53:54","slug":"genetica-da-insonia-hammerschlag-2017","status":"publish","type":"post","link":"https:\/\/nebula.org\/blog\/pt-br\/genetica-da-insonia-hammerschlag-2017\/","title":{"rendered":"Ins\u00f4nia (Hammerschlag, 2017)"},"content":{"rendered":"\n<p><strong>T\u00cdTULO DO ESTUDO:<\/strong><a href=\"https:\/\/www.nature.com\/articles\/ng.3888\"> A an\u00e1lise de associa\u00e7\u00e3o de todo o genoma de queixas de ins\u00f4nia identifica genes de risco e sobreposi\u00e7\u00e3o gen\u00e9tica com tra\u00e7os psiqui\u00e1tricos e metab\u00f3licos<\/a><\/p>\n\n<p><strong>RESUMO:<\/strong> Identifica\u00e7\u00e3o de m\u00faltiplas novas variantes gen\u00e9ticas associadas a um risco aumentado de sofrer de ins\u00f4nia.<\/p>\n\n<p><strong>DESCRI\u00c7\u00c3O:<\/strong> O sono desempenha um papel cr\u00edtico na manuten\u00e7\u00e3o da sa\u00fade f\u00edsica e mental. A ins\u00f4nia, caracterizada por dificuldade em adormecer ou permanecer dormindo, \u00e9 um dos dist\u00farbios do sono mais comuns. \u00c9 tamb\u00e9m um dos transtornos mentais mais comuns e um importante fator de risco para depress\u00e3o. Este estudo reuniu dados gen\u00e9ticos de 113.006 indiv\u00edduos de ascend\u00eancia europeia e identificou novas variantes gen\u00e9ticas. Em particular, as variantes em dois genes foram significativamente associadas \u00e0 condi\u00e7\u00e3o: MEIS1 e SCFD2. O gene MEIS1 foi associado por outros estudos aos dist\u00farbios do sono. O estudo tamb\u00e9m analisou cada sexo individualmente e descobriu v\u00e1rias variantes no gene WDR27 que est\u00e3o associadas \u00e0 doen\u00e7a em homens. Finalmente, foram identificadas fortes correla\u00e7\u00f5es gen\u00e9ticas positivas entre a ins\u00f4nia e v\u00e1rios transtornos psiqui\u00e1tricos, incluindo ansiedade, depress\u00e3o e neuroticismo.<\/p>\n\n<p><strong>VOC\u00ca SABIA?<\/strong> Abster-se do uso de dispositivos eletr\u00f4nicos, como telefones e computadores, uma hora antes de dormir pode facilitar o adormecimento. Ler e meditar s\u00e3o excelentes substitutos! [<a href=\"https:\/\/www.sleepfoundation.org\/articles\/why-electronics-may-stimulate-you-bed\"> FONTE<\/a> ]<\/p>\n\n<p><strong>RESULTADOS DE AMOSTRA:<\/strong> Saiba mais sobre o<a href=\"https:\/\/nebula.org\/blog\/pt-br\/nebula-library-unlocking-genetic-research\/\"> Nebula Research Library<\/a> .<\/p>\n\n<figure class=\"wp-block-image\"><a href=\"https:\/\/nebula.org\/free-dna-upload-analysis\/\"><img decoding=\"async\" src=\"https:\/\/nebula.org\/blog\/wp-content\/uploads\/2020\/01\/Nebula-personalized-results-genomics-1024x375.png\" alt=\"Resultados da amostra de ins&#xF4;nia.\"\/><\/a><\/figure>\n\n<p><\/p>\n\n<p><strong>VARIANTES ASSOCIADAS \u00c0 INS\u00d4NIA:<\/strong> rs113851554, rs574753165<\/p>\n\n<p><strong>RECURSOS ADICIONAIS:<\/strong> <br\/><a rel=\"noreferrer noopener\" href=\"https:\/\/www.sleepfoundation.org\/articles\/insomnia-and-sleep\" target=\"_blank\">Ins\u00f4nia<\/a><br\/><a rel=\"noreferrer noopener\" href=\"https:\/\/www.youtube.com\/watch?v=j5Sl8LyI7k8\" target=\"_blank\">O que causa ins\u00f4nia? (V\u00eddeo)<\/a><\/p>\n\n<p><strong>ATUALIZA\u00c7\u00c3O SEMANAL:<\/strong> 23 de julho de 2019<br\/><\/p>\n","protected":false},"excerpt":{"rendered":"<p>T\u00cdTULO DO ESTUDO: A an\u00e1lise de associa\u00e7\u00e3o de todo o genoma de queixas de ins\u00f4nia identifica genes de risco e sobreposi\u00e7\u00e3o gen\u00e9tica com tra\u00e7os psiqui\u00e1tricos e metab\u00f3licos RESUMO: Identifica\u00e7\u00e3o de m\u00faltiplas novas variantes gen\u00e9ticas associadas a um risco aumentado de &hellip;<\/p>\n<p class=\"read-more\"> <a class=\"ast-button\" href=\"https:\/\/nebula.org\/blog\/pt-br\/genetica-da-insonia-hammerschlag-2017\/\"> <span class=\"screen-reader-text\">Ins\u00f4nia (Hammerschlag, 2017)<\/span> Leia mais \u00bb<\/a><\/p>\n","protected":false},"author":12,"featured_media":13225,"comment_status":"closed","ping_status":"closed","sticky":false,"template":"","format":"standard","meta":{"om_disable_all_campaigns":false,"site-sidebar-layout":"default","site-content-layout":"default","ast-global-header-display":"","ast-banner-title-visibility":"","ast-main-header-display":"","ast-hfb-above-header-display":"","ast-hfb-below-header-display":"","ast-hfb-mobile-header-display":"","site-post-title":"","ast-breadcrumbs-content":"","ast-featured-img":"","footer-sml-layout":"","theme-transparent-header-meta":"default","adv-header-id-meta":"","stick-header-meta":"default","header-above-stick-meta":"","header-main-stick-meta":"","header-below-stick-meta":"","_FSMCFIC_featured_image_caption":"","_FSMCFIC_featured_image_nocaption":"","_FSMCFIC_featured_image_hide":"","footnotes":""},"categories":[4999],"tags":[],"class_list":["post-13214","post","type-post","status-publish","format-standard","has-post-thumbnail","hentry","category-reports-pt-br"],"yoast_head":"<!-- This site is optimized with the Yoast SEO plugin v20.13 - https:\/\/yoast.com\/wordpress\/plugins\/seo\/ -->\n<title>A gen\u00e9tica da ins\u00f4nia (Hammerschlag, 2017)<\/title>\n<meta name=\"description\" content=\"Identifica\u00e7\u00e3o de novas variantes gen\u00e9ticas associadas ao aumento do risco de ins\u00f4nia, que \u00e9 a dificuldade de adormecer ou permanecer dormindo.\" \/>\n<meta name=\"robots\" content=\"index, follow, max-snippet:-1, max-image-preview:large, max-video-preview:-1\" \/>\n<link rel=\"canonical\" href=\"https:\/\/nebula.org\/blog\/pt-br\/genetica-da-insonia-hammerschlag-2017\/\" \/>\n<meta property=\"og:locale\" content=\"pt_BR\" \/>\n<meta property=\"og:type\" content=\"article\" \/>\n<meta property=\"og:title\" content=\"A gen\u00e9tica da ins\u00f4nia (Hammerschlag, 2017)\" \/>\n<meta property=\"og:description\" content=\"Identifica\u00e7\u00e3o de novas variantes gen\u00e9ticas associadas ao aumento do risco de ins\u00f4nia, que \u00e9 a dificuldade de adormecer ou permanecer dormindo.\" \/>\n<meta property=\"og:url\" content=\"https:\/\/nebula.org\/blog\/pt-br\/genetica-da-insonia-hammerschlag-2017\/\" \/>\n<meta property=\"og:site_name\" content=\"Nebula Genomics Blog\" \/>\n<meta property=\"article:publisher\" content=\"https:\/\/facebook.com\/nebulagenomics\" \/>\n<meta property=\"article:published_time\" content=\"2021-02-01T03:13:53+00:00\" \/>\n<meta property=\"article:modified_time\" content=\"2021-02-21T01:53:54+00:00\" \/>\n<meta property=\"og:image\" content=\"https:\/\/nebula.org\/blog\/wp-content\/uploads\/2019\/07\/kinga-cichewicz-5NzOfwXoH88-unsplash-scaled.jpg\" \/>\n\t<meta property=\"og:image:width\" content=\"924\" \/>\n\t<meta property=\"og:image:height\" content=\"616\" \/>\n\t<meta property=\"og:image:type\" content=\"image\/jpeg\" \/>\n<meta name=\"author\" content=\"Garrett Dunlap, B.S.\" \/>\n<meta name=\"twitter:card\" content=\"summary_large_image\" \/>\n<meta name=\"twitter:creator\" content=\"@nebulagenomics\" \/>\n<meta name=\"twitter:site\" content=\"@nebulagenomics\" \/>\n<meta name=\"twitter:label1\" content=\"Escrito por\" \/>\n\t<meta name=\"twitter:data1\" content=\"Garrett Dunlap, B.S.\" \/>\n\t<meta name=\"twitter:label2\" content=\"Est. tempo de leitura\" \/>\n\t<meta name=\"twitter:data2\" content=\"1 minuto\" \/>\n<script type=\"application\/ld+json\" class=\"yoast-schema-graph\">{\"@context\":\"https:\/\/schema.org\",\"@graph\":[{\"@type\":\"Article\",\"@id\":\"https:\/\/nebula.org\/blog\/pt-br\/genetica-da-insonia-hammerschlag-2017\/#article\",\"isPartOf\":{\"@id\":\"https:\/\/nebula.org\/blog\/pt-br\/genetica-da-insonia-hammerschlag-2017\/\"},\"author\":{\"name\":\"Garrett Dunlap, B.S.\",\"@id\":\"https:\/\/nebula.org\/blog\/pt-br\/#\/schema\/person\/b7bd0a490f115d1d931c33eed922af4e\"},\"headline\":\"Ins\u00f4nia (Hammerschlag, 2017)\",\"datePublished\":\"2021-02-01T03:13:53+00:00\",\"dateModified\":\"2021-02-21T01:53:54+00:00\",\"mainEntityOfPage\":{\"@id\":\"https:\/\/nebula.org\/blog\/pt-br\/genetica-da-insonia-hammerschlag-2017\/\"},\"wordCount\":273,\"publisher\":{\"@id\":\"https:\/\/nebula.org\/blog\/pt-br\/#organization\"},\"articleSection\":[\"Reports\"],\"inLanguage\":\"pt-BR\"},{\"@type\":\"WebPage\",\"@id\":\"https:\/\/nebula.org\/blog\/pt-br\/genetica-da-insonia-hammerschlag-2017\/\",\"url\":\"https:\/\/nebula.org\/blog\/pt-br\/genetica-da-insonia-hammerschlag-2017\/\",\"name\":\"A gen\u00e9tica da ins\u00f4nia (Hammerschlag, 2017)\",\"isPartOf\":{\"@id\":\"https:\/\/nebula.org\/blog\/pt-br\/#website\"},\"datePublished\":\"2021-02-01T03:13:53+00:00\",\"dateModified\":\"2021-02-21T01:53:54+00:00\",\"description\":\"Identifica\u00e7\u00e3o de novas variantes gen\u00e9ticas associadas ao aumento do risco de ins\u00f4nia, que \u00e9 a dificuldade de adormecer ou permanecer dormindo.\",\"breadcrumb\":{\"@id\":\"https:\/\/nebula.org\/blog\/pt-br\/genetica-da-insonia-hammerschlag-2017\/#breadcrumb\"},\"inLanguage\":\"pt-BR\",\"potentialAction\":[{\"@type\":\"ReadAction\",\"target\":[\"https:\/\/nebula.org\/blog\/pt-br\/genetica-da-insonia-hammerschlag-2017\/\"]}]},{\"@type\":\"BreadcrumbList\",\"@id\":\"https:\/\/nebula.org\/blog\/pt-br\/genetica-da-insonia-hammerschlag-2017\/#breadcrumb\",\"itemListElement\":[{\"@type\":\"ListItem\",\"position\":1,\"name\":\"Home\",\"item\":\"https:\/\/nebula.org\/blog\/pt-br\/\"},{\"@type\":\"ListItem\",\"position\":2,\"name\":\"Ins\u00f4nia (Hammerschlag, 2017)\"}]},{\"@type\":\"WebSite\",\"@id\":\"https:\/\/nebula.org\/blog\/pt-br\/#website\",\"url\":\"https:\/\/nebula.org\/blog\/pt-br\/\",\"name\":\"Nebula Genomics Blog\",\"description\":\"\",\"publisher\":{\"@id\":\"https:\/\/nebula.org\/blog\/pt-br\/#organization\"},\"potentialAction\":[{\"@type\":\"SearchAction\",\"target\":{\"@type\":\"EntryPoint\",\"urlTemplate\":\"https:\/\/nebula.org\/blog\/pt-br\/?s={search_term_string}\"},\"query-input\":\"required name=search_term_string\"}],\"inLanguage\":\"pt-BR\"},{\"@type\":\"Organization\",\"@id\":\"https:\/\/nebula.org\/blog\/pt-br\/#organization\",\"name\":\"Nebula Genomics\",\"url\":\"https:\/\/nebula.org\/blog\/pt-br\/\",\"logo\":{\"@type\":\"ImageObject\",\"inLanguage\":\"pt-BR\",\"@id\":\"https:\/\/nebula.org\/blog\/pt-br\/#\/schema\/logo\/image\/\",\"url\":\"\",\"contentUrl\":\"\",\"caption\":\"Nebula Genomics\"},\"image\":{\"@id\":\"https:\/\/nebula.org\/blog\/pt-br\/#\/schema\/logo\/image\/\"},\"sameAs\":[\"https:\/\/facebook.com\/nebulagenomics\",\"https:\/\/twitter.com\/nebulagenomics\",\"https:\/\/www.instagram.com\/nebulagenomics\/\",\"https:\/\/www.linkedin.com\/company\/nebula-genomics\/\",\"https:\/\/en.wikipedia.org\/wiki\/Nebula_Genomics\"]},{\"@type\":\"Person\",\"@id\":\"https:\/\/nebula.org\/blog\/pt-br\/#\/schema\/person\/b7bd0a490f115d1d931c33eed922af4e\",\"name\":\"Garrett Dunlap, B.S.\",\"image\":{\"@type\":\"ImageObject\",\"inLanguage\":\"pt-BR\",\"@id\":\"https:\/\/nebula.org\/blog\/pt-br\/#\/schema\/person\/image\/\",\"url\":\"https:\/\/secure.gravatar.com\/avatar\/32fb6e0dbc7e0bac908b0f23ea6ed5ec?s=96&d=mm&r=g\",\"contentUrl\":\"https:\/\/secure.gravatar.com\/avatar\/32fb6e0dbc7e0bac908b0f23ea6ed5ec?s=96&d=mm&r=g\",\"caption\":\"Garrett Dunlap, B.S.\"},\"description\":\"Garrett Dunlap earned a B.S. in Biology from Case Western Reserve University with a minor in Political Science. He earned an M.S. and is currently a Ph.D. Candidate in the Biological and Biomedical Sciences (BBS) Ph.D. program at Harvard University.\u00a0He has experience in science policy as an intern at the Science and Innovation Network where he assisted in the science diplomacy functions of the British Consulate-General and as a research associate at TScan Therapeutics. He is also interested in science communication and writing. You can read more about Garrett's experience and publications on LinkedIn and ORCID.\",\"sameAs\":[\"https:\/\/nebula.org\/whole-genome-sequencing\/\"],\"url\":\"https:\/\/nebula.org\/blog\/pt-br\/author\/garrett-dunlap\/\"}]}<\/script>\n<!-- \/ Yoast SEO plugin. -->","yoast_head_json":{"title":"A gen\u00e9tica da ins\u00f4nia (Hammerschlag, 2017)","description":"Identifica\u00e7\u00e3o de novas variantes gen\u00e9ticas associadas ao aumento do risco de ins\u00f4nia, que \u00e9 a dificuldade de adormecer ou permanecer dormindo.","robots":{"index":"index","follow":"follow","max-snippet":"max-snippet:-1","max-image-preview":"max-image-preview:large","max-video-preview":"max-video-preview:-1"},"canonical":"https:\/\/nebula.org\/blog\/pt-br\/genetica-da-insonia-hammerschlag-2017\/","og_locale":"pt_BR","og_type":"article","og_title":"A gen\u00e9tica da ins\u00f4nia (Hammerschlag, 2017)","og_description":"Identifica\u00e7\u00e3o de novas variantes gen\u00e9ticas associadas ao aumento do risco de ins\u00f4nia, que \u00e9 a dificuldade de adormecer ou permanecer dormindo.","og_url":"https:\/\/nebula.org\/blog\/pt-br\/genetica-da-insonia-hammerschlag-2017\/","og_site_name":"Nebula Genomics Blog","article_publisher":"https:\/\/facebook.com\/nebulagenomics","article_published_time":"2021-02-01T03:13:53+00:00","article_modified_time":"2021-02-21T01:53:54+00:00","og_image":[{"width":924,"height":616,"url":"https:\/\/nebula.org\/blog\/wp-content\/uploads\/2019\/07\/kinga-cichewicz-5NzOfwXoH88-unsplash-scaled.jpg","type":"image\/jpeg"}],"author":"Garrett Dunlap, B.S.","twitter_card":"summary_large_image","twitter_creator":"@nebulagenomics","twitter_site":"@nebulagenomics","twitter_misc":{"Escrito por":"Garrett Dunlap, B.S.","Est. tempo de leitura":"1 minuto"},"schema":{"@context":"https:\/\/schema.org","@graph":[{"@type":"Article","@id":"https:\/\/nebula.org\/blog\/pt-br\/genetica-da-insonia-hammerschlag-2017\/#article","isPartOf":{"@id":"https:\/\/nebula.org\/blog\/pt-br\/genetica-da-insonia-hammerschlag-2017\/"},"author":{"name":"Garrett Dunlap, B.S.","@id":"https:\/\/nebula.org\/blog\/pt-br\/#\/schema\/person\/b7bd0a490f115d1d931c33eed922af4e"},"headline":"Ins\u00f4nia (Hammerschlag, 2017)","datePublished":"2021-02-01T03:13:53+00:00","dateModified":"2021-02-21T01:53:54+00:00","mainEntityOfPage":{"@id":"https:\/\/nebula.org\/blog\/pt-br\/genetica-da-insonia-hammerschlag-2017\/"},"wordCount":273,"publisher":{"@id":"https:\/\/nebula.org\/blog\/pt-br\/#organization"},"articleSection":["Reports"],"inLanguage":"pt-BR"},{"@type":"WebPage","@id":"https:\/\/nebula.org\/blog\/pt-br\/genetica-da-insonia-hammerschlag-2017\/","url":"https:\/\/nebula.org\/blog\/pt-br\/genetica-da-insonia-hammerschlag-2017\/","name":"A gen\u00e9tica da ins\u00f4nia (Hammerschlag, 2017)","isPartOf":{"@id":"https:\/\/nebula.org\/blog\/pt-br\/#website"},"datePublished":"2021-02-01T03:13:53+00:00","dateModified":"2021-02-21T01:53:54+00:00","description":"Identifica\u00e7\u00e3o de novas variantes gen\u00e9ticas associadas ao aumento do risco de ins\u00f4nia, que \u00e9 a dificuldade de adormecer ou permanecer dormindo.","breadcrumb":{"@id":"https:\/\/nebula.org\/blog\/pt-br\/genetica-da-insonia-hammerschlag-2017\/#breadcrumb"},"inLanguage":"pt-BR","potentialAction":[{"@type":"ReadAction","target":["https:\/\/nebula.org\/blog\/pt-br\/genetica-da-insonia-hammerschlag-2017\/"]}]},{"@type":"BreadcrumbList","@id":"https:\/\/nebula.org\/blog\/pt-br\/genetica-da-insonia-hammerschlag-2017\/#breadcrumb","itemListElement":[{"@type":"ListItem","position":1,"name":"Home","item":"https:\/\/nebula.org\/blog\/pt-br\/"},{"@type":"ListItem","position":2,"name":"Ins\u00f4nia (Hammerschlag, 2017)"}]},{"@type":"WebSite","@id":"https:\/\/nebula.org\/blog\/pt-br\/#website","url":"https:\/\/nebula.org\/blog\/pt-br\/","name":"Nebula Genomics Blog","description":"","publisher":{"@id":"https:\/\/nebula.org\/blog\/pt-br\/#organization"},"potentialAction":[{"@type":"SearchAction","target":{"@type":"EntryPoint","urlTemplate":"https:\/\/nebula.org\/blog\/pt-br\/?s={search_term_string}"},"query-input":"required name=search_term_string"}],"inLanguage":"pt-BR"},{"@type":"Organization","@id":"https:\/\/nebula.org\/blog\/pt-br\/#organization","name":"Nebula Genomics","url":"https:\/\/nebula.org\/blog\/pt-br\/","logo":{"@type":"ImageObject","inLanguage":"pt-BR","@id":"https:\/\/nebula.org\/blog\/pt-br\/#\/schema\/logo\/image\/","url":"","contentUrl":"","caption":"Nebula Genomics"},"image":{"@id":"https:\/\/nebula.org\/blog\/pt-br\/#\/schema\/logo\/image\/"},"sameAs":["https:\/\/facebook.com\/nebulagenomics","https:\/\/twitter.com\/nebulagenomics","https:\/\/www.instagram.com\/nebulagenomics\/","https:\/\/www.linkedin.com\/company\/nebula-genomics\/","https:\/\/en.wikipedia.org\/wiki\/Nebula_Genomics"]},{"@type":"Person","@id":"https:\/\/nebula.org\/blog\/pt-br\/#\/schema\/person\/b7bd0a490f115d1d931c33eed922af4e","name":"Garrett Dunlap, B.S.","image":{"@type":"ImageObject","inLanguage":"pt-BR","@id":"https:\/\/nebula.org\/blog\/pt-br\/#\/schema\/person\/image\/","url":"https:\/\/secure.gravatar.com\/avatar\/32fb6e0dbc7e0bac908b0f23ea6ed5ec?s=96&d=mm&r=g","contentUrl":"https:\/\/secure.gravatar.com\/avatar\/32fb6e0dbc7e0bac908b0f23ea6ed5ec?s=96&d=mm&r=g","caption":"Garrett Dunlap, B.S."},"description":"Garrett Dunlap earned a B.S. in Biology from Case Western Reserve University with a minor in Political Science. He earned an M.S. and is currently a Ph.D. Candidate in the Biological and Biomedical Sciences (BBS) Ph.D. program at Harvard University.\u00a0He has experience in science policy as an intern at the Science and Innovation Network where he assisted in the science diplomacy functions of the British Consulate-General and as a research associate at TScan Therapeutics. He is also interested in science communication and writing. You can read more about Garrett's experience and publications on LinkedIn and ORCID.","sameAs":["https:\/\/nebula.org\/whole-genome-sequencing\/"],"url":"https:\/\/nebula.org\/blog\/pt-br\/author\/garrett-dunlap\/"}]}},"_links":{"self":[{"href":"https:\/\/nebula.org\/blog\/pt-br\/wp-json\/wp\/v2\/posts\/13214","targetHints":{"allow":["GET"]}}],"collection":[{"href":"https:\/\/nebula.org\/blog\/pt-br\/wp-json\/wp\/v2\/posts"}],"about":[{"href":"https:\/\/nebula.org\/blog\/pt-br\/wp-json\/wp\/v2\/types\/post"}],"author":[{"embeddable":true,"href":"https:\/\/nebula.org\/blog\/pt-br\/wp-json\/wp\/v2\/users\/12"}],"replies":[{"embeddable":true,"href":"https:\/\/nebula.org\/blog\/pt-br\/wp-json\/wp\/v2\/comments?post=13214"}],"version-history":[{"count":0,"href":"https:\/\/nebula.org\/blog\/pt-br\/wp-json\/wp\/v2\/posts\/13214\/revisions"}],"wp:featuredmedia":[{"embeddable":true,"href":"https:\/\/nebula.org\/blog\/pt-br\/wp-json\/wp\/v2\/media\/13225"}],"wp:attachment":[{"href":"https:\/\/nebula.org\/blog\/pt-br\/wp-json\/wp\/v2\/media?parent=13214"}],"wp:term":[{"taxonomy":"category","embeddable":true,"href":"https:\/\/nebula.org\/blog\/pt-br\/wp-json\/wp\/v2\/categories?post=13214"},{"taxonomy":"post_tag","embeddable":true,"href":"https:\/\/nebula.org\/blog\/pt-br\/wp-json\/wp\/v2\/tags?post=13214"}],"curies":[{"name":"wp","href":"https:\/\/api.w.org\/{rel}","templated":true}]}}