{"id":13426,"date":"2021-01-31T22:14:20","date_gmt":"2021-02-01T03:14:20","guid":{"rendered":"https:\/\/nebula.org\/blog\/genetica-da-doenca-arterial-periferica-klarin-2019\/"},"modified":"2021-02-20T20:49:05","modified_gmt":"2021-02-21T01:49:05","slug":"genetica-da-doenca-arterial-periferica-klarin-2019","status":"publish","type":"post","link":"https:\/\/nebula.org\/blog\/pt-br\/genetica-da-doenca-arterial-periferica-klarin-2019\/","title":{"rendered":"Doen\u00e7a arterial perif\u00e9rica (Klarin, 2019)"},"content":{"rendered":"\n<p><strong>T\u00cdTULO DO ESTUDO:<\/strong><a href=\"https:\/\/www.nature.com\/articles\/s41591-019-0492-5\"> Estudo de associa\u00e7\u00e3o de todo o genoma de doen\u00e7a arterial perif\u00e9rica no Programa Million Veteran<\/a><\/p>\n\n<p><strong>RESUMO:<\/strong> O risco de doen\u00e7a arterial perif\u00e9rica \u00e9 aumentado por variantes gen\u00e9ticas associadas aos n\u00edveis de colesterol LDL.<br\/><\/p>\n\n<p><strong>DESCRI\u00c7\u00c3O:<\/strong> A doen\u00e7a arterial perif\u00e9rica (DAP) \u00e9 o estreitamento das art\u00e9rias nas pernas, est\u00f4mago, bra\u00e7os ou cabe\u00e7a. Geralmente \u00e9 causada pelo ac\u00famulo de placas (de gorduras, colesterol ou outras subst\u00e2ncias) nas art\u00e9rias e pode levar a um ataque card\u00edaco ou derrame. A predisposi\u00e7\u00e3o para doen\u00e7a arterial perif\u00e9rica \u00e9 conhecida por ser influenciada pela gen\u00e9tica, mas poucas variantes foram identificadas. Este estudo procurou variantes gen\u00e9ticas que aumentam o risco de PAD em 243.060 veteranos militares de ascend\u00eancia europeia, africana e hisp\u00e2nica. Muitas das variantes identificadas tamb\u00e9m foram associadas a n\u00edveis mais elevados de colesterol de lipoprote\u00edna de baixa densidade (LDL) no sangue. O colesterol LDL \u00e9 freq\u00fcentemente referido como colesterol &#8220;ruim&#8221; e pode causar a forma\u00e7\u00e3o de placas nas art\u00e9rias.<\/p>\n\n<p><strong>VOC\u00ca SABIA?<\/strong> Voc\u00ea pode reduzir seus n\u00edveis de colesterol LDL (e, portanto, seu risco de PAD) eliminando as gorduras trans (\u00f3leo parcialmente hidrogenado) de sua dieta. Perder peso, praticar exerc\u00edcios regularmente e limitar o consumo de \u00e1lcool tamb\u00e9m pode reduzir os n\u00edveis de colesterol LDL e o risco de PAD. [<a href=\"https:\/\/www.mayoclinic.org\/diseases-conditions\/high-blood-cholesterol\/in-depth\/reduce-cholesterol\/art-20045935\"> FONTE<\/a> ]<\/p>\n\n<p><strong>RESULTADOS DE AMOSTRA:<\/strong> Saiba mais sobre o<a href=\"https:\/\/nebula.org\/blog\/pt-br\/nebula-library-unlocking-genetic-research\/\"> Nebula Research Library<\/a> .<\/p>\n\n<figure class=\"wp-block-image size-large\"><a href=\"https:\/\/nebula.org\/free-dna-upload-analysis\/\"><img decoding=\"async\" width=\"1024\" height=\"375\" src=\"https:\/\/nebula.org\/blog\/wp-content\/uploads\/2020\/01\/Nebula-personalized-results-genomics-1024x375.png\" alt=\"Relat&#xF3;rio de amostra de doen&#xE7;a arterial perif&#xE9;rica.\" class=\"wp-image-1066\" srcset=\"https:\/\/nebula.org\/blog\/wp-content\/uploads\/2020\/01\/Nebula-personalized-results-genomics-1024x375.png 1024w, https:\/\/nebula.org\/blog\/wp-content\/uploads\/2020\/01\/Nebula-personalized-results-genomics-300x110.png 300w, https:\/\/nebula.org\/blog\/wp-content\/uploads\/2020\/01\/Nebula-personalized-results-genomics-768x281.png 768w, https:\/\/nebula.org\/blog\/wp-content\/uploads\/2020\/01\/Nebula-personalized-results-genomics-1536x562.png 1536w, https:\/\/nebula.org\/blog\/wp-content\/uploads\/2020\/01\/Nebula-personalized-results-genomics.png 924w\" sizes=\"(max-width: 1024px) 100vw, 1024px\" \/><\/a><\/figure>\n\n<p><\/p>\n\n<p><strong>VARIANTES ASSOCIADOS A PAD:<\/strong> rs118039278, rs1537372, rs10851907, rs6025, rs2107595, rs7528419, rs11066301, rs4722172, rs7903146, rs505922, rs138294113, rs62084752, rs3130968, rs1975514, rs7476, rs4842266, rs322, rs566125, rs55784307<\/p>\n\n<p><strong>RECURSOS ADICIONAIS:<\/strong> <br\/><a href=\"https:\/\/www.heart.org\/en\/health-topics\/peripheral-artery-disease\/about-peripheral-artery-disease-pad\">Vis\u00e3o geral da doen\u00e7a arterial perif\u00e9rica<\/a><br\/><a href=\"https:\/\/medlineplus.gov\/ldlthebadcholesterol.html\">Colesterol \u201cRuim\u201d<\/a><\/p>\n\n<p><strong>ATUALIZA\u00c7\u00c3O SEMANAL:<\/strong> 26 de julho de 2019<\/p>\n","protected":false},"excerpt":{"rendered":"<p>T\u00cdTULO DO ESTUDO: Estudo de associa\u00e7\u00e3o de todo o genoma de doen\u00e7a arterial perif\u00e9rica no Programa Million Veteran RESUMO: O risco de doen\u00e7a arterial perif\u00e9rica \u00e9 aumentado por variantes gen\u00e9ticas associadas aos n\u00edveis de colesterol LDL. DESCRI\u00c7\u00c3O: A doen\u00e7a arterial &hellip;<\/p>\n<p class=\"read-more\"> <a class=\"ast-button\" href=\"https:\/\/nebula.org\/blog\/pt-br\/genetica-da-doenca-arterial-periferica-klarin-2019\/\"> <span class=\"screen-reader-text\">Doen\u00e7a arterial perif\u00e9rica (Klarin, 2019)<\/span> Leia mais \u00bb<\/a><\/p>\n","protected":false},"author":12,"featured_media":13110,"comment_status":"closed","ping_status":"open","sticky":false,"template":"","format":"standard","meta":{"om_disable_all_campaigns":false,"site-sidebar-layout":"default","site-content-layout":"default","ast-global-header-display":"","ast-banner-title-visibility":"","ast-main-header-display":"","ast-hfb-above-header-display":"","ast-hfb-below-header-display":"","ast-hfb-mobile-header-display":"","site-post-title":"","ast-breadcrumbs-content":"","ast-featured-img":"","footer-sml-layout":"","theme-transparent-header-meta":"default","adv-header-id-meta":"","stick-header-meta":"","header-above-stick-meta":"","header-main-stick-meta":"","header-below-stick-meta":"","_FSMCFIC_featured_image_caption":"","_FSMCFIC_featured_image_nocaption":"","_FSMCFIC_featured_image_hide":"","footnotes":""},"categories":[4999],"tags":[],"class_list":["post-13426","post","type-post","status-publish","format-standard","has-post-thumbnail","hentry","category-reports-pt-br"],"yoast_head":"<!-- This site is optimized with the Yoast SEO plugin v20.13 - https:\/\/yoast.com\/wordpress\/plugins\/seo\/ -->\n<title>A gen\u00e9tica da doen\u00e7a arterial perif\u00e9rica (Klarin, 2019)<\/title>\n<meta name=\"description\" content=\"O risco de doen\u00e7a arterial perif\u00e9rica, que \u00e9 o estreitamento das art\u00e9rias, \u00e9 aumentado por variantes gen\u00e9ticas associadas aos n\u00edveis de colesterol LDL.\" \/>\n<meta name=\"robots\" content=\"index, follow, max-snippet:-1, max-image-preview:large, max-video-preview:-1\" \/>\n<link rel=\"canonical\" href=\"https:\/\/nebula.org\/blog\/pt-br\/genetica-da-doenca-arterial-periferica-klarin-2019\/\" \/>\n<meta property=\"og:locale\" content=\"pt_BR\" \/>\n<meta property=\"og:type\" content=\"article\" \/>\n<meta property=\"og:title\" content=\"A gen\u00e9tica da doen\u00e7a arterial perif\u00e9rica (Klarin, 2019)\" \/>\n<meta property=\"og:description\" content=\"O risco de doen\u00e7a arterial perif\u00e9rica, que \u00e9 o estreitamento das art\u00e9rias, \u00e9 aumentado por variantes gen\u00e9ticas associadas aos n\u00edveis de colesterol LDL.\" \/>\n<meta property=\"og:url\" content=\"https:\/\/nebula.org\/blog\/pt-br\/genetica-da-doenca-arterial-periferica-klarin-2019\/\" \/>\n<meta property=\"og:site_name\" content=\"Nebula Genomics Blog\" \/>\n<meta property=\"article:publisher\" content=\"https:\/\/facebook.com\/nebulagenomics\" \/>\n<meta property=\"article:published_time\" content=\"2021-02-01T03:14:20+00:00\" \/>\n<meta property=\"article:modified_time\" content=\"2021-02-21T01:49:05+00:00\" \/>\n<meta property=\"og:image\" content=\"https:\/\/nebula.org\/blog\/wp-content\/uploads\/2020\/01\/doctor_stethoscope_pad-scaled.jpg\" \/>\n\t<meta property=\"og:image:width\" content=\"924\" \/>\n\t<meta property=\"og:image:height\" content=\"520\" \/>\n\t<meta property=\"og:image:type\" content=\"image\/jpeg\" \/>\n<meta name=\"author\" content=\"Garrett Dunlap, B.S.\" \/>\n<meta name=\"twitter:card\" content=\"summary_large_image\" \/>\n<meta name=\"twitter:image\" content=\"http:\/\/nebula.org\/blog\/wp-content\/uploads\/2020\/01\/doctor_stethoscope_pad-scaled.jpg\" \/>\n<meta name=\"twitter:creator\" content=\"@nebulagenomics\" \/>\n<meta name=\"twitter:site\" content=\"@nebulagenomics\" \/>\n<meta name=\"twitter:label1\" content=\"Escrito por\" \/>\n\t<meta name=\"twitter:data1\" content=\"Garrett Dunlap, B.S.\" \/>\n\t<meta name=\"twitter:label2\" content=\"Est. tempo de leitura\" \/>\n\t<meta name=\"twitter:data2\" content=\"1 minuto\" \/>\n<script type=\"application\/ld+json\" class=\"yoast-schema-graph\">{\"@context\":\"https:\/\/schema.org\",\"@graph\":[{\"@type\":\"Article\",\"@id\":\"https:\/\/nebula.org\/blog\/pt-br\/genetica-da-doenca-arterial-periferica-klarin-2019\/#article\",\"isPartOf\":{\"@id\":\"https:\/\/nebula.org\/blog\/pt-br\/genetica-da-doenca-arterial-periferica-klarin-2019\/\"},\"author\":{\"name\":\"Garrett Dunlap, B.S.\",\"@id\":\"https:\/\/nebula.org\/blog\/pt-br\/#\/schema\/person\/b7bd0a490f115d1d931c33eed922af4e\"},\"headline\":\"Doen\u00e7a arterial perif\u00e9rica (Klarin, 2019)\",\"datePublished\":\"2021-02-01T03:14:20+00:00\",\"dateModified\":\"2021-02-21T01:49:05+00:00\",\"mainEntityOfPage\":{\"@id\":\"https:\/\/nebula.org\/blog\/pt-br\/genetica-da-doenca-arterial-periferica-klarin-2019\/\"},\"wordCount\":294,\"publisher\":{\"@id\":\"https:\/\/nebula.org\/blog\/pt-br\/#organization\"},\"articleSection\":[\"Reports\"],\"inLanguage\":\"pt-BR\"},{\"@type\":\"WebPage\",\"@id\":\"https:\/\/nebula.org\/blog\/pt-br\/genetica-da-doenca-arterial-periferica-klarin-2019\/\",\"url\":\"https:\/\/nebula.org\/blog\/pt-br\/genetica-da-doenca-arterial-periferica-klarin-2019\/\",\"name\":\"A gen\u00e9tica da doen\u00e7a arterial perif\u00e9rica (Klarin, 2019)\",\"isPartOf\":{\"@id\":\"https:\/\/nebula.org\/blog\/pt-br\/#website\"},\"datePublished\":\"2021-02-01T03:14:20+00:00\",\"dateModified\":\"2021-02-21T01:49:05+00:00\",\"description\":\"O risco de doen\u00e7a arterial perif\u00e9rica, que \u00e9 o estreitamento das art\u00e9rias, \u00e9 aumentado por variantes gen\u00e9ticas associadas aos n\u00edveis de colesterol LDL.\",\"breadcrumb\":{\"@id\":\"https:\/\/nebula.org\/blog\/pt-br\/genetica-da-doenca-arterial-periferica-klarin-2019\/#breadcrumb\"},\"inLanguage\":\"pt-BR\",\"potentialAction\":[{\"@type\":\"ReadAction\",\"target\":[\"https:\/\/nebula.org\/blog\/pt-br\/genetica-da-doenca-arterial-periferica-klarin-2019\/\"]}]},{\"@type\":\"BreadcrumbList\",\"@id\":\"https:\/\/nebula.org\/blog\/pt-br\/genetica-da-doenca-arterial-periferica-klarin-2019\/#breadcrumb\",\"itemListElement\":[{\"@type\":\"ListItem\",\"position\":1,\"name\":\"Home\",\"item\":\"https:\/\/nebula.org\/blog\/pt-br\/\"},{\"@type\":\"ListItem\",\"position\":2,\"name\":\"Doen\u00e7a arterial perif\u00e9rica (Klarin, 2019)\"}]},{\"@type\":\"WebSite\",\"@id\":\"https:\/\/nebula.org\/blog\/pt-br\/#website\",\"url\":\"https:\/\/nebula.org\/blog\/pt-br\/\",\"name\":\"Nebula Genomics Blog\",\"description\":\"\",\"publisher\":{\"@id\":\"https:\/\/nebula.org\/blog\/pt-br\/#organization\"},\"potentialAction\":[{\"@type\":\"SearchAction\",\"target\":{\"@type\":\"EntryPoint\",\"urlTemplate\":\"https:\/\/nebula.org\/blog\/pt-br\/?s={search_term_string}\"},\"query-input\":\"required name=search_term_string\"}],\"inLanguage\":\"pt-BR\"},{\"@type\":\"Organization\",\"@id\":\"https:\/\/nebula.org\/blog\/pt-br\/#organization\",\"name\":\"Nebula Genomics\",\"url\":\"https:\/\/nebula.org\/blog\/pt-br\/\",\"logo\":{\"@type\":\"ImageObject\",\"inLanguage\":\"pt-BR\",\"@id\":\"https:\/\/nebula.org\/blog\/pt-br\/#\/schema\/logo\/image\/\",\"url\":\"\",\"contentUrl\":\"\",\"caption\":\"Nebula Genomics\"},\"image\":{\"@id\":\"https:\/\/nebula.org\/blog\/pt-br\/#\/schema\/logo\/image\/\"},\"sameAs\":[\"https:\/\/facebook.com\/nebulagenomics\",\"https:\/\/twitter.com\/nebulagenomics\",\"https:\/\/www.instagram.com\/nebulagenomics\/\",\"https:\/\/www.linkedin.com\/company\/nebula-genomics\/\",\"https:\/\/en.wikipedia.org\/wiki\/Nebula_Genomics\"]},{\"@type\":\"Person\",\"@id\":\"https:\/\/nebula.org\/blog\/pt-br\/#\/schema\/person\/b7bd0a490f115d1d931c33eed922af4e\",\"name\":\"Garrett Dunlap, B.S.\",\"image\":{\"@type\":\"ImageObject\",\"inLanguage\":\"pt-BR\",\"@id\":\"https:\/\/nebula.org\/blog\/pt-br\/#\/schema\/person\/image\/\",\"url\":\"https:\/\/secure.gravatar.com\/avatar\/32fb6e0dbc7e0bac908b0f23ea6ed5ec?s=96&d=mm&r=g\",\"contentUrl\":\"https:\/\/secure.gravatar.com\/avatar\/32fb6e0dbc7e0bac908b0f23ea6ed5ec?s=96&d=mm&r=g\",\"caption\":\"Garrett Dunlap, B.S.\"},\"description\":\"Garrett Dunlap earned a B.S. in Biology from Case Western Reserve University with a minor in Political Science. He earned an M.S. and is currently a Ph.D. Candidate in the Biological and Biomedical Sciences (BBS) Ph.D. program at Harvard University.\u00a0He has experience in science policy as an intern at the Science and Innovation Network where he assisted in the science diplomacy functions of the British Consulate-General and as a research associate at TScan Therapeutics. He is also interested in science communication and writing. You can read more about Garrett's experience and publications on LinkedIn and ORCID.\",\"sameAs\":[\"https:\/\/nebula.org\/whole-genome-sequencing\/\"],\"url\":\"https:\/\/nebula.org\/blog\/pt-br\/author\/garrett-dunlap\/\"}]}<\/script>\n<!-- \/ Yoast SEO plugin. -->","yoast_head_json":{"title":"A gen\u00e9tica da doen\u00e7a arterial perif\u00e9rica (Klarin, 2019)","description":"O risco de doen\u00e7a arterial perif\u00e9rica, que \u00e9 o estreitamento das art\u00e9rias, \u00e9 aumentado por variantes gen\u00e9ticas associadas aos n\u00edveis de colesterol LDL.","robots":{"index":"index","follow":"follow","max-snippet":"max-snippet:-1","max-image-preview":"max-image-preview:large","max-video-preview":"max-video-preview:-1"},"canonical":"https:\/\/nebula.org\/blog\/pt-br\/genetica-da-doenca-arterial-periferica-klarin-2019\/","og_locale":"pt_BR","og_type":"article","og_title":"A gen\u00e9tica da doen\u00e7a arterial perif\u00e9rica (Klarin, 2019)","og_description":"O risco de doen\u00e7a arterial perif\u00e9rica, que \u00e9 o estreitamento das art\u00e9rias, \u00e9 aumentado por variantes gen\u00e9ticas associadas aos n\u00edveis de colesterol LDL.","og_url":"https:\/\/nebula.org\/blog\/pt-br\/genetica-da-doenca-arterial-periferica-klarin-2019\/","og_site_name":"Nebula Genomics Blog","article_publisher":"https:\/\/facebook.com\/nebulagenomics","article_published_time":"2021-02-01T03:14:20+00:00","article_modified_time":"2021-02-21T01:49:05+00:00","og_image":[{"width":924,"height":520,"url":"https:\/\/nebula.org\/blog\/wp-content\/uploads\/2020\/01\/doctor_stethoscope_pad-scaled.jpg","type":"image\/jpeg"}],"author":"Garrett Dunlap, B.S.","twitter_card":"summary_large_image","twitter_image":"http:\/\/nebula.org\/blog\/wp-content\/uploads\/2020\/01\/doctor_stethoscope_pad-scaled.jpg","twitter_creator":"@nebulagenomics","twitter_site":"@nebulagenomics","twitter_misc":{"Escrito por":"Garrett Dunlap, B.S.","Est. tempo de leitura":"1 minuto"},"schema":{"@context":"https:\/\/schema.org","@graph":[{"@type":"Article","@id":"https:\/\/nebula.org\/blog\/pt-br\/genetica-da-doenca-arterial-periferica-klarin-2019\/#article","isPartOf":{"@id":"https:\/\/nebula.org\/blog\/pt-br\/genetica-da-doenca-arterial-periferica-klarin-2019\/"},"author":{"name":"Garrett Dunlap, B.S.","@id":"https:\/\/nebula.org\/blog\/pt-br\/#\/schema\/person\/b7bd0a490f115d1d931c33eed922af4e"},"headline":"Doen\u00e7a arterial perif\u00e9rica (Klarin, 2019)","datePublished":"2021-02-01T03:14:20+00:00","dateModified":"2021-02-21T01:49:05+00:00","mainEntityOfPage":{"@id":"https:\/\/nebula.org\/blog\/pt-br\/genetica-da-doenca-arterial-periferica-klarin-2019\/"},"wordCount":294,"publisher":{"@id":"https:\/\/nebula.org\/blog\/pt-br\/#organization"},"articleSection":["Reports"],"inLanguage":"pt-BR"},{"@type":"WebPage","@id":"https:\/\/nebula.org\/blog\/pt-br\/genetica-da-doenca-arterial-periferica-klarin-2019\/","url":"https:\/\/nebula.org\/blog\/pt-br\/genetica-da-doenca-arterial-periferica-klarin-2019\/","name":"A gen\u00e9tica da doen\u00e7a arterial perif\u00e9rica (Klarin, 2019)","isPartOf":{"@id":"https:\/\/nebula.org\/blog\/pt-br\/#website"},"datePublished":"2021-02-01T03:14:20+00:00","dateModified":"2021-02-21T01:49:05+00:00","description":"O risco de doen\u00e7a arterial perif\u00e9rica, que \u00e9 o estreitamento das art\u00e9rias, \u00e9 aumentado por variantes gen\u00e9ticas associadas aos n\u00edveis de colesterol LDL.","breadcrumb":{"@id":"https:\/\/nebula.org\/blog\/pt-br\/genetica-da-doenca-arterial-periferica-klarin-2019\/#breadcrumb"},"inLanguage":"pt-BR","potentialAction":[{"@type":"ReadAction","target":["https:\/\/nebula.org\/blog\/pt-br\/genetica-da-doenca-arterial-periferica-klarin-2019\/"]}]},{"@type":"BreadcrumbList","@id":"https:\/\/nebula.org\/blog\/pt-br\/genetica-da-doenca-arterial-periferica-klarin-2019\/#breadcrumb","itemListElement":[{"@type":"ListItem","position":1,"name":"Home","item":"https:\/\/nebula.org\/blog\/pt-br\/"},{"@type":"ListItem","position":2,"name":"Doen\u00e7a arterial perif\u00e9rica (Klarin, 2019)"}]},{"@type":"WebSite","@id":"https:\/\/nebula.org\/blog\/pt-br\/#website","url":"https:\/\/nebula.org\/blog\/pt-br\/","name":"Nebula Genomics Blog","description":"","publisher":{"@id":"https:\/\/nebula.org\/blog\/pt-br\/#organization"},"potentialAction":[{"@type":"SearchAction","target":{"@type":"EntryPoint","urlTemplate":"https:\/\/nebula.org\/blog\/pt-br\/?s={search_term_string}"},"query-input":"required name=search_term_string"}],"inLanguage":"pt-BR"},{"@type":"Organization","@id":"https:\/\/nebula.org\/blog\/pt-br\/#organization","name":"Nebula Genomics","url":"https:\/\/nebula.org\/blog\/pt-br\/","logo":{"@type":"ImageObject","inLanguage":"pt-BR","@id":"https:\/\/nebula.org\/blog\/pt-br\/#\/schema\/logo\/image\/","url":"","contentUrl":"","caption":"Nebula Genomics"},"image":{"@id":"https:\/\/nebula.org\/blog\/pt-br\/#\/schema\/logo\/image\/"},"sameAs":["https:\/\/facebook.com\/nebulagenomics","https:\/\/twitter.com\/nebulagenomics","https:\/\/www.instagram.com\/nebulagenomics\/","https:\/\/www.linkedin.com\/company\/nebula-genomics\/","https:\/\/en.wikipedia.org\/wiki\/Nebula_Genomics"]},{"@type":"Person","@id":"https:\/\/nebula.org\/blog\/pt-br\/#\/schema\/person\/b7bd0a490f115d1d931c33eed922af4e","name":"Garrett Dunlap, B.S.","image":{"@type":"ImageObject","inLanguage":"pt-BR","@id":"https:\/\/nebula.org\/blog\/pt-br\/#\/schema\/person\/image\/","url":"https:\/\/secure.gravatar.com\/avatar\/32fb6e0dbc7e0bac908b0f23ea6ed5ec?s=96&d=mm&r=g","contentUrl":"https:\/\/secure.gravatar.com\/avatar\/32fb6e0dbc7e0bac908b0f23ea6ed5ec?s=96&d=mm&r=g","caption":"Garrett Dunlap, B.S."},"description":"Garrett Dunlap earned a B.S. in Biology from Case Western Reserve University with a minor in Political Science. He earned an M.S. and is currently a Ph.D. Candidate in the Biological and Biomedical Sciences (BBS) Ph.D. program at Harvard University.\u00a0He has experience in science policy as an intern at the Science and Innovation Network where he assisted in the science diplomacy functions of the British Consulate-General and as a research associate at TScan Therapeutics. He is also interested in science communication and writing. You can read more about Garrett's experience and publications on LinkedIn and ORCID.","sameAs":["https:\/\/nebula.org\/whole-genome-sequencing\/"],"url":"https:\/\/nebula.org\/blog\/pt-br\/author\/garrett-dunlap\/"}]}},"_links":{"self":[{"href":"https:\/\/nebula.org\/blog\/pt-br\/wp-json\/wp\/v2\/posts\/13426","targetHints":{"allow":["GET"]}}],"collection":[{"href":"https:\/\/nebula.org\/blog\/pt-br\/wp-json\/wp\/v2\/posts"}],"about":[{"href":"https:\/\/nebula.org\/blog\/pt-br\/wp-json\/wp\/v2\/types\/post"}],"author":[{"embeddable":true,"href":"https:\/\/nebula.org\/blog\/pt-br\/wp-json\/wp\/v2\/users\/12"}],"replies":[{"embeddable":true,"href":"https:\/\/nebula.org\/blog\/pt-br\/wp-json\/wp\/v2\/comments?post=13426"}],"version-history":[{"count":0,"href":"https:\/\/nebula.org\/blog\/pt-br\/wp-json\/wp\/v2\/posts\/13426\/revisions"}],"wp:featuredmedia":[{"embeddable":true,"href":"https:\/\/nebula.org\/blog\/pt-br\/wp-json\/wp\/v2\/media\/13110"}],"wp:attachment":[{"href":"https:\/\/nebula.org\/blog\/pt-br\/wp-json\/wp\/v2\/media?parent=13426"}],"wp:term":[{"taxonomy":"category","embeddable":true,"href":"https:\/\/nebula.org\/blog\/pt-br\/wp-json\/wp\/v2\/categories?post=13426"},{"taxonomy":"post_tag","embeddable":true,"href":"https:\/\/nebula.org\/blog\/pt-br\/wp-json\/wp\/v2\/tags?post=13426"}],"curies":[{"name":"wp","href":"https:\/\/api.w.org\/{rel}","templated":true}]}}