{"id":13427,"date":"2021-01-31T22:14:21","date_gmt":"2021-02-01T03:14:21","guid":{"rendered":"https:\/\/nebula.org\/blog\/genetica-de-sars-coronavirus-infeccao-hamano-2005\/"},"modified":"2021-02-20T20:47:07","modified_gmt":"2021-02-21T01:47:07","slug":"genetica-de-sars-coronavirus-infeccao-hamano-2005","status":"publish","type":"post","link":"https:\/\/nebula.org\/blog\/pt-br\/genetica-de-sars-coronavirus-infeccao-hamano-2005\/","title":{"rendered":"Infec\u00e7\u00e3o por coronav\u00edrus SARS (Hamano, 2005)"},"content":{"rendered":"\n<p><strong>T\u00cdTULO DO ESTUDO:<\/strong><a href=\"https:\/\/www.sciencedirect.com\/science\/article\/pii\/S0006291X0500361X?via%3Dihub\"> Polimorfismos de genes indut\u00edveis por interferon OAS-1 e MxA associados com SARS na popula\u00e7\u00e3o vietnamita<\/a><\/p>\n\n<p><strong>RESUMO:<\/strong> Descoberta de uma variante gen\u00e9tica no gene OAS-1 associada ao aumento do risco de s\u00edndrome respirat\u00f3ria aguda grave (SARS)<em> coronav\u00edrus<\/em> infec\u00e7\u00e3o.<\/p>\n\n<p><strong>VIS\u00c3O GERAL:<\/strong> Em 2003, s\u00edndrome respirat\u00f3ria aguda grave (SARS)<em> coronav\u00edrus<\/em> surgiu na China. Ele se espalhou para pa\u00edses da \u00c1sia, Europa e Am\u00e9rica do Norte, levando a um total de aproximadamente 8.000 casos. A SARS \u00e9 uma doen\u00e7a infecciosa que pode causar sintomas semelhantes aos da gripe, incluindo febre, tosse e falta de ar. Embora v\u00e1rios fatores de risco cl\u00ednicos para o desenvolvimento de SARS, como ter mais de 60 anos ou diabetes, tenham sido identificados, pouco se sabe sobre como a gen\u00e9tica afeta a suscetibilidade \u00e0 SARS<em> coronav\u00edrus<\/em> infec\u00e7\u00e3o. Este estudo usou dados gen\u00e9ticos de 147 indiv\u00edduos vietnamitas, 60 dos quais eram pacientes com SARS, e descobriu uma variante gen\u00e9tica (rs2660) no gene OAS-1 que est\u00e1 associada \u00e0 suscetibilidade \u00e0 infec\u00e7\u00e3o com SARS<em> coronav\u00edrus<\/em> . Especificamente, o alelo G da variante rs2660 foi associado ao aumento da suscetibilidade \u00e0 infec\u00e7\u00e3o com o SARS<em> coronav\u00edrus<\/em> . (Observa\u00e7\u00e3o: este estudo n\u00e3o \u00e9 um estudo de associa\u00e7\u00e3o do genoma. Apenas algumas variantes foram genotipadas seletivamente.)<\/p>\n\n<p><strong>VOC\u00ca SABIA?<\/strong> O v\u00edrus SARS-CoV que causou o surto de SARS em 2003 \u00e9 muito semelhante ao SARS-CoV-2, que \u00e9 respons\u00e1vel pela pandemia de doen\u00e7a coronav\u00edrus 2019 (COVID-19). <a rel=\"noreferrer noopener\" href=\"https:\/\/en.wikipedia.org\/wiki\/Severe_acute_respiratory_syndrome_coronavirus_2\" target=\"_blank\">[SOURCE]<\/a><\/p>\n\n<p><strong>RESULTADOS DE AMOSTRA:<\/strong> Saiba mais sobre o<a href=\"https:\/\/nebula.org\/blog\/pt-br\/nebula-library-unlocking-genetic-research\/\"> Nebula Research Library<\/a> . <\/p>\n\n<figure class=\"wp-block-image size-large\"><a href=\"https:\/\/nebula.org\/free-dna-upload-analysis\/\"><img decoding=\"async\" width=\"1024\" height=\"375\" src=\"http:\/\/nebula.org\/blog\/wp-content\/uploads\/2020\/01\/Nebula-personalized-results-genomics-1024x375.png\" alt=\"resultado da amostra de risco de coronav&#xED;rus\" class=\"wp-image-1066\" srcset=\"https:\/\/nebula.org\/blog\/wp-content\/uploads\/2020\/01\/Nebula-personalized-results-genomics-1024x375.png 1024w, https:\/\/nebula.org\/blog\/wp-content\/uploads\/2020\/01\/Nebula-personalized-results-genomics-300x110.png 300w, https:\/\/nebula.org\/blog\/wp-content\/uploads\/2020\/01\/Nebula-personalized-results-genomics-768x281.png 768w, https:\/\/nebula.org\/blog\/wp-content\/uploads\/2020\/01\/Nebula-personalized-results-genomics-1536x562.png 1536w, https:\/\/nebula.org\/blog\/wp-content\/uploads\/2020\/01\/Nebula-personalized-results-genomics.png 924w\" sizes=\"(max-width: 1024px) 100vw, 1024px\" \/><\/a><\/figure>\n\n<p><\/p>\n\n<p><strong>VARIANTES ANALISADAS:<\/strong> rs2660<\/p>\n\n<p><strong>RECURSOS ADICIONAIS:<\/strong><br\/><a rel=\"noreferrer noopener\" href=\"https:\/\/www.nhs.uk\/conditions\/sars\/\" target=\"_blank\">S\u00edndrome respirat\u00f3ria aguda grave (SARS)<\/a><br\/><a rel=\"noreferrer noopener\" href=\"https:\/\/www.bbc.com\/news\/magazine-23710697\" target=\"_blank\">SARS: As pessoas que arriscaram suas vidas para deter o v\u00edrus<\/a><\/p>\n\n<p><strong>ATUALIZA\u00c7\u00c3O SEMANAL:<\/strong> 23 de mar\u00e7o de 2020<\/p>\n\n<p>Para atualiza\u00e7\u00f5es sobre a gen\u00e9tica de COVID-19, visite:<a href=\"https:\/\/nebula.org\/blog\/pt-br\/category\/science-pt-br\/\"> https:\/\/nebula.org\/blog\/category\/science\/<\/a><\/p>\n\n<p>Voc\u00ea pode aprender mais sobre<a href=\"https:\/\/nebula.org\/blog\/pt-br\/testes-de-coronavirus\/\"> testes caseiros de coronav\u00edrus<\/a> em nossa revis\u00e3o!<\/p>\n","protected":false},"excerpt":{"rendered":"<p>T\u00cdTULO DO ESTUDO: Polimorfismos de genes indut\u00edveis por interferon OAS-1 e MxA associados com SARS na popula\u00e7\u00e3o vietnamita RESUMO: Descoberta de uma variante gen\u00e9tica no gene OAS-1 associada ao aumento do risco de s\u00edndrome respirat\u00f3ria aguda grave (SARS) coronav\u00edrus infec\u00e7\u00e3o. &hellip;<\/p>\n<p class=\"read-more\"> <a class=\"ast-button\" href=\"https:\/\/nebula.org\/blog\/pt-br\/genetica-de-sars-coronavirus-infeccao-hamano-2005\/\"> <span class=\"screen-reader-text\">Infec\u00e7\u00e3o por coronav\u00edrus SARS (Hamano, 2005)<\/span> Leia mais \u00bb<\/a><\/p>\n","protected":false},"author":12,"featured_media":13429,"comment_status":"closed","ping_status":"open","sticky":false,"template":"","format":"standard","meta":{"om_disable_all_campaigns":false,"site-sidebar-layout":"default","site-content-layout":"default","ast-global-header-display":"","ast-banner-title-visibility":"","ast-main-header-display":"","ast-hfb-above-header-display":"","ast-hfb-below-header-display":"","ast-hfb-mobile-header-display":"","site-post-title":"","ast-breadcrumbs-content":"","ast-featured-img":"","footer-sml-layout":"","theme-transparent-header-meta":"default","adv-header-id-meta":"","stick-header-meta":"","header-above-stick-meta":"","header-main-stick-meta":"","header-below-stick-meta":"","_FSMCFIC_featured_image_caption":"","_FSMCFIC_featured_image_nocaption":"","_FSMCFIC_featured_image_hide":"","footnotes":""},"categories":[4999],"tags":[],"class_list":["post-13427","post","type-post","status-publish","format-standard","has-post-thumbnail","hentry","category-reports-pt-br"],"yoast_head":"<!-- This site is optimized with the Yoast SEO plugin v20.13 - https:\/\/yoast.com\/wordpress\/plugins\/seo\/ -->\n<title>A gen\u00e9tica da infec\u00e7\u00e3o por coronav\u00edrus SARS (Hamano, 2005)<\/title>\n<meta name=\"description\" content=\"Carregue seus dados de DNA, explore as variantes gen\u00e9ticas ligadas \u00e0 infec\u00e7\u00e3o por coronav\u00edrus SARS (Hamano, 2005) e descubra sua pontua\u00e7\u00e3o polig\u00eanica.\" \/>\n<meta name=\"robots\" content=\"index, follow, max-snippet:-1, max-image-preview:large, max-video-preview:-1\" \/>\n<link rel=\"canonical\" href=\"https:\/\/nebula.org\/blog\/pt-br\/genetica-de-sars-coronavirus-infeccao-hamano-2005\/\" \/>\n<meta property=\"og:locale\" content=\"pt_BR\" \/>\n<meta property=\"og:type\" content=\"article\" \/>\n<meta property=\"og:title\" content=\"A gen\u00e9tica da infec\u00e7\u00e3o por coronav\u00edrus SARS (Hamano, 2005)\" \/>\n<meta property=\"og:description\" content=\"Carregue seus dados de DNA, explore as variantes gen\u00e9ticas ligadas \u00e0 infec\u00e7\u00e3o por coronav\u00edrus SARS (Hamano, 2005) e descubra sua pontua\u00e7\u00e3o polig\u00eanica.\" \/>\n<meta property=\"og:url\" content=\"https:\/\/nebula.org\/blog\/pt-br\/genetica-de-sars-coronavirus-infeccao-hamano-2005\/\" \/>\n<meta property=\"og:site_name\" content=\"Nebula Genomics Blog\" \/>\n<meta property=\"article:publisher\" content=\"https:\/\/facebook.com\/nebulagenomics\" \/>\n<meta property=\"article:published_time\" content=\"2021-02-01T03:14:21+00:00\" \/>\n<meta property=\"article:modified_time\" content=\"2021-02-21T01:47:07+00:00\" \/>\n<meta property=\"og:image\" content=\"https:\/\/nebula.org\/blog\/wp-content\/uploads\/2020\/03\/cdc-k0KRNtqcjfw-unsplash-scaled.jpg\" \/>\n\t<meta property=\"og:image:width\" content=\"924\" \/>\n\t<meta property=\"og:image:height\" content=\"520\" \/>\n\t<meta property=\"og:image:type\" content=\"image\/jpeg\" \/>\n<meta name=\"author\" content=\"Garrett Dunlap, B.S.\" \/>\n<meta name=\"twitter:card\" content=\"summary_large_image\" \/>\n<meta name=\"twitter:creator\" content=\"@nebulagenomics\" \/>\n<meta name=\"twitter:site\" content=\"@nebulagenomics\" \/>\n<meta name=\"twitter:label1\" content=\"Escrito por\" \/>\n\t<meta name=\"twitter:data1\" content=\"Garrett Dunlap, B.S.\" \/>\n\t<meta name=\"twitter:label2\" content=\"Est. tempo de leitura\" \/>\n\t<meta name=\"twitter:data2\" content=\"2 minutos\" \/>\n<script type=\"application\/ld+json\" class=\"yoast-schema-graph\">{\"@context\":\"https:\/\/schema.org\",\"@graph\":[{\"@type\":\"Article\",\"@id\":\"https:\/\/nebula.org\/blog\/pt-br\/genetica-de-sars-coronavirus-infeccao-hamano-2005\/#article\",\"isPartOf\":{\"@id\":\"https:\/\/nebula.org\/blog\/pt-br\/genetica-de-sars-coronavirus-infeccao-hamano-2005\/\"},\"author\":{\"name\":\"Garrett Dunlap, B.S.\",\"@id\":\"https:\/\/nebula.org\/blog\/pt-br\/#\/schema\/person\/b7bd0a490f115d1d931c33eed922af4e\"},\"headline\":\"Infec\u00e7\u00e3o por coronav\u00edrus SARS (Hamano, 2005)\",\"datePublished\":\"2021-02-01T03:14:21+00:00\",\"dateModified\":\"2021-02-21T01:47:07+00:00\",\"mainEntityOfPage\":{\"@id\":\"https:\/\/nebula.org\/blog\/pt-br\/genetica-de-sars-coronavirus-infeccao-hamano-2005\/\"},\"wordCount\":327,\"publisher\":{\"@id\":\"https:\/\/nebula.org\/blog\/pt-br\/#organization\"},\"articleSection\":[\"Reports\"],\"inLanguage\":\"pt-BR\"},{\"@type\":\"WebPage\",\"@id\":\"https:\/\/nebula.org\/blog\/pt-br\/genetica-de-sars-coronavirus-infeccao-hamano-2005\/\",\"url\":\"https:\/\/nebula.org\/blog\/pt-br\/genetica-de-sars-coronavirus-infeccao-hamano-2005\/\",\"name\":\"A gen\u00e9tica da infec\u00e7\u00e3o por coronav\u00edrus SARS (Hamano, 2005)\",\"isPartOf\":{\"@id\":\"https:\/\/nebula.org\/blog\/pt-br\/#website\"},\"datePublished\":\"2021-02-01T03:14:21+00:00\",\"dateModified\":\"2021-02-21T01:47:07+00:00\",\"description\":\"Carregue seus dados de DNA, explore as variantes gen\u00e9ticas ligadas \u00e0 infec\u00e7\u00e3o por coronav\u00edrus SARS (Hamano, 2005) e descubra sua pontua\u00e7\u00e3o polig\u00eanica.\",\"breadcrumb\":{\"@id\":\"https:\/\/nebula.org\/blog\/pt-br\/genetica-de-sars-coronavirus-infeccao-hamano-2005\/#breadcrumb\"},\"inLanguage\":\"pt-BR\",\"potentialAction\":[{\"@type\":\"ReadAction\",\"target\":[\"https:\/\/nebula.org\/blog\/pt-br\/genetica-de-sars-coronavirus-infeccao-hamano-2005\/\"]}]},{\"@type\":\"BreadcrumbList\",\"@id\":\"https:\/\/nebula.org\/blog\/pt-br\/genetica-de-sars-coronavirus-infeccao-hamano-2005\/#breadcrumb\",\"itemListElement\":[{\"@type\":\"ListItem\",\"position\":1,\"name\":\"Home\",\"item\":\"https:\/\/nebula.org\/blog\/pt-br\/\"},{\"@type\":\"ListItem\",\"position\":2,\"name\":\"Infec\u00e7\u00e3o por coronav\u00edrus SARS (Hamano, 2005)\"}]},{\"@type\":\"WebSite\",\"@id\":\"https:\/\/nebula.org\/blog\/pt-br\/#website\",\"url\":\"https:\/\/nebula.org\/blog\/pt-br\/\",\"name\":\"Nebula Genomics Blog\",\"description\":\"\",\"publisher\":{\"@id\":\"https:\/\/nebula.org\/blog\/pt-br\/#organization\"},\"potentialAction\":[{\"@type\":\"SearchAction\",\"target\":{\"@type\":\"EntryPoint\",\"urlTemplate\":\"https:\/\/nebula.org\/blog\/pt-br\/?s={search_term_string}\"},\"query-input\":\"required name=search_term_string\"}],\"inLanguage\":\"pt-BR\"},{\"@type\":\"Organization\",\"@id\":\"https:\/\/nebula.org\/blog\/pt-br\/#organization\",\"name\":\"Nebula Genomics\",\"url\":\"https:\/\/nebula.org\/blog\/pt-br\/\",\"logo\":{\"@type\":\"ImageObject\",\"inLanguage\":\"pt-BR\",\"@id\":\"https:\/\/nebula.org\/blog\/pt-br\/#\/schema\/logo\/image\/\",\"url\":\"\",\"contentUrl\":\"\",\"caption\":\"Nebula Genomics\"},\"image\":{\"@id\":\"https:\/\/nebula.org\/blog\/pt-br\/#\/schema\/logo\/image\/\"},\"sameAs\":[\"https:\/\/facebook.com\/nebulagenomics\",\"https:\/\/twitter.com\/nebulagenomics\",\"https:\/\/www.instagram.com\/nebulagenomics\/\",\"https:\/\/www.linkedin.com\/company\/nebula-genomics\/\",\"https:\/\/en.wikipedia.org\/wiki\/Nebula_Genomics\"]},{\"@type\":\"Person\",\"@id\":\"https:\/\/nebula.org\/blog\/pt-br\/#\/schema\/person\/b7bd0a490f115d1d931c33eed922af4e\",\"name\":\"Garrett Dunlap, B.S.\",\"image\":{\"@type\":\"ImageObject\",\"inLanguage\":\"pt-BR\",\"@id\":\"https:\/\/nebula.org\/blog\/pt-br\/#\/schema\/person\/image\/\",\"url\":\"https:\/\/secure.gravatar.com\/avatar\/32fb6e0dbc7e0bac908b0f23ea6ed5ec?s=96&d=mm&r=g\",\"contentUrl\":\"https:\/\/secure.gravatar.com\/avatar\/32fb6e0dbc7e0bac908b0f23ea6ed5ec?s=96&d=mm&r=g\",\"caption\":\"Garrett Dunlap, B.S.\"},\"description\":\"Garrett Dunlap earned a B.S. in Biology from Case Western Reserve University with a minor in Political Science. He earned an M.S. and is currently a Ph.D. Candidate in the Biological and Biomedical Sciences (BBS) Ph.D. program at Harvard University.\u00a0He has experience in science policy as an intern at the Science and Innovation Network where he assisted in the science diplomacy functions of the British Consulate-General and as a research associate at TScan Therapeutics. He is also interested in science communication and writing. You can read more about Garrett's experience and publications on LinkedIn and ORCID.\",\"sameAs\":[\"https:\/\/nebula.org\/whole-genome-sequencing\/\"],\"url\":\"https:\/\/nebula.org\/blog\/pt-br\/author\/garrett-dunlap\/\"}]}<\/script>\n<!-- \/ Yoast SEO plugin. -->","yoast_head_json":{"title":"A gen\u00e9tica da infec\u00e7\u00e3o por coronav\u00edrus SARS (Hamano, 2005)","description":"Carregue seus dados de DNA, explore as variantes gen\u00e9ticas ligadas \u00e0 infec\u00e7\u00e3o por coronav\u00edrus SARS (Hamano, 2005) e descubra sua pontua\u00e7\u00e3o polig\u00eanica.","robots":{"index":"index","follow":"follow","max-snippet":"max-snippet:-1","max-image-preview":"max-image-preview:large","max-video-preview":"max-video-preview:-1"},"canonical":"https:\/\/nebula.org\/blog\/pt-br\/genetica-de-sars-coronavirus-infeccao-hamano-2005\/","og_locale":"pt_BR","og_type":"article","og_title":"A gen\u00e9tica da infec\u00e7\u00e3o por coronav\u00edrus SARS (Hamano, 2005)","og_description":"Carregue seus dados de DNA, explore as variantes gen\u00e9ticas ligadas \u00e0 infec\u00e7\u00e3o por coronav\u00edrus SARS (Hamano, 2005) e descubra sua pontua\u00e7\u00e3o polig\u00eanica.","og_url":"https:\/\/nebula.org\/blog\/pt-br\/genetica-de-sars-coronavirus-infeccao-hamano-2005\/","og_site_name":"Nebula Genomics Blog","article_publisher":"https:\/\/facebook.com\/nebulagenomics","article_published_time":"2021-02-01T03:14:21+00:00","article_modified_time":"2021-02-21T01:47:07+00:00","og_image":[{"width":924,"height":520,"url":"https:\/\/nebula.org\/blog\/wp-content\/uploads\/2020\/03\/cdc-k0KRNtqcjfw-unsplash-scaled.jpg","type":"image\/jpeg"}],"author":"Garrett Dunlap, B.S.","twitter_card":"summary_large_image","twitter_creator":"@nebulagenomics","twitter_site":"@nebulagenomics","twitter_misc":{"Escrito por":"Garrett Dunlap, B.S.","Est. tempo de leitura":"2 minutos"},"schema":{"@context":"https:\/\/schema.org","@graph":[{"@type":"Article","@id":"https:\/\/nebula.org\/blog\/pt-br\/genetica-de-sars-coronavirus-infeccao-hamano-2005\/#article","isPartOf":{"@id":"https:\/\/nebula.org\/blog\/pt-br\/genetica-de-sars-coronavirus-infeccao-hamano-2005\/"},"author":{"name":"Garrett Dunlap, B.S.","@id":"https:\/\/nebula.org\/blog\/pt-br\/#\/schema\/person\/b7bd0a490f115d1d931c33eed922af4e"},"headline":"Infec\u00e7\u00e3o por coronav\u00edrus SARS (Hamano, 2005)","datePublished":"2021-02-01T03:14:21+00:00","dateModified":"2021-02-21T01:47:07+00:00","mainEntityOfPage":{"@id":"https:\/\/nebula.org\/blog\/pt-br\/genetica-de-sars-coronavirus-infeccao-hamano-2005\/"},"wordCount":327,"publisher":{"@id":"https:\/\/nebula.org\/blog\/pt-br\/#organization"},"articleSection":["Reports"],"inLanguage":"pt-BR"},{"@type":"WebPage","@id":"https:\/\/nebula.org\/blog\/pt-br\/genetica-de-sars-coronavirus-infeccao-hamano-2005\/","url":"https:\/\/nebula.org\/blog\/pt-br\/genetica-de-sars-coronavirus-infeccao-hamano-2005\/","name":"A gen\u00e9tica da infec\u00e7\u00e3o por coronav\u00edrus SARS (Hamano, 2005)","isPartOf":{"@id":"https:\/\/nebula.org\/blog\/pt-br\/#website"},"datePublished":"2021-02-01T03:14:21+00:00","dateModified":"2021-02-21T01:47:07+00:00","description":"Carregue seus dados de DNA, explore as variantes gen\u00e9ticas ligadas \u00e0 infec\u00e7\u00e3o por coronav\u00edrus SARS (Hamano, 2005) e descubra sua pontua\u00e7\u00e3o polig\u00eanica.","breadcrumb":{"@id":"https:\/\/nebula.org\/blog\/pt-br\/genetica-de-sars-coronavirus-infeccao-hamano-2005\/#breadcrumb"},"inLanguage":"pt-BR","potentialAction":[{"@type":"ReadAction","target":["https:\/\/nebula.org\/blog\/pt-br\/genetica-de-sars-coronavirus-infeccao-hamano-2005\/"]}]},{"@type":"BreadcrumbList","@id":"https:\/\/nebula.org\/blog\/pt-br\/genetica-de-sars-coronavirus-infeccao-hamano-2005\/#breadcrumb","itemListElement":[{"@type":"ListItem","position":1,"name":"Home","item":"https:\/\/nebula.org\/blog\/pt-br\/"},{"@type":"ListItem","position":2,"name":"Infec\u00e7\u00e3o por coronav\u00edrus SARS (Hamano, 2005)"}]},{"@type":"WebSite","@id":"https:\/\/nebula.org\/blog\/pt-br\/#website","url":"https:\/\/nebula.org\/blog\/pt-br\/","name":"Nebula Genomics Blog","description":"","publisher":{"@id":"https:\/\/nebula.org\/blog\/pt-br\/#organization"},"potentialAction":[{"@type":"SearchAction","target":{"@type":"EntryPoint","urlTemplate":"https:\/\/nebula.org\/blog\/pt-br\/?s={search_term_string}"},"query-input":"required name=search_term_string"}],"inLanguage":"pt-BR"},{"@type":"Organization","@id":"https:\/\/nebula.org\/blog\/pt-br\/#organization","name":"Nebula Genomics","url":"https:\/\/nebula.org\/blog\/pt-br\/","logo":{"@type":"ImageObject","inLanguage":"pt-BR","@id":"https:\/\/nebula.org\/blog\/pt-br\/#\/schema\/logo\/image\/","url":"","contentUrl":"","caption":"Nebula Genomics"},"image":{"@id":"https:\/\/nebula.org\/blog\/pt-br\/#\/schema\/logo\/image\/"},"sameAs":["https:\/\/facebook.com\/nebulagenomics","https:\/\/twitter.com\/nebulagenomics","https:\/\/www.instagram.com\/nebulagenomics\/","https:\/\/www.linkedin.com\/company\/nebula-genomics\/","https:\/\/en.wikipedia.org\/wiki\/Nebula_Genomics"]},{"@type":"Person","@id":"https:\/\/nebula.org\/blog\/pt-br\/#\/schema\/person\/b7bd0a490f115d1d931c33eed922af4e","name":"Garrett Dunlap, B.S.","image":{"@type":"ImageObject","inLanguage":"pt-BR","@id":"https:\/\/nebula.org\/blog\/pt-br\/#\/schema\/person\/image\/","url":"https:\/\/secure.gravatar.com\/avatar\/32fb6e0dbc7e0bac908b0f23ea6ed5ec?s=96&d=mm&r=g","contentUrl":"https:\/\/secure.gravatar.com\/avatar\/32fb6e0dbc7e0bac908b0f23ea6ed5ec?s=96&d=mm&r=g","caption":"Garrett Dunlap, B.S."},"description":"Garrett Dunlap earned a B.S. in Biology from Case Western Reserve University with a minor in Political Science. He earned an M.S. and is currently a Ph.D. Candidate in the Biological and Biomedical Sciences (BBS) Ph.D. program at Harvard University.\u00a0He has experience in science policy as an intern at the Science and Innovation Network where he assisted in the science diplomacy functions of the British Consulate-General and as a research associate at TScan Therapeutics. He is also interested in science communication and writing. You can read more about Garrett's experience and publications on LinkedIn and ORCID.","sameAs":["https:\/\/nebula.org\/whole-genome-sequencing\/"],"url":"https:\/\/nebula.org\/blog\/pt-br\/author\/garrett-dunlap\/"}]}},"_links":{"self":[{"href":"https:\/\/nebula.org\/blog\/pt-br\/wp-json\/wp\/v2\/posts\/13427","targetHints":{"allow":["GET"]}}],"collection":[{"href":"https:\/\/nebula.org\/blog\/pt-br\/wp-json\/wp\/v2\/posts"}],"about":[{"href":"https:\/\/nebula.org\/blog\/pt-br\/wp-json\/wp\/v2\/types\/post"}],"author":[{"embeddable":true,"href":"https:\/\/nebula.org\/blog\/pt-br\/wp-json\/wp\/v2\/users\/12"}],"replies":[{"embeddable":true,"href":"https:\/\/nebula.org\/blog\/pt-br\/wp-json\/wp\/v2\/comments?post=13427"}],"version-history":[{"count":0,"href":"https:\/\/nebula.org\/blog\/pt-br\/wp-json\/wp\/v2\/posts\/13427\/revisions"}],"wp:featuredmedia":[{"embeddable":true,"href":"https:\/\/nebula.org\/blog\/pt-br\/wp-json\/wp\/v2\/media\/13429"}],"wp:attachment":[{"href":"https:\/\/nebula.org\/blog\/pt-br\/wp-json\/wp\/v2\/media?parent=13427"}],"wp:term":[{"taxonomy":"category","embeddable":true,"href":"https:\/\/nebula.org\/blog\/pt-br\/wp-json\/wp\/v2\/categories?post=13427"},{"taxonomy":"post_tag","embeddable":true,"href":"https:\/\/nebula.org\/blog\/pt-br\/wp-json\/wp\/v2\/tags?post=13427"}],"curies":[{"name":"wp","href":"https:\/\/api.w.org\/{rel}","templated":true}]}}