{"id":13431,"date":"2021-01-31T22:14:23","date_gmt":"2021-02-01T03:14:23","guid":{"rendered":"https:\/\/nebula.org\/blog\/genetica-de-cancer-de-prostata-schumacher-2011\/"},"modified":"2021-02-20T20:34:42","modified_gmt":"2021-02-21T01:34:42","slug":"genetica-de-cancer-de-prostata-schumacher-2011","status":"publish","type":"post","link":"https:\/\/nebula.org\/blog\/pt-br\/genetica-de-cancer-de-prostata-schumacher-2011\/","title":{"rendered":"C\u00e2ncer de pr\u00f3stata (Schumacher, 2011)"},"content":{"rendered":"\n<p><strong>T\u00cdTULO DO ESTUDO:<\/strong><a href=\"https:\/\/www.ncbi.nlm.nih.gov\/pmc\/articles\/PMC3168287\/\"> Estudo de associa\u00e7\u00e3o do genoma identifica novos loci de suscetibilidade ao c\u00e2ncer de pr\u00f3stata<\/a><\/p>\n\n<p><strong>RESUMO:<\/strong> O c\u00e2ncer de pr\u00f3stata pode estar ligado a variantes no gene MLPH e genes que codificam prote\u00ednas de filamentos citoplasm\u00e1ticos.<br\/><\/p>\n\n<p><strong>DESCRI\u00c7\u00c3O:<\/strong> O c\u00e2ncer de pr\u00f3stata \u00e9 o tipo mais comum entre os homens, depois do c\u00e2ncer de pele. Ocorre na pr\u00f3stata &#8211; uma gl\u00e2ndula masculina que produz o fluido seminal. Para identificar novas variantes gen\u00e9ticas associadas a esta doen\u00e7a, este estudo examinou os genomas de 7.240 indiv\u00edduos. A variante mais significativa encontrada foi no gene MLPH, que desempenha um papel essencial no desenvolvimento da pigmenta\u00e7\u00e3o da pele e do cabelo. O estudo tamb\u00e9m identificou variantes em genes pr\u00f3ximos que desempenham um papel na forma\u00e7\u00e3o de filamentos citoplasm\u00e1ticos, que s\u00e3o fitas de mol\u00e9culas de prote\u00ednas importantes para a forma, movimento e sinaliza\u00e7\u00e3o celular.<\/p>\n\n<p><strong>VOC\u00ca SABIA?<\/strong> Embora n\u00e3o existam m\u00e9todos de preven\u00e7\u00e3o conhecidos, um estilo de vida saud\u00e1vel deve reduzir o risco de contrair esta doen\u00e7a. Aumentar as frutas e vegetais ao mesmo tempo que reduz os latic\u00ednios na dieta e fazer exerc\u00edcios por 30 minutos na maioria dos dias da semana pode ajudar a prevenir esta doen\u00e7a. [<a href=\"https:\/\/www.mayoclinic.org\/diseases-conditions\/prostate-cancer\/in-depth\/prostate-cancer-prevention\/art-20045641\"> FONTE<\/a> ]<\/p>\n\n<p><strong>RESULTADOS DE AMOSTRA:<\/strong> Saiba mais sobre o<a href=\"https:\/\/nebula.org\/blog\/pt-br\/nebula-library-unlocking-genetic-research\/\"> Nebula Research Library<\/a> .<\/p>\n\n<figure class=\"wp-block-image size-large\"><a href=\"https:\/\/nebula.org\/free-dna-upload-analysis\/\"><img decoding=\"async\" width=\"1024\" height=\"375\" src=\"https:\/\/nebula.org\/blog\/wp-content\/uploads\/2020\/01\/Nebula-personalized-results-genomics-1024x375.png\" alt=\"Resultados de amostras de c&#xE2;ncer de pr&#xF3;stata.\" class=\"wp-image-1066\" srcset=\"https:\/\/nebula.org\/blog\/wp-content\/uploads\/2020\/01\/Nebula-personalized-results-genomics-1024x375.png 1024w, https:\/\/nebula.org\/blog\/wp-content\/uploads\/2020\/01\/Nebula-personalized-results-genomics-300x110.png 300w, https:\/\/nebula.org\/blog\/wp-content\/uploads\/2020\/01\/Nebula-personalized-results-genomics-768x281.png 768w, https:\/\/nebula.org\/blog\/wp-content\/uploads\/2020\/01\/Nebula-personalized-results-genomics-1536x562.png 1536w, https:\/\/nebula.org\/blog\/wp-content\/uploads\/2020\/01\/Nebula-personalized-results-genomics.png 924w\" sizes=\"(max-width: 1024px) 100vw, 1024px\" \/><\/a><\/figure>\n\n<p><\/p>\n\n<p><strong>VARIANTES ASSOCIADAS AO C\u00c2NCER DE PR\u00d3STATA:<\/strong> rs651164, rs13252298, rs7629490, rs11228594, rs902774, rs742134, rs2292884<\/p>\n\n<p><strong>RECURSOS ADICIONAIS:<\/strong> <br\/><a href=\"https:\/\/www.cancer.org\/cancer\/prostate-cancer.html\">Vis\u00e3o geral do c\u00e2ncer de pr\u00f3stata<\/a><br\/><a href=\"https:\/\/en.wikipedia.org\/wiki\/Cytoplasm\">Citoplasma<\/a><br\/><a href=\"http:\/\/www.biologydiscussion.com\/biology\/cytoplasmic-filaments-composition-distribution-and-functions\/4325\">Filamentos Citoplasm\u00e1ticos<\/a><\/p>\n\n<p><strong>ATUALIZA\u00c7\u00c3O SEMANAL:<\/strong> 23 de julho de 2019<\/p>\n\n<p><\/p>\n","protected":false},"excerpt":{"rendered":"<p>T\u00cdTULO DO ESTUDO: Estudo de associa\u00e7\u00e3o do genoma identifica novos loci de suscetibilidade ao c\u00e2ncer de pr\u00f3stata RESUMO: O c\u00e2ncer de pr\u00f3stata pode estar ligado a variantes no gene MLPH e genes que codificam prote\u00ednas de filamentos citoplasm\u00e1ticos. DESCRI\u00c7\u00c3O: O &hellip;<\/p>\n<p class=\"read-more\"> <a class=\"ast-button\" href=\"https:\/\/nebula.org\/blog\/pt-br\/genetica-de-cancer-de-prostata-schumacher-2011\/\"> <span class=\"screen-reader-text\">C\u00e2ncer de pr\u00f3stata (Schumacher, 2011)<\/span> Leia mais \u00bb<\/a><\/p>\n","protected":false},"author":12,"featured_media":13090,"comment_status":"closed","ping_status":"closed","sticky":false,"template":"","format":"standard","meta":{"om_disable_all_campaigns":false,"site-sidebar-layout":"default","site-content-layout":"default","ast-global-header-display":"","ast-banner-title-visibility":"","ast-main-header-display":"","ast-hfb-above-header-display":"","ast-hfb-below-header-display":"","ast-hfb-mobile-header-display":"","site-post-title":"","ast-breadcrumbs-content":"","ast-featured-img":"","footer-sml-layout":"","theme-transparent-header-meta":"default","adv-header-id-meta":"","stick-header-meta":"default","header-above-stick-meta":"","header-main-stick-meta":"","header-below-stick-meta":"","_FSMCFIC_featured_image_caption":"","_FSMCFIC_featured_image_nocaption":"","_FSMCFIC_featured_image_hide":"","footnotes":""},"categories":[4999],"tags":[],"class_list":["post-13431","post","type-post","status-publish","format-standard","has-post-thumbnail","hentry","category-reports-pt-br"],"yoast_head":"<!-- This site is optimized with the Yoast SEO plugin v20.13 - https:\/\/yoast.com\/wordpress\/plugins\/seo\/ -->\n<title>A gen\u00e9tica do c\u00e2ncer de pr\u00f3stata (Schumacher, 2011)<\/title>\n<meta name=\"description\" content=\"O c\u00e2ncer de pr\u00f3stata \u00e9 o c\u00e2ncer mais comum entre os homens. Pode estar ligada a variantes no gene MLPH e genes que codificam prote\u00ednas de filamentos citoplasm\u00e1ticos.\" \/>\n<meta name=\"robots\" content=\"index, follow, max-snippet:-1, max-image-preview:large, max-video-preview:-1\" \/>\n<link rel=\"canonical\" href=\"https:\/\/nebula.org\/blog\/pt-br\/genetica-de-cancer-de-prostata-schumacher-2011\/\" \/>\n<meta property=\"og:locale\" content=\"pt_BR\" \/>\n<meta property=\"og:type\" content=\"article\" \/>\n<meta property=\"og:title\" content=\"A gen\u00e9tica do c\u00e2ncer de pr\u00f3stata (Schumacher, 2011)\" \/>\n<meta property=\"og:description\" content=\"O c\u00e2ncer de pr\u00f3stata \u00e9 o c\u00e2ncer mais comum entre os homens. Pode estar ligada a variantes no gene MLPH e genes que codificam prote\u00ednas de filamentos citoplasm\u00e1ticos.\" \/>\n<meta property=\"og:url\" content=\"https:\/\/nebula.org\/blog\/pt-br\/genetica-de-cancer-de-prostata-schumacher-2011\/\" \/>\n<meta property=\"og:site_name\" content=\"Nebula Genomics Blog\" \/>\n<meta property=\"article:publisher\" content=\"https:\/\/facebook.com\/nebulagenomics\" \/>\n<meta property=\"article:published_time\" content=\"2021-02-01T03:14:23+00:00\" \/>\n<meta property=\"article:modified_time\" content=\"2021-02-21T01:34:42+00:00\" \/>\n<meta property=\"og:image\" content=\"https:\/\/nebula.org\/blog\/wp-content\/uploads\/2020\/01\/doctor_patient_prostate_cancer-scaled.jpg\" \/>\n\t<meta property=\"og:image:width\" content=\"924\" \/>\n\t<meta property=\"og:image:height\" content=\"616\" \/>\n\t<meta property=\"og:image:type\" content=\"image\/jpeg\" \/>\n<meta name=\"author\" content=\"Garrett Dunlap, B.S.\" \/>\n<meta name=\"twitter:card\" content=\"summary_large_image\" \/>\n<meta name=\"twitter:image\" content=\"http:\/\/nebula.org\/blog\/wp-content\/uploads\/2020\/01\/pancreatic_cancer_iv_bag-scaled.jpg\" \/>\n<meta name=\"twitter:creator\" content=\"@nebulagenomics\" \/>\n<meta name=\"twitter:site\" content=\"@nebulagenomics\" \/>\n<meta name=\"twitter:label1\" content=\"Escrito por\" \/>\n\t<meta name=\"twitter:data1\" content=\"Garrett Dunlap, B.S.\" \/>\n\t<meta name=\"twitter:label2\" content=\"Est. tempo de leitura\" \/>\n\t<meta name=\"twitter:data2\" content=\"1 minuto\" \/>\n<script type=\"application\/ld+json\" class=\"yoast-schema-graph\">{\"@context\":\"https:\/\/schema.org\",\"@graph\":[{\"@type\":\"Article\",\"@id\":\"https:\/\/nebula.org\/blog\/pt-br\/genetica-de-cancer-de-prostata-schumacher-2011\/#article\",\"isPartOf\":{\"@id\":\"https:\/\/nebula.org\/blog\/pt-br\/genetica-de-cancer-de-prostata-schumacher-2011\/\"},\"author\":{\"name\":\"Garrett Dunlap, B.S.\",\"@id\":\"https:\/\/nebula.org\/blog\/pt-br\/#\/schema\/person\/b7bd0a490f115d1d931c33eed922af4e\"},\"headline\":\"C\u00e2ncer de pr\u00f3stata (Schumacher, 2011)\",\"datePublished\":\"2021-02-01T03:14:23+00:00\",\"dateModified\":\"2021-02-21T01:34:42+00:00\",\"mainEntityOfPage\":{\"@id\":\"https:\/\/nebula.org\/blog\/pt-br\/genetica-de-cancer-de-prostata-schumacher-2011\/\"},\"wordCount\":278,\"publisher\":{\"@id\":\"https:\/\/nebula.org\/blog\/pt-br\/#organization\"},\"articleSection\":[\"Reports\"],\"inLanguage\":\"pt-BR\"},{\"@type\":\"WebPage\",\"@id\":\"https:\/\/nebula.org\/blog\/pt-br\/genetica-de-cancer-de-prostata-schumacher-2011\/\",\"url\":\"https:\/\/nebula.org\/blog\/pt-br\/genetica-de-cancer-de-prostata-schumacher-2011\/\",\"name\":\"A gen\u00e9tica do c\u00e2ncer de pr\u00f3stata (Schumacher, 2011)\",\"isPartOf\":{\"@id\":\"https:\/\/nebula.org\/blog\/pt-br\/#website\"},\"datePublished\":\"2021-02-01T03:14:23+00:00\",\"dateModified\":\"2021-02-21T01:34:42+00:00\",\"description\":\"O c\u00e2ncer de pr\u00f3stata \u00e9 o c\u00e2ncer mais comum entre os homens. Pode estar ligada a variantes no gene MLPH e genes que codificam prote\u00ednas de filamentos citoplasm\u00e1ticos.\",\"breadcrumb\":{\"@id\":\"https:\/\/nebula.org\/blog\/pt-br\/genetica-de-cancer-de-prostata-schumacher-2011\/#breadcrumb\"},\"inLanguage\":\"pt-BR\",\"potentialAction\":[{\"@type\":\"ReadAction\",\"target\":[\"https:\/\/nebula.org\/blog\/pt-br\/genetica-de-cancer-de-prostata-schumacher-2011\/\"]}]},{\"@type\":\"BreadcrumbList\",\"@id\":\"https:\/\/nebula.org\/blog\/pt-br\/genetica-de-cancer-de-prostata-schumacher-2011\/#breadcrumb\",\"itemListElement\":[{\"@type\":\"ListItem\",\"position\":1,\"name\":\"Home\",\"item\":\"https:\/\/nebula.org\/blog\/pt-br\/\"},{\"@type\":\"ListItem\",\"position\":2,\"name\":\"C\u00e2ncer de pr\u00f3stata (Schumacher, 2011)\"}]},{\"@type\":\"WebSite\",\"@id\":\"https:\/\/nebula.org\/blog\/pt-br\/#website\",\"url\":\"https:\/\/nebula.org\/blog\/pt-br\/\",\"name\":\"Nebula Genomics Blog\",\"description\":\"\",\"publisher\":{\"@id\":\"https:\/\/nebula.org\/blog\/pt-br\/#organization\"},\"potentialAction\":[{\"@type\":\"SearchAction\",\"target\":{\"@type\":\"EntryPoint\",\"urlTemplate\":\"https:\/\/nebula.org\/blog\/pt-br\/?s={search_term_string}\"},\"query-input\":\"required name=search_term_string\"}],\"inLanguage\":\"pt-BR\"},{\"@type\":\"Organization\",\"@id\":\"https:\/\/nebula.org\/blog\/pt-br\/#organization\",\"name\":\"Nebula Genomics\",\"url\":\"https:\/\/nebula.org\/blog\/pt-br\/\",\"logo\":{\"@type\":\"ImageObject\",\"inLanguage\":\"pt-BR\",\"@id\":\"https:\/\/nebula.org\/blog\/pt-br\/#\/schema\/logo\/image\/\",\"url\":\"\",\"contentUrl\":\"\",\"caption\":\"Nebula Genomics\"},\"image\":{\"@id\":\"https:\/\/nebula.org\/blog\/pt-br\/#\/schema\/logo\/image\/\"},\"sameAs\":[\"https:\/\/facebook.com\/nebulagenomics\",\"https:\/\/twitter.com\/nebulagenomics\",\"https:\/\/www.instagram.com\/nebulagenomics\/\",\"https:\/\/www.linkedin.com\/company\/nebula-genomics\/\",\"https:\/\/en.wikipedia.org\/wiki\/Nebula_Genomics\"]},{\"@type\":\"Person\",\"@id\":\"https:\/\/nebula.org\/blog\/pt-br\/#\/schema\/person\/b7bd0a490f115d1d931c33eed922af4e\",\"name\":\"Garrett Dunlap, B.S.\",\"image\":{\"@type\":\"ImageObject\",\"inLanguage\":\"pt-BR\",\"@id\":\"https:\/\/nebula.org\/blog\/pt-br\/#\/schema\/person\/image\/\",\"url\":\"https:\/\/secure.gravatar.com\/avatar\/32fb6e0dbc7e0bac908b0f23ea6ed5ec?s=96&d=mm&r=g\",\"contentUrl\":\"https:\/\/secure.gravatar.com\/avatar\/32fb6e0dbc7e0bac908b0f23ea6ed5ec?s=96&d=mm&r=g\",\"caption\":\"Garrett Dunlap, B.S.\"},\"description\":\"Garrett Dunlap earned a B.S. in Biology from Case Western Reserve University with a minor in Political Science. He earned an M.S. and is currently a Ph.D. Candidate in the Biological and Biomedical Sciences (BBS) Ph.D. program at Harvard University.\u00a0He has experience in science policy as an intern at the Science and Innovation Network where he assisted in the science diplomacy functions of the British Consulate-General and as a research associate at TScan Therapeutics. He is also interested in science communication and writing. You can read more about Garrett's experience and publications on LinkedIn and ORCID.\",\"sameAs\":[\"https:\/\/nebula.org\/whole-genome-sequencing\/\"],\"url\":\"https:\/\/nebula.org\/blog\/pt-br\/author\/garrett-dunlap\/\"}]}<\/script>\n<!-- \/ Yoast SEO plugin. -->","yoast_head_json":{"title":"A gen\u00e9tica do c\u00e2ncer de pr\u00f3stata (Schumacher, 2011)","description":"O c\u00e2ncer de pr\u00f3stata \u00e9 o c\u00e2ncer mais comum entre os homens. Pode estar ligada a variantes no gene MLPH e genes que codificam prote\u00ednas de filamentos citoplasm\u00e1ticos.","robots":{"index":"index","follow":"follow","max-snippet":"max-snippet:-1","max-image-preview":"max-image-preview:large","max-video-preview":"max-video-preview:-1"},"canonical":"https:\/\/nebula.org\/blog\/pt-br\/genetica-de-cancer-de-prostata-schumacher-2011\/","og_locale":"pt_BR","og_type":"article","og_title":"A gen\u00e9tica do c\u00e2ncer de pr\u00f3stata (Schumacher, 2011)","og_description":"O c\u00e2ncer de pr\u00f3stata \u00e9 o c\u00e2ncer mais comum entre os homens. Pode estar ligada a variantes no gene MLPH e genes que codificam prote\u00ednas de filamentos citoplasm\u00e1ticos.","og_url":"https:\/\/nebula.org\/blog\/pt-br\/genetica-de-cancer-de-prostata-schumacher-2011\/","og_site_name":"Nebula Genomics Blog","article_publisher":"https:\/\/facebook.com\/nebulagenomics","article_published_time":"2021-02-01T03:14:23+00:00","article_modified_time":"2021-02-21T01:34:42+00:00","og_image":[{"width":924,"height":616,"url":"https:\/\/nebula.org\/blog\/wp-content\/uploads\/2020\/01\/doctor_patient_prostate_cancer-scaled.jpg","type":"image\/jpeg"}],"author":"Garrett Dunlap, B.S.","twitter_card":"summary_large_image","twitter_image":"http:\/\/nebula.org\/blog\/wp-content\/uploads\/2020\/01\/pancreatic_cancer_iv_bag-scaled.jpg","twitter_creator":"@nebulagenomics","twitter_site":"@nebulagenomics","twitter_misc":{"Escrito por":"Garrett Dunlap, B.S.","Est. tempo de leitura":"1 minuto"},"schema":{"@context":"https:\/\/schema.org","@graph":[{"@type":"Article","@id":"https:\/\/nebula.org\/blog\/pt-br\/genetica-de-cancer-de-prostata-schumacher-2011\/#article","isPartOf":{"@id":"https:\/\/nebula.org\/blog\/pt-br\/genetica-de-cancer-de-prostata-schumacher-2011\/"},"author":{"name":"Garrett Dunlap, B.S.","@id":"https:\/\/nebula.org\/blog\/pt-br\/#\/schema\/person\/b7bd0a490f115d1d931c33eed922af4e"},"headline":"C\u00e2ncer de pr\u00f3stata (Schumacher, 2011)","datePublished":"2021-02-01T03:14:23+00:00","dateModified":"2021-02-21T01:34:42+00:00","mainEntityOfPage":{"@id":"https:\/\/nebula.org\/blog\/pt-br\/genetica-de-cancer-de-prostata-schumacher-2011\/"},"wordCount":278,"publisher":{"@id":"https:\/\/nebula.org\/blog\/pt-br\/#organization"},"articleSection":["Reports"],"inLanguage":"pt-BR"},{"@type":"WebPage","@id":"https:\/\/nebula.org\/blog\/pt-br\/genetica-de-cancer-de-prostata-schumacher-2011\/","url":"https:\/\/nebula.org\/blog\/pt-br\/genetica-de-cancer-de-prostata-schumacher-2011\/","name":"A gen\u00e9tica do c\u00e2ncer de pr\u00f3stata (Schumacher, 2011)","isPartOf":{"@id":"https:\/\/nebula.org\/blog\/pt-br\/#website"},"datePublished":"2021-02-01T03:14:23+00:00","dateModified":"2021-02-21T01:34:42+00:00","description":"O c\u00e2ncer de pr\u00f3stata \u00e9 o c\u00e2ncer mais comum entre os homens. Pode estar ligada a variantes no gene MLPH e genes que codificam prote\u00ednas de filamentos citoplasm\u00e1ticos.","breadcrumb":{"@id":"https:\/\/nebula.org\/blog\/pt-br\/genetica-de-cancer-de-prostata-schumacher-2011\/#breadcrumb"},"inLanguage":"pt-BR","potentialAction":[{"@type":"ReadAction","target":["https:\/\/nebula.org\/blog\/pt-br\/genetica-de-cancer-de-prostata-schumacher-2011\/"]}]},{"@type":"BreadcrumbList","@id":"https:\/\/nebula.org\/blog\/pt-br\/genetica-de-cancer-de-prostata-schumacher-2011\/#breadcrumb","itemListElement":[{"@type":"ListItem","position":1,"name":"Home","item":"https:\/\/nebula.org\/blog\/pt-br\/"},{"@type":"ListItem","position":2,"name":"C\u00e2ncer de pr\u00f3stata (Schumacher, 2011)"}]},{"@type":"WebSite","@id":"https:\/\/nebula.org\/blog\/pt-br\/#website","url":"https:\/\/nebula.org\/blog\/pt-br\/","name":"Nebula Genomics Blog","description":"","publisher":{"@id":"https:\/\/nebula.org\/blog\/pt-br\/#organization"},"potentialAction":[{"@type":"SearchAction","target":{"@type":"EntryPoint","urlTemplate":"https:\/\/nebula.org\/blog\/pt-br\/?s={search_term_string}"},"query-input":"required name=search_term_string"}],"inLanguage":"pt-BR"},{"@type":"Organization","@id":"https:\/\/nebula.org\/blog\/pt-br\/#organization","name":"Nebula Genomics","url":"https:\/\/nebula.org\/blog\/pt-br\/","logo":{"@type":"ImageObject","inLanguage":"pt-BR","@id":"https:\/\/nebula.org\/blog\/pt-br\/#\/schema\/logo\/image\/","url":"","contentUrl":"","caption":"Nebula Genomics"},"image":{"@id":"https:\/\/nebula.org\/blog\/pt-br\/#\/schema\/logo\/image\/"},"sameAs":["https:\/\/facebook.com\/nebulagenomics","https:\/\/twitter.com\/nebulagenomics","https:\/\/www.instagram.com\/nebulagenomics\/","https:\/\/www.linkedin.com\/company\/nebula-genomics\/","https:\/\/en.wikipedia.org\/wiki\/Nebula_Genomics"]},{"@type":"Person","@id":"https:\/\/nebula.org\/blog\/pt-br\/#\/schema\/person\/b7bd0a490f115d1d931c33eed922af4e","name":"Garrett Dunlap, B.S.","image":{"@type":"ImageObject","inLanguage":"pt-BR","@id":"https:\/\/nebula.org\/blog\/pt-br\/#\/schema\/person\/image\/","url":"https:\/\/secure.gravatar.com\/avatar\/32fb6e0dbc7e0bac908b0f23ea6ed5ec?s=96&d=mm&r=g","contentUrl":"https:\/\/secure.gravatar.com\/avatar\/32fb6e0dbc7e0bac908b0f23ea6ed5ec?s=96&d=mm&r=g","caption":"Garrett Dunlap, B.S."},"description":"Garrett Dunlap earned a B.S. in Biology from Case Western Reserve University with a minor in Political Science. He earned an M.S. and is currently a Ph.D. Candidate in the Biological and Biomedical Sciences (BBS) Ph.D. program at Harvard University.\u00a0He has experience in science policy as an intern at the Science and Innovation Network where he assisted in the science diplomacy functions of the British Consulate-General and as a research associate at TScan Therapeutics. He is also interested in science communication and writing. You can read more about Garrett's experience and publications on LinkedIn and ORCID.","sameAs":["https:\/\/nebula.org\/whole-genome-sequencing\/"],"url":"https:\/\/nebula.org\/blog\/pt-br\/author\/garrett-dunlap\/"}]}},"_links":{"self":[{"href":"https:\/\/nebula.org\/blog\/pt-br\/wp-json\/wp\/v2\/posts\/13431","targetHints":{"allow":["GET"]}}],"collection":[{"href":"https:\/\/nebula.org\/blog\/pt-br\/wp-json\/wp\/v2\/posts"}],"about":[{"href":"https:\/\/nebula.org\/blog\/pt-br\/wp-json\/wp\/v2\/types\/post"}],"author":[{"embeddable":true,"href":"https:\/\/nebula.org\/blog\/pt-br\/wp-json\/wp\/v2\/users\/12"}],"replies":[{"embeddable":true,"href":"https:\/\/nebula.org\/blog\/pt-br\/wp-json\/wp\/v2\/comments?post=13431"}],"version-history":[{"count":0,"href":"https:\/\/nebula.org\/blog\/pt-br\/wp-json\/wp\/v2\/posts\/13431\/revisions"}],"wp:featuredmedia":[{"embeddable":true,"href":"https:\/\/nebula.org\/blog\/pt-br\/wp-json\/wp\/v2\/media\/13090"}],"wp:attachment":[{"href":"https:\/\/nebula.org\/blog\/pt-br\/wp-json\/wp\/v2\/media?parent=13431"}],"wp:term":[{"taxonomy":"category","embeddable":true,"href":"https:\/\/nebula.org\/blog\/pt-br\/wp-json\/wp\/v2\/categories?post=13431"},{"taxonomy":"post_tag","embeddable":true,"href":"https:\/\/nebula.org\/blog\/pt-br\/wp-json\/wp\/v2\/tags?post=13431"}],"curies":[{"name":"wp","href":"https:\/\/api.w.org\/{rel}","templated":true}]}}