{"id":13444,"date":"2021-01-31T22:14:27","date_gmt":"2021-02-01T03:14:27","guid":{"rendered":"https:\/\/nebula.org\/blog\/genetica-de-fenda-labio-yun-2019\/"},"modified":"2021-02-20T20:40:50","modified_gmt":"2021-02-21T01:40:50","slug":"genetica-de-fenda-labio-yun-2019","status":"publish","type":"post","link":"https:\/\/nebula.org\/blog\/pt-br\/genetica-de-fenda-labio-yun-2019\/","title":{"rendered":"Cleft Lip (Yun, 2019)"},"content":{"rendered":"\n<p><strong>T\u00cdTULO DO ESTUDO:<\/strong><a href=\"https:\/\/onlinelibrary.wiley.com\/doi\/abs\/10.1002\/humu.23859\"> Rs2262251 em lncRNA RP11-462G12.2 est\u00e1 associado a fenda labial n\u00e3o sindr\u00f4mica com \/ sem fenda palatina<\/a><\/p>\n\n<p><strong>RESUMO:<\/strong> A fenda labial n\u00e3o sindr\u00f4mica com \/ sem palato est\u00e1 associada a uma variante gen\u00e9tica em uma regi\u00e3o longa e n\u00e3o codificadora do genoma.<\/p>\n\n<p><strong>DESCRI\u00c7\u00c3O:<\/strong> A fenda labial n\u00e3o sindr\u00f4mica com \/ sem palato (NSCL \/ P) \u00e9 um dos defeitos de nascen\u00e7a humanos mais comuns. O termo n\u00e3o sindr\u00f4mico indica que esses defeitos n\u00e3o est\u00e3o associados a nenhuma outra anormalidade ou sintoma al\u00e9m daqueles diretamente causados pela doen\u00e7a. Essa condi\u00e7\u00e3o ocorre quando o tecido que forma o l\u00e1bio n\u00e3o se junta completamente, enquanto o palato \u00e9 quando os tecidos que formam o c\u00e9u da boca n\u00e3o se unem. Este estudo examinou 2.573 indiv\u00edduos de uma popula\u00e7\u00e3o chinesa para identificar variantes gen\u00e9ticas associadas a NSCL \/ P. Ele encontrou uma variante significativa em uma longa regi\u00e3o n\u00e3o codificadora do genoma.<\/p>\n\n<p><strong>VOC\u00ca SABIA?<\/strong> A cirurgia muitas vezes pode tratar com sucesso este NSCL \/ P se feita dentro de um ano ap\u00f3s o nascimento. O risco desse defeito cong\u00eanito pode ser diminu\u00eddo tomando \u00e1cido f\u00f3lico e n\u00e3o bebendo ou fumando durante a gravidez. [<a href=\"https:\/\/www.marchofdimes.org\/complications\/cleft-lip-and-cleft-palate.aspx\"> FONTE<\/a> ]<\/p>\n\n<p><strong>RESULTADOS DE AMOSTRA:<\/strong> Saiba mais sobre o<a href=\"https:\/\/nebula.org\/blog\/pt-br\/nebula-library-unlocking-genetic-research\/\"> Nebula Research Library<\/a> .<\/p>\n\n<figure class=\"wp-block-image\"><a href=\"https:\/\/nebula.org\/free-dna-upload-analysis\/\"><img decoding=\"async\" src=\"https:\/\/nebula.org\/blog\/wp-content\/uploads\/2020\/01\/Nebula-personalized-results-genomics-1024x375.png\" alt=\"Resultados da amostra de fissura labial.\"\/><\/a><\/figure>\n\n<p><\/p>\n\n<p><strong>CLEFT LIP-ASSOCIATED VARIANTS:<\/strong> rs2262251<\/p>\n\n<p><strong>RECURSOS ADICIONAIS:<\/strong><br\/><a rel=\"noreferrer noopener\" href=\"https:\/\/www.cdc.gov\/ncbddd\/birthdefects\/cleftlip.html\" target=\"_blank\">Fatos sobre Cleft Lip e<\/a><a rel=\"noreferrer noopener\" href=\"https:\/\/www.cdc.gov\/ncbddd\/birthdefects\/cleftlip.html\" target=\"_blank\"> Palato<\/a><\/p>\n\n<p><strong>ATUALIZA\u00c7\u00c3O SEMANAL:<\/strong> 23 de julho de 2019<\/p>\n\n<p><\/p>\n\n<p><br\/><\/p>\n\n<p><br\/><\/p>\n","protected":false},"excerpt":{"rendered":"<p>T\u00cdTULO DO ESTUDO: Rs2262251 em lncRNA RP11-462G12.2 est\u00e1 associado a fenda labial n\u00e3o sindr\u00f4mica com \/ sem fenda palatina RESUMO: A fenda labial n\u00e3o sindr\u00f4mica com \/ sem palato est\u00e1 associada a uma variante gen\u00e9tica em uma regi\u00e3o longa e &hellip;<\/p>\n<p class=\"read-more\"> <a class=\"ast-button\" href=\"https:\/\/nebula.org\/blog\/pt-br\/genetica-de-fenda-labio-yun-2019\/\"> <span class=\"screen-reader-text\">Cleft Lip (Yun, 2019)<\/span> Leia mais \u00bb<\/a><\/p>\n","protected":false},"author":12,"featured_media":13445,"comment_status":"closed","ping_status":"closed","sticky":false,"template":"","format":"standard","meta":{"om_disable_all_campaigns":false,"site-sidebar-layout":"default","site-content-layout":"default","ast-global-header-display":"","ast-banner-title-visibility":"","ast-main-header-display":"","ast-hfb-above-header-display":"","ast-hfb-below-header-display":"","ast-hfb-mobile-header-display":"","site-post-title":"","ast-breadcrumbs-content":"","ast-featured-img":"","footer-sml-layout":"","theme-transparent-header-meta":"default","adv-header-id-meta":"","stick-header-meta":"default","header-above-stick-meta":"","header-main-stick-meta":"","header-below-stick-meta":"","_FSMCFIC_featured_image_caption":"","_FSMCFIC_featured_image_nocaption":"","_FSMCFIC_featured_image_hide":"","footnotes":""},"categories":[4999],"tags":[],"class_list":["post-13444","post","type-post","status-publish","format-standard","has-post-thumbnail","hentry","category-reports-pt-br"],"yoast_head":"<!-- This site is optimized with the Yoast SEO plugin v20.13 - https:\/\/yoast.com\/wordpress\/plugins\/seo\/ -->\n<title>A gen\u00e9tica do l\u00e1bio leporino (Yun, 2019)<\/title>\n<meta name=\"description\" content=\"A fenda labial n\u00e3o sindr\u00f4mica com \/ sem fenda palatina est\u00e1 associada a uma variante gen\u00e9tica em uma regi\u00e3o longa e n\u00e3o codificadora do genoma.\" \/>\n<meta name=\"robots\" content=\"index, follow, max-snippet:-1, max-image-preview:large, max-video-preview:-1\" \/>\n<link rel=\"canonical\" href=\"https:\/\/nebula.org\/blog\/pt-br\/genetica-de-fenda-labio-yun-2019\/\" \/>\n<meta property=\"og:locale\" content=\"pt_BR\" \/>\n<meta property=\"og:type\" content=\"article\" \/>\n<meta property=\"og:title\" content=\"A gen\u00e9tica do l\u00e1bio leporino (Yun, 2019)\" \/>\n<meta property=\"og:description\" content=\"A fenda labial n\u00e3o sindr\u00f4mica com \/ sem fenda palatina est\u00e1 associada a uma variante gen\u00e9tica em uma regi\u00e3o longa e n\u00e3o codificadora do genoma.\" \/>\n<meta property=\"og:url\" content=\"https:\/\/nebula.org\/blog\/pt-br\/genetica-de-fenda-labio-yun-2019\/\" \/>\n<meta property=\"og:site_name\" content=\"Nebula Genomics Blog\" \/>\n<meta property=\"article:publisher\" content=\"https:\/\/facebook.com\/nebulagenomics\" \/>\n<meta property=\"article:published_time\" content=\"2021-02-01T03:14:27+00:00\" \/>\n<meta property=\"article:modified_time\" content=\"2021-02-21T01:40:50+00:00\" \/>\n<meta property=\"og:image\" content=\"https:\/\/nebula.org\/blog\/wp-content\/uploads\/2020\/02\/joshua-reddekopp-qLFJKFBppPM-unsplash-scaled.jpg\" \/>\n\t<meta property=\"og:image:width\" content=\"924\" \/>\n\t<meta property=\"og:image:height\" content=\"616\" \/>\n\t<meta property=\"og:image:type\" content=\"image\/jpeg\" \/>\n<meta name=\"author\" content=\"Garrett Dunlap, B.S.\" \/>\n<meta name=\"twitter:card\" content=\"summary_large_image\" \/>\n<meta name=\"twitter:creator\" content=\"@nebulagenomics\" \/>\n<meta name=\"twitter:site\" content=\"@nebulagenomics\" \/>\n<meta name=\"twitter:label1\" content=\"Escrito por\" \/>\n\t<meta name=\"twitter:data1\" content=\"Garrett Dunlap, B.S.\" \/>\n\t<meta name=\"twitter:label2\" content=\"Est. tempo de leitura\" \/>\n\t<meta name=\"twitter:data2\" content=\"1 minuto\" \/>\n<script type=\"application\/ld+json\" class=\"yoast-schema-graph\">{\"@context\":\"https:\/\/schema.org\",\"@graph\":[{\"@type\":\"Article\",\"@id\":\"https:\/\/nebula.org\/blog\/pt-br\/genetica-de-fenda-labio-yun-2019\/#article\",\"isPartOf\":{\"@id\":\"https:\/\/nebula.org\/blog\/pt-br\/genetica-de-fenda-labio-yun-2019\/\"},\"author\":{\"name\":\"Garrett Dunlap, B.S.\",\"@id\":\"https:\/\/nebula.org\/blog\/pt-br\/#\/schema\/person\/b7bd0a490f115d1d931c33eed922af4e\"},\"headline\":\"Cleft Lip (Yun, 2019)\",\"datePublished\":\"2021-02-01T03:14:27+00:00\",\"dateModified\":\"2021-02-21T01:40:50+00:00\",\"mainEntityOfPage\":{\"@id\":\"https:\/\/nebula.org\/blog\/pt-br\/genetica-de-fenda-labio-yun-2019\/\"},\"wordCount\":250,\"publisher\":{\"@id\":\"https:\/\/nebula.org\/blog\/pt-br\/#organization\"},\"articleSection\":[\"Reports\"],\"inLanguage\":\"pt-BR\"},{\"@type\":\"WebPage\",\"@id\":\"https:\/\/nebula.org\/blog\/pt-br\/genetica-de-fenda-labio-yun-2019\/\",\"url\":\"https:\/\/nebula.org\/blog\/pt-br\/genetica-de-fenda-labio-yun-2019\/\",\"name\":\"A gen\u00e9tica do l\u00e1bio leporino (Yun, 2019)\",\"isPartOf\":{\"@id\":\"https:\/\/nebula.org\/blog\/pt-br\/#website\"},\"datePublished\":\"2021-02-01T03:14:27+00:00\",\"dateModified\":\"2021-02-21T01:40:50+00:00\",\"description\":\"A fenda labial n\u00e3o sindr\u00f4mica com \/ sem fenda palatina est\u00e1 associada a uma variante gen\u00e9tica em uma regi\u00e3o longa e n\u00e3o codificadora do genoma.\",\"breadcrumb\":{\"@id\":\"https:\/\/nebula.org\/blog\/pt-br\/genetica-de-fenda-labio-yun-2019\/#breadcrumb\"},\"inLanguage\":\"pt-BR\",\"potentialAction\":[{\"@type\":\"ReadAction\",\"target\":[\"https:\/\/nebula.org\/blog\/pt-br\/genetica-de-fenda-labio-yun-2019\/\"]}]},{\"@type\":\"BreadcrumbList\",\"@id\":\"https:\/\/nebula.org\/blog\/pt-br\/genetica-de-fenda-labio-yun-2019\/#breadcrumb\",\"itemListElement\":[{\"@type\":\"ListItem\",\"position\":1,\"name\":\"Home\",\"item\":\"https:\/\/nebula.org\/blog\/pt-br\/\"},{\"@type\":\"ListItem\",\"position\":2,\"name\":\"Cleft Lip (Yun, 2019)\"}]},{\"@type\":\"WebSite\",\"@id\":\"https:\/\/nebula.org\/blog\/pt-br\/#website\",\"url\":\"https:\/\/nebula.org\/blog\/pt-br\/\",\"name\":\"Nebula Genomics Blog\",\"description\":\"\",\"publisher\":{\"@id\":\"https:\/\/nebula.org\/blog\/pt-br\/#organization\"},\"potentialAction\":[{\"@type\":\"SearchAction\",\"target\":{\"@type\":\"EntryPoint\",\"urlTemplate\":\"https:\/\/nebula.org\/blog\/pt-br\/?s={search_term_string}\"},\"query-input\":\"required name=search_term_string\"}],\"inLanguage\":\"pt-BR\"},{\"@type\":\"Organization\",\"@id\":\"https:\/\/nebula.org\/blog\/pt-br\/#organization\",\"name\":\"Nebula Genomics\",\"url\":\"https:\/\/nebula.org\/blog\/pt-br\/\",\"logo\":{\"@type\":\"ImageObject\",\"inLanguage\":\"pt-BR\",\"@id\":\"https:\/\/nebula.org\/blog\/pt-br\/#\/schema\/logo\/image\/\",\"url\":\"\",\"contentUrl\":\"\",\"caption\":\"Nebula Genomics\"},\"image\":{\"@id\":\"https:\/\/nebula.org\/blog\/pt-br\/#\/schema\/logo\/image\/\"},\"sameAs\":[\"https:\/\/facebook.com\/nebulagenomics\",\"https:\/\/twitter.com\/nebulagenomics\",\"https:\/\/www.instagram.com\/nebulagenomics\/\",\"https:\/\/www.linkedin.com\/company\/nebula-genomics\/\",\"https:\/\/en.wikipedia.org\/wiki\/Nebula_Genomics\"]},{\"@type\":\"Person\",\"@id\":\"https:\/\/nebula.org\/blog\/pt-br\/#\/schema\/person\/b7bd0a490f115d1d931c33eed922af4e\",\"name\":\"Garrett Dunlap, B.S.\",\"image\":{\"@type\":\"ImageObject\",\"inLanguage\":\"pt-BR\",\"@id\":\"https:\/\/nebula.org\/blog\/pt-br\/#\/schema\/person\/image\/\",\"url\":\"https:\/\/secure.gravatar.com\/avatar\/32fb6e0dbc7e0bac908b0f23ea6ed5ec?s=96&d=mm&r=g\",\"contentUrl\":\"https:\/\/secure.gravatar.com\/avatar\/32fb6e0dbc7e0bac908b0f23ea6ed5ec?s=96&d=mm&r=g\",\"caption\":\"Garrett Dunlap, B.S.\"},\"description\":\"Garrett Dunlap earned a B.S. in Biology from Case Western Reserve University with a minor in Political Science. He earned an M.S. and is currently a Ph.D. Candidate in the Biological and Biomedical Sciences (BBS) Ph.D. program at Harvard University.\u00a0He has experience in science policy as an intern at the Science and Innovation Network where he assisted in the science diplomacy functions of the British Consulate-General and as a research associate at TScan Therapeutics. He is also interested in science communication and writing. You can read more about Garrett's experience and publications on LinkedIn and ORCID.\",\"sameAs\":[\"https:\/\/nebula.org\/whole-genome-sequencing\/\"],\"url\":\"https:\/\/nebula.org\/blog\/pt-br\/author\/garrett-dunlap\/\"}]}<\/script>\n<!-- \/ Yoast SEO plugin. -->","yoast_head_json":{"title":"A gen\u00e9tica do l\u00e1bio leporino (Yun, 2019)","description":"A fenda labial n\u00e3o sindr\u00f4mica com \/ sem fenda palatina est\u00e1 associada a uma variante gen\u00e9tica em uma regi\u00e3o longa e n\u00e3o codificadora do genoma.","robots":{"index":"index","follow":"follow","max-snippet":"max-snippet:-1","max-image-preview":"max-image-preview:large","max-video-preview":"max-video-preview:-1"},"canonical":"https:\/\/nebula.org\/blog\/pt-br\/genetica-de-fenda-labio-yun-2019\/","og_locale":"pt_BR","og_type":"article","og_title":"A gen\u00e9tica do l\u00e1bio leporino (Yun, 2019)","og_description":"A fenda labial n\u00e3o sindr\u00f4mica com \/ sem fenda palatina est\u00e1 associada a uma variante gen\u00e9tica em uma regi\u00e3o longa e n\u00e3o codificadora do genoma.","og_url":"https:\/\/nebula.org\/blog\/pt-br\/genetica-de-fenda-labio-yun-2019\/","og_site_name":"Nebula Genomics Blog","article_publisher":"https:\/\/facebook.com\/nebulagenomics","article_published_time":"2021-02-01T03:14:27+00:00","article_modified_time":"2021-02-21T01:40:50+00:00","og_image":[{"width":924,"height":616,"url":"https:\/\/nebula.org\/blog\/wp-content\/uploads\/2020\/02\/joshua-reddekopp-qLFJKFBppPM-unsplash-scaled.jpg","type":"image\/jpeg"}],"author":"Garrett Dunlap, B.S.","twitter_card":"summary_large_image","twitter_creator":"@nebulagenomics","twitter_site":"@nebulagenomics","twitter_misc":{"Escrito por":"Garrett Dunlap, B.S.","Est. tempo de leitura":"1 minuto"},"schema":{"@context":"https:\/\/schema.org","@graph":[{"@type":"Article","@id":"https:\/\/nebula.org\/blog\/pt-br\/genetica-de-fenda-labio-yun-2019\/#article","isPartOf":{"@id":"https:\/\/nebula.org\/blog\/pt-br\/genetica-de-fenda-labio-yun-2019\/"},"author":{"name":"Garrett Dunlap, B.S.","@id":"https:\/\/nebula.org\/blog\/pt-br\/#\/schema\/person\/b7bd0a490f115d1d931c33eed922af4e"},"headline":"Cleft Lip (Yun, 2019)","datePublished":"2021-02-01T03:14:27+00:00","dateModified":"2021-02-21T01:40:50+00:00","mainEntityOfPage":{"@id":"https:\/\/nebula.org\/blog\/pt-br\/genetica-de-fenda-labio-yun-2019\/"},"wordCount":250,"publisher":{"@id":"https:\/\/nebula.org\/blog\/pt-br\/#organization"},"articleSection":["Reports"],"inLanguage":"pt-BR"},{"@type":"WebPage","@id":"https:\/\/nebula.org\/blog\/pt-br\/genetica-de-fenda-labio-yun-2019\/","url":"https:\/\/nebula.org\/blog\/pt-br\/genetica-de-fenda-labio-yun-2019\/","name":"A gen\u00e9tica do l\u00e1bio leporino (Yun, 2019)","isPartOf":{"@id":"https:\/\/nebula.org\/blog\/pt-br\/#website"},"datePublished":"2021-02-01T03:14:27+00:00","dateModified":"2021-02-21T01:40:50+00:00","description":"A fenda labial n\u00e3o sindr\u00f4mica com \/ sem fenda palatina est\u00e1 associada a uma variante gen\u00e9tica em uma regi\u00e3o longa e n\u00e3o codificadora do genoma.","breadcrumb":{"@id":"https:\/\/nebula.org\/blog\/pt-br\/genetica-de-fenda-labio-yun-2019\/#breadcrumb"},"inLanguage":"pt-BR","potentialAction":[{"@type":"ReadAction","target":["https:\/\/nebula.org\/blog\/pt-br\/genetica-de-fenda-labio-yun-2019\/"]}]},{"@type":"BreadcrumbList","@id":"https:\/\/nebula.org\/blog\/pt-br\/genetica-de-fenda-labio-yun-2019\/#breadcrumb","itemListElement":[{"@type":"ListItem","position":1,"name":"Home","item":"https:\/\/nebula.org\/blog\/pt-br\/"},{"@type":"ListItem","position":2,"name":"Cleft Lip (Yun, 2019)"}]},{"@type":"WebSite","@id":"https:\/\/nebula.org\/blog\/pt-br\/#website","url":"https:\/\/nebula.org\/blog\/pt-br\/","name":"Nebula Genomics Blog","description":"","publisher":{"@id":"https:\/\/nebula.org\/blog\/pt-br\/#organization"},"potentialAction":[{"@type":"SearchAction","target":{"@type":"EntryPoint","urlTemplate":"https:\/\/nebula.org\/blog\/pt-br\/?s={search_term_string}"},"query-input":"required name=search_term_string"}],"inLanguage":"pt-BR"},{"@type":"Organization","@id":"https:\/\/nebula.org\/blog\/pt-br\/#organization","name":"Nebula Genomics","url":"https:\/\/nebula.org\/blog\/pt-br\/","logo":{"@type":"ImageObject","inLanguage":"pt-BR","@id":"https:\/\/nebula.org\/blog\/pt-br\/#\/schema\/logo\/image\/","url":"","contentUrl":"","caption":"Nebula Genomics"},"image":{"@id":"https:\/\/nebula.org\/blog\/pt-br\/#\/schema\/logo\/image\/"},"sameAs":["https:\/\/facebook.com\/nebulagenomics","https:\/\/twitter.com\/nebulagenomics","https:\/\/www.instagram.com\/nebulagenomics\/","https:\/\/www.linkedin.com\/company\/nebula-genomics\/","https:\/\/en.wikipedia.org\/wiki\/Nebula_Genomics"]},{"@type":"Person","@id":"https:\/\/nebula.org\/blog\/pt-br\/#\/schema\/person\/b7bd0a490f115d1d931c33eed922af4e","name":"Garrett Dunlap, B.S.","image":{"@type":"ImageObject","inLanguage":"pt-BR","@id":"https:\/\/nebula.org\/blog\/pt-br\/#\/schema\/person\/image\/","url":"https:\/\/secure.gravatar.com\/avatar\/32fb6e0dbc7e0bac908b0f23ea6ed5ec?s=96&d=mm&r=g","contentUrl":"https:\/\/secure.gravatar.com\/avatar\/32fb6e0dbc7e0bac908b0f23ea6ed5ec?s=96&d=mm&r=g","caption":"Garrett Dunlap, B.S."},"description":"Garrett Dunlap earned a B.S. in Biology from Case Western Reserve University with a minor in Political Science. He earned an M.S. and is currently a Ph.D. Candidate in the Biological and Biomedical Sciences (BBS) Ph.D. program at Harvard University.\u00a0He has experience in science policy as an intern at the Science and Innovation Network where he assisted in the science diplomacy functions of the British Consulate-General and as a research associate at TScan Therapeutics. He is also interested in science communication and writing. You can read more about Garrett's experience and publications on LinkedIn and ORCID.","sameAs":["https:\/\/nebula.org\/whole-genome-sequencing\/"],"url":"https:\/\/nebula.org\/blog\/pt-br\/author\/garrett-dunlap\/"}]}},"_links":{"self":[{"href":"https:\/\/nebula.org\/blog\/pt-br\/wp-json\/wp\/v2\/posts\/13444","targetHints":{"allow":["GET"]}}],"collection":[{"href":"https:\/\/nebula.org\/blog\/pt-br\/wp-json\/wp\/v2\/posts"}],"about":[{"href":"https:\/\/nebula.org\/blog\/pt-br\/wp-json\/wp\/v2\/types\/post"}],"author":[{"embeddable":true,"href":"https:\/\/nebula.org\/blog\/pt-br\/wp-json\/wp\/v2\/users\/12"}],"replies":[{"embeddable":true,"href":"https:\/\/nebula.org\/blog\/pt-br\/wp-json\/wp\/v2\/comments?post=13444"}],"version-history":[{"count":0,"href":"https:\/\/nebula.org\/blog\/pt-br\/wp-json\/wp\/v2\/posts\/13444\/revisions"}],"wp:featuredmedia":[{"embeddable":true,"href":"https:\/\/nebula.org\/blog\/pt-br\/wp-json\/wp\/v2\/media\/13445"}],"wp:attachment":[{"href":"https:\/\/nebula.org\/blog\/pt-br\/wp-json\/wp\/v2\/media?parent=13444"}],"wp:term":[{"taxonomy":"category","embeddable":true,"href":"https:\/\/nebula.org\/blog\/pt-br\/wp-json\/wp\/v2\/categories?post=13444"},{"taxonomy":"post_tag","embeddable":true,"href":"https:\/\/nebula.org\/blog\/pt-br\/wp-json\/wp\/v2\/tags?post=13444"}],"curies":[{"name":"wp","href":"https:\/\/api.w.org\/{rel}","templated":true}]}}