{"id":13564,"date":"2021-01-31T22:14:54","date_gmt":"2021-02-01T03:14:54","guid":{"rendered":"https:\/\/nebula.org\/blog\/prolapso-de-orgao-pelvico-olafsdottir-2020\/"},"modified":"2021-02-20T20:32:38","modified_gmt":"2021-02-21T01:32:38","slug":"prolapso-de-orgao-pelvico-olafsdottir-2020","status":"publish","type":"post","link":"https:\/\/nebula.org\/blog\/pt-br\/prolapso-de-orgao-pelvico-olafsdottir-2020\/","title":{"rendered":"Prolapso de \u00f3rg\u00e3o p\u00e9lvico (Olafsdottir, 2020)"},"content":{"rendered":"\n<p><strong>T\u00cdTULO DO ESTUDO:<\/strong><a href=\"https:\/\/science.sciencemag.org\/content\/367\/6484\/eaay6690\"> A associa\u00e7\u00e3o do genoma identifica sete loci para prolapso de \u00f3rg\u00e3o p\u00e9lvico na Isl\u00e2ndia e no Reino Unido<\/a><\/p>\n\n<p><strong>RESUMO:<\/strong> Identifica\u00e7\u00e3o de 8 variantes gen\u00e9ticas associadas ao prolapso de \u00f3rg\u00e3os p\u00e9lvicos.<\/p>\n\n<p><strong>VIS\u00c3O GERAL:<\/strong> Os m\u00fasculos que sustentam os \u00f3rg\u00e3os p\u00e9lvicos de uma mulher podem enfraquecer, fazendo com que \u00f3rg\u00e3os como a bexiga e o \u00fatero caiam no<em> p\u00e9lvis<\/em> . Essa condi\u00e7\u00e3o \u00e9 chamada de prolapso de \u00f3rg\u00e3o p\u00e9lvico, que resulta em sintomas como press\u00e3o na regi\u00e3o p\u00e9lvica, problemas intestinais e disfun\u00e7\u00e3o sexual. \u00c9 muito comum, afetando quase 1 em cada 3 mulheres em algum momento da vida. Este estudo de associa\u00e7\u00e3o do genoma examinou mais de 355.000 mulheres de ascend\u00eancia europeia para entender melhor os fatores de risco gen\u00e9ticos para prolapso de \u00f3rg\u00e3os p\u00e9lvicos. O estudo identificou 8 variantes associadas ao prolapso de \u00f3rg\u00e3os p\u00e9lvicos, que coletivamente explicam cerca de 12% da hereditariedade da condi\u00e7\u00e3o. Uma das variantes gen\u00e9ticas descobertas parece afetar o<em> estrog\u00eanio<\/em> via de sinaliza\u00e7\u00e3o, enquanto outra variante influencia a manuten\u00e7\u00e3o do tecido conjuntivo no<em> p\u00e9lvis<\/em> .<\/p>\n\n<p><strong>VOC\u00ca SABIA?<\/strong> O prolapso de \u00f3rg\u00e3os p\u00e9lvicos \u00e9 mais comumente causado pela gravidez e pelo parto. Obesidade, idade avan\u00e7ada e condi\u00e7\u00f5es com tosse frequente tamb\u00e9m s\u00e3o fatores de risco para o desenvolvimento da doen\u00e7a. <a rel=\"noreferrer noopener\" href=\"https:\/\/www.health.harvard.edu\/womens-health\/what-to-do-about-pelvic-organ-prolapse\" target=\"_blank\">[SOURCE]<\/a><\/p>\n\n<p><strong>RESULTADOS DE AMOSTRA:<\/strong> Saiba mais sobre o<a href=\"https:\/\/nebula.org\/blog\/pt-br\/nebula-library-unlocking-genetic-research\/\"> Nebula Research Library<\/a> . <\/p>\n\n<figure class=\"wp-block-image size-large\"><a href=\"https:\/\/nebula.org\/free-dna-upload-analysis\/\"><img decoding=\"async\" width=\"1024\" height=\"375\" src=\"http:\/\/nebula.org\/blog\/wp-content\/uploads\/2020\/01\/Nebula-personalized-results-genomics-1024x375.png\" alt=\"Resultados de amostra para prolapso de &#xF3;rg&#xE3;o p&#xE9;lvico\" class=\"wp-image-1066\" srcset=\"https:\/\/nebula.org\/blog\/wp-content\/uploads\/2020\/01\/Nebula-personalized-results-genomics-1024x375.png 1024w, https:\/\/nebula.org\/blog\/wp-content\/uploads\/2020\/01\/Nebula-personalized-results-genomics-300x110.png 300w, https:\/\/nebula.org\/blog\/wp-content\/uploads\/2020\/01\/Nebula-personalized-results-genomics-768x281.png 768w, https:\/\/nebula.org\/blog\/wp-content\/uploads\/2020\/01\/Nebula-personalized-results-genomics-1536x562.png 1536w, https:\/\/nebula.org\/blog\/wp-content\/uploads\/2020\/01\/Nebula-personalized-results-genomics.png 924w\" sizes=\"(max-width: 1024px) 100vw, 1024px\" \/><\/a><\/figure>\n\n<p><strong>VARIANTES ANALISADAS:<\/strong> rs3820282 rs9306894 rs1430191 rs3791675 rs7682992 rs72624976 rs1247943 rs12325192<\/p>\n\n<p><strong>RECURSOS ADICIONAIS:<\/strong><br\/><a rel=\"noreferrer noopener\" href=\"https:\/\/www.webmd.com\/urinary-incontinence-oab\/pelvic-organ-prolapse\" target=\"_blank\">Prolapso p\u00e9lvico<\/a><br\/><a rel=\"noreferrer noopener\" href=\"https:\/\/www.medicalnewstoday.com\/articles\/277177\" target=\"_blank\">Estrog\u00eanio<\/a><a rel=\"noreferrer noopener\" href=\"https:\/\/www.youtube.com\/watch?v=HdZa0aUEox8\" target=\"_blank\"> <\/a><br\/><a rel=\"noreferrer noopener\" href=\"https:\/\/www.youtube.com\/watch?v=HdZa0aUEox8\" target=\"_blank\">V\u00eddeo<\/a><\/p>\n\n<p><strong>ATUALIZA\u00c7\u00c3O SEMANAL:<\/strong> 31 de mar\u00e7o de 2020<\/p>\n","protected":false},"excerpt":{"rendered":"<p>T\u00cdTULO DO ESTUDO: A associa\u00e7\u00e3o do genoma identifica sete loci para prolapso de \u00f3rg\u00e3o p\u00e9lvico na Isl\u00e2ndia e no Reino Unido RESUMO: Identifica\u00e7\u00e3o de 8 variantes gen\u00e9ticas associadas ao prolapso de \u00f3rg\u00e3os p\u00e9lvicos. VIS\u00c3O GERAL: Os m\u00fasculos que sustentam os &hellip;<\/p>\n<p class=\"read-more\"> <a class=\"ast-button\" href=\"https:\/\/nebula.org\/blog\/pt-br\/prolapso-de-orgao-pelvico-olafsdottir-2020\/\"> <span class=\"screen-reader-text\">Prolapso de \u00f3rg\u00e3o p\u00e9lvico (Olafsdottir, 2020)<\/span> Leia mais \u00bb<\/a><\/p>\n","protected":false},"author":12,"featured_media":13568,"comment_status":"closed","ping_status":"open","sticky":false,"template":"","format":"standard","meta":{"om_disable_all_campaigns":false,"site-sidebar-layout":"default","site-content-layout":"default","ast-global-header-display":"","ast-banner-title-visibility":"","ast-main-header-display":"","ast-hfb-above-header-display":"","ast-hfb-below-header-display":"","ast-hfb-mobile-header-display":"","site-post-title":"","ast-breadcrumbs-content":"","ast-featured-img":"","footer-sml-layout":"","theme-transparent-header-meta":"default","adv-header-id-meta":"","stick-header-meta":"","header-above-stick-meta":"","header-main-stick-meta":"","header-below-stick-meta":"","_FSMCFIC_featured_image_caption":"","_FSMCFIC_featured_image_nocaption":"","_FSMCFIC_featured_image_hide":"","footnotes":""},"categories":[4999],"tags":[],"class_list":["post-13564","post","type-post","status-publish","format-standard","has-post-thumbnail","hentry","category-reports-pt-br"],"yoast_head":"<!-- This site is optimized with the Yoast SEO plugin v20.13 - https:\/\/yoast.com\/wordpress\/plugins\/seo\/ -->\n<title>A gen\u00f4mica do prolapso de \u00f3rg\u00e3os p\u00e9lvicos (Olafsdottir, 2020)<\/title>\n<meta name=\"description\" content=\"O estudo identificou 8 variantes associadas ao prolapso de \u00f3rg\u00e3os p\u00e9lvicos, que coletivamente explicam cerca de 12% da hereditariedade da condi\u00e7\u00e3o.\" \/>\n<meta name=\"robots\" content=\"index, follow, max-snippet:-1, max-image-preview:large, max-video-preview:-1\" \/>\n<link rel=\"canonical\" href=\"https:\/\/nebula.org\/blog\/pt-br\/prolapso-de-orgao-pelvico-olafsdottir-2020\/\" \/>\n<meta property=\"og:locale\" content=\"pt_BR\" \/>\n<meta property=\"og:type\" content=\"article\" \/>\n<meta property=\"og:title\" content=\"A gen\u00f4mica do prolapso de \u00f3rg\u00e3os p\u00e9lvicos (Olafsdottir, 2020)\" \/>\n<meta property=\"og:description\" content=\"O estudo identificou 8 variantes associadas ao prolapso de \u00f3rg\u00e3os p\u00e9lvicos, que coletivamente explicam cerca de 12% da hereditariedade da condi\u00e7\u00e3o.\" \/>\n<meta property=\"og:url\" content=\"https:\/\/nebula.org\/blog\/pt-br\/prolapso-de-orgao-pelvico-olafsdottir-2020\/\" \/>\n<meta property=\"og:site_name\" content=\"Nebula Genomics Blog\" \/>\n<meta property=\"article:publisher\" content=\"https:\/\/facebook.com\/nebulagenomics\" \/>\n<meta property=\"article:published_time\" content=\"2021-02-01T03:14:54+00:00\" \/>\n<meta property=\"article:modified_time\" content=\"2021-02-21T01:32:38+00:00\" \/>\n<meta property=\"og:image\" content=\"https:\/\/nebula.org\/blog\/wp-content\/uploads\/2020\/03\/eye-for-ebony-vYpbBtkDhNE-unsplash-scaled.jpg\" \/>\n\t<meta property=\"og:image:width\" content=\"924\" \/>\n\t<meta property=\"og:image:height\" content=\"693\" \/>\n\t<meta property=\"og:image:type\" content=\"image\/jpeg\" \/>\n<meta name=\"author\" content=\"Garrett Dunlap, B.S.\" \/>\n<meta name=\"twitter:card\" content=\"summary_large_image\" \/>\n<meta name=\"twitter:creator\" content=\"@nebulagenomics\" \/>\n<meta name=\"twitter:site\" content=\"@nebulagenomics\" \/>\n<meta name=\"twitter:label1\" content=\"Escrito por\" \/>\n\t<meta name=\"twitter:data1\" content=\"Garrett Dunlap, B.S.\" \/>\n\t<meta name=\"twitter:label2\" content=\"Est. tempo de leitura\" \/>\n\t<meta name=\"twitter:data2\" content=\"1 minuto\" \/>\n<script type=\"application\/ld+json\" class=\"yoast-schema-graph\">{\"@context\":\"https:\/\/schema.org\",\"@graph\":[{\"@type\":\"Article\",\"@id\":\"https:\/\/nebula.org\/blog\/pt-br\/prolapso-de-orgao-pelvico-olafsdottir-2020\/#article\",\"isPartOf\":{\"@id\":\"https:\/\/nebula.org\/blog\/pt-br\/prolapso-de-orgao-pelvico-olafsdottir-2020\/\"},\"author\":{\"name\":\"Garrett Dunlap, B.S.\",\"@id\":\"https:\/\/nebula.org\/blog\/pt-br\/#\/schema\/person\/b7bd0a490f115d1d931c33eed922af4e\"},\"headline\":\"Prolapso de \u00f3rg\u00e3o p\u00e9lvico (Olafsdottir, 2020)\",\"datePublished\":\"2021-02-01T03:14:54+00:00\",\"dateModified\":\"2021-02-21T01:32:38+00:00\",\"mainEntityOfPage\":{\"@id\":\"https:\/\/nebula.org\/blog\/pt-br\/prolapso-de-orgao-pelvico-olafsdottir-2020\/\"},\"wordCount\":280,\"publisher\":{\"@id\":\"https:\/\/nebula.org\/blog\/pt-br\/#organization\"},\"articleSection\":[\"Reports\"],\"inLanguage\":\"pt-BR\"},{\"@type\":\"WebPage\",\"@id\":\"https:\/\/nebula.org\/blog\/pt-br\/prolapso-de-orgao-pelvico-olafsdottir-2020\/\",\"url\":\"https:\/\/nebula.org\/blog\/pt-br\/prolapso-de-orgao-pelvico-olafsdottir-2020\/\",\"name\":\"A gen\u00f4mica do prolapso de \u00f3rg\u00e3os p\u00e9lvicos (Olafsdottir, 2020)\",\"isPartOf\":{\"@id\":\"https:\/\/nebula.org\/blog\/pt-br\/#website\"},\"datePublished\":\"2021-02-01T03:14:54+00:00\",\"dateModified\":\"2021-02-21T01:32:38+00:00\",\"description\":\"O estudo identificou 8 variantes associadas ao prolapso de \u00f3rg\u00e3os p\u00e9lvicos, que coletivamente explicam cerca de 12% da hereditariedade da condi\u00e7\u00e3o.\",\"breadcrumb\":{\"@id\":\"https:\/\/nebula.org\/blog\/pt-br\/prolapso-de-orgao-pelvico-olafsdottir-2020\/#breadcrumb\"},\"inLanguage\":\"pt-BR\",\"potentialAction\":[{\"@type\":\"ReadAction\",\"target\":[\"https:\/\/nebula.org\/blog\/pt-br\/prolapso-de-orgao-pelvico-olafsdottir-2020\/\"]}]},{\"@type\":\"BreadcrumbList\",\"@id\":\"https:\/\/nebula.org\/blog\/pt-br\/prolapso-de-orgao-pelvico-olafsdottir-2020\/#breadcrumb\",\"itemListElement\":[{\"@type\":\"ListItem\",\"position\":1,\"name\":\"Home\",\"item\":\"https:\/\/nebula.org\/blog\/pt-br\/\"},{\"@type\":\"ListItem\",\"position\":2,\"name\":\"Prolapso de \u00f3rg\u00e3o p\u00e9lvico (Olafsdottir, 2020)\"}]},{\"@type\":\"WebSite\",\"@id\":\"https:\/\/nebula.org\/blog\/pt-br\/#website\",\"url\":\"https:\/\/nebula.org\/blog\/pt-br\/\",\"name\":\"Nebula Genomics Blog\",\"description\":\"\",\"publisher\":{\"@id\":\"https:\/\/nebula.org\/blog\/pt-br\/#organization\"},\"potentialAction\":[{\"@type\":\"SearchAction\",\"target\":{\"@type\":\"EntryPoint\",\"urlTemplate\":\"https:\/\/nebula.org\/blog\/pt-br\/?s={search_term_string}\"},\"query-input\":\"required name=search_term_string\"}],\"inLanguage\":\"pt-BR\"},{\"@type\":\"Organization\",\"@id\":\"https:\/\/nebula.org\/blog\/pt-br\/#organization\",\"name\":\"Nebula Genomics\",\"url\":\"https:\/\/nebula.org\/blog\/pt-br\/\",\"logo\":{\"@type\":\"ImageObject\",\"inLanguage\":\"pt-BR\",\"@id\":\"https:\/\/nebula.org\/blog\/pt-br\/#\/schema\/logo\/image\/\",\"url\":\"\",\"contentUrl\":\"\",\"caption\":\"Nebula Genomics\"},\"image\":{\"@id\":\"https:\/\/nebula.org\/blog\/pt-br\/#\/schema\/logo\/image\/\"},\"sameAs\":[\"https:\/\/facebook.com\/nebulagenomics\",\"https:\/\/twitter.com\/nebulagenomics\",\"https:\/\/www.instagram.com\/nebulagenomics\/\",\"https:\/\/www.linkedin.com\/company\/nebula-genomics\/\",\"https:\/\/en.wikipedia.org\/wiki\/Nebula_Genomics\"]},{\"@type\":\"Person\",\"@id\":\"https:\/\/nebula.org\/blog\/pt-br\/#\/schema\/person\/b7bd0a490f115d1d931c33eed922af4e\",\"name\":\"Garrett Dunlap, B.S.\",\"image\":{\"@type\":\"ImageObject\",\"inLanguage\":\"pt-BR\",\"@id\":\"https:\/\/nebula.org\/blog\/pt-br\/#\/schema\/person\/image\/\",\"url\":\"https:\/\/secure.gravatar.com\/avatar\/32fb6e0dbc7e0bac908b0f23ea6ed5ec?s=96&d=mm&r=g\",\"contentUrl\":\"https:\/\/secure.gravatar.com\/avatar\/32fb6e0dbc7e0bac908b0f23ea6ed5ec?s=96&d=mm&r=g\",\"caption\":\"Garrett Dunlap, B.S.\"},\"description\":\"Garrett Dunlap earned a B.S. in Biology from Case Western Reserve University with a minor in Political Science. He earned an M.S. and is currently a Ph.D. Candidate in the Biological and Biomedical Sciences (BBS) Ph.D. program at Harvard University.\u00a0He has experience in science policy as an intern at the Science and Innovation Network where he assisted in the science diplomacy functions of the British Consulate-General and as a research associate at TScan Therapeutics. He is also interested in science communication and writing. You can read more about Garrett's experience and publications on LinkedIn and ORCID.\",\"sameAs\":[\"https:\/\/nebula.org\/whole-genome-sequencing\/\"],\"url\":\"https:\/\/nebula.org\/blog\/pt-br\/author\/garrett-dunlap\/\"}]}<\/script>\n<!-- \/ Yoast SEO plugin. -->","yoast_head_json":{"title":"A gen\u00f4mica do prolapso de \u00f3rg\u00e3os p\u00e9lvicos (Olafsdottir, 2020)","description":"O estudo identificou 8 variantes associadas ao prolapso de \u00f3rg\u00e3os p\u00e9lvicos, que coletivamente explicam cerca de 12% da hereditariedade da condi\u00e7\u00e3o.","robots":{"index":"index","follow":"follow","max-snippet":"max-snippet:-1","max-image-preview":"max-image-preview:large","max-video-preview":"max-video-preview:-1"},"canonical":"https:\/\/nebula.org\/blog\/pt-br\/prolapso-de-orgao-pelvico-olafsdottir-2020\/","og_locale":"pt_BR","og_type":"article","og_title":"A gen\u00f4mica do prolapso de \u00f3rg\u00e3os p\u00e9lvicos (Olafsdottir, 2020)","og_description":"O estudo identificou 8 variantes associadas ao prolapso de \u00f3rg\u00e3os p\u00e9lvicos, que coletivamente explicam cerca de 12% da hereditariedade da condi\u00e7\u00e3o.","og_url":"https:\/\/nebula.org\/blog\/pt-br\/prolapso-de-orgao-pelvico-olafsdottir-2020\/","og_site_name":"Nebula Genomics Blog","article_publisher":"https:\/\/facebook.com\/nebulagenomics","article_published_time":"2021-02-01T03:14:54+00:00","article_modified_time":"2021-02-21T01:32:38+00:00","og_image":[{"width":924,"height":693,"url":"https:\/\/nebula.org\/blog\/wp-content\/uploads\/2020\/03\/eye-for-ebony-vYpbBtkDhNE-unsplash-scaled.jpg","type":"image\/jpeg"}],"author":"Garrett Dunlap, B.S.","twitter_card":"summary_large_image","twitter_creator":"@nebulagenomics","twitter_site":"@nebulagenomics","twitter_misc":{"Escrito por":"Garrett Dunlap, B.S.","Est. tempo de leitura":"1 minuto"},"schema":{"@context":"https:\/\/schema.org","@graph":[{"@type":"Article","@id":"https:\/\/nebula.org\/blog\/pt-br\/prolapso-de-orgao-pelvico-olafsdottir-2020\/#article","isPartOf":{"@id":"https:\/\/nebula.org\/blog\/pt-br\/prolapso-de-orgao-pelvico-olafsdottir-2020\/"},"author":{"name":"Garrett Dunlap, B.S.","@id":"https:\/\/nebula.org\/blog\/pt-br\/#\/schema\/person\/b7bd0a490f115d1d931c33eed922af4e"},"headline":"Prolapso de \u00f3rg\u00e3o p\u00e9lvico (Olafsdottir, 2020)","datePublished":"2021-02-01T03:14:54+00:00","dateModified":"2021-02-21T01:32:38+00:00","mainEntityOfPage":{"@id":"https:\/\/nebula.org\/blog\/pt-br\/prolapso-de-orgao-pelvico-olafsdottir-2020\/"},"wordCount":280,"publisher":{"@id":"https:\/\/nebula.org\/blog\/pt-br\/#organization"},"articleSection":["Reports"],"inLanguage":"pt-BR"},{"@type":"WebPage","@id":"https:\/\/nebula.org\/blog\/pt-br\/prolapso-de-orgao-pelvico-olafsdottir-2020\/","url":"https:\/\/nebula.org\/blog\/pt-br\/prolapso-de-orgao-pelvico-olafsdottir-2020\/","name":"A gen\u00f4mica do prolapso de \u00f3rg\u00e3os p\u00e9lvicos (Olafsdottir, 2020)","isPartOf":{"@id":"https:\/\/nebula.org\/blog\/pt-br\/#website"},"datePublished":"2021-02-01T03:14:54+00:00","dateModified":"2021-02-21T01:32:38+00:00","description":"O estudo identificou 8 variantes associadas ao prolapso de \u00f3rg\u00e3os p\u00e9lvicos, que coletivamente explicam cerca de 12% da hereditariedade da condi\u00e7\u00e3o.","breadcrumb":{"@id":"https:\/\/nebula.org\/blog\/pt-br\/prolapso-de-orgao-pelvico-olafsdottir-2020\/#breadcrumb"},"inLanguage":"pt-BR","potentialAction":[{"@type":"ReadAction","target":["https:\/\/nebula.org\/blog\/pt-br\/prolapso-de-orgao-pelvico-olafsdottir-2020\/"]}]},{"@type":"BreadcrumbList","@id":"https:\/\/nebula.org\/blog\/pt-br\/prolapso-de-orgao-pelvico-olafsdottir-2020\/#breadcrumb","itemListElement":[{"@type":"ListItem","position":1,"name":"Home","item":"https:\/\/nebula.org\/blog\/pt-br\/"},{"@type":"ListItem","position":2,"name":"Prolapso de \u00f3rg\u00e3o p\u00e9lvico (Olafsdottir, 2020)"}]},{"@type":"WebSite","@id":"https:\/\/nebula.org\/blog\/pt-br\/#website","url":"https:\/\/nebula.org\/blog\/pt-br\/","name":"Nebula Genomics Blog","description":"","publisher":{"@id":"https:\/\/nebula.org\/blog\/pt-br\/#organization"},"potentialAction":[{"@type":"SearchAction","target":{"@type":"EntryPoint","urlTemplate":"https:\/\/nebula.org\/blog\/pt-br\/?s={search_term_string}"},"query-input":"required name=search_term_string"}],"inLanguage":"pt-BR"},{"@type":"Organization","@id":"https:\/\/nebula.org\/blog\/pt-br\/#organization","name":"Nebula Genomics","url":"https:\/\/nebula.org\/blog\/pt-br\/","logo":{"@type":"ImageObject","inLanguage":"pt-BR","@id":"https:\/\/nebula.org\/blog\/pt-br\/#\/schema\/logo\/image\/","url":"","contentUrl":"","caption":"Nebula Genomics"},"image":{"@id":"https:\/\/nebula.org\/blog\/pt-br\/#\/schema\/logo\/image\/"},"sameAs":["https:\/\/facebook.com\/nebulagenomics","https:\/\/twitter.com\/nebulagenomics","https:\/\/www.instagram.com\/nebulagenomics\/","https:\/\/www.linkedin.com\/company\/nebula-genomics\/","https:\/\/en.wikipedia.org\/wiki\/Nebula_Genomics"]},{"@type":"Person","@id":"https:\/\/nebula.org\/blog\/pt-br\/#\/schema\/person\/b7bd0a490f115d1d931c33eed922af4e","name":"Garrett Dunlap, B.S.","image":{"@type":"ImageObject","inLanguage":"pt-BR","@id":"https:\/\/nebula.org\/blog\/pt-br\/#\/schema\/person\/image\/","url":"https:\/\/secure.gravatar.com\/avatar\/32fb6e0dbc7e0bac908b0f23ea6ed5ec?s=96&d=mm&r=g","contentUrl":"https:\/\/secure.gravatar.com\/avatar\/32fb6e0dbc7e0bac908b0f23ea6ed5ec?s=96&d=mm&r=g","caption":"Garrett Dunlap, B.S."},"description":"Garrett Dunlap earned a B.S. in Biology from Case Western Reserve University with a minor in Political Science. He earned an M.S. and is currently a Ph.D. Candidate in the Biological and Biomedical Sciences (BBS) Ph.D. program at Harvard University.\u00a0He has experience in science policy as an intern at the Science and Innovation Network where he assisted in the science diplomacy functions of the British Consulate-General and as a research associate at TScan Therapeutics. He is also interested in science communication and writing. You can read more about Garrett's experience and publications on LinkedIn and ORCID.","sameAs":["https:\/\/nebula.org\/whole-genome-sequencing\/"],"url":"https:\/\/nebula.org\/blog\/pt-br\/author\/garrett-dunlap\/"}]}},"_links":{"self":[{"href":"https:\/\/nebula.org\/blog\/pt-br\/wp-json\/wp\/v2\/posts\/13564","targetHints":{"allow":["GET"]}}],"collection":[{"href":"https:\/\/nebula.org\/blog\/pt-br\/wp-json\/wp\/v2\/posts"}],"about":[{"href":"https:\/\/nebula.org\/blog\/pt-br\/wp-json\/wp\/v2\/types\/post"}],"author":[{"embeddable":true,"href":"https:\/\/nebula.org\/blog\/pt-br\/wp-json\/wp\/v2\/users\/12"}],"replies":[{"embeddable":true,"href":"https:\/\/nebula.org\/blog\/pt-br\/wp-json\/wp\/v2\/comments?post=13564"}],"version-history":[{"count":0,"href":"https:\/\/nebula.org\/blog\/pt-br\/wp-json\/wp\/v2\/posts\/13564\/revisions"}],"wp:featuredmedia":[{"embeddable":true,"href":"https:\/\/nebula.org\/blog\/pt-br\/wp-json\/wp\/v2\/media\/13568"}],"wp:attachment":[{"href":"https:\/\/nebula.org\/blog\/pt-br\/wp-json\/wp\/v2\/media?parent=13564"}],"wp:term":[{"taxonomy":"category","embeddable":true,"href":"https:\/\/nebula.org\/blog\/pt-br\/wp-json\/wp\/v2\/categories?post=13564"},{"taxonomy":"post_tag","embeddable":true,"href":"https:\/\/nebula.org\/blog\/pt-br\/wp-json\/wp\/v2\/tags?post=13564"}],"curies":[{"name":"wp","href":"https:\/\/api.w.org\/{rel}","templated":true}]}}